{"id":17766,"date":"2025-02-07T19:30:00","date_gmt":"2025-02-07T22:30:00","guid":{"rendered":"https:\/\/www.em.com.br\/emfoco\/?p=17766"},"modified":"2025-02-07T18:48:26","modified_gmt":"2025-02-07T21:48:26","slug":"essa-versao-de-mousse-de-chocolate-vai-te-surpreender","status":"publish","type":"post","link":"https:\/\/www.em.com.br\/emfoco\/2025\/02\/07\/essa-versao-de-mousse-de-chocolate-vai-te-surpreender\/","title":{"rendered":"Essa vers\u00e3o de mousse de chocolate vai te surpreender"},"content":{"rendered":"\n<p>A mousse de chocolate \u00e9 uma sobremesa que combina eleg\u00e2ncia e simplicidade, sendo apreciada por sua textura leve e sabor intenso. Origin\u00e1ria da <strong>Fran\u00e7a<\/strong>, a mousse, que significa &#8220;espuma&#8221;, foi inicialmente preparada com caf\u00e9 ou frutas. A vers\u00e3o com chocolate, que surgiu no s\u00e9culo XIX, rapidamente se tornou um \u00edcone da confeitaria mundial.<\/p>\n\n\n\n<p>Com sua capacidade de encantar paladares, a mousse de chocolate \u00e9 ideal para qualquer ocasi\u00e3o, seja um jantar sofisticado ou uma refei\u00e7\u00e3o casual. Segundo o <a href=\"https:\/\/receitasdepesos.com.br\/mousse-de-chocolate-caseira-e-uma-sobremesa-classica-e-deliciosa.html\/\" target=\"_blank\" rel=\"noreferrer noopener\">Receitas de Peso<\/a>, esta sobremesa n\u00e3o apenas agrada pelo sabor, mas tamb\u00e9m pela facilidade de preparo, tornando-se uma escolha popular entre os amantes de doces.<\/p>\n\n\n\n<h2 class=\"wp-block-heading\">Quais s\u00e3o os componentes nutricionais da mousse de chocolate?<\/h2>\n\n\n\n<p>Uma por\u00e7\u00e3o t\u00edpica de mousse de chocolate (100g) cont\u00e9m entre 250 e 300 calorias, dependendo dos ingredientes utilizados. O chocolate amargo, frequentemente usado na receita, \u00e9 rico em antioxidantes, que podem oferecer benef\u00edcios \u00e0 sa\u00fade cardiovascular. Al\u00e9m disso, o consumo moderado de chocolate pode promover o bem-estar mental, gra\u00e7as \u00e0 libera\u00e7\u00e3o de endorfinas.<\/p>\n\n\n\n<p>Embora seja uma sobremesa cal\u00f3rica, a mousse de chocolate pode ser adaptada para vers\u00f5es mais saud\u00e1veis, utilizando ado\u00e7antes naturais ou substituindo ingredientes tradicionais por op\u00e7\u00f5es com menor teor de gordura. Assim, \u00e9 poss\u00edvel desfrutar dessa del\u00edcia sem comprometer a dieta.<\/p>\n\n\n\n<h2 class=\"wp-block-heading\">Como preparar uma mousse de chocolate irresist\u00edvel?<\/h2>\n\n\n\n<p>Preparar uma mousse de chocolate deliciosa \u00e9 mais simples do que parece. A <strong><a href=\"https:\/\/www.em.com.br\/emfoco\/2025\/02\/05\/revelado-o-segredo-para-transformar-o-jilo-em-um-petisco-delicioso\/\" target=\"_blank\" rel=\"noreferrer noopener\">receita<\/a><\/strong> b\u00e1sica requer poucos ingredientes, mas a qualidade do chocolate \u00e9 fundamental para um resultado satisfat\u00f3rio. Veja como fazer:<\/p>\n\n\n\n<ol class=\"wp-block-list\">\n<li><strong>Derreta o chocolate:<\/strong>\u00a0Utilize 200g de chocolate meio amargo e derreta-o em banho-maria ou no micro-ondas at\u00e9 obter uma mistura homog\u00eanea. Adicione 100ml de creme de leite e misture bem.<\/li>\n\n\n\n<li><strong>Prepare as gemas:<\/strong>\u00a0Bata 3 gemas com uma colher de sopa de a\u00e7\u00facar at\u00e9 que fiquem claras e espumosas. Incorpore \u00e0 mistura de chocolate.<\/li>\n\n\n\n<li><strong>Bata as claras em neve:<\/strong>\u00a0Em uma tigela separada, bata 3 claras com uma pitada de sal at\u00e9 formarem picos firmes. Adicione uma colher de sopa de a\u00e7\u00facar e bata novamente.<\/li>\n\n\n\n<li><strong>Combine os ingredientes:<\/strong>\u00a0Misture delicadamente as claras em neve ao chocolate, fazendo movimentos suaves para manter a leveza.<\/li>\n\n\n\n<li><strong>Refrigere:<\/strong>\u00a0Coloque a mousse em recipientes individuais e leve \u00e0 geladeira por pelo menos 2 horas antes de servir.<\/li>\n<\/ol>\n\n\n<div class=\"wp-block-image\">\n<figure class=\"aligncenter size-large\"><img loading=\"lazy\" decoding=\"async\" width=\"1024\" height=\"576\" src=\"https:\/\/www.em.com.br\/emfoco\/wp-content\/uploads\/2025\/02\/chocolate-mousse_1738964025415-1024x576.jpg\" alt=\"Essa vers\u00e3o de mousse de chocolate vai te surpreender\" class=\"wp-image-17768\" srcset=\"https:\/\/www.em.com.br\/emfoco\/wp-content\/uploads\/2025\/02\/chocolate-mousse_1738964025415-1024x576.jpg 1024w, https:\/\/www.em.com.br\/emfoco\/wp-content\/uploads\/2025\/02\/chocolate-mousse_1738964025415-300x169.jpg 300w, https:\/\/www.em.com.br\/emfoco\/wp-content\/uploads\/2025\/02\/chocolate-mousse_1738964025415-768x432.jpg 768w, https:\/\/www.em.com.br\/emfoco\/wp-content\/uploads\/2025\/02\/chocolate-mousse_1738964025415-750x422.jpg 750w, https:\/\/www.em.com.br\/emfoco\/wp-content\/uploads\/2025\/02\/chocolate-mousse_1738964025415-1140x641.jpg 1140w, https:\/\/www.em.com.br\/emfoco\/wp-content\/uploads\/2025\/02\/chocolate-mousse_1738964025415.jpg 1280w\" sizes=\"auto, (max-width: 1024px) 100vw, 1024px\" \/><figcaption class=\"wp-element-caption\">Mousse (Cr\u00e9ditos: depositphotos.com \/ alfernec)<\/figcaption><\/figure><\/div>\n\n\n<h2 class=\"wp-block-heading\">Como servir e armazenar a mousse de chocolate?<\/h2>\n\n\n\n<p>Para servir, a mousse de chocolate pode ser decorada com raspas de chocolate, frutas frescas ou uma pitada de cacau em p\u00f3. Essas adi\u00e7\u00f5es n\u00e3o apenas embelezam a apresenta\u00e7\u00e3o, mas tamb\u00e9m complementam o sabor da sobremesa.<\/p>\n\n\n\n<p>Quanto ao armazenamento, a mousse deve ser mantida na geladeira em um recipiente fechado, onde pode durar at\u00e9 tr\u00eas dias. Se preferir, pode ser congelada por at\u00e9 um m\u00eas, mas deve ser descongelada na geladeira antes de servir para manter sua textura original.<\/p>\n\n\n\n<h2 class=\"wp-block-heading\">Perguntas frequentes sobre mousse de chocolate<\/h2>\n\n\n\n<ul class=\"wp-block-list\">\n<li><strong>Posso usar chocolate ao leite ou branco?<\/strong>\u00a0Sim, mas o sabor ser\u00e1 mais doce e menos intenso.<\/li>\n\n\n\n<li><strong>\u00c9 poss\u00edvel fazer mousse sem ovos?<\/strong>\u00a0Sim, pode-se usar creme chantilly ou aquafaba como substitutos.<\/li>\n\n\n\n<li><strong>Como intensificar o sabor do chocolate?<\/strong>\u00a0Adicione uma colher de sopa de caf\u00e9 expresso ou cacau em p\u00f3 \u00e0 mistura.<\/li>\n\n\n\n<li><strong>\u00c9 vi\u00e1vel fazer mousse sem a\u00e7\u00facar?<\/strong>\u00a0Sim, use chocolate amargo e ado\u00e7antes como xilitol.<\/li>\n\n\n\n<li><strong>O que fazer se a mousse n\u00e3o firmar?<\/strong>\u00a0Certifique-se de que as claras foram bem batidas e a mousse refrigerada adequadamente.<\/li>\n<\/ul>\n","protected":false},"excerpt":{"rendered":"<p>A mousse de chocolate \u00e9 uma sobremesa que combina eleg\u00e2ncia e simplicidade, sendo apreciada por sua textura leve e sabor intenso. Origin\u00e1ria da Fran\u00e7a, a mousse, que significa &#8220;espuma&#8221;, foi inicialmente preparada com caf\u00e9 ou frutas. A vers\u00e3o com chocolate, que surgiu no s\u00e9culo XIX, rapidamente se tornou um \u00edcone da confeitaria mundial. Com sua [&hellip;]<\/p>\n","protected":false},"author":10,"featured_media":17767,"comment_status":"open","ping_status":"open","sticky":false,"template":"","format":"standard","meta":{"jnews-multi-image_gallery":[],"jnews_single_post":{"format":"standard"},"jnews_primary_category":[],"jnews_social_meta":[],"jnews_override_counter":[],"footnotes":""},"categories":[29],"tags":[3322,4719,3440],"class_list":["post-17766","post","type-post","status-publish","format-standard","has-post-thumbnail","hentry","category-entretenimento","tag-doce","tag-mousse-de-chocolate","tag-receita"],"yoast_head":"<!-- This site is optimized with the Yoast SEO plugin v23.8 - https:\/\/yoast.com\/wordpress\/plugins\/seo\/ -->\n<title>Essa vers\u00e3o de mousse de chocolate vai te surpreender - Estado de Minas - Em foco<\/title>\n<meta name=\"description\" content=\"Sua mousse de chocolate nunca fica perfeita? Um truque simples pode mudar tudo! Descubra agora a receita ideal.\" \/>\n<meta name=\"robots\" content=\"index, follow, max-snippet:-1, max-image-preview:large, max-video-preview:-1\" \/>\n<link rel=\"canonical\" href=\"https:\/\/www.em.com.br\/emfoco\/2025\/02\/07\/essa-versao-de-mousse-de-chocolate-vai-te-surpreender\/\" \/>\n<meta property=\"og:locale\" content=\"pt_BR\" \/>\n<meta property=\"og:type\" content=\"article\" \/>\n<meta property=\"og:title\" content=\"Essa vers\u00e3o de mousse de chocolate vai te surpreender - Estado de Minas - Em foco\" \/>\n<meta property=\"og:description\" content=\"Sua mousse de chocolate nunca fica perfeita? Um truque simples pode mudar tudo! Descubra agora a receita ideal.\" \/>\n<meta property=\"og:url\" content=\"https:\/\/www.em.com.br\/emfoco\/2025\/02\/07\/essa-versao-de-mousse-de-chocolate-vai-te-surpreender\/\" \/>\n<meta property=\"og:site_name\" content=\"Estado de Minas - Em foco\" \/>\n<meta property=\"article:published_time\" content=\"2025-02-07T22:30:00+00:00\" \/>\n<meta property=\"article:modified_time\" content=\"2025-02-07T21:48:26+00:00\" \/>\n<meta property=\"og:image\" content=\"https:\/\/www.em.com.br\/emfoco\/wp-content\/uploads\/2025\/02\/chocolate-mousse_1738963897502.jpg\" \/>\n\t<meta property=\"og:image:width\" content=\"1280\" \/>\n\t<meta property=\"og:image:height\" content=\"720\" \/>\n\t<meta property=\"og:image:type\" content=\"image\/jpeg\" \/>\n<meta name=\"author\" content=\"Patryck Reinehr\" \/>\n<meta name=\"twitter:card\" content=\"summary_large_image\" \/>\n<meta name=\"twitter:label1\" content=\"Escrito por\" \/>\n\t<meta name=\"twitter:data1\" content=\"Patryck Reinehr\" \/>\n\t<meta name=\"twitter:label2\" content=\"Est. tempo de leitura\" \/>\n\t<meta name=\"twitter:data2\" content=\"4 minutos\" \/>\n<!-- \/ Yoast SEO plugin. -->","yoast_head_json":{"title":"Essa vers\u00e3o de mousse de chocolate vai te surpreender - Estado de Minas - Em foco","description":"Sua mousse de chocolate nunca fica perfeita? Um truque simples pode mudar tudo! Descubra agora a receita ideal.","robots":{"index":"index","follow":"follow","max-snippet":"max-snippet:-1","max-image-preview":"max-image-preview:large","max-video-preview":"max-video-preview:-1"},"canonical":"https:\/\/www.em.com.br\/emfoco\/2025\/02\/07\/essa-versao-de-mousse-de-chocolate-vai-te-surpreender\/","og_locale":"pt_BR","og_type":"article","og_title":"Essa vers\u00e3o de mousse de chocolate vai te surpreender - Estado de Minas - Em foco","og_description":"Sua mousse de chocolate nunca fica perfeita? Um truque simples pode mudar tudo! Descubra agora a receita ideal.","og_url":"https:\/\/www.em.com.br\/emfoco\/2025\/02\/07\/essa-versao-de-mousse-de-chocolate-vai-te-surpreender\/","og_site_name":"Estado de Minas - Em foco","article_published_time":"2025-02-07T22:30:00+00:00","article_modified_time":"2025-02-07T21:48:26+00:00","og_image":[{"width":1280,"height":720,"url":"https:\/\/www.em.com.br\/emfoco\/wp-content\/uploads\/2025\/02\/chocolate-mousse_1738963897502.jpg","type":"image\/jpeg"}],"author":"Patryck Reinehr","twitter_card":"summary_large_image","twitter_misc":{"Escrito por":"Patryck Reinehr","Est. tempo de leitura":"4 minutos"},"schema":{"@context":"https:\/\/schema.org","@graph":[{"@type":"WebPage","@id":"https:\/\/www.em.com.br\/emfoco\/2025\/02\/07\/essa-versao-de-mousse-de-chocolate-vai-te-surpreender\/","url":"https:\/\/www.em.com.br\/emfoco\/2025\/02\/07\/essa-versao-de-mousse-de-chocolate-vai-te-surpreender\/","name":"Essa vers\u00e3o de mousse de chocolate vai te surpreender - Estado de Minas - Em foco","isPartOf":{"@id":"https:\/\/www.em.com.br\/emfoco\/#website"},"primaryImageOfPage":{"@id":"https:\/\/www.em.com.br\/emfoco\/2025\/02\/07\/essa-versao-de-mousse-de-chocolate-vai-te-surpreender\/#primaryimage"},"image":{"@id":"https:\/\/www.em.com.br\/emfoco\/2025\/02\/07\/essa-versao-de-mousse-de-chocolate-vai-te-surpreender\/#primaryimage"},"thumbnailUrl":"https:\/\/www.em.com.br\/emfoco\/wp-content\/uploads\/2025\/02\/chocolate-mousse_1738963897502.jpg","datePublished":"2025-02-07T22:30:00+00:00","dateModified":"2025-02-07T21:48:26+00:00","author":{"@id":"https:\/\/www.em.com.br\/emfoco\/#\/schema\/person\/43407752bebcbbb4d0ec79deedc0d7ce"},"description":"Sua mousse de chocolate nunca fica perfeita? Um truque simples pode mudar tudo! Descubra agora a receita ideal.","breadcrumb":{"@id":"https:\/\/www.em.com.br\/emfoco\/2025\/02\/07\/essa-versao-de-mousse-de-chocolate-vai-te-surpreender\/#breadcrumb"},"inLanguage":"pt-BR","potentialAction":[{"@type":"ReadAction","target":["https:\/\/www.em.com.br\/emfoco\/2025\/02\/07\/essa-versao-de-mousse-de-chocolate-vai-te-surpreender\/"]}]},{"@type":"ImageObject","inLanguage":"pt-BR","@id":"https:\/\/www.em.com.br\/emfoco\/2025\/02\/07\/essa-versao-de-mousse-de-chocolate-vai-te-surpreender\/#primaryimage","url":"https:\/\/www.em.com.br\/emfoco\/wp-content\/uploads\/2025\/02\/chocolate-mousse_1738963897502.jpg","contentUrl":"https:\/\/www.em.com.br\/emfoco\/wp-content\/uploads\/2025\/02\/chocolate-mousse_1738963897502.jpg","width":1280,"height":720,"caption":"Mousse de chocolate (Cr\u00e9ditos: depositphotos.com \/ aamulya)"},{"@type":"BreadcrumbList","@id":"https:\/\/www.em.com.br\/emfoco\/2025\/02\/07\/essa-versao-de-mousse-de-chocolate-vai-te-surpreender\/#breadcrumb","itemListElement":[{"@type":"ListItem","position":1,"name":"In\u00edcio","item":"https:\/\/www.em.com.br\/emfoco\/"},{"@type":"ListItem","position":2,"name":"Essa vers\u00e3o de mousse de chocolate vai te surpreender"}]},{"@type":"WebSite","@id":"https:\/\/www.em.com.br\/emfoco\/#website","url":"https:\/\/www.em.com.br\/emfoco\/","name":"Estado de Minas - Em foco","description":"Acompanhe as \u00faltimas not\u00edcias e fique bem informado sobre tudo o que acontece em Minas Gerais, Brasil e no mundo.","potentialAction":[{"@type":"SearchAction","target":{"@type":"EntryPoint","urlTemplate":"https:\/\/www.em.com.br\/emfoco\/?s={search_term_string}"},"query-input":{"@type":"PropertyValueSpecification","valueRequired":true,"valueName":"search_term_string"}}],"inLanguage":"pt-BR"},{"@type":"Person","@id":"https:\/\/www.em.com.br\/emfoco\/#\/schema\/person\/43407752bebcbbb4d0ec79deedc0d7ce","name":"Patryck Reinehr","image":{"@type":"ImageObject","inLanguage":"pt-BR","@id":"https:\/\/www.em.com.br\/emfoco\/#\/schema\/person\/image\/","url":"https:\/\/secure.gravatar.com\/avatar\/570c7fb2898c0e2df0823196891bea88?s=96&d=mm&r=g","contentUrl":"https:\/\/secure.gravatar.com\/avatar\/570c7fb2898c0e2df0823196891bea88?s=96&d=mm&r=g","caption":"Patryck Reinehr"},"url":"https:\/\/www.em.com.br\/emfoco\/author\/patryckmyth\/"}]}},"_links":{"self":[{"href":"https:\/\/www.em.com.br\/emfoco\/wp-json\/wp\/v2\/posts\/17766","targetHints":{"allow":["GET"]}}],"collection":[{"href":"https:\/\/www.em.com.br\/emfoco\/wp-json\/wp\/v2\/posts"}],"about":[{"href":"https:\/\/www.em.com.br\/emfoco\/wp-json\/wp\/v2\/types\/post"}],"author":[{"embeddable":true,"href":"https:\/\/www.em.com.br\/emfoco\/wp-json\/wp\/v2\/users\/10"}],"replies":[{"embeddable":true,"href":"https:\/\/www.em.com.br\/emfoco\/wp-json\/wp\/v2\/comments?post=17766"}],"version-history":[{"count":1,"href":"https:\/\/www.em.com.br\/emfoco\/wp-json\/wp\/v2\/posts\/17766\/revisions"}],"predecessor-version":[{"id":17769,"href":"https:\/\/www.em.com.br\/emfoco\/wp-json\/wp\/v2\/posts\/17766\/revisions\/17769"}],"wp:featuredmedia":[{"embeddable":true,"href":"https:\/\/www.em.com.br\/emfoco\/wp-json\/wp\/v2\/media\/17767"}],"wp:attachment":[{"href":"https:\/\/www.em.com.br\/emfoco\/wp-json\/wp\/v2\/media?parent=17766"}],"wp:term":[{"taxonomy":"category","embeddable":true,"href":"https:\/\/www.em.com.br\/emfoco\/wp-json\/wp\/v2\/categories?post=17766"},{"taxonomy":"post_tag","embeddable":true,"href":"https:\/\/www.em.com.br\/emfoco\/wp-json\/wp\/v2\/tags?post=17766"}],"curies":[{"name":"wp","href":"https:\/\/api.w.org\/{rel}","templated":true}]}}