{"id":177633,"date":"2026-03-05T10:25:00","date_gmt":"2026-03-05T13:25:00","guid":{"rendered":"https:\/\/www.em.com.br\/emfoco\/?p=177633"},"modified":"2026-03-04T23:29:42","modified_gmt":"2026-03-05T02:29:42","slug":"governo-decide-criancas-terao-apenas-sobrenome-da-mae-se-pais-nao-forem-casados","status":"publish","type":"post","link":"https:\/\/www.em.com.br\/emfoco\/2026\/03\/05\/governo-decide-criancas-terao-apenas-sobrenome-da-mae-se-pais-nao-forem-casados\/","title":{"rendered":"Governo decide: crian\u00e7as ter\u00e3o apenas sobrenome da m\u00e3e se pais n\u00e3o forem casados"},"content":{"rendered":"\n<p>A legisla\u00e7\u00e3o de <strong>Indiana<\/strong> sobre o registro de sobrenome de rec\u00e9m-nascidos mudou a forma como fam\u00edlias de pais n\u00e3o casados s\u00e3o reconhecidas pelo <strong>Estado<\/strong>, ao exigir crit\u00e9rios objetivos para incluir o sobrenome paterno na certid\u00e3o de nascimento e influenciar diretamente a identidade familiar e as responsabilidades legais desde os primeiros dias de vida do beb\u00ea.<\/p>\n\n\n\n<h2 class=\"wp-block-heading\">Como funciona o registro do sobrenome do rec\u00e9m-nascido em Indiana<\/h2>\n\n\n\n<p>Em Indiana quando o beb\u00ea nasce e n\u00e3o h\u00e1 casamento registrado nem <a href=\"https:\/\/www.tjmg.jus.br\/portal-tjmg\/servicos\/reconhecimento-de-paternidade.htm\" target=\"_blank\" rel=\"noreferrer noopener\">reconhecimento formal de paternidade<\/a>, o cart\u00f3rio registra apenas o sobrenome da m\u00e3e, pois o Estado presume apenas a maternidade.<\/p>\n\n\n\n<p>Nesses casos, a inclus\u00e3o do sobrenome paterno depende de atos formais, como casamento, declara\u00e7\u00e3o juramentada de paternidade ou decis\u00e3o judicial. Isso refor\u00e7a a necessidade de formalizar o v\u00ednculo de filia\u00e7\u00e3o para refletir a identidade familiar nos documentos oficiais desde o in\u00edcio.<\/p>\n\n\n\n<figure class=\"wp-block-image size-large\"><img loading=\"lazy\" decoding=\"async\" width=\"1024\" height=\"576\" src=\"https:\/\/www.em.com.br\/emfoco\/wp-content\/uploads\/2026\/03\/ChatGPT-Image-4-de-mar.-de-2026-22_44_56-1-1024x576.png\" alt=\"A nova forma de registrar sobrenome de rec\u00e9m-nascidos\" class=\"wp-image-177645\" srcset=\"https:\/\/www.em.com.br\/emfoco\/wp-content\/uploads\/2026\/03\/ChatGPT-Image-4-de-mar.-de-2026-22_44_56-1-1024x576.png 1024w, https:\/\/www.em.com.br\/emfoco\/wp-content\/uploads\/2026\/03\/ChatGPT-Image-4-de-mar.-de-2026-22_44_56-1-300x169.png 300w, https:\/\/www.em.com.br\/emfoco\/wp-content\/uploads\/2026\/03\/ChatGPT-Image-4-de-mar.-de-2026-22_44_56-1-768x432.png 768w, https:\/\/www.em.com.br\/emfoco\/wp-content\/uploads\/2026\/03\/ChatGPT-Image-4-de-mar.-de-2026-22_44_56-1-750x422.png 750w, https:\/\/www.em.com.br\/emfoco\/wp-content\/uploads\/2026\/03\/ChatGPT-Image-4-de-mar.-de-2026-22_44_56-1-1140x641.png 1140w, https:\/\/www.em.com.br\/emfoco\/wp-content\/uploads\/2026\/03\/ChatGPT-Image-4-de-mar.-de-2026-22_44_56-1.png 1280w\" sizes=\"auto, (max-width: 1024px) 100vw, 1024px\" \/><figcaption class=\"wp-element-caption\">A nova forma de registrar sobrenome de rec\u00e9m-nascidos<\/figcaption><\/figure>\n\n\n\n<h2 class=\"wp-block-heading\">Como funciona o registro de rec\u00e9m-nascidos no Brasil em 2026<\/h2>\n\n\n\n<p>No <strong>Brasil<\/strong>, em 2026, o registro de nascimento de filhos de pais n\u00e3o casados pode ser feito apenas pela m\u00e3e ou com participa\u00e7\u00e3o do pai, desde que haja reconhecimento formal de paternidade no ato ou em momento posterior. O foco \u00e9 garantir seguran\u00e7a jur\u00eddica e permitir que o nome de ambos conste na certid\u00e3o sempre que houver manifesta\u00e7\u00e3o expressa do pai.<\/p>\n\n\n\n<p>Quando os pais n\u00e3o s\u00e3o casados, o pai precisa comparecer pessoalmente ao cart\u00f3rio com a m\u00e3e, apresentar declara\u00e7\u00e3o de reconhecimento de paternidade com firma reconhecida ou procura\u00e7\u00e3o espec\u00edfica. Em qualquer dessas hip\u00f3teses, o sobrenome paterno pode ser inclu\u00eddo no registro civil, respeitando a legisla\u00e7\u00e3o local.<\/p>\n\n\n\n<h2 class=\"wp-block-heading\">Quais sobrenomes podem ser usados no registro da crian\u00e7a<\/h2>\n\n\n\n<p>A lei de Indiana permite o uso do\u00a0<strong><a href=\"https:\/\/www.em.com.br\/emfoco\/2026\/02\/07\/confirmado-pelo-supremo-tribunal-o-juiz-decidira-o-sobrenome-da-crianca-nesses-casos-e-os-pais-nao-terao-poder-de-decisao\/\" target=\"_blank\" rel=\"noreferrer noopener\">sobrenome <\/a>paterno<\/strong>\u00a0em determinadas circunst\u00e2ncias, mesmo quando n\u00e3o h\u00e1 casamento. Se a paternidade estiver definida legalmente antes ou logo ap\u00f3s o nascimento, os pais podem escolher entre o sobrenome da m\u00e3e, o do pai ou ambos, de acordo com as op\u00e7\u00f5es aceitas pelo \u00f3rg\u00e3o de registro.<\/p>\n\n\n\n<p>Para visualizar como a combina\u00e7\u00e3o de estado civil e reconhecimento de paternidade impacta o sobrenome do beb\u00ea, confira as situa\u00e7\u00f5es abaixo, que mostram como a legisla\u00e7\u00e3o organiza essas possibilidades de forma pr\u00e1tica e objetiva:<\/p>\n\n\n\n<ul class=\"wp-block-list\">\n<li><strong>Sem casamento e sem paternidade reconhecida:<\/strong>\u00a0registro apenas com o sobrenome da m\u00e3e.<\/li>\n\n\n\n<li><strong>Com paternidade estabelecida:<\/strong>\u00a0possibilidade de incluir o sobrenome do pai, isolado ou combinado.<\/li>\n\n\n\n<li><strong>Casamento v\u00e1lido:<\/strong>\u00a0presume-se o v\u00ednculo paterno, o que facilita o uso do sobrenome paterno.<\/li>\n<\/ul>\n\n\n\n<figure class=\"wp-block-image size-large\"><img loading=\"lazy\" decoding=\"async\" width=\"1024\" height=\"576\" src=\"https:\/\/www.em.com.br\/emfoco\/wp-content\/uploads\/2026\/03\/ChatGPT-Image-4-de-mar.-de-2026-22_46_09-1-1024x576.png\" alt=\"A nova forma de registrar sobrenome de rec\u00e9m-nascidos\" class=\"wp-image-177646\" srcset=\"https:\/\/www.em.com.br\/emfoco\/wp-content\/uploads\/2026\/03\/ChatGPT-Image-4-de-mar.-de-2026-22_46_09-1-1024x576.png 1024w, https:\/\/www.em.com.br\/emfoco\/wp-content\/uploads\/2026\/03\/ChatGPT-Image-4-de-mar.-de-2026-22_46_09-1-300x169.png 300w, https:\/\/www.em.com.br\/emfoco\/wp-content\/uploads\/2026\/03\/ChatGPT-Image-4-de-mar.-de-2026-22_46_09-1-768x432.png 768w, https:\/\/www.em.com.br\/emfoco\/wp-content\/uploads\/2026\/03\/ChatGPT-Image-4-de-mar.-de-2026-22_46_09-1-750x422.png 750w, https:\/\/www.em.com.br\/emfoco\/wp-content\/uploads\/2026\/03\/ChatGPT-Image-4-de-mar.-de-2026-22_46_09-1-1140x641.png 1140w, https:\/\/www.em.com.br\/emfoco\/wp-content\/uploads\/2026\/03\/ChatGPT-Image-4-de-mar.-de-2026-22_46_09-1.png 1280w\" sizes=\"auto, (max-width: 1024px) 100vw, 1024px\" \/><figcaption class=\"wp-element-caption\">A nova forma de registrar sobrenome de rec\u00e9m-nascidos<\/figcaption><\/figure>\n\n\n\n<h2 class=\"wp-block-heading\">Quando o sobrenome do pai pode ser transmitido ao filho em Indiana<\/h2>\n\n\n\n<p>As regras estaduais definem com clareza em quais situa\u00e7\u00f5es o&nbsp;<strong>sobrenome do pai<\/strong>&nbsp;pode ser oficialmente transmitido ao rec\u00e9m-nascido. Mesmo sem casamento, \u00e9 poss\u00edvel garantir a presen\u00e7a do sobrenome paterno na certid\u00e3o, desde que a paternidade seja reconhecida formalmente por meio dos instrumentos previstos em lei.<\/p>\n\n\n\n<p>Entre as principais vias est\u00e3o o casamento dos pais (inclusive at\u00e9 300 dias ap\u00f3s o div\u00f3rcio), a assinatura de declara\u00e7\u00e3o juramentada de paternidade no hospital ou no Departamento de Sa\u00fade e a decis\u00e3o judicial em a\u00e7\u00e3o de paternidade. Em todos esses cen\u00e1rios, o nome do pai passa a constar na certid\u00e3o, com possibilidade de ajuste do nome da crian\u00e7a conforme as normas do estado.<\/p>\n\n\n\n<h2 class=\"wp-block-heading\">Qual \u00e9 o impacto pr\u00e1tico do reconhecimento da paternidade e o que fazer agora<\/h2>\n\n\n\n<p>O reconhecimento formal da paternidade em Indiana vai muito al\u00e9m do uso do sobrenome do pai, pois cria bases legais para responsabilidade parental, direitos sucess\u00f3rios, pens\u00e3o aliment\u00edcia e inclus\u00e3o da crian\u00e7a em benef\u00edcios e planos de sa\u00fade. Tamb\u00e9m permite ajustar o registro do nome ap\u00f3s o nascimento, adicionando ou combinando o sobrenome paterno com seguran\u00e7a jur\u00eddica.<\/p>\n\n\n\n<p>Se voc\u00ea est\u00e1 prestes a registrar um beb\u00ea ou precisa corrigir uma certid\u00e3o de nascimento, n\u00e3o espere: busque orienta\u00e7\u00e3o jur\u00eddica ou junto ao Departamento de Sa\u00fade imediatamente, re\u00fana a documenta\u00e7\u00e3o necess\u00e1ria e formalize a paternidade o quanto antes. Cada dia de atraso pode limitar direitos, gerar transtornos futuros em documentos, escola, sa\u00fade e heran\u00e7a, e comprometer a prote\u00e7\u00e3o legal e emocional do seu filho agora e no futuro.<\/p>\n","protected":false},"excerpt":{"rendered":"<p>A legisla\u00e7\u00e3o de Indiana sobre o registro de sobrenome de rec\u00e9m-nascidos mudou a forma como fam\u00edlias de pais n\u00e3o casados s\u00e3o reconhecidas pelo Estado, ao exigir crit\u00e9rios objetivos para incluir o sobrenome paterno na certid\u00e3o de nascimento e influenciar diretamente a identidade familiar e as responsabilidades legais desde os primeiros dias de vida do beb\u00ea. [&hellip;]<\/p>\n","protected":false},"author":11,"featured_media":177647,"comment_status":"open","ping_status":"open","sticky":false,"template":"","format":"standard","meta":{"jnews-multi-image_gallery":[],"jnews_single_post":{"format":"standard"},"jnews_primary_category":[],"jnews_social_meta":[],"jnews_override_counter":[],"footnotes":""},"categories":[28,1],"tags":[25168,1163,25692,25691],"class_list":["post-177633","post","type-post","status-publish","format-standard","has-post-thumbnail","hentry","category-economia","category-noticias","tag-certidao-de-nascimento","tag-legislacao","tag-recem-nascidos","tag-sobrenome"],"yoast_head":"<!-- This site is optimized with the Yoast SEO plugin v23.8 - https:\/\/yoast.com\/wordpress\/plugins\/seo\/ -->\n<title>Governo decide: crian\u00e7as ter\u00e3o apenas sobrenome da m\u00e3e se pais n\u00e3o forem casados - Estado de Minas - Em foco<\/title>\n<meta name=\"description\" content=\"A lei de Indiana define regras claras para o sobrenome de rec\u00e9m-nascidos. Saiba quando o sobrenome do pai pode ser inclu\u00eddo no registro.\" \/>\n<meta name=\"robots\" content=\"index, follow, max-snippet:-1, max-image-preview:large, max-video-preview:-1\" \/>\n<link rel=\"canonical\" href=\"https:\/\/www.em.com.br\/emfoco\/2026\/03\/05\/governo-decide-criancas-terao-apenas-sobrenome-da-mae-se-pais-nao-forem-casados\/\" \/>\n<meta property=\"og:locale\" content=\"pt_BR\" \/>\n<meta property=\"og:type\" content=\"article\" \/>\n<meta property=\"og:title\" content=\"Governo decide: crian\u00e7as ter\u00e3o apenas sobrenome da m\u00e3e se pais n\u00e3o forem casados - Estado de Minas - Em foco\" \/>\n<meta property=\"og:description\" content=\"A lei de Indiana define regras claras para o sobrenome de rec\u00e9m-nascidos. Saiba quando o sobrenome do pai pode ser inclu\u00eddo no registro.\" \/>\n<meta property=\"og:url\" content=\"https:\/\/www.em.com.br\/emfoco\/2026\/03\/05\/governo-decide-criancas-terao-apenas-sobrenome-da-mae-se-pais-nao-forem-casados\/\" \/>\n<meta property=\"og:site_name\" content=\"Estado de Minas - Em foco\" \/>\n<meta property=\"article:published_time\" content=\"2026-03-05T13:25:00+00:00\" \/>\n<meta property=\"article:modified_time\" content=\"2026-03-05T02:29:42+00:00\" \/>\n<meta property=\"og:image\" content=\"https:\/\/www.em.com.br\/emfoco\/wp-content\/uploads\/2026\/03\/ChatGPT-Image-4-de-mar.-de-2026-22_47_44-1.png\" \/>\n\t<meta property=\"og:image:width\" content=\"1280\" \/>\n\t<meta property=\"og:image:height\" content=\"720\" \/>\n\t<meta property=\"og:image:type\" content=\"image\/png\" \/>\n<meta name=\"author\" content=\"Andre\u0301 Rangel\u00a0\" \/>\n<meta name=\"twitter:card\" content=\"summary_large_image\" \/>\n<meta name=\"twitter:label1\" content=\"Escrito por\" \/>\n\t<meta name=\"twitter:data1\" content=\"Andre\u0301 Rangel\u00a0\" \/>\n\t<meta name=\"twitter:label2\" content=\"Est. tempo de leitura\" \/>\n\t<meta name=\"twitter:data2\" content=\"5 minutos\" \/>\n<!-- \/ Yoast SEO plugin. -->","yoast_head_json":{"title":"Governo decide: crian\u00e7as ter\u00e3o apenas sobrenome da m\u00e3e se pais n\u00e3o forem casados - Estado de Minas - Em foco","description":"A lei de Indiana define regras claras para o sobrenome de rec\u00e9m-nascidos. Saiba quando o sobrenome do pai pode ser inclu\u00eddo no registro.","robots":{"index":"index","follow":"follow","max-snippet":"max-snippet:-1","max-image-preview":"max-image-preview:large","max-video-preview":"max-video-preview:-1"},"canonical":"https:\/\/www.em.com.br\/emfoco\/2026\/03\/05\/governo-decide-criancas-terao-apenas-sobrenome-da-mae-se-pais-nao-forem-casados\/","og_locale":"pt_BR","og_type":"article","og_title":"Governo decide: crian\u00e7as ter\u00e3o apenas sobrenome da m\u00e3e se pais n\u00e3o forem casados - Estado de Minas - Em foco","og_description":"A lei de Indiana define regras claras para o sobrenome de rec\u00e9m-nascidos. Saiba quando o sobrenome do pai pode ser inclu\u00eddo no registro.","og_url":"https:\/\/www.em.com.br\/emfoco\/2026\/03\/05\/governo-decide-criancas-terao-apenas-sobrenome-da-mae-se-pais-nao-forem-casados\/","og_site_name":"Estado de Minas - Em foco","article_published_time":"2026-03-05T13:25:00+00:00","article_modified_time":"2026-03-05T02:29:42+00:00","og_image":[{"width":1280,"height":720,"url":"https:\/\/www.em.com.br\/emfoco\/wp-content\/uploads\/2026\/03\/ChatGPT-Image-4-de-mar.-de-2026-22_47_44-1.png","type":"image\/png"}],"author":"Andre\u0301 Rangel\u00a0","twitter_card":"summary_large_image","twitter_misc":{"Escrito por":"Andre\u0301 Rangel\u00a0","Est. tempo de leitura":"5 minutos"},"schema":{"@context":"https:\/\/schema.org","@graph":[{"@type":"WebPage","@id":"https:\/\/www.em.com.br\/emfoco\/2026\/03\/05\/governo-decide-criancas-terao-apenas-sobrenome-da-mae-se-pais-nao-forem-casados\/","url":"https:\/\/www.em.com.br\/emfoco\/2026\/03\/05\/governo-decide-criancas-terao-apenas-sobrenome-da-mae-se-pais-nao-forem-casados\/","name":"Governo decide: crian\u00e7as ter\u00e3o apenas sobrenome da m\u00e3e se pais n\u00e3o forem casados - Estado de Minas - Em foco","isPartOf":{"@id":"https:\/\/www.em.com.br\/emfoco\/#website"},"primaryImageOfPage":{"@id":"https:\/\/www.em.com.br\/emfoco\/2026\/03\/05\/governo-decide-criancas-terao-apenas-sobrenome-da-mae-se-pais-nao-forem-casados\/#primaryimage"},"image":{"@id":"https:\/\/www.em.com.br\/emfoco\/2026\/03\/05\/governo-decide-criancas-terao-apenas-sobrenome-da-mae-se-pais-nao-forem-casados\/#primaryimage"},"thumbnailUrl":"https:\/\/www.em.com.br\/emfoco\/wp-content\/uploads\/2026\/03\/ChatGPT-Image-4-de-mar.-de-2026-22_47_44-1.png","datePublished":"2026-03-05T13:25:00+00:00","dateModified":"2026-03-05T02:29:42+00:00","author":{"@id":"https:\/\/www.em.com.br\/emfoco\/#\/schema\/person\/60eda09c1fedf0d6891f4cef4b60b8b8"},"description":"A lei de Indiana define regras claras para o sobrenome de rec\u00e9m-nascidos. Saiba quando o sobrenome do pai pode ser inclu\u00eddo no registro.","breadcrumb":{"@id":"https:\/\/www.em.com.br\/emfoco\/2026\/03\/05\/governo-decide-criancas-terao-apenas-sobrenome-da-mae-se-pais-nao-forem-casados\/#breadcrumb"},"inLanguage":"pt-BR","potentialAction":[{"@type":"ReadAction","target":["https:\/\/www.em.com.br\/emfoco\/2026\/03\/05\/governo-decide-criancas-terao-apenas-sobrenome-da-mae-se-pais-nao-forem-casados\/"]}]},{"@type":"ImageObject","inLanguage":"pt-BR","@id":"https:\/\/www.em.com.br\/emfoco\/2026\/03\/05\/governo-decide-criancas-terao-apenas-sobrenome-da-mae-se-pais-nao-forem-casados\/#primaryimage","url":"https:\/\/www.em.com.br\/emfoco\/wp-content\/uploads\/2026\/03\/ChatGPT-Image-4-de-mar.-de-2026-22_47_44-1.png","contentUrl":"https:\/\/www.em.com.br\/emfoco\/wp-content\/uploads\/2026\/03\/ChatGPT-Image-4-de-mar.-de-2026-22_47_44-1.png","width":1280,"height":720,"caption":"A nova forma de registrar sobrenome de rec\u00e9m-nascidos"},{"@type":"BreadcrumbList","@id":"https:\/\/www.em.com.br\/emfoco\/2026\/03\/05\/governo-decide-criancas-terao-apenas-sobrenome-da-mae-se-pais-nao-forem-casados\/#breadcrumb","itemListElement":[{"@type":"ListItem","position":1,"name":"In\u00edcio","item":"https:\/\/www.em.com.br\/emfoco\/"},{"@type":"ListItem","position":2,"name":"Governo decide: crian\u00e7as ter\u00e3o apenas sobrenome da m\u00e3e se pais n\u00e3o forem casados"}]},{"@type":"WebSite","@id":"https:\/\/www.em.com.br\/emfoco\/#website","url":"https:\/\/www.em.com.br\/emfoco\/","name":"Estado de Minas - Em foco","description":"Acompanhe as \u00faltimas not\u00edcias e fique bem informado sobre tudo o que acontece em Minas Gerais, Brasil e no mundo.","potentialAction":[{"@type":"SearchAction","target":{"@type":"EntryPoint","urlTemplate":"https:\/\/www.em.com.br\/emfoco\/?s={search_term_string}"},"query-input":{"@type":"PropertyValueSpecification","valueRequired":true,"valueName":"search_term_string"}}],"inLanguage":"pt-BR"},{"@type":"Person","@id":"https:\/\/www.em.com.br\/emfoco\/#\/schema\/person\/60eda09c1fedf0d6891f4cef4b60b8b8","name":"Andre\u0301 Rangel\u00a0","image":{"@type":"ImageObject","inLanguage":"pt-BR","@id":"https:\/\/www.em.com.br\/emfoco\/#\/schema\/person\/image\/","url":"https:\/\/secure.gravatar.com\/avatar\/6234dc814c77c8ef6d8bba622c787efc?s=96&d=mm&r=g","contentUrl":"https:\/\/secure.gravatar.com\/avatar\/6234dc814c77c8ef6d8bba622c787efc?s=96&d=mm&r=g","caption":"Andre\u0301 Rangel\u00a0"},"url":"https:\/\/www.em.com.br\/emfoco\/author\/luizmyth\/"}]}},"_links":{"self":[{"href":"https:\/\/www.em.com.br\/emfoco\/wp-json\/wp\/v2\/posts\/177633","targetHints":{"allow":["GET"]}}],"collection":[{"href":"https:\/\/www.em.com.br\/emfoco\/wp-json\/wp\/v2\/posts"}],"about":[{"href":"https:\/\/www.em.com.br\/emfoco\/wp-json\/wp\/v2\/types\/post"}],"author":[{"embeddable":true,"href":"https:\/\/www.em.com.br\/emfoco\/wp-json\/wp\/v2\/users\/11"}],"replies":[{"embeddable":true,"href":"https:\/\/www.em.com.br\/emfoco\/wp-json\/wp\/v2\/comments?post=177633"}],"version-history":[{"count":4,"href":"https:\/\/www.em.com.br\/emfoco\/wp-json\/wp\/v2\/posts\/177633\/revisions"}],"predecessor-version":[{"id":177656,"href":"https:\/\/www.em.com.br\/emfoco\/wp-json\/wp\/v2\/posts\/177633\/revisions\/177656"}],"wp:featuredmedia":[{"embeddable":true,"href":"https:\/\/www.em.com.br\/emfoco\/wp-json\/wp\/v2\/media\/177647"}],"wp:attachment":[{"href":"https:\/\/www.em.com.br\/emfoco\/wp-json\/wp\/v2\/media?parent=177633"}],"wp:term":[{"taxonomy":"category","embeddable":true,"href":"https:\/\/www.em.com.br\/emfoco\/wp-json\/wp\/v2\/categories?post=177633"},{"taxonomy":"post_tag","embeddable":true,"href":"https:\/\/www.em.com.br\/emfoco\/wp-json\/wp\/v2\/tags?post=177633"}],"curies":[{"name":"wp","href":"https:\/\/api.w.org\/{rel}","templated":true}]}}