{"id":177398,"date":"2026-03-05T21:25:10","date_gmt":"2026-03-06T00:25:10","guid":{"rendered":"https:\/\/www.em.com.br\/emfoco\/?p=177398"},"modified":"2026-03-04T17:55:32","modified_gmt":"2026-03-04T20:55:32","slug":"a-planta-indestrutivel-que-vive-apenas-na-agua-e-transforma-a-decoracao-da-sua-cozinha-sem-sujeira-de-terra","status":"publish","type":"post","link":"https:\/\/www.em.com.br\/emfoco\/2026\/03\/05\/a-planta-indestrutivel-que-vive-apenas-na-agua-e-transforma-a-decoracao-da-sua-cozinha-sem-sujeira-de-terra\/","title":{"rendered":"A planta indestrut\u00edvel que vive apenas na \u00e1gua e transforma a decora\u00e7\u00e3o da sua cozinha sem sujeira de terra"},"content":{"rendered":"\n<p>Imagine chegar em casa depois de um dia cheio, entrar na cozinha e ver um <b>copo<\/b> de vidro com um galhinho <b>verde<\/b>, cheio de ra\u00edzes na \u00e1gua, deixando o ambiente mais leve. Essa \u00e9 a <b>jiboia<\/b> na \u00e1gua, um jeito simples e bonito de ter planta dentro de casa, sem precisar de terra, sem bagun\u00e7a e com poucos cuidados, perfeita para cozinhas pequenas e apartamentos.<\/p>\n\n\n\n<h2 class=\"wp-block-heading\">O que \u00e9 a jiboia na \u00e1gua e por que ela \u00e9 t\u00e3o resistente<\/h2>\n\n\n\n<p>A <strong>jiboia<\/strong> na \u00e1gua \u00e9 a mesma jiboia que muita gente cultiva em vasos com terra, mas aqui ela vive s\u00f3 na <b>\u00e1gua<\/b> limpa. \u00c9 uma trepadeira de crescimento r\u00e1pido, com ra\u00edzes fortes e <b>flex\u00edveis<\/b>, que se adaptam bem ao ambiente aqu\u00e1tico e conseguem puxar nutrientes diretamente da \u00e1gua.<\/p>\n\n\n\n<p>Ela ganhou fama de <b>planta<\/b> mais f\u00e1cil do mundo porque tolera bem diferentes n\u00edveis de luz e temperatura, aguenta o calor do ver\u00e3o brasileiro e n\u00e3o precisa de regas di\u00e1rias. Em vez disso, voc\u00ea s\u00f3 completa ou troca a <b>\u00e1gua<\/b> de tempos em tempos, o que \u00e9 \u00f3timo para quem vive na <b>correria<\/b> ou costuma esquecer das plantas.<\/p>\n\n\n\n<figure class=\"wp-block-embed is-type-rich is-provider-pinterest wp-block-embed-pinterest\"><div class=\"wp-block-embed__wrapper\">\n<iframe loading=\"lazy\" title=\"Quer um arranjo bonito, f\u00e1cil de cuidar e que deixa a casa com cara de Pinterest? \ud83d\ude0d A jiboia na \u00e1gua \u00e9 perfeita pra quem ama plantas, mas n\u00e3o quer complica\u00e7\u00e3o! Ela cresce super bem s\u00f3 com \u00e1gua e luz indireta \u2014 e o efeito decorativo \u00e9 incr\u00edvel! \ud83d\udc9a  \ud83c\udf3f Quer mais ideias lindas assim? \ud83d\udccc O link com achadinhos e dicas pr\u00e1ticas t\u00e1 na bio!  #JiboiaNa\u00c1gua #ArranjoVerde #Decora\u00e7\u00e3oComPlantas #CantinhoVerde #PlantasEmCasa #DicaDePlanta #PlantasNa\u00c1gua #AmorPorPlantas #AchadinhoVerde #PlantinhaF\u00e1cil #ReelsDe...\" src=\"https:\/\/assets.pinterest.com\/ext\/embed.html?id=15692298697988196&#038;src=oembed\" height=\"899\" width=\"450\" frameborder=\"0\" scrolling=\"no\" ><\/iframe>\n<\/div><\/figure>\n\n\n\n<p>Leai tamb\u00e9m:&nbsp;<a href=\"https:\/\/www.em.com.br\/emfoco\/2026\/03\/03\/cultive-seu-proprio-ouro-liquido-como-plantar-curcuma-em-baldes-dentro-de-apartamentos-pequenos\/\" target=\"_blank\" rel=\"noopener\">Cultive seu pr\u00f3prio ouro l\u00edquido: como plantar c\u00farcuma em baldes dentro de apartamentos pequenos<\/a><\/p>\n\n\n\n<h2 class=\"wp-block-heading\">Como enraizar um galho de jiboia na \u00e1gua de forma simples<\/h2>\n\n\n\n<p>Se voc\u00ea viu a <b>jiboia<\/b> da vizinha se espalhando pelo muro e quis uma igual, o processo \u00e9 bem tranquilo. Basta pedir um galho saud\u00e1vel, com <b>folhas<\/b> firmes, e cort\u00e1-lo com uma tesoura limpa logo abaixo de um \u201cn\u00f3\u201d, aquele lugarzinho mais gordinho do <b>caule<\/b>, de onde nascem ra\u00edzes e novos brotos.<\/p>\n\n\n\n<figure class=\"wp-block-embed is-type-rich is-provider-pinterest wp-block-embed-pinterest\"><div class=\"wp-block-embed__wrapper\">\n<iframe loading=\"lazy\" title=\"Como fazer mudas de jiboia - Plantas de apartamento ou plantas para ambiente com sombra (decora\u00e7\u00e3o)\" src=\"https:\/\/assets.pinterest.com\/ext\/embed.html?id=1135821968496097893&#038;src=oembed\" height=\"899\" width=\"450\" frameborder=\"0\" scrolling=\"no\" ><\/iframe>\n<\/div><\/figure>\n\n\n\n<p>Depois do corte, retire as <b>folhas<\/b> da parte que vai ficar submersa e coloque a estaca em um copo ou garrafa com \u00e1gua limpa, sem apertar o caule no fundo. Em poucos dias come\u00e7am a surgir pequenas ra\u00edzes <b>brancas<\/b>, que v\u00e3o se alongando e deixando o novo broto cada vez mais firme e <b>cheio<\/b>.<\/p>\n\n\n\n<ul class=\"wp-block-list\">\n<li><b>Escolher<\/b> um ramo saud\u00e1vel, com folhas sem manchas.<\/li>\n\n\n\n<li>Fazer o <b>corte<\/b> logo abaixo de um n\u00f3 do caule.<\/li>\n\n\n\n<li>Remover as <b>folhas<\/b> que ficariam mergulhadas na \u00e1gua.<\/li>\n\n\n\n<li>Colocar o galho em um recipiente com <b>\u00e1gua<\/b> limpa, cobrindo os n\u00f3s.<\/li>\n\n\n\n<li>Trocar a \u00e1gua com <b>frequ\u00eancia<\/b> para evitar mau cheiro e mosquitos.<\/li>\n<\/ul>\n\n\n\n<p>Para voc\u00ea que gosta de plantar, separamos um v\u00eddeo do canal <a href=\"https:\/\/www.youtube.com\/@VilaNinaTV\" target=\"_blank\" rel=\"noreferrer noopener\">Vila Nina TV<\/a> com dicas para plantar e cuida da jub\u00f3ia em \u00e1gua:<\/p>\n\n\n\n<figure class=\"wp-block-embed is-type-video is-provider-youtube wp-block-embed-youtube wp-embed-aspect-16-9 wp-has-aspect-ratio\"><div class=\"wp-block-embed__wrapper\">\n<div class=\"jeg_video_container jeg_video_content\"><iframe loading=\"lazy\" title=\"Como Cultivar Jib\u00f3ia na \u00c1gua, Dicas e Truques\" width=\"500\" height=\"281\" src=\"https:\/\/www.youtube.com\/embed\/Bs_Axm2XQuk?feature=oembed\" frameborder=\"0\" allow=\"accelerometer; autoplay; clipboard-write; encrypted-media; gyroscope; picture-in-picture; web-share\" referrerpolicy=\"strict-origin-when-cross-origin\" allowfullscreen><\/iframe><\/div>\n<\/div><\/figure>\n\n\n\n<h2 class=\"wp-block-heading\">Como cuidar da jiboia na \u00e1gua dentro da cozinha<\/h2>\n\n\n\n<p>Ter a <strong>jiboia<\/strong> na \u00e1gua na cozinha \u00e9 quase como ter uma <b>companhia<\/b> silenciosa enquanto voc\u00ea lava a lou\u00e7a ou prepara o caf\u00e9. Ela gosta de claridade indireta, perto de uma <b>janela<\/b> com cortina leve ou sobre a pia, desde que o sol n\u00e3o bata forte diretamente nas <b>folhas<\/b> por muito tempo.<\/p>\n\n\n\n<p>O principal cuidado \u00e9 trocar a <b>\u00e1gua<\/b> a cada 5 a 10 dias, dependendo do calor, sempre aproveitando para lavar o copo ou vidro e observar as ra\u00edzes. Se notar ra\u00edzes muito <b>escuras<\/b> ou moles, pode apar\u00e1-las com cuidado. A \u00e1gua filtrada costuma ser a preferida, mas a da torneira tamb\u00e9m funciona se ficar descansando por algumas horas para reduzir o <b>cloro<\/b>.<\/p>\n\n\n\n<figure class=\"wp-block-embed is-type-rich is-provider-pinterest wp-block-embed-pinterest\"><div class=\"wp-block-embed__wrapper\">\n<iframe loading=\"lazy\" title=\"Lindas jib\u00f3ias cultivadas na \u00e1gua a quase 1 ano.\" src=\"https:\/\/assets.pinterest.com\/ext\/embed.html?id=835136324662306821&#038;src=oembed\" height=\"899\" width=\"450\" frameborder=\"0\" scrolling=\"no\" ><\/iframe>\n<\/div><\/figure>\n\n\n\n<h2 class=\"wp-block-heading\">A jiboia na \u00e1gua precisa de adubo ou terra em algum momento<\/h2>\n\n\n\n<p>A <b>jiboia<\/b> consegue viver s\u00f3 na \u00e1gua por bastante tempo, especialmente em recipientes simples, como copos ou garrafas reaproveitadas. Em vidros menores, ela tende a crescer <b>devagar<\/b>, o que pode ser ideal se voc\u00ea quer apenas um toque <b>verde<\/b> discreto na bancada ou na janela da cozinha.<\/p>\n\n\n\n<p>Se quiser que a planta fique ainda mais cheia e vistosa, voc\u00ea pode usar, de vez em quando, algumas gotas de fertilizante pr\u00f3prio para <b>hidroponia<\/b> ou adubo l\u00edquido bem dilu\u00eddo, seguindo as orienta\u00e7\u00f5es da embalagem. Quando as ra\u00edzes estiverem bem formadas, tamb\u00e9m \u00e9 poss\u00edvel transferir parte das mudas para vasos com <b>terra<\/b>, permitindo que a jiboia cres\u00e7a mais, forme cascatas <b>verdes<\/b> e decore outros cantos da casa.<\/p>\n","protected":false},"excerpt":{"rendered":"<p>Imagine chegar em casa depois de um dia cheio, entrar na cozinha e ver um copo de vidro com um galhinho verde, cheio de ra\u00edzes na \u00e1gua, deixando o ambiente mais leve. Essa \u00e9 a jiboia na \u00e1gua, um jeito simples e bonito de ter planta dentro de casa, sem precisar de terra, sem bagun\u00e7a [&hellip;]<\/p>\n","protected":false},"author":9,"featured_media":177502,"comment_status":"open","ping_status":"open","sticky":false,"template":"","format":"standard","meta":{"jnews-multi-image_gallery":[],"jnews_single_post":{"format":"standard"},"jnews_primary_category":[],"jnews_social_meta":[],"jnews_override_counter":[],"footnotes":""},"categories":[8691,8819,1],"tags":[3325,25666,25667],"class_list":["post-177398","post","type-post","status-publish","format-standard","has-post-thumbnail","hentry","category-bem-estar","category-curiosidades","category-noticias","tag-jardim","tag-muda-de-jiboia","tag-plantar-na-agua"],"yoast_head":"<!-- This site is optimized with the Yoast SEO plugin v23.8 - https:\/\/yoast.com\/wordpress\/plugins\/seo\/ -->\n<title>A planta indestrut\u00edvel que vive apenas na \u00e1gua e transforma a decora\u00e7\u00e3o da sua cozinha sem sujeira de terra - Estado de Minas - Em foco<\/title>\n<meta name=\"description\" content=\"Cultive jiboia na \u00e1gua sem terra ou bagun\u00e7a. Aprenda a enraizar galhos e decorar sua casa com facilidade\" \/>\n<meta name=\"robots\" content=\"index, follow, max-snippet:-1, max-image-preview:large, max-video-preview:-1\" \/>\n<link rel=\"canonical\" href=\"https:\/\/www.em.com.br\/emfoco\/2026\/03\/05\/a-planta-indestrutivel-que-vive-apenas-na-agua-e-transforma-a-decoracao-da-sua-cozinha-sem-sujeira-de-terra\/\" \/>\n<meta property=\"og:locale\" content=\"pt_BR\" \/>\n<meta property=\"og:type\" content=\"article\" \/>\n<meta property=\"og:title\" content=\"A planta indestrut\u00edvel que vive apenas na \u00e1gua e transforma a decora\u00e7\u00e3o da sua cozinha sem sujeira de terra - Estado de Minas - Em foco\" \/>\n<meta property=\"og:description\" content=\"Cultive jiboia na \u00e1gua sem terra ou bagun\u00e7a. Aprenda a enraizar galhos e decorar sua casa com facilidade\" \/>\n<meta property=\"og:url\" content=\"https:\/\/www.em.com.br\/emfoco\/2026\/03\/05\/a-planta-indestrutivel-que-vive-apenas-na-agua-e-transforma-a-decoracao-da-sua-cozinha-sem-sujeira-de-terra\/\" \/>\n<meta property=\"og:site_name\" content=\"Estado de Minas - Em foco\" \/>\n<meta property=\"article:published_time\" content=\"2026-03-06T00:25:10+00:00\" \/>\n<meta property=\"article:modified_time\" content=\"2026-03-04T20:55:32+00:00\" \/>\n<meta property=\"og:image\" content=\"https:\/\/www.em.com.br\/emfoco\/wp-content\/uploads\/2026\/03\/Gemini_Generated_Image_s38d2bs38d2bs38d-1.png\" \/>\n\t<meta property=\"og:image:width\" content=\"1280\" \/>\n\t<meta property=\"og:image:height\" content=\"720\" \/>\n\t<meta property=\"og:image:type\" content=\"image\/png\" \/>\n<meta name=\"author\" content=\"Daniely Cardoso\" \/>\n<meta name=\"twitter:card\" content=\"summary_large_image\" \/>\n<meta name=\"twitter:label1\" content=\"Escrito por\" \/>\n\t<meta name=\"twitter:data1\" content=\"Daniely Cardoso\" \/>\n\t<meta name=\"twitter:label2\" content=\"Est. tempo de leitura\" \/>\n\t<meta name=\"twitter:data2\" content=\"4 minutos\" \/>\n<!-- \/ Yoast SEO plugin. -->","yoast_head_json":{"title":"A planta indestrut\u00edvel que vive apenas na \u00e1gua e transforma a decora\u00e7\u00e3o da sua cozinha sem sujeira de terra - Estado de Minas - Em foco","description":"Cultive jiboia na \u00e1gua sem terra ou bagun\u00e7a. Aprenda a enraizar galhos e decorar sua casa com facilidade","robots":{"index":"index","follow":"follow","max-snippet":"max-snippet:-1","max-image-preview":"max-image-preview:large","max-video-preview":"max-video-preview:-1"},"canonical":"https:\/\/www.em.com.br\/emfoco\/2026\/03\/05\/a-planta-indestrutivel-que-vive-apenas-na-agua-e-transforma-a-decoracao-da-sua-cozinha-sem-sujeira-de-terra\/","og_locale":"pt_BR","og_type":"article","og_title":"A planta indestrut\u00edvel que vive apenas na \u00e1gua e transforma a decora\u00e7\u00e3o da sua cozinha sem sujeira de terra - Estado de Minas - Em foco","og_description":"Cultive jiboia na \u00e1gua sem terra ou bagun\u00e7a. Aprenda a enraizar galhos e decorar sua casa com facilidade","og_url":"https:\/\/www.em.com.br\/emfoco\/2026\/03\/05\/a-planta-indestrutivel-que-vive-apenas-na-agua-e-transforma-a-decoracao-da-sua-cozinha-sem-sujeira-de-terra\/","og_site_name":"Estado de Minas - Em foco","article_published_time":"2026-03-06T00:25:10+00:00","article_modified_time":"2026-03-04T20:55:32+00:00","og_image":[{"width":1280,"height":720,"url":"https:\/\/www.em.com.br\/emfoco\/wp-content\/uploads\/2026\/03\/Gemini_Generated_Image_s38d2bs38d2bs38d-1.png","type":"image\/png"}],"author":"Daniely Cardoso","twitter_card":"summary_large_image","twitter_misc":{"Escrito por":"Daniely Cardoso","Est. tempo de leitura":"4 minutos"},"schema":{"@context":"https:\/\/schema.org","@graph":[{"@type":"WebPage","@id":"https:\/\/www.em.com.br\/emfoco\/2026\/03\/05\/a-planta-indestrutivel-que-vive-apenas-na-agua-e-transforma-a-decoracao-da-sua-cozinha-sem-sujeira-de-terra\/","url":"https:\/\/www.em.com.br\/emfoco\/2026\/03\/05\/a-planta-indestrutivel-que-vive-apenas-na-agua-e-transforma-a-decoracao-da-sua-cozinha-sem-sujeira-de-terra\/","name":"A planta indestrut\u00edvel que vive apenas na \u00e1gua e transforma a decora\u00e7\u00e3o da sua cozinha sem sujeira de terra - Estado de Minas - Em foco","isPartOf":{"@id":"https:\/\/www.em.com.br\/emfoco\/#website"},"primaryImageOfPage":{"@id":"https:\/\/www.em.com.br\/emfoco\/2026\/03\/05\/a-planta-indestrutivel-que-vive-apenas-na-agua-e-transforma-a-decoracao-da-sua-cozinha-sem-sujeira-de-terra\/#primaryimage"},"image":{"@id":"https:\/\/www.em.com.br\/emfoco\/2026\/03\/05\/a-planta-indestrutivel-que-vive-apenas-na-agua-e-transforma-a-decoracao-da-sua-cozinha-sem-sujeira-de-terra\/#primaryimage"},"thumbnailUrl":"https:\/\/www.em.com.br\/emfoco\/wp-content\/uploads\/2026\/03\/Gemini_Generated_Image_s38d2bs38d2bs38d-1.png","datePublished":"2026-03-06T00:25:10+00:00","dateModified":"2026-03-04T20:55:32+00:00","author":{"@id":"https:\/\/www.em.com.br\/emfoco\/#\/schema\/person\/0a8186d72f2c3a5c6276d90b41f271a0"},"description":"Cultive jiboia na \u00e1gua sem terra ou bagun\u00e7a. Aprenda a enraizar galhos e decorar sua casa com facilidade","breadcrumb":{"@id":"https:\/\/www.em.com.br\/emfoco\/2026\/03\/05\/a-planta-indestrutivel-que-vive-apenas-na-agua-e-transforma-a-decoracao-da-sua-cozinha-sem-sujeira-de-terra\/#breadcrumb"},"inLanguage":"pt-BR","potentialAction":[{"@type":"ReadAction","target":["https:\/\/www.em.com.br\/emfoco\/2026\/03\/05\/a-planta-indestrutivel-que-vive-apenas-na-agua-e-transforma-a-decoracao-da-sua-cozinha-sem-sujeira-de-terra\/"]}]},{"@type":"ImageObject","inLanguage":"pt-BR","@id":"https:\/\/www.em.com.br\/emfoco\/2026\/03\/05\/a-planta-indestrutivel-que-vive-apenas-na-agua-e-transforma-a-decoracao-da-sua-cozinha-sem-sujeira-de-terra\/#primaryimage","url":"https:\/\/www.em.com.br\/emfoco\/wp-content\/uploads\/2026\/03\/Gemini_Generated_Image_s38d2bs38d2bs38d-1.png","contentUrl":"https:\/\/www.em.com.br\/emfoco\/wp-content\/uploads\/2026\/03\/Gemini_Generated_Image_s38d2bs38d2bs38d-1.png","width":1280,"height":720,"caption":"A jiboia na \u00e1gua \u00e9 a mesma jiboia que muita gente cultiva em vasos com terra, mas aqui ela vive s\u00f3 na \u00e1gua limpa"},{"@type":"BreadcrumbList","@id":"https:\/\/www.em.com.br\/emfoco\/2026\/03\/05\/a-planta-indestrutivel-que-vive-apenas-na-agua-e-transforma-a-decoracao-da-sua-cozinha-sem-sujeira-de-terra\/#breadcrumb","itemListElement":[{"@type":"ListItem","position":1,"name":"In\u00edcio","item":"https:\/\/www.em.com.br\/emfoco\/"},{"@type":"ListItem","position":2,"name":"A planta indestrut\u00edvel que vive apenas na \u00e1gua e transforma a decora\u00e7\u00e3o da sua cozinha sem sujeira de terra"}]},{"@type":"WebSite","@id":"https:\/\/www.em.com.br\/emfoco\/#website","url":"https:\/\/www.em.com.br\/emfoco\/","name":"Estado de Minas - Em foco","description":"Acompanhe as \u00faltimas not\u00edcias e fique bem informado sobre tudo o que acontece em Minas Gerais, Brasil e no mundo.","potentialAction":[{"@type":"SearchAction","target":{"@type":"EntryPoint","urlTemplate":"https:\/\/www.em.com.br\/emfoco\/?s={search_term_string}"},"query-input":{"@type":"PropertyValueSpecification","valueRequired":true,"valueName":"search_term_string"}}],"inLanguage":"pt-BR"},{"@type":"Person","@id":"https:\/\/www.em.com.br\/emfoco\/#\/schema\/person\/0a8186d72f2c3a5c6276d90b41f271a0","name":"Daniely Cardoso","image":{"@type":"ImageObject","inLanguage":"pt-BR","@id":"https:\/\/www.em.com.br\/emfoco\/#\/schema\/person\/image\/","url":"https:\/\/secure.gravatar.com\/avatar\/4b80ddbd124d1f071b626d52d62e5dff?s=96&d=mm&r=g","contentUrl":"https:\/\/secure.gravatar.com\/avatar\/4b80ddbd124d1f071b626d52d62e5dff?s=96&d=mm&r=g","caption":"Daniely Cardoso"},"url":"https:\/\/www.em.com.br\/emfoco\/author\/danielymyth\/"}]}},"_links":{"self":[{"href":"https:\/\/www.em.com.br\/emfoco\/wp-json\/wp\/v2\/posts\/177398","targetHints":{"allow":["GET"]}}],"collection":[{"href":"https:\/\/www.em.com.br\/emfoco\/wp-json\/wp\/v2\/posts"}],"about":[{"href":"https:\/\/www.em.com.br\/emfoco\/wp-json\/wp\/v2\/types\/post"}],"author":[{"embeddable":true,"href":"https:\/\/www.em.com.br\/emfoco\/wp-json\/wp\/v2\/users\/9"}],"replies":[{"embeddable":true,"href":"https:\/\/www.em.com.br\/emfoco\/wp-json\/wp\/v2\/comments?post=177398"}],"version-history":[{"count":2,"href":"https:\/\/www.em.com.br\/emfoco\/wp-json\/wp\/v2\/posts\/177398\/revisions"}],"predecessor-version":[{"id":177503,"href":"https:\/\/www.em.com.br\/emfoco\/wp-json\/wp\/v2\/posts\/177398\/revisions\/177503"}],"wp:featuredmedia":[{"embeddable":true,"href":"https:\/\/www.em.com.br\/emfoco\/wp-json\/wp\/v2\/media\/177502"}],"wp:attachment":[{"href":"https:\/\/www.em.com.br\/emfoco\/wp-json\/wp\/v2\/media?parent=177398"}],"wp:term":[{"taxonomy":"category","embeddable":true,"href":"https:\/\/www.em.com.br\/emfoco\/wp-json\/wp\/v2\/categories?post=177398"},{"taxonomy":"post_tag","embeddable":true,"href":"https:\/\/www.em.com.br\/emfoco\/wp-json\/wp\/v2\/tags?post=177398"}],"curies":[{"name":"wp","href":"https:\/\/api.w.org\/{rel}","templated":true}]}}