{"id":177394,"date":"2026-03-05T20:05:49","date_gmt":"2026-03-05T23:05:49","guid":{"rendered":"https:\/\/www.em.com.br\/emfoco\/?p=177394"},"modified":"2026-03-04T17:42:52","modified_gmt":"2026-03-04T20:42:52","slug":"a-sutil-diferenca-entre-um-banho-comum-e-o-ritual-de-imersao-que-alivia-o-latejar-dos-pes-cansados","status":"publish","type":"post","link":"https:\/\/www.em.com.br\/emfoco\/2026\/03\/05\/a-sutil-diferenca-entre-um-banho-comum-e-o-ritual-de-imersao-que-alivia-o-latejar-dos-pes-cansados\/","title":{"rendered":"A sutil diferen\u00e7a entre um banho comum e o ritual de imers\u00e3o que alivia o latejar dos p\u00e9s cansados"},"content":{"rendered":"\n<p>Depois de passar o dia inteiro em p\u00e9 no trabalho ou andando pela casa, \u00e9 comum chegar \u00e0 noite com os <b>p\u00e9s<\/b> latejando, as <b>pernas<\/b> pesadas e uma sensa\u00e7\u00e3o de cansa\u00e7o que parece n\u00e3o ir embora. Em dias quentes, isso pode ficar ainda mais intenso, dificultando o <b>relaxamento<\/b> e o sono<\/p>\n\n\n\n<h2 class=\"wp-block-heading\">O que \u00e9 escalda-p\u00e9s de alecrim e por que tantas pessoas usam<\/h2>\n\n\n\n<p>O escalda-p\u00e9s de <b>alecrim<\/b> \u00e9 um banho morno s\u00f3 para os p\u00e9s, feito em uma bacia com \u00e1gua e ramos de alecrim fresco ou seco. \u00c9 um costume <b>antigo<\/b>, passado de gera\u00e7\u00e3o em gera\u00e7\u00e3o, usado como forma de aliviar o <b>cansa\u00e7o<\/b> do dia e cuidar do corpo de um jeito simples e acess\u00edvel.<\/p>\n\n\n\n<p>Nesse ritual, a \u00e1gua aquecida ajuda a aquecer e soltar a regi\u00e3o dos p\u00e9s e tornozelos, enquanto o aroma do <b>alecrim<\/b> torna o momento mais agrad\u00e1vel. Em noites quentes, muita gente prefere deixar a \u00e1gua apenas morna, quase fresca, para n\u00e3o aumentar ainda mais a sensa\u00e7\u00e3o de <b>calor<\/b>. Esse cuidado pode favorecer uma sensa\u00e7\u00e3o de <b>equil\u00edbrio<\/b> entre conforto t\u00e9rmico e relaxamento.<\/p>\n\n\n\n<figure class=\"wp-block-embed is-type-rich is-provider-pinterest wp-block-embed-pinterest\"><div class=\"wp-block-embed__wrapper\">\n<iframe loading=\"lazy\" title=\"Hoje mostro os bastidores desse escalda-p\u00e9s artesanal que preparei como mimo especial para minhas clientes! \ud83c\udf3f\ud83e\udebb Porque aqui, cada detalhe importa \u2014 e o autocuidado come\u00e7a no carinho com que tudo \u00e9 feito. \ud83d\udc9c  #fyp #empreender #explore #lojaonline #velas #brinde #foryou #diy\" src=\"https:\/\/assets.pinterest.com\/ext\/embed.html?id=4785143351821230&#038;src=oembed\" height=\"899\" width=\"450\" frameborder=\"0\" scrolling=\"no\" ><\/iframe>\n<\/div><\/figure>\n\n\n\n<p>Leia tamb\u00e9m:&nbsp;<a href=\"https:\/\/www.em.com.br\/emfoco\/2026\/03\/01\/pes-ressecados-e-rachados-cuidados-diarios-que-evitam-dor-e-desconforto-no-dia-a-dia\/\" target=\"_blank\" rel=\"noopener\">P\u00e9s ressecados e rachados: cuidados di\u00e1rios que evitam dor e desconforto no dia a dia<\/a><\/p>\n\n\n\n<h2 class=\"wp-block-heading\">Como preparar escalda-p\u00e9s de alecrim para noites quentes<\/h2>\n\n\n\n<p>Montar um escalda-p\u00e9s de <b>alecrim<\/b> em casa \u00e9 f\u00e1cil e n\u00e3o exige muitos materiais. Em poucos minutos, \u00e9 poss\u00edvel criar um <b>ritual<\/b> de fim de dia, logo ap\u00f3s o banho ou antes de dormir, ajudando o corpo e a mente a diminu\u00edrem o <b>ritmo<\/b>.<\/p>\n\n\n\n<ol class=\"wp-block-list\">\n<li><strong>Separar os materiais:<\/strong> bacia ou balde largo, \u00e1gua morna a quase fria, ramos de <b>alecrim<\/b> fresco ou 2 a 3 colheres de sopa de alecrim seco.<\/li>\n\n\n\n<li><strong>Aquecer a \u00e1gua:<\/strong> deixar a \u00e1gua em temperatura morna, evitando que fique muito <b>quente<\/b>, especialmente em noites abafadas.<\/li>\n\n\n\n<li><strong>Adicionar o alecrim:<\/strong> colocar a <b>erva<\/b> diretamente na \u00e1gua ou fazer uma infus\u00e3o r\u00e1pida, deixando repousar por alguns minutos antes de <b>usar<\/b>.<\/li>\n\n\n\n<li><strong>Imers\u00e3o dos p\u00e9s:<\/strong> mergulhar os <b>p\u00e9s<\/b> at\u00e9 o tornozelo e permanecer entre 15 e 20 minutos, em posi\u00e7\u00e3o <b>confort\u00e1vel<\/b>.<\/li>\n\n\n\n<li><strong>Secagem cuidadosa:<\/strong> ao terminar, secar bem os <b>p\u00e9s<\/b>, especialmente entre os dedos, para evitar umidade <b>prolongada<\/b>.<\/li>\n<\/ol>\n\n\n\n<p>Para deixar o momento ainda mais relaxante, algumas pessoas apagam as luzes fortes, usam apenas uma ilumina\u00e7\u00e3o <b>suave<\/b> e evitam celular ou TV. Em noites muito quentes, vale manter uma toalha <b>fresca<\/b> por perto e o quarto bem <b>ventilado<\/b>.<\/p>\n\n\n\n<p>Para voc\u00ea que gosta <\/p>\n\n\n\n<figure class=\"wp-block-embed is-type-video is-provider-youtube wp-block-embed-youtube wp-embed-aspect-16-9 wp-has-aspect-ratio\"><div class=\"wp-block-embed__wrapper\">\n<div class=\"jeg_video_container jeg_video_content\"><iframe loading=\"lazy\" title=\"Como fazer ESCALDA P\u00c9S?\" width=\"500\" height=\"281\" src=\"https:\/\/www.youtube.com\/embed\/UDVb1On02eg?feature=oembed\" frameborder=\"0\" allow=\"accelerometer; autoplay; clipboard-write; encrypted-media; gyroscope; picture-in-picture; web-share\" referrerpolicy=\"strict-origin-when-cross-origin\" allowfullscreen><\/iframe><\/div>\n<\/div><\/figure>\n\n\n\n<h2 class=\"wp-block-heading\">Escalda-p\u00e9s de alecrim realmente ajuda a aliviar pernas pesadas<\/h2>\n\n\n\n<p>A sensa\u00e7\u00e3o de <b>pernas<\/b> pesadas costuma aparecer ap\u00f3s muitas horas em p\u00e9, caminhadas longas ou em dias de calor forte. Nessas situa\u00e7\u00f5es, o escalda-p\u00e9s de <b>alecrim<\/b> \u00e9 usado como um aliado no cuidado di\u00e1rio, principalmente por quem procura um al\u00edvio simples e <b>caseiro<\/b> para o desconforto.<\/p>\n\n\n\n<p>Al\u00e9m de dar uma pausa obrigat\u00f3ria para o <b>descanso<\/b>, a \u00e1gua morna pode ajudar a relaxar a musculatura da regi\u00e3o. Muitas pessoas relatam que, depois do escalda-p\u00e9s, sentem os <b>p\u00e9s<\/b> mais leves e o corpo mais pronto para <b>dormir<\/b>.<\/p>\n\n\n\n<figure class=\"wp-block-embed is-type-rich is-provider-pinterest wp-block-embed-pinterest\"><div class=\"wp-block-embed__wrapper\">\n<iframe loading=\"lazy\" title=\" \" src=\"https:\/\/assets.pinterest.com\/ext\/embed.html?id=9218374231198833&#038;src=oembed\" height=\"899\" width=\"450\" frameborder=\"0\" scrolling=\"no\" ><\/iframe>\n<\/div><\/figure>\n\n\n\n<h2 class=\"wp-block-heading\">Quais benef\u00edcios s\u00e3o atribu\u00eddos ao escalda-p\u00e9s de alecrim<\/h2>\n\n\n\n<p>Muita gente inclui o escalda-p\u00e9s na rotina da noite como um pequeno ritual de <b>autocuidado<\/b>. Embora n\u00e3o substitua nenhum tratamento de <b>sa\u00fade<\/b>, ele costuma ser associado a uma sensa\u00e7\u00e3o geral de bem-estar f\u00edsico e <b>emocional<\/b>.<\/p>\n\n\n\n<p>Entre os benef\u00edcios relatados por quem usa o escalda-p\u00e9s de <b>alecrim<\/b> com frequ\u00eancia, est\u00e3o:<\/p>\n\n\n\n<ul class=\"wp-block-list\">\n<li><strong>Relaxamento muscular local:<\/strong> a combina\u00e7\u00e3o de repouso, \u00e1gua morna e <b>alecrim<\/b> traz uma sensa\u00e7\u00e3o de soltura nos p\u00e9s e <b>panturrilhas<\/b>.<\/li>\n\n\n\n<li><strong>Al\u00edvio da sensa\u00e7\u00e3o de peso:<\/strong> muitas pessoas percebem redu\u00e7\u00e3o do <b>incha\u00e7o<\/b> e do cansa\u00e7o nas pernas ap\u00f3s a <b>imers\u00e3o<\/b>.<\/li>\n\n\n\n<li><strong>Prepara\u00e7\u00e3o para o sono:<\/strong> o ritual calmo e repetido diariamente pode ajudar o <b>corpo<\/b> a entender que \u00e9 hora de <b>descansar<\/b>.<\/li>\n\n\n\n<li><strong>Pausa na rotina:<\/strong> reservar alguns minutos s\u00f3 para si ajuda a diminuir a <b>agita\u00e7\u00e3o<\/b> do fim do dia.<\/li>\n<\/ul>\n\n\n\n<p>Tamb\u00e9m \u00e9 poss\u00edvel variar o ritual, misturando o alecrim com outras <b>ervas<\/b> conhecidas, como camomila ou lavanda, ou finalizando com um breve enx\u00e1gue em \u00e1gua mais fresca, o que costuma ser agrad\u00e1vel em noites muito quentes.<\/p>\n","protected":false},"excerpt":{"rendered":"<p>Depois de passar o dia inteiro em p\u00e9 no trabalho ou andando pela casa, \u00e9 comum chegar \u00e0 noite com os p\u00e9s latejando, as pernas pesadas e uma sensa\u00e7\u00e3o de cansa\u00e7o que parece n\u00e3o ir embora. Em dias quentes, isso pode ficar ainda mais intenso, dificultando o relaxamento e o sono O que \u00e9 escalda-p\u00e9s [&hellip;]<\/p>\n","protected":false},"author":9,"featured_media":177490,"comment_status":"open","ping_status":"open","sticky":false,"template":"","format":"standard","meta":{"jnews-multi-image_gallery":[],"jnews_single_post":{"format":"standard"},"jnews_primary_category":[],"jnews_social_meta":[],"jnews_override_counter":[],"footnotes":""},"categories":[8691,8819,1],"tags":[3840,22121,13364,8882],"class_list":["post-177394","post","type-post","status-publish","format-standard","has-post-thumbnail","hentry","category-bem-estar","category-curiosidades","category-noticias","tag-alecrim","tag-auto-cuidado","tag-escalda-pes","tag-habito"],"yoast_head":"<!-- This site is optimized with the Yoast SEO plugin v23.8 - https:\/\/yoast.com\/wordpress\/plugins\/seo\/ -->\n<title>A sutil diferen\u00e7a entre um banho comum e o ritual de imers\u00e3o que alivia o latejar dos p\u00e9s cansados - Estado de Minas - Em foco<\/title>\n<meta name=\"description\" content=\"Alivie o cansa\u00e7o das pernas e p\u00e9s com o escalda-p\u00e9s de alecrim, o ritual perfeito para noites quentes\" \/>\n<meta name=\"robots\" content=\"index, follow, max-snippet:-1, max-image-preview:large, max-video-preview:-1\" \/>\n<link rel=\"canonical\" href=\"https:\/\/www.em.com.br\/emfoco\/2026\/03\/05\/a-sutil-diferenca-entre-um-banho-comum-e-o-ritual-de-imersao-que-alivia-o-latejar-dos-pes-cansados\/\" \/>\n<meta property=\"og:locale\" content=\"pt_BR\" \/>\n<meta property=\"og:type\" content=\"article\" \/>\n<meta property=\"og:title\" content=\"A sutil diferen\u00e7a entre um banho comum e o ritual de imers\u00e3o que alivia o latejar dos p\u00e9s cansados - Estado de Minas - Em foco\" \/>\n<meta property=\"og:description\" content=\"Alivie o cansa\u00e7o das pernas e p\u00e9s com o escalda-p\u00e9s de alecrim, o ritual perfeito para noites quentes\" \/>\n<meta property=\"og:url\" content=\"https:\/\/www.em.com.br\/emfoco\/2026\/03\/05\/a-sutil-diferenca-entre-um-banho-comum-e-o-ritual-de-imersao-que-alivia-o-latejar-dos-pes-cansados\/\" \/>\n<meta property=\"og:site_name\" content=\"Estado de Minas - Em foco\" \/>\n<meta property=\"article:published_time\" content=\"2026-03-05T23:05:49+00:00\" \/>\n<meta property=\"article:modified_time\" content=\"2026-03-04T20:42:52+00:00\" \/>\n<meta property=\"og:image\" content=\"https:\/\/www.em.com.br\/emfoco\/wp-content\/uploads\/2026\/03\/pes-na-bacia_1772656939156.jpg\" \/>\n\t<meta property=\"og:image:width\" content=\"1280\" \/>\n\t<meta property=\"og:image:height\" content=\"720\" \/>\n\t<meta property=\"og:image:type\" content=\"image\/jpeg\" \/>\n<meta name=\"author\" content=\"Daniely Cardoso\" \/>\n<meta name=\"twitter:card\" content=\"summary_large_image\" \/>\n<meta name=\"twitter:label1\" content=\"Escrito por\" \/>\n\t<meta name=\"twitter:data1\" content=\"Daniely Cardoso\" \/>\n\t<meta name=\"twitter:label2\" content=\"Est. tempo de leitura\" \/>\n\t<meta name=\"twitter:data2\" content=\"4 minutos\" \/>\n<!-- \/ Yoast SEO plugin. -->","yoast_head_json":{"title":"A sutil diferen\u00e7a entre um banho comum e o ritual de imers\u00e3o que alivia o latejar dos p\u00e9s cansados - Estado de Minas - Em foco","description":"Alivie o cansa\u00e7o das pernas e p\u00e9s com o escalda-p\u00e9s de alecrim, o ritual perfeito para noites quentes","robots":{"index":"index","follow":"follow","max-snippet":"max-snippet:-1","max-image-preview":"max-image-preview:large","max-video-preview":"max-video-preview:-1"},"canonical":"https:\/\/www.em.com.br\/emfoco\/2026\/03\/05\/a-sutil-diferenca-entre-um-banho-comum-e-o-ritual-de-imersao-que-alivia-o-latejar-dos-pes-cansados\/","og_locale":"pt_BR","og_type":"article","og_title":"A sutil diferen\u00e7a entre um banho comum e o ritual de imers\u00e3o que alivia o latejar dos p\u00e9s cansados - Estado de Minas - Em foco","og_description":"Alivie o cansa\u00e7o das pernas e p\u00e9s com o escalda-p\u00e9s de alecrim, o ritual perfeito para noites quentes","og_url":"https:\/\/www.em.com.br\/emfoco\/2026\/03\/05\/a-sutil-diferenca-entre-um-banho-comum-e-o-ritual-de-imersao-que-alivia-o-latejar-dos-pes-cansados\/","og_site_name":"Estado de Minas - Em foco","article_published_time":"2026-03-05T23:05:49+00:00","article_modified_time":"2026-03-04T20:42:52+00:00","og_image":[{"width":1280,"height":720,"url":"https:\/\/www.em.com.br\/emfoco\/wp-content\/uploads\/2026\/03\/pes-na-bacia_1772656939156.jpg","type":"image\/jpeg"}],"author":"Daniely Cardoso","twitter_card":"summary_large_image","twitter_misc":{"Escrito por":"Daniely Cardoso","Est. tempo de leitura":"4 minutos"},"schema":{"@context":"https:\/\/schema.org","@graph":[{"@type":"WebPage","@id":"https:\/\/www.em.com.br\/emfoco\/2026\/03\/05\/a-sutil-diferenca-entre-um-banho-comum-e-o-ritual-de-imersao-que-alivia-o-latejar-dos-pes-cansados\/","url":"https:\/\/www.em.com.br\/emfoco\/2026\/03\/05\/a-sutil-diferenca-entre-um-banho-comum-e-o-ritual-de-imersao-que-alivia-o-latejar-dos-pes-cansados\/","name":"A sutil diferen\u00e7a entre um banho comum e o ritual de imers\u00e3o que alivia o latejar dos p\u00e9s cansados - Estado de Minas - Em foco","isPartOf":{"@id":"https:\/\/www.em.com.br\/emfoco\/#website"},"primaryImageOfPage":{"@id":"https:\/\/www.em.com.br\/emfoco\/2026\/03\/05\/a-sutil-diferenca-entre-um-banho-comum-e-o-ritual-de-imersao-que-alivia-o-latejar-dos-pes-cansados\/#primaryimage"},"image":{"@id":"https:\/\/www.em.com.br\/emfoco\/2026\/03\/05\/a-sutil-diferenca-entre-um-banho-comum-e-o-ritual-de-imersao-que-alivia-o-latejar-dos-pes-cansados\/#primaryimage"},"thumbnailUrl":"https:\/\/www.em.com.br\/emfoco\/wp-content\/uploads\/2026\/03\/pes-na-bacia_1772656939156.jpg","datePublished":"2026-03-05T23:05:49+00:00","dateModified":"2026-03-04T20:42:52+00:00","author":{"@id":"https:\/\/www.em.com.br\/emfoco\/#\/schema\/person\/0a8186d72f2c3a5c6276d90b41f271a0"},"description":"Alivie o cansa\u00e7o das pernas e p\u00e9s com o escalda-p\u00e9s de alecrim, o ritual perfeito para noites quentes","breadcrumb":{"@id":"https:\/\/www.em.com.br\/emfoco\/2026\/03\/05\/a-sutil-diferenca-entre-um-banho-comum-e-o-ritual-de-imersao-que-alivia-o-latejar-dos-pes-cansados\/#breadcrumb"},"inLanguage":"pt-BR","potentialAction":[{"@type":"ReadAction","target":["https:\/\/www.em.com.br\/emfoco\/2026\/03\/05\/a-sutil-diferenca-entre-um-banho-comum-e-o-ritual-de-imersao-que-alivia-o-latejar-dos-pes-cansados\/"]}]},{"@type":"ImageObject","inLanguage":"pt-BR","@id":"https:\/\/www.em.com.br\/emfoco\/2026\/03\/05\/a-sutil-diferenca-entre-um-banho-comum-e-o-ritual-de-imersao-que-alivia-o-latejar-dos-pes-cansados\/#primaryimage","url":"https:\/\/www.em.com.br\/emfoco\/wp-content\/uploads\/2026\/03\/pes-na-bacia_1772656939156.jpg","contentUrl":"https:\/\/www.em.com.br\/emfoco\/wp-content\/uploads\/2026\/03\/pes-na-bacia_1772656939156.jpg","width":1280,"height":720,"caption":"O escalda-p\u00e9s de alecrim \u00e9 um banho morno s\u00f3 para os p\u00e9s, feito em uma bacia com \u00e1gua e ramos de alecrim fresco ou seco - Cr\u00e9ditos: depositphotos.com \/ AndrewLozovyi"},{"@type":"BreadcrumbList","@id":"https:\/\/www.em.com.br\/emfoco\/2026\/03\/05\/a-sutil-diferenca-entre-um-banho-comum-e-o-ritual-de-imersao-que-alivia-o-latejar-dos-pes-cansados\/#breadcrumb","itemListElement":[{"@type":"ListItem","position":1,"name":"In\u00edcio","item":"https:\/\/www.em.com.br\/emfoco\/"},{"@type":"ListItem","position":2,"name":"A sutil diferen\u00e7a entre um banho comum e o ritual de imers\u00e3o que alivia o latejar dos p\u00e9s cansados"}]},{"@type":"WebSite","@id":"https:\/\/www.em.com.br\/emfoco\/#website","url":"https:\/\/www.em.com.br\/emfoco\/","name":"Estado de Minas - Em foco","description":"Acompanhe as \u00faltimas not\u00edcias e fique bem informado sobre tudo o que acontece em Minas Gerais, Brasil e no mundo.","potentialAction":[{"@type":"SearchAction","target":{"@type":"EntryPoint","urlTemplate":"https:\/\/www.em.com.br\/emfoco\/?s={search_term_string}"},"query-input":{"@type":"PropertyValueSpecification","valueRequired":true,"valueName":"search_term_string"}}],"inLanguage":"pt-BR"},{"@type":"Person","@id":"https:\/\/www.em.com.br\/emfoco\/#\/schema\/person\/0a8186d72f2c3a5c6276d90b41f271a0","name":"Daniely Cardoso","image":{"@type":"ImageObject","inLanguage":"pt-BR","@id":"https:\/\/www.em.com.br\/emfoco\/#\/schema\/person\/image\/","url":"https:\/\/secure.gravatar.com\/avatar\/4b80ddbd124d1f071b626d52d62e5dff?s=96&d=mm&r=g","contentUrl":"https:\/\/secure.gravatar.com\/avatar\/4b80ddbd124d1f071b626d52d62e5dff?s=96&d=mm&r=g","caption":"Daniely Cardoso"},"url":"https:\/\/www.em.com.br\/emfoco\/author\/danielymyth\/"}]}},"_links":{"self":[{"href":"https:\/\/www.em.com.br\/emfoco\/wp-json\/wp\/v2\/posts\/177394","targetHints":{"allow":["GET"]}}],"collection":[{"href":"https:\/\/www.em.com.br\/emfoco\/wp-json\/wp\/v2\/posts"}],"about":[{"href":"https:\/\/www.em.com.br\/emfoco\/wp-json\/wp\/v2\/types\/post"}],"author":[{"embeddable":true,"href":"https:\/\/www.em.com.br\/emfoco\/wp-json\/wp\/v2\/users\/9"}],"replies":[{"embeddable":true,"href":"https:\/\/www.em.com.br\/emfoco\/wp-json\/wp\/v2\/comments?post=177394"}],"version-history":[{"count":2,"href":"https:\/\/www.em.com.br\/emfoco\/wp-json\/wp\/v2\/posts\/177394\/revisions"}],"predecessor-version":[{"id":177491,"href":"https:\/\/www.em.com.br\/emfoco\/wp-json\/wp\/v2\/posts\/177394\/revisions\/177491"}],"wp:featuredmedia":[{"embeddable":true,"href":"https:\/\/www.em.com.br\/emfoco\/wp-json\/wp\/v2\/media\/177490"}],"wp:attachment":[{"href":"https:\/\/www.em.com.br\/emfoco\/wp-json\/wp\/v2\/media?parent=177394"}],"wp:term":[{"taxonomy":"category","embeddable":true,"href":"https:\/\/www.em.com.br\/emfoco\/wp-json\/wp\/v2\/categories?post=177394"},{"taxonomy":"post_tag","embeddable":true,"href":"https:\/\/www.em.com.br\/emfoco\/wp-json\/wp\/v2\/tags?post=177394"}],"curies":[{"name":"wp","href":"https:\/\/api.w.org\/{rel}","templated":true}]}}