{"id":177390,"date":"2026-03-05T17:55:31","date_gmt":"2026-03-05T20:55:31","guid":{"rendered":"https:\/\/www.em.com.br\/emfoco\/?p=177390"},"modified":"2026-03-04T17:25:11","modified_gmt":"2026-03-04T20:25:11","slug":"as-4-atitudes-diarias-que-transformam-o-clima-da-sua-casa-e-acabam-com-a-sensacao-de-ambiente-abafado","status":"publish","type":"post","link":"https:\/\/www.em.com.br\/emfoco\/2026\/03\/05\/as-4-atitudes-diarias-que-transformam-o-clima-da-sua-casa-e-acabam-com-a-sensacao-de-ambiente-abafado\/","title":{"rendered":"As 4 atitudes di\u00e1rias que transformam o clima da sua casa e acabam com a sensa\u00e7\u00e3o de ambiente abafado"},"content":{"rendered":"\n<p>Voc\u00ea j\u00e1 entrou em casa e sentiu o <b>ar pesado<\/b>, mesmo sem saber explicar exatamente o porqu\u00ea? Esse inc\u00f4modo silencioso costuma ser sinal de que o ar est\u00e1 <b>parado<\/b>, carregado de umidade, cheiros e part\u00edculas invis\u00edveis que afetam o <b>bem-estar<\/b> de quem vive ali. Renovar o ar naturalmente deixou de ser s\u00f3 um h\u00e1bito de limpeza para se tornar uma atitude di\u00e1ria ligada \u00e0 sa\u00fade, ao conforto e at\u00e9 ao nosso humor dentro de casa.<\/p>\n\n\n\n<h2 class=\"wp-block-heading\">Qual \u00e9 o melhor momento do dia para ventilar a casa?<\/h2>\n\n\n\n<p>Mais importante do que abrir todas as janelas de vez em quando \u00e9 criar uma <b>rotina simples<\/b> e constante. Em geral, arquitetos e especialistas recomendam deixar as janelas <b>abertas<\/b> por cerca de 10 a 15 minutos por dia, em hor\u00e1rios espec\u00edficos e mais agrad\u00e1veis, ajustando esse tempo em dias de <b>muito calor<\/b> ou umidade excessiva.<\/p>\n\n\n\n<p>O in\u00edcio da manh\u00e3 costuma ser o <b>melhor momento<\/b>: o ar est\u00e1 mais fresco, com menos <b>polui\u00e7\u00e3o<\/b> e a temperatura \u00e9 mais amena. Em grandes cidades ou ruas muito movimentadas, pode ser melhor apostar no fim da tarde ou in\u00edcio da noite, quando o fluxo de ve\u00edculos diminui e vem menos <b>fuma\u00e7a<\/b> e poeira da rua.<\/p>\n\n\n\n<figure class=\"wp-block-embed is-type-rich is-provider-pinterest wp-block-embed-pinterest\"><div class=\"wp-block-embed__wrapper\">\n<iframe loading=\"lazy\" title=\"\ud83d\udd06 Conforto t\u00e9rmico na arquitetura n\u00e3o \u00e9 apenas uma quest\u00e3o de bem-estar, mas tamb\u00e9m de efici\u00eancia energ\u00e9tica e sustentabilidade! \ud83c\udf31\ud83c\udfe0  \u27a1\ufe0f O ar frio deve ser aproveitado para ventilar naturalmente os ambientes. \u27a1\ufe0f O ar quente, por ser mais leve, tende a subir e deve ter sa\u00eddas estrat\u00e9gicas para n\u00e3o acumular calor. \u27a1\ufe0f A incid\u00eancia solar precisa ser controlada para evitar superaquecimento interno.  Quando bem planejado, o projeto arquitet\u00f4nico reduz o uso de climatizadores artificiais, gera economia e cria ambientes muito mais agrad\u00e1veis para quem utiliza o espa\u00e7o. \ud83d\udca8\u2600\ufe0f  \ud83d\udcd0 Voc\u00ea j\u00e1 pensou no conforto t\u00e9rmico ao projetar ou escolher um im\u00f3vel?  #EngenhariaCivil #Arquitetura #ConfortoT\u00e9rmico #Constru\u00e7\u00e3oInteligente #Efici\u00eanciaEnerg\u00e9tica #Sustentabilidade\" src=\"https:\/\/assets.pinterest.com\/ext\/embed.html?id=30117891253145186&#038;src=oembed\" height=\"775\" width=\"450\" frameborder=\"0\" scrolling=\"no\" ><\/iframe>\n<\/div><\/figure>\n\n\n\n<p>Leia tamb\u00e9m:&nbsp;<a href=\"https:\/\/www.em.com.br\/emfoco\/2026\/02\/01\/solo-sol-e-poda-os-cuidados-essenciais-para-ter-laranjeiras-saudaveis\/\" target=\"_blank\" rel=\"noopener\">Solo, sol e poda: os cuidados essenciais para ter laranjeiras saud\u00e1veis em casa<\/a><\/p>\n\n\n\n<h2 class=\"wp-block-heading\">Ventilar a casa diariamente realmente melhora a sa\u00fade?<\/h2>\n\n\n\n<p>Dentro de casa, o ar pode acumular <b>\u00e1caros<\/b>, esporos de mofo, poeira fina e compostos liberados por m\u00f3veis, tintas e produtos de limpeza. Quando voc\u00ea abre as janelas todos os dias, ajuda a expulsar parte dessas part\u00edculas, o que diminui crises de <b>alergia<\/b>, irrita\u00e7\u00e3o nos olhos e at\u00e9 aquela sensa\u00e7\u00e3o de nariz sempre <b>entupido<\/b>.<\/p>\n\n\n\n<p>A circula\u00e7\u00e3o de ar tamb\u00e9m \u00e9 aliada no controle da <b>umidade<\/b>, especialmente em banheiros, cozinhas e quartos pouco ensolarados. Com menos umidade, a casa fica menos sujeita a mofo, manchas nas paredes e aquele cheiro de <b>fechado<\/b> que insiste em aparecer, principalmente em dias frios ou <b>chuvosos<\/b>.<\/p>\n\n\n\n<figure class=\"wp-block-embed is-type-rich is-provider-pinterest wp-block-embed-pinterest\"><div class=\"wp-block-embed__wrapper\">\n<iframe loading=\"lazy\" title=\"Quanto maior a abertura \u00fatil da janela, melhor a circula\u00e7\u00e3o do ar e maior o conforto t\u00e9rmico dentro da casa.  Escolher certo evita mofo, calor excessivo e at\u00e9 economiza energia!\" src=\"https:\/\/assets.pinterest.com\/ext\/embed.html?id=23151385580301216&#038;src=oembed\" height=\"663\" width=\"450\" frameborder=\"0\" scrolling=\"no\" ><\/iframe>\n<\/div><\/figure>\n\n\n\n<h2 class=\"wp-block-heading\">Quais s\u00e3o os principais benef\u00edcios percebidos no dia a dia?<\/h2>\n\n\n\n<p>Quando o h\u00e1bito de ventilar se torna parte da <b>rotina<\/b>, a diferen\u00e7a \u00e9 sentida na pr\u00e1tica: o ambiente fica mais leve, o cheiro mais neutro e o ar menos <b>abafado<\/b>. Al\u00e9m disso, quem tem rinite ou outras alergias costuma perceber um pouco mais de conforto <b>respirat\u00f3rio<\/b> ao longo do tempo.<\/p>\n\n\n\n<p>Para ficar mais claro como essa troca de ar ajuda na vida real, veja alguns efeitos positivos que tendem a aparecer com a ventila\u00e7\u00e3o di\u00e1ria:<\/p>\n\n\n\n<ul class=\"wp-block-list\">\n<li>Redu\u00e7\u00e3o de <b>mofo<\/b> em paredes, arm\u00e1rios e cantos \u00famidos.<\/li>\n\n\n\n<li>Menor concentra\u00e7\u00e3o de <b>poeira<\/b> e \u00e1caros em colch\u00f5es, tapetes e estofados.<\/li>\n\n\n\n<li>Ambientes com cheiro mais <b>neutro<\/b>, sem odor de fechado ou gordura.<\/li>\n\n\n\n<li>Sensa\u00e7\u00e3o de <b>frescor<\/b> e leveza ap\u00f3s a troca de ar.<\/li>\n<\/ul>\n\n\n\n<p>Para voc\u00ea que gosta de aprofundar, separamos um v\u00eddeo do canal <a href=\"https:\/\/www.youtube.com\/@PLANARQCAMPOS\" target=\"_blank\" rel=\"noreferrer noopener\">Ralph Dias<\/a> com dicas para ventilar sua casa de forma natural:<\/p>\n\n\n\n<figure class=\"wp-block-embed is-type-video is-provider-youtube wp-block-embed-youtube wp-embed-aspect-16-9 wp-has-aspect-ratio\"><div class=\"wp-block-embed__wrapper\">\n<div class=\"jeg_video_container jeg_video_content\"><iframe loading=\"lazy\" title=\"VENTILA\u00c7\u00c3O NATURAL na sua CASA\" width=\"500\" height=\"281\" src=\"https:\/\/www.youtube.com\/embed\/Pw9AXiWW_3I?feature=oembed\" frameborder=\"0\" allow=\"accelerometer; autoplay; clipboard-write; encrypted-media; gyroscope; picture-in-picture; web-share\" referrerpolicy=\"strict-origin-when-cross-origin\" allowfullscreen><\/iframe><\/div>\n<\/div><\/figure>\n\n\n\n<h2 class=\"wp-block-heading\">Quais h\u00e1bitos ajudam a complementar a ventila\u00e7\u00e3o di\u00e1ria?<\/h2>\n\n\n\n<p>Ao longo do dia, coisas simples como <b>cozinhar<\/b>, tomar banho quente e at\u00e9 secar roupa dentro de casa aumentam a umidade e deixam o ar mais pesado. Por isso, al\u00e9m de abrir janelas, alguns pequenos cuidados tornam a ventila\u00e7\u00e3o ainda mais eficiente e mant\u00eam o <b>ar interno<\/b> mais limpo por mais tempo, principalmente em espa\u00e7os <b>pequenos<\/b>.<\/p>\n\n\n\n<p>Algumas atitudes f\u00e1ceis de incluir na rotina podem fazer bastante diferen\u00e7a:<\/p>\n\n\n\n<ol class=\"wp-block-list\">\n<li><b>Abrir janelas<\/b> opostas por cerca de 10 minutos para criar corrente de ar.<\/li>\n\n\n\n<li>Priorizar o in\u00edcio da <b>manh\u00e3<\/b> ou o fim da tarde para ventilar a casa.<\/li>\n\n\n\n<li>Fechar janelas em hor\u00e1rios de <b>tr\u00e2nsito<\/b> intenso, quando poss\u00edvel.<\/li>\n\n\n\n<li>Ventilar banheiros e <b>cozinhas<\/b> logo ap\u00f3s o uso para reduzir umidade.<\/li>\n\n\n\n<li>Combinar a troca de ar com a <b>limpeza regular<\/b> de superf\u00edcies e pisos.<\/li>\n<\/ol>\n\n\n\n<p>Ventilar diariamente n\u00e3o exige equipamentos caros nem reformas, apenas alguns minutos de aten\u00e7\u00e3o \u00e0s <b>janelas<\/b> e aos hor\u00e1rios. \u00c9 uma das formas mais simples e baratas de cuidar da <b>sa\u00fade<\/b> dentro de casa, reduzir odores persistentes, prevenir mofo e tornar o ambiente mais <b>agrad\u00e1vel<\/b> para trabalhar, estudar e descansar.<\/p>\n","protected":false},"excerpt":{"rendered":"<p>Voc\u00ea j\u00e1 entrou em casa e sentiu o ar pesado, mesmo sem saber explicar exatamente o porqu\u00ea? Esse inc\u00f4modo silencioso costuma ser sinal de que o ar est\u00e1 parado, carregado de umidade, cheiros e part\u00edculas invis\u00edveis que afetam o bem-estar de quem vive ali. Renovar o ar naturalmente deixou de ser s\u00f3 um h\u00e1bito de [&hellip;]<\/p>\n","protected":false},"author":9,"featured_media":177476,"comment_status":"open","ping_status":"open","sticky":false,"template":"","format":"standard","meta":{"jnews-multi-image_gallery":[],"jnews_single_post":{"format":"standard"},"jnews_primary_category":[],"jnews_social_meta":[],"jnews_override_counter":[],"footnotes":""},"categories":[8691,8819,1],"tags":[2911,23589,12621],"class_list":["post-177390","post","type-post","status-publish","format-standard","has-post-thumbnail","hentry","category-bem-estar","category-curiosidades","category-noticias","tag-casa","tag-saude-corporal","tag-ventilacao"],"yoast_head":"<!-- This site is optimized with the Yoast SEO plugin v23.8 - https:\/\/yoast.com\/wordpress\/plugins\/seo\/ -->\n<title>As 4 atitudes di\u00e1rias que transformam o clima da sua casa e acabam com a sensa\u00e7\u00e3o de ambiente abafado - Estado de Minas - Em foco<\/title>\n<meta name=\"description\" content=\"Melhore a sa\u00fade e elimine o mofo ventilando sua casa no hor\u00e1rio certo com dicas simples de circula\u00e7\u00e3o de ar\" \/>\n<meta name=\"robots\" content=\"index, follow, max-snippet:-1, max-image-preview:large, max-video-preview:-1\" \/>\n<link rel=\"canonical\" href=\"https:\/\/www.em.com.br\/emfoco\/2026\/03\/05\/as-4-atitudes-diarias-que-transformam-o-clima-da-sua-casa-e-acabam-com-a-sensacao-de-ambiente-abafado\/\" \/>\n<meta property=\"og:locale\" content=\"pt_BR\" \/>\n<meta property=\"og:type\" content=\"article\" \/>\n<meta property=\"og:title\" content=\"As 4 atitudes di\u00e1rias que transformam o clima da sua casa e acabam com a sensa\u00e7\u00e3o de ambiente abafado - Estado de Minas - Em foco\" \/>\n<meta property=\"og:description\" content=\"Melhore a sa\u00fade e elimine o mofo ventilando sua casa no hor\u00e1rio certo com dicas simples de circula\u00e7\u00e3o de ar\" \/>\n<meta property=\"og:url\" content=\"https:\/\/www.em.com.br\/emfoco\/2026\/03\/05\/as-4-atitudes-diarias-que-transformam-o-clima-da-sua-casa-e-acabam-com-a-sensacao-de-ambiente-abafado\/\" \/>\n<meta property=\"og:site_name\" content=\"Estado de Minas - Em foco\" \/>\n<meta property=\"article:published_time\" content=\"2026-03-05T20:55:31+00:00\" \/>\n<meta property=\"article:modified_time\" content=\"2026-03-04T20:25:11+00:00\" \/>\n<meta property=\"og:image\" content=\"https:\/\/www.em.com.br\/emfoco\/wp-content\/uploads\/2026\/03\/janela-aberta_1772655769787.jpg\" \/>\n\t<meta property=\"og:image:width\" content=\"1280\" \/>\n\t<meta property=\"og:image:height\" content=\"720\" \/>\n\t<meta property=\"og:image:type\" content=\"image\/jpeg\" \/>\n<meta name=\"author\" content=\"Daniely Cardoso\" \/>\n<meta name=\"twitter:card\" content=\"summary_large_image\" \/>\n<meta name=\"twitter:label1\" content=\"Escrito por\" \/>\n\t<meta name=\"twitter:data1\" content=\"Daniely Cardoso\" \/>\n\t<meta name=\"twitter:label2\" content=\"Est. tempo de leitura\" \/>\n\t<meta name=\"twitter:data2\" content=\"4 minutos\" \/>\n<!-- \/ Yoast SEO plugin. -->","yoast_head_json":{"title":"As 4 atitudes di\u00e1rias que transformam o clima da sua casa e acabam com a sensa\u00e7\u00e3o de ambiente abafado - Estado de Minas - Em foco","description":"Melhore a sa\u00fade e elimine o mofo ventilando sua casa no hor\u00e1rio certo com dicas simples de circula\u00e7\u00e3o de ar","robots":{"index":"index","follow":"follow","max-snippet":"max-snippet:-1","max-image-preview":"max-image-preview:large","max-video-preview":"max-video-preview:-1"},"canonical":"https:\/\/www.em.com.br\/emfoco\/2026\/03\/05\/as-4-atitudes-diarias-que-transformam-o-clima-da-sua-casa-e-acabam-com-a-sensacao-de-ambiente-abafado\/","og_locale":"pt_BR","og_type":"article","og_title":"As 4 atitudes di\u00e1rias que transformam o clima da sua casa e acabam com a sensa\u00e7\u00e3o de ambiente abafado - Estado de Minas - Em foco","og_description":"Melhore a sa\u00fade e elimine o mofo ventilando sua casa no hor\u00e1rio certo com dicas simples de circula\u00e7\u00e3o de ar","og_url":"https:\/\/www.em.com.br\/emfoco\/2026\/03\/05\/as-4-atitudes-diarias-que-transformam-o-clima-da-sua-casa-e-acabam-com-a-sensacao-de-ambiente-abafado\/","og_site_name":"Estado de Minas - Em foco","article_published_time":"2026-03-05T20:55:31+00:00","article_modified_time":"2026-03-04T20:25:11+00:00","og_image":[{"width":1280,"height":720,"url":"https:\/\/www.em.com.br\/emfoco\/wp-content\/uploads\/2026\/03\/janela-aberta_1772655769787.jpg","type":"image\/jpeg"}],"author":"Daniely Cardoso","twitter_card":"summary_large_image","twitter_misc":{"Escrito por":"Daniely Cardoso","Est. tempo de leitura":"4 minutos"},"schema":{"@context":"https:\/\/schema.org","@graph":[{"@type":"WebPage","@id":"https:\/\/www.em.com.br\/emfoco\/2026\/03\/05\/as-4-atitudes-diarias-que-transformam-o-clima-da-sua-casa-e-acabam-com-a-sensacao-de-ambiente-abafado\/","url":"https:\/\/www.em.com.br\/emfoco\/2026\/03\/05\/as-4-atitudes-diarias-que-transformam-o-clima-da-sua-casa-e-acabam-com-a-sensacao-de-ambiente-abafado\/","name":"As 4 atitudes di\u00e1rias que transformam o clima da sua casa e acabam com a sensa\u00e7\u00e3o de ambiente abafado - Estado de Minas - Em foco","isPartOf":{"@id":"https:\/\/www.em.com.br\/emfoco\/#website"},"primaryImageOfPage":{"@id":"https:\/\/www.em.com.br\/emfoco\/2026\/03\/05\/as-4-atitudes-diarias-que-transformam-o-clima-da-sua-casa-e-acabam-com-a-sensacao-de-ambiente-abafado\/#primaryimage"},"image":{"@id":"https:\/\/www.em.com.br\/emfoco\/2026\/03\/05\/as-4-atitudes-diarias-que-transformam-o-clima-da-sua-casa-e-acabam-com-a-sensacao-de-ambiente-abafado\/#primaryimage"},"thumbnailUrl":"https:\/\/www.em.com.br\/emfoco\/wp-content\/uploads\/2026\/03\/janela-aberta_1772655769787.jpg","datePublished":"2026-03-05T20:55:31+00:00","dateModified":"2026-03-04T20:25:11+00:00","author":{"@id":"https:\/\/www.em.com.br\/emfoco\/#\/schema\/person\/0a8186d72f2c3a5c6276d90b41f271a0"},"description":"Melhore a sa\u00fade e elimine o mofo ventilando sua casa no hor\u00e1rio certo com dicas simples de circula\u00e7\u00e3o de ar","breadcrumb":{"@id":"https:\/\/www.em.com.br\/emfoco\/2026\/03\/05\/as-4-atitudes-diarias-que-transformam-o-clima-da-sua-casa-e-acabam-com-a-sensacao-de-ambiente-abafado\/#breadcrumb"},"inLanguage":"pt-BR","potentialAction":[{"@type":"ReadAction","target":["https:\/\/www.em.com.br\/emfoco\/2026\/03\/05\/as-4-atitudes-diarias-que-transformam-o-clima-da-sua-casa-e-acabam-com-a-sensacao-de-ambiente-abafado\/"]}]},{"@type":"ImageObject","inLanguage":"pt-BR","@id":"https:\/\/www.em.com.br\/emfoco\/2026\/03\/05\/as-4-atitudes-diarias-que-transformam-o-clima-da-sua-casa-e-acabam-com-a-sensacao-de-ambiente-abafado\/#primaryimage","url":"https:\/\/www.em.com.br\/emfoco\/wp-content\/uploads\/2026\/03\/janela-aberta_1772655769787.jpg","contentUrl":"https:\/\/www.em.com.br\/emfoco\/wp-content\/uploads\/2026\/03\/janela-aberta_1772655769787.jpg","width":1280,"height":720,"caption":"Mais importante do que abrir todas as janelas de vez em quando \u00e9 criar uma rotina simples e constante - Cr\u00e9ditos: depositphotos.com \/ HoltarenkoAnhelinaBO"},{"@type":"BreadcrumbList","@id":"https:\/\/www.em.com.br\/emfoco\/2026\/03\/05\/as-4-atitudes-diarias-que-transformam-o-clima-da-sua-casa-e-acabam-com-a-sensacao-de-ambiente-abafado\/#breadcrumb","itemListElement":[{"@type":"ListItem","position":1,"name":"In\u00edcio","item":"https:\/\/www.em.com.br\/emfoco\/"},{"@type":"ListItem","position":2,"name":"As 4 atitudes di\u00e1rias que transformam o clima da sua casa e acabam com a sensa\u00e7\u00e3o de ambiente abafado"}]},{"@type":"WebSite","@id":"https:\/\/www.em.com.br\/emfoco\/#website","url":"https:\/\/www.em.com.br\/emfoco\/","name":"Estado de Minas - Em foco","description":"Acompanhe as \u00faltimas not\u00edcias e fique bem informado sobre tudo o que acontece em Minas Gerais, Brasil e no mundo.","potentialAction":[{"@type":"SearchAction","target":{"@type":"EntryPoint","urlTemplate":"https:\/\/www.em.com.br\/emfoco\/?s={search_term_string}"},"query-input":{"@type":"PropertyValueSpecification","valueRequired":true,"valueName":"search_term_string"}}],"inLanguage":"pt-BR"},{"@type":"Person","@id":"https:\/\/www.em.com.br\/emfoco\/#\/schema\/person\/0a8186d72f2c3a5c6276d90b41f271a0","name":"Daniely Cardoso","image":{"@type":"ImageObject","inLanguage":"pt-BR","@id":"https:\/\/www.em.com.br\/emfoco\/#\/schema\/person\/image\/","url":"https:\/\/secure.gravatar.com\/avatar\/4b80ddbd124d1f071b626d52d62e5dff?s=96&d=mm&r=g","contentUrl":"https:\/\/secure.gravatar.com\/avatar\/4b80ddbd124d1f071b626d52d62e5dff?s=96&d=mm&r=g","caption":"Daniely Cardoso"},"url":"https:\/\/www.em.com.br\/emfoco\/author\/danielymyth\/"}]}},"_links":{"self":[{"href":"https:\/\/www.em.com.br\/emfoco\/wp-json\/wp\/v2\/posts\/177390","targetHints":{"allow":["GET"]}}],"collection":[{"href":"https:\/\/www.em.com.br\/emfoco\/wp-json\/wp\/v2\/posts"}],"about":[{"href":"https:\/\/www.em.com.br\/emfoco\/wp-json\/wp\/v2\/types\/post"}],"author":[{"embeddable":true,"href":"https:\/\/www.em.com.br\/emfoco\/wp-json\/wp\/v2\/users\/9"}],"replies":[{"embeddable":true,"href":"https:\/\/www.em.com.br\/emfoco\/wp-json\/wp\/v2\/comments?post=177390"}],"version-history":[{"count":2,"href":"https:\/\/www.em.com.br\/emfoco\/wp-json\/wp\/v2\/posts\/177390\/revisions"}],"predecessor-version":[{"id":177477,"href":"https:\/\/www.em.com.br\/emfoco\/wp-json\/wp\/v2\/posts\/177390\/revisions\/177477"}],"wp:featuredmedia":[{"embeddable":true,"href":"https:\/\/www.em.com.br\/emfoco\/wp-json\/wp\/v2\/media\/177476"}],"wp:attachment":[{"href":"https:\/\/www.em.com.br\/emfoco\/wp-json\/wp\/v2\/media?parent=177390"}],"wp:term":[{"taxonomy":"category","embeddable":true,"href":"https:\/\/www.em.com.br\/emfoco\/wp-json\/wp\/v2\/categories?post=177390"},{"taxonomy":"post_tag","embeddable":true,"href":"https:\/\/www.em.com.br\/emfoco\/wp-json\/wp\/v2\/tags?post=177390"}],"curies":[{"name":"wp","href":"https:\/\/api.w.org\/{rel}","templated":true}]}}