{"id":177371,"date":"2026-03-05T17:15:09","date_gmt":"2026-03-05T20:15:09","guid":{"rendered":"https:\/\/www.em.com.br\/emfoco\/?p=177371"},"modified":"2026-03-04T17:39:07","modified_gmt":"2026-03-04T20:39:07","slug":"quais-sao-as-cores-escolhidas-por-pessoas-hipocritas-segundo-a-psicologia","status":"publish","type":"post","link":"https:\/\/www.em.com.br\/emfoco\/2026\/03\/05\/quais-sao-as-cores-escolhidas-por-pessoas-hipocritas-segundo-a-psicologia\/","title":{"rendered":"Quais s\u00e3o as cores escolhidas por pessoas hip\u00f3critas, segundo a psicologia"},"content":{"rendered":"\n<p>Voc\u00ea j\u00e1 reparou como, \u00e0s vezes, a simples cor de uma roupa muda completamente a impress\u00e3o que temos de algu\u00e9m? A <b>psicologia<\/b> das cores tenta explicar justamente isso: como as tonalidades influenciam percep\u00e7\u00f5es, emo\u00e7\u00f5es e at\u00e9 julgamentos sobre o car\u00e1ter. Em ambientes <b>profissionais<\/b>, na publicidade ou nas rela\u00e7\u00f5es do dia a dia, as cores que usamos em roupas, objetos e espa\u00e7os acabam virando sinais simb\u00f3licos das nossas inten\u00e7\u00f5es ou tra\u00e7os de <b>personalidade<\/b>, mesmo que os especialistas ainda n\u00e3o tenham um consenso absoluto sobre todas essas interpreta\u00e7\u00f5es.<\/p>\n\n\n\n<h2 class=\"wp-block-heading\">O que \u00e9 psicologia das cores e como ela se conecta \u00e0 hipocrisia<\/h2>\n\n\n\n<p>A chamada psicologia das cores busca entender de forma simples como cada tom pode despertar sensa\u00e7\u00f5es diferentes, como <b>confian\u00e7a<\/b>, alegria, estranhamento ou desconfian\u00e7a. Alguns profissionais apontam que cores como <b>amarelo<\/b> e verde aparecem com frequ\u00eancia em relatos ligados a pessoas vistas como amb\u00edguas ou pouco <b>sinceras<\/b>.<\/p>\n\n\n\n<p>Essa associa\u00e7\u00e3o \u00e9 refor\u00e7ada por refer\u00eancias hist\u00f3ricas, liter\u00e1rias e at\u00e9 religiosas, nas quais essas cores surgem ligadas \u00e0 mentira, \u00e0 dissimula\u00e7\u00e3o ou \u00e0 inveja. Ainda assim, isso n\u00e3o quer dizer que quem gosta de amarelo ou verde seja hip\u00f3crita, e sim que existe um <b>imagin\u00e1rio<\/b> coletivo que conecta apar\u00eancia e comportamento de forma simb\u00f3lica, muitas vezes de forma exagerada ou <b>estereotipada<\/b>. Em pesquisas culturais mais recentes, alguns autores destacam que essas leituras podem variar entre <b>sociedades<\/b> e \u00e9pocas.<\/p>\n\n\n<div class=\"wp-block-image\">\n<figure class=\"aligncenter size-large\"><img loading=\"lazy\" decoding=\"async\" width=\"1024\" height=\"576\" src=\"https:\/\/www.em.com.br\/emfoco\/wp-content\/uploads\/2026\/03\/Gemini_Generated_Image_3zo92t3zo92t3zo9-1-1024x576.png\" alt=\"\" class=\"wp-image-177485\" srcset=\"https:\/\/www.em.com.br\/emfoco\/wp-content\/uploads\/2026\/03\/Gemini_Generated_Image_3zo92t3zo92t3zo9-1-1024x576.png 1024w, https:\/\/www.em.com.br\/emfoco\/wp-content\/uploads\/2026\/03\/Gemini_Generated_Image_3zo92t3zo92t3zo9-1-300x169.png 300w, https:\/\/www.em.com.br\/emfoco\/wp-content\/uploads\/2026\/03\/Gemini_Generated_Image_3zo92t3zo92t3zo9-1-768x432.png 768w, https:\/\/www.em.com.br\/emfoco\/wp-content\/uploads\/2026\/03\/Gemini_Generated_Image_3zo92t3zo92t3zo9-1-750x422.png 750w, https:\/\/www.em.com.br\/emfoco\/wp-content\/uploads\/2026\/03\/Gemini_Generated_Image_3zo92t3zo92t3zo9-1-1140x641.png 1140w, https:\/\/www.em.com.br\/emfoco\/wp-content\/uploads\/2026\/03\/Gemini_Generated_Image_3zo92t3zo92t3zo9-1.png 1280w\" sizes=\"auto, (max-width: 1024px) 100vw, 1024px\" \/><figcaption class=\"wp-element-caption\">No caso do amarelo, muitas pessoas percebem uma dualidade bem clara<\/figcaption><\/figure><\/div>\n\n\n<p>Leia tamb\u00e9m:&nbsp;<a href=\"https:\/\/www.em.com.br\/emfoco\/2026\/03\/04\/o-que-significa-cumprimentar-sempre-os-vizinhos-segundo-a-psicologia\/\" target=\"_blank\" rel=\"noopener\">O que significa cumprimentar sempre os vizinhos, segundo a psicologia<\/a><\/p>\n\n\n\n<h2 class=\"wp-block-heading\">Como o amarelo se tornou uma cor ambivalente<\/h2>\n\n\n\n<p>No caso do amarelo, muitas pessoas percebem uma dualidade bem clara. De um lado, ele \u00e9 relacionado \u00e0 <b>alegria<\/b>, criatividade, energia mental e at\u00e9 bom humor; de outro, pode lembrar arrog\u00e2ncia, falsidade e uma postura mais superficial em certos contextos <b>sociais<\/b>.<\/p>\n\n\n\n<p>Essa ambival\u00eancia faz com que o amarelo seja visto tanto como s\u00edmbolo de entusiasmo quanto como sinal de vaidade exagerada, dependendo da situa\u00e7\u00e3o. Em campanhas de <b>marketing<\/b>, por exemplo, costuma ser usado para chamar aten\u00e7\u00e3o; j\u00e1 em hist\u00f3rias de fofoca, trai\u00e7\u00e3o ou mentira, pode aparecer como cor de <b>falsidade<\/b>, justamente por \u201cbrilhar demais\u201d e sugerir algo pouco confi\u00e1vel. Em algumas culturas, o amarelo tamb\u00e9m foi associado a figuras de <b>poder<\/b> ou status, refor\u00e7ando sua for\u00e7a simb\u00f3lica.<\/p>\n\n\n\n<h2 class=\"wp-block-heading\">Por que amarelo e verde \u00e0s vezes s\u00e3o tratados como cores da hipocrisia<\/h2>\n\n\n\n<p>O verde \u00e9 muito ligado \u00e0 natureza, \u00e0 sa\u00fade e \u00e0 <b>esperan\u00e7a<\/b>, mas tamb\u00e9m carrega um lado menos simp\u00e1tico em v\u00e1rias culturas. Uma das associa\u00e7\u00f5es mais conhecidas \u00e9 com a inveja, o que aproxima essa cor da ideia de ressentimento silencioso e atitudes escondidas, como se algu\u00e9m sorrisse por fora e competisse por <b>dentro<\/b>.<\/p>\n\n\n\n<p>O tom espec\u00edfico de verde influencia bastante essa leitura simb\u00f3lica. Nuances mais claras costumam sugerir frescor e renova\u00e7\u00e3o, enquanto verdes muito escuros, misturados ao preto, podem ser associados \u00e0 manipula\u00e7\u00e3o, mist\u00e9rio, veneno ou <b>corrup\u00e7\u00e3o<\/b> em filmes e livros. Nesses casos, a hipocrisia aparece como um comportamento discreto, escondido atr\u00e1s de uma apar\u00eancia <b>calma<\/b>. Alguns estudos de comunica\u00e7\u00e3o visual apontam que essas escolhas crom\u00e1ticas em narrativas audiovisuais ajudam a refor\u00e7ar arqu\u00e9tipos de personagens <b>amb\u00edguos<\/b>.<\/p>\n\n\n\n<p>Separamos esse v\u00eddeo do canal <a href=\"https:\/\/www.youtube.com\/@antonioevolucao\" target=\"_blank\" rel=\"noreferrer noopener\">Evolu\u00e7\u00e3o<\/a> mostrando com mais detalhes como as cores influenciam nosso comportamento:<\/p>\n\n\n\n<figure class=\"wp-block-embed is-type-video is-provider-youtube wp-block-embed-youtube wp-embed-aspect-16-9 wp-has-aspect-ratio\"><div class=\"wp-block-embed__wrapper\">\n<div class=\"jeg_video_container jeg_video_content\"><iframe loading=\"lazy\" title=\"A Psicologia das Cores (Entenda Como as Cores Influenciam o Nosso Comportamento)\" width=\"500\" height=\"281\" src=\"https:\/\/www.youtube.com\/embed\/5xPYDWt6rZ8?feature=oembed\" frameborder=\"0\" allow=\"accelerometer; autoplay; clipboard-write; encrypted-media; gyroscope; picture-in-picture; web-share\" referrerpolicy=\"strict-origin-when-cross-origin\" allowfullscreen><\/iframe><\/div>\n<\/div><\/figure>\n\n\n\n<h2 class=\"wp-block-heading\">Como as cores influenciam emo\u00e7\u00f5es e comportamentos no cotidiano<\/h2>\n\n\n\n<p>No dia a dia, as cores funcionam como pequenos est\u00edmulos que podem mexer com nosso <b>humor<\/b>, sensa\u00e7\u00e3o de seguran\u00e7a e at\u00e9 decis\u00f5es de consumo. Em ambientes internos, a paleta de paredes e m\u00f3veis pode impactar concentra\u00e7\u00e3o, apetite ou sensa\u00e7\u00e3o de <b>acolhimento<\/b>. J\u00e1 nas roupas, as tonalidades ajudam a compor a imagem que algu\u00e9m quer projetar, como autoridade, proximidade ou <b>discri\u00e7\u00e3o<\/b>.<\/p>\n\n\n\n<p>Alguns exemplos s\u00e3o citados com frequ\u00eancia em estudos e manuais de comunica\u00e7\u00e3o visual, ajudando a entender como isso aparece na pr\u00e1tica:<\/p>\n\n\n\n<div class=\"google-auto-ads-ignore\" style=\"box-sizing: border-box; display: flex; flex-direction: column; width: 100%; max-width: 800px; margin: 30px auto; background-color: #ffffff; color: #1f2937; border-radius: 12px; overflow: hidden; font-family: 'Segoe UI', Roboto, Helvetica, Arial, sans-serif; box-shadow: 0 4px 15px rgba(0,0,0,0.08); border: 1px solid #e5e7eb; position: relative; z-index: 5;\">\n\n  <div style=\"background-color: #f8fafc; padding: 25px; border-bottom: 3px solid #64748b; text-align: center;\">\n    <h2 style=\"margin: 0; color: #1e293b; font-size: 1.5rem; line-height: 1.3;\">\ud83c\udfa8 Psicologia das Cores na Comunica\u00e7\u00e3o<\/h2>\n    <div style=\"font-size: 0.95rem; margin-top: 8px; color: #475569; opacity: 0.9;\">O impacto visual e emocional das cores no comportamento e no branding<\/div>\n  <\/div>\n\n  <div style=\"padding: 25px; display: flex; flex-direction: column; gap: 12px;\">\n    \n    <div style=\"background-color: #fff1f2; border-radius: 8px; padding: 15px; border-left: 6px solid #e11d48; box-shadow: 0 1px 3px rgba(0,0,0,0.05);\">\n      <div style=\"font-size: 1rem; line-height: 1.5;\">\n        <strong style=\"color: #9f1239;\">Vermelho:<\/strong> relacionado \u00e0 <strong>energia<\/strong>, impulso e urg\u00eancia. Muito utilizado para chamar aten\u00e7\u00e3o em <strong>promo\u00e7\u00f5es<\/strong>.\n      <\/div>\n    <\/div>\n\n    <div style=\"background-color: #eff6ff; border-radius: 8px; padding: 15px; border-left: 6px solid #3b82f6; box-shadow: 0 1px 3px rgba(0,0,0,0.05);\">\n      <div style=\"font-size: 1rem; line-height: 1.5;\">\n        <strong style=\"color: #1e40af;\">Azul:<\/strong> ligado \u00e0 <strong>calma<\/strong>, confian\u00e7a e estabilidade. Comum em logotipos de bancos e <strong>empresas<\/strong>.\n      <\/div>\n    <\/div>\n\n    <div style=\"background-color: #f3f4f6; border-radius: 8px; padding: 15px; border-left: 6px solid #1f2937; box-shadow: 0 1px 3px rgba(0,0,0,0.05);\">\n      <div style=\"font-size: 1rem; line-height: 1.5;\">\n        <strong style=\"color: #111827;\">Preto:<\/strong> visto como sinal de poder, <strong>formalidade<\/strong> e mist\u00e9rio. Marca seriedade, mas \u00e0s vezes indica <strong>distanciamento emocional<\/strong>.\n      <\/div>\n    <\/div>\n\n    <div style=\"background-color: #f9fafb; border-radius: 8px; padding: 15px; border: 1px solid #d1d5db; margin-top: 10px;\">\n      <div style=\"font-size: 0.9rem; color: #4b5563; line-height: 1.4;\">\n        \ud83d\udca1 <strong>Aplica\u00e7\u00e3o Pr\u00e1tica:<\/strong> A escolha da cor deve estar alinhada ao prop\u00f3sito da marca; cores quentes estimulam a a\u00e7\u00e3o imediata, enquanto tons frios refor\u00e7am a seguran\u00e7a institucional.\n      <\/div>\n    <\/div>\n\n  <\/div>\n<\/div>\n\n\n\n<h2 class=\"wp-block-heading\">Como interpretar a psicologia das cores com mais cuidado<\/h2>\n\n\n\n<p>Apesar de trazer pistas interessantes sobre tend\u00eancias e percep\u00e7\u00f5es, a psicologia das cores n\u00e3o deve ser usada como r\u00f3tulo definitivo. A cor preferida de algu\u00e9m n\u00e3o resume seu <b>car\u00e1ter<\/b>, assim como usar um tom associado \u00e0 hipocrisia n\u00e3o prova que a pessoa tem inten\u00e7\u00e3o de enganar ou <b>manipular<\/b>.<\/p>\n\n\n\n<p>Uma forma mais saud\u00e1vel de olhar para o tema \u00e9 enxergar as cores como s\u00edmbolos culturais, e n\u00e3o como diagn\u00f3sticos pessoais. Quando amarelo e verde aparecem ligados \u00e0 hipocrisia, isso diz mais sobre cren\u00e7as e met\u00e1foras coletivas do que sobre um indiv\u00edduo espec\u00edfico. Esse campo continua em <b>desenvolvimento<\/b>, misturando observa\u00e7\u00f5es do cotidiano, experimentos e an\u00e1lises culturais para entender como algo aparentemente simples, como a cor de uma roupa ou de um ambiente, pode influenciar intera\u00e7\u00f5es, julgamentos e <b>expectativas<\/b> em diferentes situa\u00e7\u00f5es. <\/p>\n","protected":false},"excerpt":{"rendered":"<p>Voc\u00ea j\u00e1 reparou como, \u00e0s vezes, a simples cor de uma roupa muda completamente a impress\u00e3o que temos de algu\u00e9m? A psicologia das cores tenta explicar justamente isso: como as tonalidades influenciam percep\u00e7\u00f5es, emo\u00e7\u00f5es e at\u00e9 julgamentos sobre o car\u00e1ter. Em ambientes profissionais, na publicidade ou nas rela\u00e7\u00f5es do dia a dia, as cores que [&hellip;]<\/p>\n","protected":false},"author":9,"featured_media":177484,"comment_status":"open","ping_status":"open","sticky":false,"template":"","format":"standard","meta":{"jnews-multi-image_gallery":[],"jnews_single_post":{"format":"standard"},"jnews_primary_category":[],"jnews_social_meta":[],"jnews_override_counter":[],"footnotes":""},"categories":[8691,8819,1],"tags":[1110,24419,5155],"class_list":["post-177371","post","type-post","status-publish","format-standard","has-post-thumbnail","hentry","category-bem-estar","category-curiosidades","category-noticias","tag-cores","tag-fato-curioso","tag-psicologia"],"yoast_head":"<!-- This site is optimized with the Yoast SEO plugin v23.8 - https:\/\/yoast.com\/wordpress\/plugins\/seo\/ -->\n<title>Quais s\u00e3o as cores escolhidas por pessoas hip\u00f3critas, segundo a psicologia - Estado de Minas - Em foco<\/title>\n<meta name=\"description\" content=\"Essas cores transmitem energia e alegria, mas tamb\u00e9m podem gerar desconfian\u00e7a, inveja e falsidade segundo a psicologia das cores.\" \/>\n<meta name=\"robots\" content=\"index, follow, max-snippet:-1, max-image-preview:large, max-video-preview:-1\" \/>\n<link rel=\"canonical\" href=\"https:\/\/www.em.com.br\/emfoco\/2026\/03\/05\/quais-sao-as-cores-escolhidas-por-pessoas-hipocritas-segundo-a-psicologia\/\" \/>\n<meta property=\"og:locale\" content=\"pt_BR\" \/>\n<meta property=\"og:type\" content=\"article\" \/>\n<meta property=\"og:title\" content=\"Quais s\u00e3o as cores escolhidas por pessoas hip\u00f3critas, segundo a psicologia - Estado de Minas - Em foco\" \/>\n<meta property=\"og:description\" content=\"Essas cores transmitem energia e alegria, mas tamb\u00e9m podem gerar desconfian\u00e7a, inveja e falsidade segundo a psicologia das cores.\" \/>\n<meta property=\"og:url\" content=\"https:\/\/www.em.com.br\/emfoco\/2026\/03\/05\/quais-sao-as-cores-escolhidas-por-pessoas-hipocritas-segundo-a-psicologia\/\" \/>\n<meta property=\"og:site_name\" content=\"Estado de Minas - Em foco\" \/>\n<meta property=\"article:published_time\" content=\"2026-03-05T20:15:09+00:00\" \/>\n<meta property=\"article:modified_time\" content=\"2026-03-04T20:39:07+00:00\" \/>\n<meta property=\"og:image\" content=\"https:\/\/www.em.com.br\/emfoco\/wp-content\/uploads\/2026\/03\/Gemini_Generated_Image_ewmfn1ewmfn1ewmf-1.png\" \/>\n\t<meta property=\"og:image:width\" content=\"1280\" \/>\n\t<meta property=\"og:image:height\" content=\"720\" \/>\n\t<meta property=\"og:image:type\" content=\"image\/png\" \/>\n<meta name=\"author\" content=\"Daniely Cardoso\" \/>\n<meta name=\"twitter:card\" content=\"summary_large_image\" \/>\n<meta name=\"twitter:label1\" content=\"Escrito por\" \/>\n\t<meta name=\"twitter:data1\" content=\"Daniely Cardoso\" \/>\n\t<meta name=\"twitter:label2\" content=\"Est. tempo de leitura\" \/>\n\t<meta name=\"twitter:data2\" content=\"6 minutos\" \/>\n<!-- \/ Yoast SEO plugin. -->","yoast_head_json":{"title":"Quais s\u00e3o as cores escolhidas por pessoas hip\u00f3critas, segundo a psicologia - Estado de Minas - Em foco","description":"Essas cores transmitem energia e alegria, mas tamb\u00e9m podem gerar desconfian\u00e7a, inveja e falsidade segundo a psicologia das cores.","robots":{"index":"index","follow":"follow","max-snippet":"max-snippet:-1","max-image-preview":"max-image-preview:large","max-video-preview":"max-video-preview:-1"},"canonical":"https:\/\/www.em.com.br\/emfoco\/2026\/03\/05\/quais-sao-as-cores-escolhidas-por-pessoas-hipocritas-segundo-a-psicologia\/","og_locale":"pt_BR","og_type":"article","og_title":"Quais s\u00e3o as cores escolhidas por pessoas hip\u00f3critas, segundo a psicologia - Estado de Minas - Em foco","og_description":"Essas cores transmitem energia e alegria, mas tamb\u00e9m podem gerar desconfian\u00e7a, inveja e falsidade segundo a psicologia das cores.","og_url":"https:\/\/www.em.com.br\/emfoco\/2026\/03\/05\/quais-sao-as-cores-escolhidas-por-pessoas-hipocritas-segundo-a-psicologia\/","og_site_name":"Estado de Minas - Em foco","article_published_time":"2026-03-05T20:15:09+00:00","article_modified_time":"2026-03-04T20:39:07+00:00","og_image":[{"width":1280,"height":720,"url":"https:\/\/www.em.com.br\/emfoco\/wp-content\/uploads\/2026\/03\/Gemini_Generated_Image_ewmfn1ewmfn1ewmf-1.png","type":"image\/png"}],"author":"Daniely Cardoso","twitter_card":"summary_large_image","twitter_misc":{"Escrito por":"Daniely Cardoso","Est. tempo de leitura":"6 minutos"},"schema":{"@context":"https:\/\/schema.org","@graph":[{"@type":"WebPage","@id":"https:\/\/www.em.com.br\/emfoco\/2026\/03\/05\/quais-sao-as-cores-escolhidas-por-pessoas-hipocritas-segundo-a-psicologia\/","url":"https:\/\/www.em.com.br\/emfoco\/2026\/03\/05\/quais-sao-as-cores-escolhidas-por-pessoas-hipocritas-segundo-a-psicologia\/","name":"Quais s\u00e3o as cores escolhidas por pessoas hip\u00f3critas, segundo a psicologia - Estado de Minas - Em foco","isPartOf":{"@id":"https:\/\/www.em.com.br\/emfoco\/#website"},"primaryImageOfPage":{"@id":"https:\/\/www.em.com.br\/emfoco\/2026\/03\/05\/quais-sao-as-cores-escolhidas-por-pessoas-hipocritas-segundo-a-psicologia\/#primaryimage"},"image":{"@id":"https:\/\/www.em.com.br\/emfoco\/2026\/03\/05\/quais-sao-as-cores-escolhidas-por-pessoas-hipocritas-segundo-a-psicologia\/#primaryimage"},"thumbnailUrl":"https:\/\/www.em.com.br\/emfoco\/wp-content\/uploads\/2026\/03\/Gemini_Generated_Image_ewmfn1ewmfn1ewmf-1.png","datePublished":"2026-03-05T20:15:09+00:00","dateModified":"2026-03-04T20:39:07+00:00","author":{"@id":"https:\/\/www.em.com.br\/emfoco\/#\/schema\/person\/0a8186d72f2c3a5c6276d90b41f271a0"},"description":"Essas cores transmitem energia e alegria, mas tamb\u00e9m podem gerar desconfian\u00e7a, inveja e falsidade segundo a psicologia das cores.","breadcrumb":{"@id":"https:\/\/www.em.com.br\/emfoco\/2026\/03\/05\/quais-sao-as-cores-escolhidas-por-pessoas-hipocritas-segundo-a-psicologia\/#breadcrumb"},"inLanguage":"pt-BR","potentialAction":[{"@type":"ReadAction","target":["https:\/\/www.em.com.br\/emfoco\/2026\/03\/05\/quais-sao-as-cores-escolhidas-por-pessoas-hipocritas-segundo-a-psicologia\/"]}]},{"@type":"ImageObject","inLanguage":"pt-BR","@id":"https:\/\/www.em.com.br\/emfoco\/2026\/03\/05\/quais-sao-as-cores-escolhidas-por-pessoas-hipocritas-segundo-a-psicologia\/#primaryimage","url":"https:\/\/www.em.com.br\/emfoco\/wp-content\/uploads\/2026\/03\/Gemini_Generated_Image_ewmfn1ewmfn1ewmf-1.png","contentUrl":"https:\/\/www.em.com.br\/emfoco\/wp-content\/uploads\/2026\/03\/Gemini_Generated_Image_ewmfn1ewmfn1ewmf-1.png","width":1280,"height":720,"caption":"Apesar de trazer pistas interessantes sobre tend\u00eancias e percep\u00e7\u00f5es, a psicologia das cores n\u00e3o deve ser usada como r\u00f3tulo definitivo"},{"@type":"BreadcrumbList","@id":"https:\/\/www.em.com.br\/emfoco\/2026\/03\/05\/quais-sao-as-cores-escolhidas-por-pessoas-hipocritas-segundo-a-psicologia\/#breadcrumb","itemListElement":[{"@type":"ListItem","position":1,"name":"In\u00edcio","item":"https:\/\/www.em.com.br\/emfoco\/"},{"@type":"ListItem","position":2,"name":"Quais s\u00e3o as cores escolhidas por pessoas hip\u00f3critas, segundo a psicologia"}]},{"@type":"WebSite","@id":"https:\/\/www.em.com.br\/emfoco\/#website","url":"https:\/\/www.em.com.br\/emfoco\/","name":"Estado de Minas - Em foco","description":"Acompanhe as \u00faltimas not\u00edcias e fique bem informado sobre tudo o que acontece em Minas Gerais, Brasil e no mundo.","potentialAction":[{"@type":"SearchAction","target":{"@type":"EntryPoint","urlTemplate":"https:\/\/www.em.com.br\/emfoco\/?s={search_term_string}"},"query-input":{"@type":"PropertyValueSpecification","valueRequired":true,"valueName":"search_term_string"}}],"inLanguage":"pt-BR"},{"@type":"Person","@id":"https:\/\/www.em.com.br\/emfoco\/#\/schema\/person\/0a8186d72f2c3a5c6276d90b41f271a0","name":"Daniely Cardoso","image":{"@type":"ImageObject","inLanguage":"pt-BR","@id":"https:\/\/www.em.com.br\/emfoco\/#\/schema\/person\/image\/","url":"https:\/\/secure.gravatar.com\/avatar\/4b80ddbd124d1f071b626d52d62e5dff?s=96&d=mm&r=g","contentUrl":"https:\/\/secure.gravatar.com\/avatar\/4b80ddbd124d1f071b626d52d62e5dff?s=96&d=mm&r=g","caption":"Daniely Cardoso"},"url":"https:\/\/www.em.com.br\/emfoco\/author\/danielymyth\/"}]}},"_links":{"self":[{"href":"https:\/\/www.em.com.br\/emfoco\/wp-json\/wp\/v2\/posts\/177371","targetHints":{"allow":["GET"]}}],"collection":[{"href":"https:\/\/www.em.com.br\/emfoco\/wp-json\/wp\/v2\/posts"}],"about":[{"href":"https:\/\/www.em.com.br\/emfoco\/wp-json\/wp\/v2\/types\/post"}],"author":[{"embeddable":true,"href":"https:\/\/www.em.com.br\/emfoco\/wp-json\/wp\/v2\/users\/9"}],"replies":[{"embeddable":true,"href":"https:\/\/www.em.com.br\/emfoco\/wp-json\/wp\/v2\/comments?post=177371"}],"version-history":[{"count":2,"href":"https:\/\/www.em.com.br\/emfoco\/wp-json\/wp\/v2\/posts\/177371\/revisions"}],"predecessor-version":[{"id":177488,"href":"https:\/\/www.em.com.br\/emfoco\/wp-json\/wp\/v2\/posts\/177371\/revisions\/177488"}],"wp:featuredmedia":[{"embeddable":true,"href":"https:\/\/www.em.com.br\/emfoco\/wp-json\/wp\/v2\/media\/177484"}],"wp:attachment":[{"href":"https:\/\/www.em.com.br\/emfoco\/wp-json\/wp\/v2\/media?parent=177371"}],"wp:term":[{"taxonomy":"category","embeddable":true,"href":"https:\/\/www.em.com.br\/emfoco\/wp-json\/wp\/v2\/categories?post=177371"},{"taxonomy":"post_tag","embeddable":true,"href":"https:\/\/www.em.com.br\/emfoco\/wp-json\/wp\/v2\/tags?post=177371"}],"curies":[{"name":"wp","href":"https:\/\/api.w.org\/{rel}","templated":true}]}}