{"id":177367,"date":"2026-03-05T14:35:53","date_gmt":"2026-03-05T17:35:53","guid":{"rendered":"https:\/\/www.em.com.br\/emfoco\/?p=177367"},"modified":"2026-03-04T18:04:39","modified_gmt":"2026-03-04T21:04:39","slug":"adeus-roupas-umidas-como-o-vento-pode-secar-mais-rapido-que-o-sol","status":"publish","type":"post","link":"https:\/\/www.em.com.br\/emfoco\/2026\/03\/05\/adeus-roupas-umidas-como-o-vento-pode-secar-mais-rapido-que-o-sol\/","title":{"rendered":"Adeus roupas \u00famidas: como o vento pode secar mais r\u00e1pido que o sol"},"content":{"rendered":"\n<p>Num dia nublado, voc\u00ea olha pela janela e se surpreende: quase sem sol, mas a roupa no varal seca rapidinho por causa do vento. Em outros dias, o sol est\u00e1 forte, quase \u201cesturricando\u201d, e mesmo assim as pe\u00e7as demoram a secar. Essa situa\u00e7\u00e3o comum levanta uma d\u00favida simples e curiosa: afinal, a roupa seca mais r\u00e1pido no vento ou no sol?<\/p>\n\n\n\n<h2 class=\"wp-block-heading\">Por que a roupa seca no vento do dia a dia<\/h2>\n\n\n\n<p>A grande estrela dessa hist\u00f3ria \u00e9 a evapora\u00e7\u00e3o, ou seja, o momento em que a \u00e1gua da roupa passa do estado l\u00edquido para o gasoso. Quando o vento sopra, ele n\u00e3o s\u00f3 refresca o ambiente, como tamb\u00e9m \u201cvarre\u201d o vapor de \u00e1gua que fica em volta do tecido.<\/p>\n\n\n\n<p>Sem vento, forma-se uma camada de ar \u00famido bem perto da roupa, como se fosse um cobertor de umidade que atrapalha a sa\u00edda da \u00e1gua. Com vento, essa camada \u00e9 quebrada o tempo todo, dando espa\u00e7o para que mais \u00e1gua consiga sair do tecido e ir embora com o ar em movimento.<\/p>\n\n\n<div class=\"wp-block-image\">\n<figure class=\"aligncenter size-large\"><img loading=\"lazy\" decoding=\"async\" width=\"1024\" height=\"576\" src=\"https:\/\/www.em.com.br\/emfoco\/wp-content\/uploads\/2026\/03\/roupa-varal_1772654737957-1024x576.jpg\" alt=\"\" class=\"wp-image-177460\" srcset=\"https:\/\/www.em.com.br\/emfoco\/wp-content\/uploads\/2026\/03\/roupa-varal_1772654737957-1024x576.jpg 1024w, https:\/\/www.em.com.br\/emfoco\/wp-content\/uploads\/2026\/03\/roupa-varal_1772654737957-300x169.jpg 300w, https:\/\/www.em.com.br\/emfoco\/wp-content\/uploads\/2026\/03\/roupa-varal_1772654737957-768x432.jpg 768w, https:\/\/www.em.com.br\/emfoco\/wp-content\/uploads\/2026\/03\/roupa-varal_1772654737957-750x422.jpg 750w, https:\/\/www.em.com.br\/emfoco\/wp-content\/uploads\/2026\/03\/roupa-varal_1772654737957-1140x641.jpg 1140w, https:\/\/www.em.com.br\/emfoco\/wp-content\/uploads\/2026\/03\/roupa-varal_1772654737957.jpg 1280w\" sizes=\"auto, (max-width: 1024px) 100vw, 1024px\" \/><figcaption class=\"wp-element-caption\">Para a roupa secar, tr\u00eas coisas contam muito: temperatura, umidade do ar e circula\u00e7\u00e3o de ar &#8211; Cr\u00e9ditos: depositphotos.com \/ AntonMatyukha<\/figcaption><\/figure><\/div>\n\n\n<p>Leai tamb\u00e9m:&nbsp;<a href=\"https:\/\/www.em.com.br\/emfoco\/2026\/03\/04\/como-ter-pes-e-rosto-mais-suaves-usando-apenas-um-oleo-artesanal-feito-em-casa\/\" target=\"_blank\" rel=\"noopener\">Como ter p\u00e9s e rosto mais suaves usando apenas um \u00f3leo artesanal feito em casa<\/a><\/p>\n\n\n\n<h2 class=\"wp-block-heading\">Roupa seca mais r\u00e1pido no vento ou no sol direto<\/h2>\n\n\n\n<p>Para a roupa secar, tr\u00eas coisas contam muito: temperatura, umidade do ar e circula\u00e7\u00e3o de ar. O sol esquenta o tecido e a \u00e1gua, o que ajuda a evaporar. Mas se o ar estiver parado, essa ajuda tem limite, porque o vapor se acumula ao redor da roupa.<\/p>\n\n\n\n<p>J\u00e1 o vento renova o ar constantemente, levando embora a umidade que sai do tecido. Por isso, um dia com vento e pouco sol pode secar roupa t\u00e3o bem \u2013 ou at\u00e9 melhor \u2013 do que um dia de sol forte, mas sem nenhuma brisa passando pelo varal.<\/p>\n\n\n\n<h2 class=\"wp-block-heading\">Como o vento parece \u201cbeber\u201d a \u00e1gua da roupa<\/h2>\n\n\n\n<p>Muita gente diz que o vento \u201cbebe\u201d a \u00e1gua da roupa, e essa \u00e9 uma forma bem simples de explicar algo que sentimos na pr\u00e1tica. O que acontece \u00e9 que o ar em movimento aumenta o contato da roupa com partes de ar mais seco, facilitando que a \u00e1gua v\u00e1 saindo em forma de vapor.<\/p>\n\n\n\n<p>Quando o clima est\u00e1 mais seco, esse efeito \u00e9 ainda maior, porque o ar tem mais \u201cespa\u00e7o\u201d para receber vapor de \u00e1gua. Por isso, em dias de vento e baixa umidade, a sensa\u00e7\u00e3o \u00e9 de que tudo seca num piscar de olhos, mesmo com pouco sol aparecendo.<\/p>\n\n\n\n<figure class=\"wp-block-embed is-type-rich is-provider-pinterest wp-block-embed-pinterest\"><div class=\"wp-block-embed__wrapper\">\n<iframe loading=\"lazy\" title=\"VARAIS \ud83d\ude0d #repost @odiariodaminhaobra : Qual dos modelos voc\u00ea mais gostou? \ud83d\ude0d\" src=\"https:\/\/assets.pinterest.com\/ext\/embed.html?id=5699937023670346&#038;src=oembed\" height=\"899\" width=\"450\" frameborder=\"0\" scrolling=\"no\" ><\/iframe>\n<\/div><\/figure>\n\n\n\n<figure class=\"wp-block-embed is-type-rich is-provider-pinterest wp-block-embed-pinterest\"><div class=\"wp-block-embed__wrapper\">\n<iframe loading=\"lazy\" title=\"Secar as roupas no inverno \u00e9 sempre um desafio, principalmente quando est\u00e1 chovendo. Mas com essa dica voc\u00ea consegue secar um varal em at\u00e9 duas horas . Cr\u00e9dito: @soumichelesantos\" src=\"https:\/\/assets.pinterest.com\/ext\/embed.html?id=2674081022855009&#038;src=oembed\" height=\"899\" width=\"450\" frameborder=\"0\" scrolling=\"no\" ><\/iframe>\n<\/div><\/figure>\n\n\n\n<h2 class=\"wp-block-heading\">Por que \u00e9 melhor secar a roupa em lugar ventilado<\/h2>\n\n\n\n<p>N\u00e3o \u00e9 s\u00f3 a velocidade de secagem que importa: o cuidado com o tecido tamb\u00e9m conta muito. O sol forte, por muitas horas seguidas, pode desbotar cores, ressecar fibras e desgastar mais r\u00e1pido roupas coloridas, estampadas e tecidos sint\u00e9ticos.<\/p>\n\n\n\n<p>Um lugar bem ventilado, mesmo na sombra ou com sol fraco, costuma ser mais gentil com as pe\u00e7as. O vento faz a maior parte do trabalho, ajudando a secar r\u00e1pido sem \u201ccastigar\u201d tanto as cores e a textura, o que aumenta a vida \u00fatil das roupas.<\/p>\n\n\n\n<p>Para voc\u00ea que estpa sofrendo para secar as roupas durante as chuvas, separamos um v\u00eddeo do canal <a href=\"https:\/\/www.youtube.com\/@hangardohenri\" target=\"_blank\" rel=\"noreferrer noopener\">angar do Henri<\/a> com dicas para deixar suas roupas secas mesmo sem sol e vento:<\/p>\n\n\n\n<figure class=\"wp-block-embed is-type-video is-provider-youtube wp-block-embed-youtube wp-embed-aspect-16-9 wp-has-aspect-ratio\"><div class=\"wp-block-embed__wrapper\">\n<div class=\"jeg_video_container jeg_video_content\"><iframe loading=\"lazy\" title=\"Como SECAR Roupas Rapidamente! Confira DICAS para Secar Suas Roupas!\" width=\"500\" height=\"281\" src=\"https:\/\/www.youtube.com\/embed\/Gxak4xPTsZI?feature=oembed\" frameborder=\"0\" allow=\"accelerometer; autoplay; clipboard-write; encrypted-media; gyroscope; picture-in-picture; web-share\" referrerpolicy=\"strict-origin-when-cross-origin\" allowfullscreen><\/iframe><\/div>\n<\/div><\/figure>\n\n\n\n<h2 class=\"wp-block-heading\">Quais s\u00e3o as vantagens de secar roupa em locais arejados<\/h2>\n\n\n\n<p>Ao escolher onde pendurar a roupa, vale pensar n\u00e3o s\u00f3 em secar depressa, mas tamb\u00e9m em manter as pe\u00e7as bonitas e cheirosas por mais tempo. Locais arejados costumam oferecer um bom equil\u00edbrio entre praticidade e cuidado di\u00e1rio com o guarda-roupa.<\/p>\n\n\n\n<ul class=\"wp-block-list\">\n<li>Preservam melhor as cores e estampas das roupas;<\/li>\n\n\n\n<li>Reduzem o desgaste das fibras, principalmente em pe\u00e7as delicadas;<\/li>\n\n\n\n<li>Garantem boa secagem gra\u00e7as ao ar circulando o tempo todo;<\/li>\n\n\n\n<li>Ajudam a dispersar odores, evitando aquele cheiro de roupa abafada.<\/li>\n<\/ul>\n\n\n\n<p>No fim das contas, entender que o vento \u00e9 um grande aliado na secagem ajuda a escolher melhor onde colocar o varal. Assim, voc\u00ea ganha tempo, cuida melhor das suas roupas e ainda aproveita o que a pr\u00f3pria natureza oferece de gra\u00e7a.<\/p>\n","protected":false},"excerpt":{"rendered":"<p>Num dia nublado, voc\u00ea olha pela janela e se surpreende: quase sem sol, mas a roupa no varal seca rapidinho por causa do vento. Em outros dias, o sol est\u00e1 forte, quase \u201cesturricando\u201d, e mesmo assim as pe\u00e7as demoram a secar. Essa situa\u00e7\u00e3o comum levanta uma d\u00favida simples e curiosa: afinal, a roupa seca mais [&hellip;]<\/p>\n","protected":false},"author":9,"featured_media":177459,"comment_status":"open","ping_status":"open","sticky":false,"template":"","format":"standard","meta":{"jnews-multi-image_gallery":[],"jnews_single_post":{"format":"standard"},"jnews_primary_category":[],"jnews_social_meta":[],"jnews_override_counter":[],"footnotes":""},"categories":[8691,8819,1],"tags":[17283,25659,18826],"class_list":["post-177367","post","type-post","status-publish","format-standard","has-post-thumbnail","hentry","category-bem-estar","category-curiosidades","category-noticias","tag-cuidado-com-a-casa","tag-roupa-seca","tag-vento"],"yoast_head":"<!-- This site is optimized with the Yoast SEO plugin v23.8 - https:\/\/yoast.com\/wordpress\/plugins\/seo\/ -->\n<title>Adeus roupas \u00famidas: como o vento pode secar mais r\u00e1pido que o sol - Estado de Minas - Em foco<\/title>\n<meta name=\"description\" content=\"Descubra se o vento ou o sol seca a roupa mais r\u00e1pido e aprenda truques para acelerar o varal em casa\" \/>\n<meta name=\"robots\" content=\"index, follow, max-snippet:-1, max-image-preview:large, max-video-preview:-1\" \/>\n<link rel=\"canonical\" href=\"https:\/\/www.em.com.br\/emfoco\/2026\/03\/05\/adeus-roupas-umidas-como-o-vento-pode-secar-mais-rapido-que-o-sol\/\" \/>\n<meta property=\"og:locale\" content=\"pt_BR\" \/>\n<meta property=\"og:type\" content=\"article\" \/>\n<meta property=\"og:title\" content=\"Adeus roupas \u00famidas: como o vento pode secar mais r\u00e1pido que o sol - Estado de Minas - Em foco\" \/>\n<meta property=\"og:description\" content=\"Descubra se o vento ou o sol seca a roupa mais r\u00e1pido e aprenda truques para acelerar o varal em casa\" \/>\n<meta property=\"og:url\" content=\"https:\/\/www.em.com.br\/emfoco\/2026\/03\/05\/adeus-roupas-umidas-como-o-vento-pode-secar-mais-rapido-que-o-sol\/\" \/>\n<meta property=\"og:site_name\" content=\"Estado de Minas - Em foco\" \/>\n<meta property=\"article:published_time\" content=\"2026-03-05T17:35:53+00:00\" \/>\n<meta property=\"article:modified_time\" content=\"2026-03-04T21:04:39+00:00\" \/>\n<meta property=\"og:image\" content=\"https:\/\/www.em.com.br\/emfoco\/wp-content\/uploads\/2026\/03\/roupa-varal_1772654684988.jpg\" \/>\n\t<meta property=\"og:image:width\" content=\"1280\" \/>\n\t<meta property=\"og:image:height\" content=\"720\" \/>\n\t<meta property=\"og:image:type\" content=\"image\/jpeg\" \/>\n<meta name=\"author\" content=\"Daniely Cardoso\" \/>\n<meta name=\"twitter:card\" content=\"summary_large_image\" \/>\n<meta name=\"twitter:label1\" content=\"Escrito por\" \/>\n\t<meta name=\"twitter:data1\" content=\"Daniely Cardoso\" \/>\n\t<meta name=\"twitter:label2\" content=\"Est. tempo de leitura\" \/>\n\t<meta name=\"twitter:data2\" content=\"5 minutos\" \/>\n<!-- \/ Yoast SEO plugin. -->","yoast_head_json":{"title":"Adeus roupas \u00famidas: como o vento pode secar mais r\u00e1pido que o sol - Estado de Minas - Em foco","description":"Descubra se o vento ou o sol seca a roupa mais r\u00e1pido e aprenda truques para acelerar o varal em casa","robots":{"index":"index","follow":"follow","max-snippet":"max-snippet:-1","max-image-preview":"max-image-preview:large","max-video-preview":"max-video-preview:-1"},"canonical":"https:\/\/www.em.com.br\/emfoco\/2026\/03\/05\/adeus-roupas-umidas-como-o-vento-pode-secar-mais-rapido-que-o-sol\/","og_locale":"pt_BR","og_type":"article","og_title":"Adeus roupas \u00famidas: como o vento pode secar mais r\u00e1pido que o sol - Estado de Minas - Em foco","og_description":"Descubra se o vento ou o sol seca a roupa mais r\u00e1pido e aprenda truques para acelerar o varal em casa","og_url":"https:\/\/www.em.com.br\/emfoco\/2026\/03\/05\/adeus-roupas-umidas-como-o-vento-pode-secar-mais-rapido-que-o-sol\/","og_site_name":"Estado de Minas - Em foco","article_published_time":"2026-03-05T17:35:53+00:00","article_modified_time":"2026-03-04T21:04:39+00:00","og_image":[{"width":1280,"height":720,"url":"https:\/\/www.em.com.br\/emfoco\/wp-content\/uploads\/2026\/03\/roupa-varal_1772654684988.jpg","type":"image\/jpeg"}],"author":"Daniely Cardoso","twitter_card":"summary_large_image","twitter_misc":{"Escrito por":"Daniely Cardoso","Est. tempo de leitura":"5 minutos"},"schema":{"@context":"https:\/\/schema.org","@graph":[{"@type":"WebPage","@id":"https:\/\/www.em.com.br\/emfoco\/2026\/03\/05\/adeus-roupas-umidas-como-o-vento-pode-secar-mais-rapido-que-o-sol\/","url":"https:\/\/www.em.com.br\/emfoco\/2026\/03\/05\/adeus-roupas-umidas-como-o-vento-pode-secar-mais-rapido-que-o-sol\/","name":"Adeus roupas \u00famidas: como o vento pode secar mais r\u00e1pido que o sol - Estado de Minas - Em foco","isPartOf":{"@id":"https:\/\/www.em.com.br\/emfoco\/#website"},"primaryImageOfPage":{"@id":"https:\/\/www.em.com.br\/emfoco\/2026\/03\/05\/adeus-roupas-umidas-como-o-vento-pode-secar-mais-rapido-que-o-sol\/#primaryimage"},"image":{"@id":"https:\/\/www.em.com.br\/emfoco\/2026\/03\/05\/adeus-roupas-umidas-como-o-vento-pode-secar-mais-rapido-que-o-sol\/#primaryimage"},"thumbnailUrl":"https:\/\/www.em.com.br\/emfoco\/wp-content\/uploads\/2026\/03\/roupa-varal_1772654684988.jpg","datePublished":"2026-03-05T17:35:53+00:00","dateModified":"2026-03-04T21:04:39+00:00","author":{"@id":"https:\/\/www.em.com.br\/emfoco\/#\/schema\/person\/0a8186d72f2c3a5c6276d90b41f271a0"},"description":"Descubra se o vento ou o sol seca a roupa mais r\u00e1pido e aprenda truques para acelerar o varal em casa","breadcrumb":{"@id":"https:\/\/www.em.com.br\/emfoco\/2026\/03\/05\/adeus-roupas-umidas-como-o-vento-pode-secar-mais-rapido-que-o-sol\/#breadcrumb"},"inLanguage":"pt-BR","potentialAction":[{"@type":"ReadAction","target":["https:\/\/www.em.com.br\/emfoco\/2026\/03\/05\/adeus-roupas-umidas-como-o-vento-pode-secar-mais-rapido-que-o-sol\/"]}]},{"@type":"ImageObject","inLanguage":"pt-BR","@id":"https:\/\/www.em.com.br\/emfoco\/2026\/03\/05\/adeus-roupas-umidas-como-o-vento-pode-secar-mais-rapido-que-o-sol\/#primaryimage","url":"https:\/\/www.em.com.br\/emfoco\/wp-content\/uploads\/2026\/03\/roupa-varal_1772654684988.jpg","contentUrl":"https:\/\/www.em.com.br\/emfoco\/wp-content\/uploads\/2026\/03\/roupa-varal_1772654684988.jpg","width":1280,"height":720,"caption":"Sem vento, forma-se uma camada de ar \u00famido bem perto da roupa, como se fosse um cobertor de umidade - Cr\u00e9ditos: depositphotos.com \/ Altinosmanaj"},{"@type":"BreadcrumbList","@id":"https:\/\/www.em.com.br\/emfoco\/2026\/03\/05\/adeus-roupas-umidas-como-o-vento-pode-secar-mais-rapido-que-o-sol\/#breadcrumb","itemListElement":[{"@type":"ListItem","position":1,"name":"In\u00edcio","item":"https:\/\/www.em.com.br\/emfoco\/"},{"@type":"ListItem","position":2,"name":"Adeus roupas \u00famidas: como o vento pode secar mais r\u00e1pido que o sol"}]},{"@type":"WebSite","@id":"https:\/\/www.em.com.br\/emfoco\/#website","url":"https:\/\/www.em.com.br\/emfoco\/","name":"Estado de Minas - Em foco","description":"Acompanhe as \u00faltimas not\u00edcias e fique bem informado sobre tudo o que acontece em Minas Gerais, Brasil e no mundo.","potentialAction":[{"@type":"SearchAction","target":{"@type":"EntryPoint","urlTemplate":"https:\/\/www.em.com.br\/emfoco\/?s={search_term_string}"},"query-input":{"@type":"PropertyValueSpecification","valueRequired":true,"valueName":"search_term_string"}}],"inLanguage":"pt-BR"},{"@type":"Person","@id":"https:\/\/www.em.com.br\/emfoco\/#\/schema\/person\/0a8186d72f2c3a5c6276d90b41f271a0","name":"Daniely Cardoso","image":{"@type":"ImageObject","inLanguage":"pt-BR","@id":"https:\/\/www.em.com.br\/emfoco\/#\/schema\/person\/image\/","url":"https:\/\/secure.gravatar.com\/avatar\/4b80ddbd124d1f071b626d52d62e5dff?s=96&d=mm&r=g","contentUrl":"https:\/\/secure.gravatar.com\/avatar\/4b80ddbd124d1f071b626d52d62e5dff?s=96&d=mm&r=g","caption":"Daniely Cardoso"},"url":"https:\/\/www.em.com.br\/emfoco\/author\/danielymyth\/"}]}},"_links":{"self":[{"href":"https:\/\/www.em.com.br\/emfoco\/wp-json\/wp\/v2\/posts\/177367","targetHints":{"allow":["GET"]}}],"collection":[{"href":"https:\/\/www.em.com.br\/emfoco\/wp-json\/wp\/v2\/posts"}],"about":[{"href":"https:\/\/www.em.com.br\/emfoco\/wp-json\/wp\/v2\/types\/post"}],"author":[{"embeddable":true,"href":"https:\/\/www.em.com.br\/emfoco\/wp-json\/wp\/v2\/users\/9"}],"replies":[{"embeddable":true,"href":"https:\/\/www.em.com.br\/emfoco\/wp-json\/wp\/v2\/comments?post=177367"}],"version-history":[{"count":3,"href":"https:\/\/www.em.com.br\/emfoco\/wp-json\/wp\/v2\/posts\/177367\/revisions"}],"predecessor-version":[{"id":177516,"href":"https:\/\/www.em.com.br\/emfoco\/wp-json\/wp\/v2\/posts\/177367\/revisions\/177516"}],"wp:featuredmedia":[{"embeddable":true,"href":"https:\/\/www.em.com.br\/emfoco\/wp-json\/wp\/v2\/media\/177459"}],"wp:attachment":[{"href":"https:\/\/www.em.com.br\/emfoco\/wp-json\/wp\/v2\/media?parent=177367"}],"wp:term":[{"taxonomy":"category","embeddable":true,"href":"https:\/\/www.em.com.br\/emfoco\/wp-json\/wp\/v2\/categories?post=177367"},{"taxonomy":"post_tag","embeddable":true,"href":"https:\/\/www.em.com.br\/emfoco\/wp-json\/wp\/v2\/tags?post=177367"}],"curies":[{"name":"wp","href":"https:\/\/api.w.org\/{rel}","templated":true}]}}