{"id":177363,"date":"2026-03-05T13:05:32","date_gmt":"2026-03-05T16:05:32","guid":{"rendered":"https:\/\/www.em.com.br\/emfoco\/?p=177363"},"modified":"2026-03-04T17:59:05","modified_gmt":"2026-03-04T20:59:05","slug":"adeus-calor-extremo-saiba-qual-ar-condicionado-vale-cada-centavo","status":"publish","type":"post","link":"https:\/\/www.em.com.br\/emfoco\/2026\/03\/05\/adeus-calor-extremo-saiba-qual-ar-condicionado-vale-cada-centavo\/","title":{"rendered":"Adeus calor extremo: saiba qual ar-condicionado vale cada centavo"},"content":{"rendered":"\n<p>Em dias de <strong>calor intenso<\/strong>, muita gente fica na d\u00favida na hora de comprar um <b>aparelho de ar<\/b>: ser\u00e1 que vale a pena investir em um modelo inverter ou o tradicional j\u00e1 resolve? Ambos prometem refrescar (e em alguns casos aquecer) o ambiente, mas a forma como funcionam e o impacto na <strong>conta de luz<\/strong> podem ser bem diferentes no dia a dia.<\/p>\n\n\n\n<h2 class=\"wp-block-heading\">Como funciona um ar-condicionado convencional no dia a dia<\/h2>\n\n\n\n<p>O ar-condicionado <b>convencional trabalha<\/b> em ciclos de liga e desliga. Ele liga o <strong>compressor na<\/strong> pot\u00eancia m\u00e1xima at\u00e9 alcan\u00e7ar a temperatura escolhida e, quando chega l\u00e1, simplesmente desliga tudo.<\/p>\n\n\n\n<p>Depois de algum tempo, quando o ambiente volta a esquentar, o aparelho liga <b>novamente em<\/b> for\u00e7a total. Esse sobe e desce constante provoca aquelas <strong>oscila\u00e7\u00f5es de<\/strong> temperatura: ora est\u00e1 gelado demais, ora esquenta de novo, exigindo mais esfor\u00e7o do <b>equipamento<\/b>.<\/p>\n\n\n<div class=\"wp-block-image\">\n<figure class=\"aligncenter size-large\"><img loading=\"lazy\" decoding=\"async\" width=\"1024\" height=\"576\" src=\"https:\/\/www.em.com.br\/emfoco\/wp-content\/uploads\/2026\/02\/ar-condicionado-_1770747077932-1024x576.jpg\" alt=\"\" class=\"wp-image-167179\" srcset=\"https:\/\/www.em.com.br\/emfoco\/wp-content\/uploads\/2026\/02\/ar-condicionado-_1770747077932-1024x576.jpg 1024w, https:\/\/www.em.com.br\/emfoco\/wp-content\/uploads\/2026\/02\/ar-condicionado-_1770747077932-300x169.jpg 300w, https:\/\/www.em.com.br\/emfoco\/wp-content\/uploads\/2026\/02\/ar-condicionado-_1770747077932-768x432.jpg 768w, https:\/\/www.em.com.br\/emfoco\/wp-content\/uploads\/2026\/02\/ar-condicionado-_1770747077932-750x422.jpg 750w, https:\/\/www.em.com.br\/emfoco\/wp-content\/uploads\/2026\/02\/ar-condicionado-_1770747077932-1140x641.jpg 1140w, https:\/\/www.em.com.br\/emfoco\/wp-content\/uploads\/2026\/02\/ar-condicionado-_1770747077932.jpg 1280w\" sizes=\"auto, (max-width: 1024px) 100vw, 1024px\" \/><figcaption class=\"wp-element-caption\">O ar-condicionado atua retirando a umidade do ambiente para resfriar o ar &#8211; Cr\u00e9ditos: depositphotos.com \/ AY_PHOTO<\/figcaption><\/figure><\/div>\n\n\n<p>Leia tamb\u00e9m:&nbsp;<a href=\"https:\/\/www.em.com.br\/emfoco\/2026\/03\/02\/a-nova-tecnologia-de-pneus-da-michelin-que-monitora-desgaste-em-tempo-real-e-pode-evitar-acidentes-silenciosos\/\" target=\"_blank\" rel=\"noopener\">A nova tecnologia de pneus da Michelin que monitora desgaste em tempo real e pode evitar acidentes silenciosos<\/a><\/p>\n\n\n\n<h2 class=\"wp-block-heading\">O que \u00e9 a tecnologia inverter no ar-condicionado<\/h2>\n\n\n\n<p>No modelo <strong>inverter, a<\/strong> l\u00f3gica \u00e9 diferente: em vez de ficar ligando e desligando o compressor, o aparelho mant\u00e9m o <b>funcionamento cont\u00ednuo<\/b>, ajustando a velocidade conforme a necessidade. Se o ambiente est\u00e1 muito quente, ele acelera; quando chega perto da <strong>temperatura desejada<\/strong>, diminui o ritmo.<\/p>\n\n\n\n<p>Esse ajuste suave \u00e9 poss\u00edvel gra\u00e7as a um <b>sistema eletr\u00f4nico<\/b> que controla a rota\u00e7\u00e3o do motor. Na pr\u00e1tica, o ar fica mais est\u00e1vel, sem sensa\u00e7\u00e3o de \u201cvai e vem\u201d de temperatura, e o equipamento sofre menos com os famosos <strong>trancos de<\/strong> religamento.<\/p>\n\n\n\n<figure class=\"wp-block-embed is-type-rich is-provider-pinterest wp-block-embed-pinterest\"><div class=\"wp-block-embed__wrapper\">\n<iframe loading=\"lazy\" title=\"Ar Condicionado TCL Split Inverter 12.000 BTUs Frio 220V \u2013 Econ\u00f4mico e Silencioso\" src=\"https:\/\/assets.pinterest.com\/ext\/embed.html?id=63613413481655383&#038;src=oembed\" height=\"899\" width=\"450\" frameborder=\"0\" scrolling=\"no\" ><\/iframe>\n<\/div><\/figure>\n\n\n\n<h2 class=\"wp-block-heading\">Como o ar-condicionado inverter consegue economizar energia<\/h2>\n\n\n\n<p>A grande diferen\u00e7a do <b>inverter est\u00e1<\/b> justamente no jeito como ele consome energia. Como o compressor n\u00e3o desliga totalmente quando o calor aperta, o aparelho evita os <strong>picos de<\/strong> corrente que acontecem quando um modelo convencional precisa partir do zero v\u00e1rias vezes ao dia.<\/p>\n\n\n\n<p>Na pr\u00e1tica, essa economia vem de um conjunto de fatores que se complementam e tornam o uso mais eficiente, especialmente para quem <strong>deixa o<\/strong> ar ligado por muitas horas seguidas. Em cen\u00e1rios de <b>tarifa elevada<\/b> de energia ou uso comercial intenso, essa diferen\u00e7a pode representar uma redu\u00e7\u00e3o consider\u00e1vel na <strong>fatura mensal<\/strong>.<\/p>\n\n\n\n<ul class=\"wp-block-list\">\n<li><strong>Menos partidas<\/strong> em carga m\u00e1xima: reduz os picos de consumo a cada <b>religamento<\/b>.<\/li>\n\n\n\n<li><strong>Funcionamento em<\/strong> ritmo intermedi\u00e1rio: aproveita melhor o rendimento do <b>compressor<\/b>.<\/li>\n\n\n\n<li><strong>Temperatura mais<\/strong> constante: evita esfor\u00e7o extra para corrigir grandes varia\u00e7\u00f5es de <b>calor<\/b>.<\/li>\n<\/ul>\n\n\n\n<p>Para voc\u00ea que gosta de conforto, separamos um v\u00eddeo do canal <a href=\"https:\/\/www.youtube.com\/@EngehallCursos\" target=\"_blank\" rel=\"noreferrer noopener\">Engehall El\u00e9trica<\/a> com dicas para escolehr entre os dois tipos de ar:<\/p>\n\n\n\n<figure class=\"wp-block-embed is-type-video is-provider-youtube wp-block-embed-youtube wp-embed-aspect-16-9 wp-has-aspect-ratio\"><div class=\"wp-block-embed__wrapper\">\n<div class=\"jeg_video_container jeg_video_content\"><iframe loading=\"lazy\" title=\"Ar condicionado INVERTER ou CONVENCIONAL? Qual o melhor?\ud83e\udd14\ud83e\udd2f\" width=\"500\" height=\"281\" src=\"https:\/\/www.youtube.com\/embed\/D_4Xfau_N9g?feature=oembed\" frameborder=\"0\" allow=\"accelerometer; autoplay; clipboard-write; encrypted-media; gyroscope; picture-in-picture; web-share\" referrerpolicy=\"strict-origin-when-cross-origin\" allowfullscreen><\/iframe><\/div>\n<\/div><\/figure>\n\n\n\n<h2 class=\"wp-block-heading\">Quais s\u00e3o as diferen\u00e7as percebidas no uso di\u00e1rio<\/h2>\n\n\n\n<p>No cotidiano, a escolha entre inverter e convencional vai al\u00e9m da <b>conta de<\/b> luz. O conforto \u00e9 um dos pontos que mais chamam aten\u00e7\u00e3o: com o inverter, a <strong>sensa\u00e7\u00e3o de<\/strong> temperatura costuma ser mais agrad\u00e1vel e constante, especialmente em <b>quartos<\/b> e escrit\u00f3rios.<\/p>\n\n\n\n<p>Outro ponto importante \u00e9 o <b>barulho: como<\/b> o compressor n\u00e3o precisa ficar ligando e desligando em alta pot\u00eancia, o funcionamento do inverter tende a ser mais <strong>silencioso, o<\/strong> que faz diferen\u00e7a para quem \u00e9 mais sens\u00edvel a <b>ru\u00eddos<\/b> \u00e0 noite.<\/p>\n\n\n\n<h2 class=\"wp-block-heading\">Quando o ar-condicionado inverter realmente vale mais a pena<\/h2>\n\n\n\n<p>O inverter costuma compensar mais quando o uso \u00e9 intenso e prolongado, como em cidades muito quentes, em home office, com\u00e9rcios ou em casas onde o ar fica ligado grande parte do dia. Nesses casos, a <strong>economia de<\/strong> energia ao longo dos meses ajuda a recuperar o <b>investimento inicial<\/b> maior, especialmente se o equipamento tiver boa <strong>classifica\u00e7\u00e3o energ\u00e9tica<\/strong>.<\/p>\n\n\n\n<p>Se o uso \u00e9 eventual, por poucas horas ou apenas em alguns dias do ano, a diferen\u00e7a de consumo entre as tecnologias tende a ser menor. Ainda assim, vale considerar fatores como <b>conforto t\u00e9rmico<\/b>, ru\u00eddo e a tarifa de energia da sua regi\u00e3o ao comparar os modelos dispon\u00edveis, bem como a <strong>assist\u00eancia t\u00e9cnica<\/strong> e a qualidade da <b>instala\u00e7\u00e3o<\/b>, que influenciam diretamente no desempenho.<\/p>\n","protected":false},"excerpt":{"rendered":"<p>Em dias de calor intenso, muita gente fica na d\u00favida na hora de comprar um aparelho de ar: ser\u00e1 que vale a pena investir em um modelo inverter ou o tradicional j\u00e1 resolve? Ambos prometem refrescar (e em alguns casos aquecer) o ambiente, mas a forma como funcionam e o impacto na conta de luz [&hellip;]<\/p>\n","protected":false},"author":9,"featured_media":177447,"comment_status":"open","ping_status":"open","sticky":false,"template":"","format":"standard","meta":{"jnews-multi-image_gallery":[],"jnews_single_post":{"format":"standard"},"jnews_primary_category":[],"jnews_social_meta":[],"jnews_override_counter":[],"footnotes":""},"categories":[8691,8819,1],"tags":[6942,6943,161],"class_list":["post-177363","post","type-post","status-publish","format-standard","has-post-thumbnail","hentry","category-bem-estar","category-curiosidades","category-noticias","tag-ar-condicionado","tag-economia-de-energia","tag-tecnologia"],"yoast_head":"<!-- This site is optimized with the Yoast SEO plugin v23.8 - https:\/\/yoast.com\/wordpress\/plugins\/seo\/ -->\n<title>Adeus calor extremo: saiba qual ar-condicionado vale cada centavo - Estado de Minas - Em foco<\/title>\n<meta name=\"description\" content=\"Entenda a diferen\u00e7a real entre o ar-condicionado inverter e o convencional para economizar e garantir conforto t\u00e9rmico\" \/>\n<meta name=\"robots\" content=\"index, follow, max-snippet:-1, max-image-preview:large, max-video-preview:-1\" \/>\n<link rel=\"canonical\" href=\"https:\/\/www.em.com.br\/emfoco\/2026\/03\/05\/adeus-calor-extremo-saiba-qual-ar-condicionado-vale-cada-centavo\/\" \/>\n<meta property=\"og:locale\" content=\"pt_BR\" \/>\n<meta property=\"og:type\" content=\"article\" \/>\n<meta property=\"og:title\" content=\"Adeus calor extremo: saiba qual ar-condicionado vale cada centavo - Estado de Minas - Em foco\" \/>\n<meta property=\"og:description\" content=\"Entenda a diferen\u00e7a real entre o ar-condicionado inverter e o convencional para economizar e garantir conforto t\u00e9rmico\" \/>\n<meta property=\"og:url\" content=\"https:\/\/www.em.com.br\/emfoco\/2026\/03\/05\/adeus-calor-extremo-saiba-qual-ar-condicionado-vale-cada-centavo\/\" \/>\n<meta property=\"og:site_name\" content=\"Estado de Minas - Em foco\" \/>\n<meta property=\"article:published_time\" content=\"2026-03-05T16:05:32+00:00\" \/>\n<meta property=\"article:modified_time\" content=\"2026-03-04T20:59:05+00:00\" \/>\n<meta property=\"og:image\" content=\"https:\/\/www.em.com.br\/emfoco\/wp-content\/uploads\/2026\/03\/ar-condicionado_1772653135688.jpg\" \/>\n\t<meta property=\"og:image:width\" content=\"1280\" \/>\n\t<meta property=\"og:image:height\" content=\"720\" \/>\n\t<meta property=\"og:image:type\" content=\"image\/jpeg\" \/>\n<meta name=\"author\" content=\"Daniely Cardoso\" \/>\n<meta name=\"twitter:card\" content=\"summary_large_image\" \/>\n<meta name=\"twitter:label1\" content=\"Escrito por\" \/>\n\t<meta name=\"twitter:data1\" content=\"Daniely Cardoso\" \/>\n\t<meta name=\"twitter:label2\" content=\"Est. tempo de leitura\" \/>\n\t<meta name=\"twitter:data2\" content=\"5 minutos\" \/>\n<!-- \/ Yoast SEO plugin. -->","yoast_head_json":{"title":"Adeus calor extremo: saiba qual ar-condicionado vale cada centavo - Estado de Minas - Em foco","description":"Entenda a diferen\u00e7a real entre o ar-condicionado inverter e o convencional para economizar e garantir conforto t\u00e9rmico","robots":{"index":"index","follow":"follow","max-snippet":"max-snippet:-1","max-image-preview":"max-image-preview:large","max-video-preview":"max-video-preview:-1"},"canonical":"https:\/\/www.em.com.br\/emfoco\/2026\/03\/05\/adeus-calor-extremo-saiba-qual-ar-condicionado-vale-cada-centavo\/","og_locale":"pt_BR","og_type":"article","og_title":"Adeus calor extremo: saiba qual ar-condicionado vale cada centavo - Estado de Minas - Em foco","og_description":"Entenda a diferen\u00e7a real entre o ar-condicionado inverter e o convencional para economizar e garantir conforto t\u00e9rmico","og_url":"https:\/\/www.em.com.br\/emfoco\/2026\/03\/05\/adeus-calor-extremo-saiba-qual-ar-condicionado-vale-cada-centavo\/","og_site_name":"Estado de Minas - Em foco","article_published_time":"2026-03-05T16:05:32+00:00","article_modified_time":"2026-03-04T20:59:05+00:00","og_image":[{"width":1280,"height":720,"url":"https:\/\/www.em.com.br\/emfoco\/wp-content\/uploads\/2026\/03\/ar-condicionado_1772653135688.jpg","type":"image\/jpeg"}],"author":"Daniely Cardoso","twitter_card":"summary_large_image","twitter_misc":{"Escrito por":"Daniely Cardoso","Est. tempo de leitura":"5 minutos"},"schema":{"@context":"https:\/\/schema.org","@graph":[{"@type":"WebPage","@id":"https:\/\/www.em.com.br\/emfoco\/2026\/03\/05\/adeus-calor-extremo-saiba-qual-ar-condicionado-vale-cada-centavo\/","url":"https:\/\/www.em.com.br\/emfoco\/2026\/03\/05\/adeus-calor-extremo-saiba-qual-ar-condicionado-vale-cada-centavo\/","name":"Adeus calor extremo: saiba qual ar-condicionado vale cada centavo - Estado de Minas - Em foco","isPartOf":{"@id":"https:\/\/www.em.com.br\/emfoco\/#website"},"primaryImageOfPage":{"@id":"https:\/\/www.em.com.br\/emfoco\/2026\/03\/05\/adeus-calor-extremo-saiba-qual-ar-condicionado-vale-cada-centavo\/#primaryimage"},"image":{"@id":"https:\/\/www.em.com.br\/emfoco\/2026\/03\/05\/adeus-calor-extremo-saiba-qual-ar-condicionado-vale-cada-centavo\/#primaryimage"},"thumbnailUrl":"https:\/\/www.em.com.br\/emfoco\/wp-content\/uploads\/2026\/03\/ar-condicionado_1772653135688.jpg","datePublished":"2026-03-05T16:05:32+00:00","dateModified":"2026-03-04T20:59:05+00:00","author":{"@id":"https:\/\/www.em.com.br\/emfoco\/#\/schema\/person\/0a8186d72f2c3a5c6276d90b41f271a0"},"description":"Entenda a diferen\u00e7a real entre o ar-condicionado inverter e o convencional para economizar e garantir conforto t\u00e9rmico","breadcrumb":{"@id":"https:\/\/www.em.com.br\/emfoco\/2026\/03\/05\/adeus-calor-extremo-saiba-qual-ar-condicionado-vale-cada-centavo\/#breadcrumb"},"inLanguage":"pt-BR","potentialAction":[{"@type":"ReadAction","target":["https:\/\/www.em.com.br\/emfoco\/2026\/03\/05\/adeus-calor-extremo-saiba-qual-ar-condicionado-vale-cada-centavo\/"]}]},{"@type":"ImageObject","inLanguage":"pt-BR","@id":"https:\/\/www.em.com.br\/emfoco\/2026\/03\/05\/adeus-calor-extremo-saiba-qual-ar-condicionado-vale-cada-centavo\/#primaryimage","url":"https:\/\/www.em.com.br\/emfoco\/wp-content\/uploads\/2026\/03\/ar-condicionado_1772653135688.jpg","contentUrl":"https:\/\/www.em.com.br\/emfoco\/wp-content\/uploads\/2026\/03\/ar-condicionado_1772653135688.jpg","width":1280,"height":720,"caption":"O ar-condicionado convencional trabalha em ciclos de liga e desliga - Cr\u00e9ditos: depositphotos.com \/ AllaSerebrina"},{"@type":"BreadcrumbList","@id":"https:\/\/www.em.com.br\/emfoco\/2026\/03\/05\/adeus-calor-extremo-saiba-qual-ar-condicionado-vale-cada-centavo\/#breadcrumb","itemListElement":[{"@type":"ListItem","position":1,"name":"In\u00edcio","item":"https:\/\/www.em.com.br\/emfoco\/"},{"@type":"ListItem","position":2,"name":"Adeus calor extremo: saiba qual ar-condicionado vale cada centavo"}]},{"@type":"WebSite","@id":"https:\/\/www.em.com.br\/emfoco\/#website","url":"https:\/\/www.em.com.br\/emfoco\/","name":"Estado de Minas - Em foco","description":"Acompanhe as \u00faltimas not\u00edcias e fique bem informado sobre tudo o que acontece em Minas Gerais, Brasil e no mundo.","potentialAction":[{"@type":"SearchAction","target":{"@type":"EntryPoint","urlTemplate":"https:\/\/www.em.com.br\/emfoco\/?s={search_term_string}"},"query-input":{"@type":"PropertyValueSpecification","valueRequired":true,"valueName":"search_term_string"}}],"inLanguage":"pt-BR"},{"@type":"Person","@id":"https:\/\/www.em.com.br\/emfoco\/#\/schema\/person\/0a8186d72f2c3a5c6276d90b41f271a0","name":"Daniely Cardoso","image":{"@type":"ImageObject","inLanguage":"pt-BR","@id":"https:\/\/www.em.com.br\/emfoco\/#\/schema\/person\/image\/","url":"https:\/\/secure.gravatar.com\/avatar\/4b80ddbd124d1f071b626d52d62e5dff?s=96&d=mm&r=g","contentUrl":"https:\/\/secure.gravatar.com\/avatar\/4b80ddbd124d1f071b626d52d62e5dff?s=96&d=mm&r=g","caption":"Daniely Cardoso"},"url":"https:\/\/www.em.com.br\/emfoco\/author\/danielymyth\/"}]}},"_links":{"self":[{"href":"https:\/\/www.em.com.br\/emfoco\/wp-json\/wp\/v2\/posts\/177363","targetHints":{"allow":["GET"]}}],"collection":[{"href":"https:\/\/www.em.com.br\/emfoco\/wp-json\/wp\/v2\/posts"}],"about":[{"href":"https:\/\/www.em.com.br\/emfoco\/wp-json\/wp\/v2\/types\/post"}],"author":[{"embeddable":true,"href":"https:\/\/www.em.com.br\/emfoco\/wp-json\/wp\/v2\/users\/9"}],"replies":[{"embeddable":true,"href":"https:\/\/www.em.com.br\/emfoco\/wp-json\/wp\/v2\/comments?post=177363"}],"version-history":[{"count":3,"href":"https:\/\/www.em.com.br\/emfoco\/wp-json\/wp\/v2\/posts\/177363\/revisions"}],"predecessor-version":[{"id":177509,"href":"https:\/\/www.em.com.br\/emfoco\/wp-json\/wp\/v2\/posts\/177363\/revisions\/177509"}],"wp:featuredmedia":[{"embeddable":true,"href":"https:\/\/www.em.com.br\/emfoco\/wp-json\/wp\/v2\/media\/177447"}],"wp:attachment":[{"href":"https:\/\/www.em.com.br\/emfoco\/wp-json\/wp\/v2\/media?parent=177363"}],"wp:term":[{"taxonomy":"category","embeddable":true,"href":"https:\/\/www.em.com.br\/emfoco\/wp-json\/wp\/v2\/categories?post=177363"},{"taxonomy":"post_tag","embeddable":true,"href":"https:\/\/www.em.com.br\/emfoco\/wp-json\/wp\/v2\/tags?post=177363"}],"curies":[{"name":"wp","href":"https:\/\/api.w.org\/{rel}","templated":true}]}}