{"id":177287,"date":"2026-03-04T17:05:00","date_gmt":"2026-03-04T20:05:00","guid":{"rendered":"https:\/\/www.em.com.br\/emfoco\/?p=177287"},"modified":"2026-03-04T14:23:07","modified_gmt":"2026-03-04T17:23:07","slug":"adeus-sobrancelhas-ralas-este-oleo-natural-barato-ajuda-a-fortalecer-e-estimular-os-fios","status":"publish","type":"post","link":"https:\/\/www.em.com.br\/emfoco\/2026\/03\/04\/adeus-sobrancelhas-ralas-este-oleo-natural-barato-ajuda-a-fortalecer-e-estimular-os-fios\/","title":{"rendered":"Adeus sobrancelhas ralas! Este \u00f3leo natural barato ajuda a fortalecer e estimular os fios"},"content":{"rendered":"\n<p>Quando a sobrancelha fica com falhas, o rosto perde defini\u00e7\u00e3o e at\u00e9 a maquiagem parece \u201csumir\u201d ao longo do dia. A boa not\u00edcia \u00e9 que existe um aliado simples, acess\u00edvel e muito usado em rotinas de cuidado, o <strong>\u00f3leo de r\u00edcino<\/strong>, conhecido por ajudar no <strong>fortalecimento capilar<\/strong> e no <strong>crescimento de fios<\/strong> quando aplicado com const\u00e2ncia. Com alguns ajustes de t\u00e9cnica e higiene, d\u00e1 para transformar esse cuidado em um ritual r\u00e1pido e eficiente.<\/p>\n\n\n\n<h2 class=\"wp-block-heading\">Por que as sobrancelhas afinam com o tempo?<\/h2>\n\n\n\n<p>As sobrancelhas podem rarear por <strong>excesso de pin\u00e7a<\/strong>, <strong>atrito constante<\/strong> ao remover maquiagem, <strong>estresse<\/strong>, <strong>oscila\u00e7\u00f5es <\/strong><a href=\"https:\/\/www.em.com.br\/saude\/2025\/01\/7034376-como-os-hormonios-podem-influenciar-na-saude-mental-das-mulheres-entenda.html\" target=\"_blank\" rel=\"noreferrer noopener\"><strong>hormonais<\/strong> <\/a>e at\u00e9 por falhas na rotina de limpeza. Quem treina com frequ\u00eancia tamb\u00e9m pode notar mais sensibilidade na \u00e1rea por causa do <strong>suor<\/strong>, do toque repetido com toalha e do uso de bon\u00e9s ou faixas apertadas.<\/p>\n\n\n\n<p>Al\u00e9m disso, a pele ao redor dos fios influencia diretamente o aspecto de volume. Quando h\u00e1 <strong>ressecamento<\/strong> ou <strong>ac\u00famulo de res\u00edduos<\/strong>, o fio tende a quebrar mais facilmente e aparentar menos densidade, mesmo sem cair de verdade.<\/p>\n\n\n\n<h2 class=\"wp-block-heading\">O que torna o \u00f3leo de r\u00edcino um queridinho para os fios?<\/h2>\n\n\n\n<p>O <strong><a href=\"https:\/\/pt.wikipedia.org\/wiki\/%C3%93leo_de_r%C3%ADcino\" target=\"_blank\" rel=\"noreferrer noopener\">\u00f3leo de r\u00edcino<\/a><\/strong> \u00e9 encorpado, forma uma <strong>pel\u00edcula protetora<\/strong> e costuma dar sensa\u00e7\u00e3o de fios mais alinhados e \u201ccheios\u201d com o uso cont\u00ednuo. Ele entra bem em rotinas focadas em <strong>fortalecimento capilar<\/strong>, porque ajuda a reduzir a apar\u00eancia de fragilidade e melhora o cuidado da pele da regi\u00e3o.<\/p>\n\n\n\n<p>Para quem busca um <strong>est\u00edmulo gradual do crescimento de fios<\/strong>, o segredo n\u00e3o \u00e9 exagerar na quantidade, e sim aplicar do jeito certo, com suavidade, evitando que o produto escorra para os olhos. A <strong>const\u00e2ncia<\/strong>, somada a bons h\u00e1bitos de recupera\u00e7\u00e3o e hidrata\u00e7\u00e3o, faz a diferen\u00e7a ao longo das semanas.<\/p>\n\n\n\n<figure class=\"wp-block-image size-large\"><img loading=\"lazy\" decoding=\"async\" width=\"1024\" height=\"576\" src=\"https:\/\/www.em.com.br\/emfoco\/wp-content\/uploads\/2026\/03\/X-15-1024x576.jpg\" alt=\"Adeus sobrancelhas ralas! Este \u00f3leo natural barato ajuda a fortalecer e estimular os fios\" class=\"wp-image-177322\" srcset=\"https:\/\/www.em.com.br\/emfoco\/wp-content\/uploads\/2026\/03\/X-15-1024x576.jpg 1024w, https:\/\/www.em.com.br\/emfoco\/wp-content\/uploads\/2026\/03\/X-15-300x169.jpg 300w, https:\/\/www.em.com.br\/emfoco\/wp-content\/uploads\/2026\/03\/X-15-768x432.jpg 768w, https:\/\/www.em.com.br\/emfoco\/wp-content\/uploads\/2026\/03\/X-15-1536x864.jpg 1536w, https:\/\/www.em.com.br\/emfoco\/wp-content\/uploads\/2026\/03\/X-15-2048x1152.jpg 2048w, https:\/\/www.em.com.br\/emfoco\/wp-content\/uploads\/2026\/03\/X-15-750x422.jpg 750w, https:\/\/www.em.com.br\/emfoco\/wp-content\/uploads\/2026\/03\/X-15-1140x641.jpg 1140w\" sizes=\"auto, (max-width: 1024px) 100vw, 1024px\" \/><figcaption class=\"wp-element-caption\">Sobrancelhas bem cuidadas valorizam o rosto<\/figcaption><\/figure>\n\n\n\n<h2 class=\"wp-block-heading\">Como aplicar o \u00f3leo de r\u00edcino na sobrancelha sem errar?<\/h2>\n\n\n\n<p>A aplica\u00e7\u00e3o precisa ser <strong>precisa<\/strong> e <strong>limpa<\/strong>, principalmente se voc\u00ea treina e transpira bastante, j\u00e1 que poros obstru\u00eddos podem atrapalhar o resultado. O ideal \u00e9 usar uma <strong>escovinha limpa<\/strong> de m\u00e1scara ou um <strong>cotonete<\/strong>, sempre com <strong>pouca quantidade<\/strong> para n\u00e3o pesar e nem irritar.<\/p>\n\n\n\n<p>Para encaixar esse cuidado na rotina, pense nele como o <strong>finalizador da noite<\/strong>, depois de higienizar e secar bem a \u00e1rea. Para facilitar, siga este <strong>passo a passo<\/strong> simples antes de dormir.<\/p>\n\n\n\n<ul class=\"wp-block-list\">\n<li><strong>Lave o rosto<\/strong> e finalize com um enx\u00e1gue caprichado na regi\u00e3o das sobrancelhas<\/li>\n\n\n\n<li><strong>Seque completamente<\/strong> para evitar que o \u00f3leo misture com \u00e1gua e escorra<\/li>\n\n\n\n<li>Pegue <strong>uma gota<\/strong>, espalhe na escovinha e penteie no sentido do fio<\/li>\n\n\n\n<li><strong>Massageie levemente<\/strong> a pele com a ponta do dedo, sem arranhar e sem esfregar<\/li>\n\n\n\n<li>Na manh\u00e3 seguinte, <strong>limpe normalmente<\/strong> para retirar qualquer res\u00edduo<\/li>\n<\/ul>\n\n\n\n<h2 class=\"wp-block-heading\">Quais h\u00e1bitos aceleram o fortalecimento capilar das sobrancelhas?<\/h2>\n\n\n\n<p>\u00d3leo sozinho n\u00e3o faz milagre, mas combinado com h\u00e1bitos certos, ele vira um refor\u00e7o poderoso. O <strong>fortalecimento capilar<\/strong> depende de <strong>consist\u00eancia<\/strong>, <strong>descanso<\/strong> e <strong>redu\u00e7\u00e3o de agress\u00f5es di\u00e1rias<\/strong>, principalmente para quem usa maquiagem com frequ\u00eancia ou treina quase todos os dias.<\/p>\n\n\n\n<p>Se a meta \u00e9 ver <strong>crescimento de fios<\/strong> com apar\u00eancia mais uniforme, vale ajustar pequenos detalhes que somam muito. Estes h\u00e1bitos ajudam a manter a regi\u00e3o saud\u00e1vel e a preservar os fios que voc\u00ea j\u00e1 tem.<\/p>\n\n\n\n<ul class=\"wp-block-list\">\n<li>Evite <strong>puxar os fios<\/strong> ao retirar l\u00e1pis, gel ou sombra, prefira <strong>demaquilante suave<\/strong><\/li>\n\n\n\n<li>Diminua a pin\u00e7a por algumas semanas e s\u00f3 remova o que realmente est\u00e1 fora do desenho<\/li>\n\n\n\n<li>N\u00e3o esfregue a toalha no rosto ap\u00f3s o treino, <strong>pressione de leve<\/strong> para secar<\/li>\n\n\n\n<li>Mantenha a pele <strong>hidratada<\/strong> para reduzir quebra e apar\u00eancia opaca<\/li>\n\n\n\n<li>Priorize <strong>prote\u00edna<\/strong> e <strong>micronutrientes<\/strong> na alimenta\u00e7\u00e3o, pois fio \u00e9 constru\u00e7\u00e3o di\u00e1ria<\/li>\n<\/ul>\n\n\n\n<h2 class=\"wp-block-heading\">Quando d\u00e1 para perceber crescimento de fios e quais cuidados evitar?<\/h2>\n\n\n\n<p>Em geral, a sobrancelha responde de forma lenta, porque o <strong>ciclo do fio<\/strong> \u00e9 mais demorado do que a gente gostaria. Com aplica\u00e7\u00e3o regular do <strong>\u00f3leo de r\u00edcino<\/strong> e uma rotina sem excessos, \u00e9 comum notar melhora no aspecto, <strong>mais brilho<\/strong> e <strong>menos falhas aparentes<\/strong> ap\u00f3s algumas semanas de consist\u00eancia.<\/p>\n\n\n\n<p>Evite aplicar <strong>grandes quantidades<\/strong>, misturar produtos fortes na mesma \u00e1rea e usar f\u00f3rmulas irritantes perto dos olhos. Se houver <strong>coceira<\/strong>, <strong>vermelhid\u00e3o<\/strong> ou <strong>ardor<\/strong>, suspenda o uso e priorize recuperar a pele, porque uma <strong>barreira cut\u00e2nea sensibilizada<\/strong> pode atrapalhar o resultado e aumentar a quebra.<\/p>\n","protected":false},"excerpt":{"rendered":"<p>Quando a sobrancelha fica com falhas, o rosto perde defini\u00e7\u00e3o e at\u00e9 a maquiagem parece \u201csumir\u201d ao longo do dia. A boa not\u00edcia \u00e9 que existe um aliado simples, acess\u00edvel e muito usado em rotinas de cuidado, o \u00f3leo de r\u00edcino, conhecido por ajudar no fortalecimento capilar e no crescimento de fios quando aplicado com [&hellip;]<\/p>\n","protected":false},"author":28,"featured_media":177323,"comment_status":"open","ping_status":"open","sticky":false,"template":"","format":"standard","meta":{"jnews-multi-image_gallery":[],"jnews_single_post":{"format":"standard"},"jnews_primary_category":[],"jnews_social_meta":[],"jnews_override_counter":[],"footnotes":""},"categories":[8691],"tags":[25652,25653,5905,25651],"class_list":["post-177287","post","type-post","status-publish","format-standard","has-post-thumbnail","hentry","category-bem-estar","tag-crescimento-de-fios","tag-cuidados-com-sobrancelhas","tag-fortalecimento-capilar","tag-sobrancelhas-ralas"],"yoast_head":"<!-- This site is optimized with the Yoast SEO plugin v23.8 - https:\/\/yoast.com\/wordpress\/plugins\/seo\/ -->\n<title>Adeus sobrancelhas ralas! Este \u00f3leo natural barato ajuda a fortalecer e estimular os fios - Estado de Minas - Em foco<\/title>\n<meta name=\"description\" content=\"\u00d3leo de r\u00edcino ajuda a fortalecer sobrancelhas ralas, melhorar a apar\u00eancia dos fios e estimular crescimento quando usado com const\u00e2ncia\" \/>\n<meta name=\"robots\" content=\"index, follow, max-snippet:-1, max-image-preview:large, max-video-preview:-1\" \/>\n<link rel=\"canonical\" href=\"https:\/\/www.em.com.br\/emfoco\/2026\/03\/04\/adeus-sobrancelhas-ralas-este-oleo-natural-barato-ajuda-a-fortalecer-e-estimular-os-fios\/\" \/>\n<meta property=\"og:locale\" content=\"pt_BR\" \/>\n<meta property=\"og:type\" content=\"article\" \/>\n<meta property=\"og:title\" content=\"Adeus sobrancelhas ralas! Este \u00f3leo natural barato ajuda a fortalecer e estimular os fios - Estado de Minas - Em foco\" \/>\n<meta property=\"og:description\" content=\"\u00d3leo de r\u00edcino ajuda a fortalecer sobrancelhas ralas, melhorar a apar\u00eancia dos fios e estimular crescimento quando usado com const\u00e2ncia\" \/>\n<meta property=\"og:url\" content=\"https:\/\/www.em.com.br\/emfoco\/2026\/03\/04\/adeus-sobrancelhas-ralas-este-oleo-natural-barato-ajuda-a-fortalecer-e-estimular-os-fios\/\" \/>\n<meta property=\"og:site_name\" content=\"Estado de Minas - Em foco\" \/>\n<meta property=\"article:published_time\" content=\"2026-03-04T20:05:00+00:00\" \/>\n<meta property=\"article:modified_time\" content=\"2026-03-04T17:23:07+00:00\" \/>\n<meta property=\"og:image\" content=\"https:\/\/www.em.com.br\/emfoco\/wp-content\/uploads\/2026\/03\/X-14.jpg\" \/>\n\t<meta property=\"og:image:width\" content=\"2560\" \/>\n\t<meta property=\"og:image:height\" content=\"1440\" \/>\n\t<meta property=\"og:image:type\" content=\"image\/jpeg\" \/>\n<meta name=\"author\" content=\"Elis Gabrielle Santos Souza\" \/>\n<meta name=\"twitter:card\" content=\"summary_large_image\" \/>\n<meta name=\"twitter:label1\" content=\"Escrito por\" \/>\n\t<meta name=\"twitter:data1\" content=\"Elis Gabrielle Santos Souza\" \/>\n\t<meta name=\"twitter:label2\" content=\"Est. tempo de leitura\" \/>\n\t<meta name=\"twitter:data2\" content=\"5 minutos\" \/>\n<!-- \/ Yoast SEO plugin. -->","yoast_head_json":{"title":"Adeus sobrancelhas ralas! Este \u00f3leo natural barato ajuda a fortalecer e estimular os fios - Estado de Minas - Em foco","description":"\u00d3leo de r\u00edcino ajuda a fortalecer sobrancelhas ralas, melhorar a apar\u00eancia dos fios e estimular crescimento quando usado com const\u00e2ncia","robots":{"index":"index","follow":"follow","max-snippet":"max-snippet:-1","max-image-preview":"max-image-preview:large","max-video-preview":"max-video-preview:-1"},"canonical":"https:\/\/www.em.com.br\/emfoco\/2026\/03\/04\/adeus-sobrancelhas-ralas-este-oleo-natural-barato-ajuda-a-fortalecer-e-estimular-os-fios\/","og_locale":"pt_BR","og_type":"article","og_title":"Adeus sobrancelhas ralas! Este \u00f3leo natural barato ajuda a fortalecer e estimular os fios - Estado de Minas - Em foco","og_description":"\u00d3leo de r\u00edcino ajuda a fortalecer sobrancelhas ralas, melhorar a apar\u00eancia dos fios e estimular crescimento quando usado com const\u00e2ncia","og_url":"https:\/\/www.em.com.br\/emfoco\/2026\/03\/04\/adeus-sobrancelhas-ralas-este-oleo-natural-barato-ajuda-a-fortalecer-e-estimular-os-fios\/","og_site_name":"Estado de Minas - Em foco","article_published_time":"2026-03-04T20:05:00+00:00","article_modified_time":"2026-03-04T17:23:07+00:00","og_image":[{"width":2560,"height":1440,"url":"https:\/\/www.em.com.br\/emfoco\/wp-content\/uploads\/2026\/03\/X-14.jpg","type":"image\/jpeg"}],"author":"Elis Gabrielle Santos Souza","twitter_card":"summary_large_image","twitter_misc":{"Escrito por":"Elis Gabrielle Santos Souza","Est. tempo de leitura":"5 minutos"},"schema":{"@context":"https:\/\/schema.org","@graph":[{"@type":"WebPage","@id":"https:\/\/www.em.com.br\/emfoco\/2026\/03\/04\/adeus-sobrancelhas-ralas-este-oleo-natural-barato-ajuda-a-fortalecer-e-estimular-os-fios\/","url":"https:\/\/www.em.com.br\/emfoco\/2026\/03\/04\/adeus-sobrancelhas-ralas-este-oleo-natural-barato-ajuda-a-fortalecer-e-estimular-os-fios\/","name":"Adeus sobrancelhas ralas! Este \u00f3leo natural barato ajuda a fortalecer e estimular os fios - Estado de Minas - Em foco","isPartOf":{"@id":"https:\/\/www.em.com.br\/emfoco\/#website"},"primaryImageOfPage":{"@id":"https:\/\/www.em.com.br\/emfoco\/2026\/03\/04\/adeus-sobrancelhas-ralas-este-oleo-natural-barato-ajuda-a-fortalecer-e-estimular-os-fios\/#primaryimage"},"image":{"@id":"https:\/\/www.em.com.br\/emfoco\/2026\/03\/04\/adeus-sobrancelhas-ralas-este-oleo-natural-barato-ajuda-a-fortalecer-e-estimular-os-fios\/#primaryimage"},"thumbnailUrl":"https:\/\/www.em.com.br\/emfoco\/wp-content\/uploads\/2026\/03\/X-14.jpg","datePublished":"2026-03-04T20:05:00+00:00","dateModified":"2026-03-04T17:23:07+00:00","author":{"@id":"https:\/\/www.em.com.br\/emfoco\/#\/schema\/person\/0c545bffa944f9caa147d776b5f6f1f5"},"description":"\u00d3leo de r\u00edcino ajuda a fortalecer sobrancelhas ralas, melhorar a apar\u00eancia dos fios e estimular crescimento quando usado com const\u00e2ncia","breadcrumb":{"@id":"https:\/\/www.em.com.br\/emfoco\/2026\/03\/04\/adeus-sobrancelhas-ralas-este-oleo-natural-barato-ajuda-a-fortalecer-e-estimular-os-fios\/#breadcrumb"},"inLanguage":"pt-BR","potentialAction":[{"@type":"ReadAction","target":["https:\/\/www.em.com.br\/emfoco\/2026\/03\/04\/adeus-sobrancelhas-ralas-este-oleo-natural-barato-ajuda-a-fortalecer-e-estimular-os-fios\/"]}]},{"@type":"ImageObject","inLanguage":"pt-BR","@id":"https:\/\/www.em.com.br\/emfoco\/2026\/03\/04\/adeus-sobrancelhas-ralas-este-oleo-natural-barato-ajuda-a-fortalecer-e-estimular-os-fios\/#primaryimage","url":"https:\/\/www.em.com.br\/emfoco\/wp-content\/uploads\/2026\/03\/X-14.jpg","contentUrl":"https:\/\/www.em.com.br\/emfoco\/wp-content\/uploads\/2026\/03\/X-14.jpg","width":2560,"height":1440,"caption":"\u00d3leo de r\u00edcino ajuda a fortalecer fios"},{"@type":"BreadcrumbList","@id":"https:\/\/www.em.com.br\/emfoco\/2026\/03\/04\/adeus-sobrancelhas-ralas-este-oleo-natural-barato-ajuda-a-fortalecer-e-estimular-os-fios\/#breadcrumb","itemListElement":[{"@type":"ListItem","position":1,"name":"In\u00edcio","item":"https:\/\/www.em.com.br\/emfoco\/"},{"@type":"ListItem","position":2,"name":"Adeus sobrancelhas ralas! Este \u00f3leo natural barato ajuda a fortalecer e estimular os fios"}]},{"@type":"WebSite","@id":"https:\/\/www.em.com.br\/emfoco\/#website","url":"https:\/\/www.em.com.br\/emfoco\/","name":"Estado de Minas - Em foco","description":"Acompanhe as \u00faltimas not\u00edcias e fique bem informado sobre tudo o que acontece em Minas Gerais, Brasil e no mundo.","potentialAction":[{"@type":"SearchAction","target":{"@type":"EntryPoint","urlTemplate":"https:\/\/www.em.com.br\/emfoco\/?s={search_term_string}"},"query-input":{"@type":"PropertyValueSpecification","valueRequired":true,"valueName":"search_term_string"}}],"inLanguage":"pt-BR"},{"@type":"Person","@id":"https:\/\/www.em.com.br\/emfoco\/#\/schema\/person\/0c545bffa944f9caa147d776b5f6f1f5","name":"Elis Gabrielle Santos Souza","image":{"@type":"ImageObject","inLanguage":"pt-BR","@id":"https:\/\/www.em.com.br\/emfoco\/#\/schema\/person\/image\/","url":"https:\/\/secure.gravatar.com\/avatar\/1dc86c254cebb74d9c8a14da612c52db?s=96&d=mm&r=g","contentUrl":"https:\/\/secure.gravatar.com\/avatar\/1dc86c254cebb74d9c8a14da612c52db?s=96&d=mm&r=g","caption":"Elis Gabrielle Santos Souza"},"sameAs":["https:\/\/www.em.com.br\/emfoco"],"url":"https:\/\/www.em.com.br\/emfoco\/author\/elis-myth\/"}]}},"_links":{"self":[{"href":"https:\/\/www.em.com.br\/emfoco\/wp-json\/wp\/v2\/posts\/177287","targetHints":{"allow":["GET"]}}],"collection":[{"href":"https:\/\/www.em.com.br\/emfoco\/wp-json\/wp\/v2\/posts"}],"about":[{"href":"https:\/\/www.em.com.br\/emfoco\/wp-json\/wp\/v2\/types\/post"}],"author":[{"embeddable":true,"href":"https:\/\/www.em.com.br\/emfoco\/wp-json\/wp\/v2\/users\/28"}],"replies":[{"embeddable":true,"href":"https:\/\/www.em.com.br\/emfoco\/wp-json\/wp\/v2\/comments?post=177287"}],"version-history":[{"count":1,"href":"https:\/\/www.em.com.br\/emfoco\/wp-json\/wp\/v2\/posts\/177287\/revisions"}],"predecessor-version":[{"id":177325,"href":"https:\/\/www.em.com.br\/emfoco\/wp-json\/wp\/v2\/posts\/177287\/revisions\/177325"}],"wp:featuredmedia":[{"embeddable":true,"href":"https:\/\/www.em.com.br\/emfoco\/wp-json\/wp\/v2\/media\/177323"}],"wp:attachment":[{"href":"https:\/\/www.em.com.br\/emfoco\/wp-json\/wp\/v2\/media?parent=177287"}],"wp:term":[{"taxonomy":"category","embeddable":true,"href":"https:\/\/www.em.com.br\/emfoco\/wp-json\/wp\/v2\/categories?post=177287"},{"taxonomy":"post_tag","embeddable":true,"href":"https:\/\/www.em.com.br\/emfoco\/wp-json\/wp\/v2\/tags?post=177287"}],"curies":[{"name":"wp","href":"https:\/\/api.w.org\/{rel}","templated":true}]}}