{"id":177279,"date":"2026-03-04T16:55:00","date_gmt":"2026-03-04T19:55:00","guid":{"rendered":"https:\/\/www.em.com.br\/emfoco\/?p=177279"},"modified":"2026-03-04T14:03:30","modified_gmt":"2026-03-04T17:03:30","slug":"adeus-loiro-uniforme-a-tendencia-de-coloracao-que-mistura-tons-e-cria-efeito-sofisticado","status":"publish","type":"post","link":"https:\/\/www.em.com.br\/emfoco\/2026\/03\/04\/adeus-loiro-uniforme-a-tendencia-de-coloracao-que-mistura-tons-e-cria-efeito-sofisticado\/","title":{"rendered":"Adeus loiro uniforme! A tend\u00eancia de colora\u00e7\u00e3o que mistura tons e cria efeito sofisticado"},"content":{"rendered":"\n<p>A fase do <strong>loiro uniforme<\/strong> est\u00e1 perdendo espa\u00e7o para uma colora\u00e7\u00e3o que entrega <strong>profundidade<\/strong>, <strong>brilho inteligente<\/strong> e um acabamento muito mais <strong>elegante<\/strong>. O <strong>loiro dimensional<\/strong> mistura tons pr\u00f3ximos e estrat\u00e9gicos para criar <strong>contraste suave<\/strong>, corrigir a sensa\u00e7\u00e3o de cor chapada e valorizar o corte, o movimento e at\u00e9 a textura natural dos fios, resultando em um visual <strong>sofisticado<\/strong> e <strong>f\u00e1cil de manter<\/strong> no dia a dia.<\/p>\n\n\n\n<h2 class=\"wp-block-heading\">O que torna o loiro dimensional mais sofisticado do que o loiro uniforme?<\/h2>\n\n\n\n<p>O diferencial est\u00e1 na <strong>constru\u00e7\u00e3o de luz e sombra<\/strong>, como se o cabelo ganhasse camadas de luminosidade em pontos espec\u00edficos. Em vez de clarear tudo por igual, a t\u00e9cnica combina mechas em espessuras diferentes, <strong>tons frios e quentes<\/strong> na medida certa e uma <strong>raiz mais natural<\/strong>, criando um efeito visual de <strong>volume<\/strong> e <strong>leveza<\/strong>.<\/p>\n\n\n\n<p>Esse jogo de tonalidades tamb\u00e9m melhora a percep\u00e7\u00e3o de <strong><a href=\"https:\/\/www.em.com.br\/emfoco\/2026\/02\/07\/80-da-saude-do-cabelo-vem-de-dentro-o-que-o-intestino-tem-a-ver-com-fios-fortes\/\" target=\"_blank\" rel=\"noreferrer noopener\">sa\u00fade dos fios<\/a><\/strong>, porque o brilho se distribui melhor e o crescimento fica mais discreto. Para quem gosta de um resultado polido, mas sem rigidez, o <strong>loiro dimensional<\/strong> entrega um ar <strong>moderno<\/strong>, com apar\u00eancia <strong>mais cara<\/strong> e <strong>menos artificial<\/strong>.<\/p>\n\n\n\n<h2 class=\"wp-block-heading\">Quais t\u00e9cnicas de colora\u00e7\u00e3o criam o efeito dimensional no loiro?<\/h2>\n\n\n\n<p>Existem v\u00e1rias formas de alcan\u00e7ar <strong>dimens\u00e3o<\/strong>, e a escolha depende do tom de base, do hist\u00f3rico qu\u00edmico e do estilo desejado. O mais importante \u00e9 entender que as t\u00e9cnicas funcionam como ferramentas, elas podem ser combinadas para equilibrar <strong>claridade<\/strong>, <strong>contraste<\/strong> e <strong>suavidade<\/strong> no acabamento.<\/p>\n\n\n\n<p>Antes de decidir, vale conhecer as mais usadas e o que cada uma favorece no visual:<\/p>\n\n\n\n<ul class=\"wp-block-list\">\n<li><strong>Balayage:<\/strong> clareamento mais difuso, com <strong>transi\u00e7\u00e3o suave<\/strong>, ideal para um resultado <strong>natural<\/strong> e <strong>iluminado<\/strong><\/li>\n\n\n\n<li><strong>Babylights:<\/strong> mechas fin\u00edssimas que imitam <strong>reflexos delicados<\/strong>, \u00f3timas para <strong>brilho discreto<\/strong> e <strong>refinado<\/strong><\/li>\n\n\n\n<li><strong>Morena iluminada em vers\u00e3o loira:<\/strong> preserva mais profundidade na raiz e no comprimento, criando <strong>contraste elegante<\/strong><\/li>\n\n\n\n<li><strong>Shadow root:<\/strong> <strong>raiz esfumada<\/strong> para reduzir manuten\u00e7\u00e3o e deixar o loiro com acabamento <strong>mais harm\u00f4nico<\/strong><\/li>\n\n\n\n<li><strong>Money piece:<\/strong> ilumina\u00e7\u00e3o na frente para <strong>real\u00e7ar o rosto<\/strong>, equilibrando o conjunto com <strong>mais presen\u00e7a<\/strong><\/li>\n<\/ul>\n\n\n\n<figure class=\"wp-block-image size-large\"><img loading=\"lazy\" decoding=\"async\" width=\"1024\" height=\"576\" src=\"https:\/\/www.em.com.br\/emfoco\/wp-content\/uploads\/2026\/03\/X-13-1024x576.jpg\" alt=\"Adeus loiro uniforme! A tend\u00eancia de colora\u00e7\u00e3o que mistura tons e cria efeito sofisticado\" class=\"wp-image-177281\" srcset=\"https:\/\/www.em.com.br\/emfoco\/wp-content\/uploads\/2026\/03\/X-13-1024x576.jpg 1024w, https:\/\/www.em.com.br\/emfoco\/wp-content\/uploads\/2026\/03\/X-13-300x169.jpg 300w, https:\/\/www.em.com.br\/emfoco\/wp-content\/uploads\/2026\/03\/X-13-768x432.jpg 768w, https:\/\/www.em.com.br\/emfoco\/wp-content\/uploads\/2026\/03\/X-13-1536x864.jpg 1536w, https:\/\/www.em.com.br\/emfoco\/wp-content\/uploads\/2026\/03\/X-13-2048x1152.jpg 2048w, https:\/\/www.em.com.br\/emfoco\/wp-content\/uploads\/2026\/03\/X-13-750x422.jpg 750w, https:\/\/www.em.com.br\/emfoco\/wp-content\/uploads\/2026\/03\/X-13-1140x641.jpg 1140w\" sizes=\"auto, (max-width: 1024px) 100vw, 1024px\" \/><figcaption class=\"wp-element-caption\">Mistura de tons deixa o loiro mais sofisticado<\/figcaption><\/figure>\n\n\n\n<h2 class=\"wp-block-heading\">Como escolher os tons certos para um loiro dimensional harmonioso?<\/h2>\n\n\n\n<p>A <strong>harmonia de tons<\/strong> \u00e9 o que separa um loiro bonito de um loiro <strong>verdadeiramente sofisticado<\/strong>. Em geral, tons <strong>bege<\/strong>, <strong>areia<\/strong>, <strong>perolado<\/strong> e <strong>champagne<\/strong> criam uma <strong>eleg\u00e2ncia atemporal<\/strong>, enquanto toques <strong>dourados<\/strong> podem aquecer o visual, trazendo luminosidade sem pesar, quando aplicados com <strong>sutileza<\/strong>.<\/p>\n\n\n\n<p>Tamb\u00e9m \u00e9 essencial respeitar a base do cabelo e o objetivo do efeito. Um loiro muito frio em base quente pode exigir <strong>mais neutraliza\u00e7\u00e3o<\/strong> e <strong>mais manuten\u00e7\u00e3o<\/strong>, j\u00e1 uma mistura equilibrada tende a durar melhor. A constru\u00e7\u00e3o tonal deve priorizar <strong>transi\u00e7\u00f5es macias<\/strong>, evitando <strong>linhas marcadas<\/strong> e <strong>contrastes duros<\/strong>.<\/p>\n\n\n\n<h2 class=\"wp-block-heading\">Quais cuidados mant\u00eam o loiro dimensional bonito por mais tempo?<\/h2>\n\n\n\n<p>Como a proposta do <strong>loiro dimensional<\/strong> \u00e9 parecer <strong>natural<\/strong> e <strong>bem acabado<\/strong>, a <a href=\"https:\/\/www.saude.rj.gov.br\/viver-melhor\/noticias\/2017\/10\/cabelo-cabeleira-voce-sabe-como-cuidar-do-seu\" target=\"_blank\" rel=\"noreferrer noopener\"><strong>rotina de cuidados<\/strong><\/a> precisa proteger tanto a cor quanto a fibra capilar. O segredo n\u00e3o \u00e9 apenas matizar, e sim manter <strong>hidrata\u00e7\u00e3o<\/strong>, <strong>selagem<\/strong> e <strong>prote\u00e7\u00e3o t\u00e9rmica<\/strong> consistentes, para que o brilho apare\u00e7a e os tons n\u00e3o desbotem de forma irregular.<\/p>\n\n\n\n<p>Com alguns h\u00e1bitos simples, o resultado fica mais dur\u00e1vel e com apar\u00eancia <strong>mais saud\u00e1vel<\/strong>:<\/p>\n\n\n\n<ul class=\"wp-block-list\">\n<li><strong>Use shampoo e m\u00e1scara para cabelos coloridos:<\/strong> ajudam a reduzir <strong>desbotamento<\/strong> e manter o <strong>reflexo correto<\/strong><\/li>\n\n\n\n<li><strong>Matize com estrat\u00e9gia:<\/strong> produtos roxos ou azulados em excesso podem <strong>chumbar<\/strong>, use conforme a necessidade do tom<\/li>\n\n\n\n<li><strong>Invista em hidrata\u00e7\u00e3o e reconstru\u00e7\u00e3o:<\/strong> alternar tratamentos melhora <strong>toque<\/strong>, <strong>elasticidade<\/strong> e <strong>brilho<\/strong><\/li>\n\n\n\n<li><strong>Proteja do calor:<\/strong> protetor t\u00e9rmico antes de secador e chapinha evita <strong>opacidade<\/strong> e <strong>quebra<\/strong><\/li>\n\n\n\n<li><strong>Finalize com s\u00e9rum ou \u00f3leo leve:<\/strong> real\u00e7a a <strong>dimens\u00e3o<\/strong> e controla <strong>frizz<\/strong> sem pesar<\/li>\n<\/ul>\n\n\n\n<h2 class=\"wp-block-heading\">Por que essa tend\u00eancia combina com quem quer baixa manuten\u00e7\u00e3o e resultado moderno?<\/h2>\n\n\n\n<p>O <strong>loiro dimensional<\/strong> cresce melhor porque a raiz pode ser preservada ou esfumada, deixando o intervalo entre retoques mais confort\u00e1vel. Isso significa <strong>menos agress\u00e3o<\/strong> repetida, <strong>menos corre\u00e7\u00f5es<\/strong> e um visual que continua bonito mesmo com o passar das semanas, mantendo a sensa\u00e7\u00e3o de cor <strong>bem pensada<\/strong>.<\/p>\n\n\n\n<p>Al\u00e9m disso, a mistura de tons valoriza diferentes estilos, do mais cl\u00e1ssico ao mais fashion, porque se adapta ao corte e ao acabamento do cabelo. Para quem quer abandonar a cor uniforme e apostar em um <strong>loiro sofisticado<\/strong>, a <strong>dimens\u00e3o<\/strong> \u00e9 a escolha que equilibra <strong>impacto<\/strong>, <strong>naturalidade<\/strong> e <strong>eleg\u00e2ncia<\/strong>.<\/p>\n","protected":false},"excerpt":{"rendered":"<p>A fase do loiro uniforme est\u00e1 perdendo espa\u00e7o para uma colora\u00e7\u00e3o que entrega profundidade, brilho inteligente e um acabamento muito mais elegante. O loiro dimensional mistura tons pr\u00f3ximos e estrat\u00e9gicos para criar contraste suave, corrigir a sensa\u00e7\u00e3o de cor chapada e valorizar o corte, o movimento e at\u00e9 a textura natural dos fios, resultando em [&hellip;]<\/p>\n","protected":false},"author":28,"featured_media":177282,"comment_status":"open","ping_status":"open","sticky":false,"template":"","format":"standard","meta":{"jnews-multi-image_gallery":[],"jnews_single_post":{"format":"standard"},"jnews_primary_category":[],"jnews_social_meta":[],"jnews_override_counter":[],"footnotes":""},"categories":[8691],"tags":[25639,25637,25636,25638],"class_list":["post-177279","post","type-post","status-publish","format-standard","has-post-thumbnail","hentry","category-bem-estar","tag-babylights","tag-balayage-loiro","tag-loiro-dimensional","tag-shadow-root-loiro"],"yoast_head":"<!-- This site is optimized with the Yoast SEO plugin v23.8 - https:\/\/yoast.com\/wordpress\/plugins\/seo\/ -->\n<title>Adeus loiro uniforme! A tend\u00eancia de colora\u00e7\u00e3o que mistura tons e cria efeito sofisticado - Estado de Minas - Em foco<\/title>\n<meta name=\"description\" content=\"Loiro dimensional substitui o loiro uniforme com mistura de tons, brilho sofisticado e efeito natural que valoriza movimento e reduz retoques\" \/>\n<meta name=\"robots\" content=\"index, follow, max-snippet:-1, max-image-preview:large, max-video-preview:-1\" \/>\n<link rel=\"canonical\" href=\"https:\/\/www.em.com.br\/emfoco\/2026\/03\/04\/adeus-loiro-uniforme-a-tendencia-de-coloracao-que-mistura-tons-e-cria-efeito-sofisticado\/\" \/>\n<meta property=\"og:locale\" content=\"pt_BR\" \/>\n<meta property=\"og:type\" content=\"article\" \/>\n<meta property=\"og:title\" content=\"Adeus loiro uniforme! A tend\u00eancia de colora\u00e7\u00e3o que mistura tons e cria efeito sofisticado - Estado de Minas - Em foco\" \/>\n<meta property=\"og:description\" content=\"Loiro dimensional substitui o loiro uniforme com mistura de tons, brilho sofisticado e efeito natural que valoriza movimento e reduz retoques\" \/>\n<meta property=\"og:url\" content=\"https:\/\/www.em.com.br\/emfoco\/2026\/03\/04\/adeus-loiro-uniforme-a-tendencia-de-coloracao-que-mistura-tons-e-cria-efeito-sofisticado\/\" \/>\n<meta property=\"og:site_name\" content=\"Estado de Minas - Em foco\" \/>\n<meta property=\"article:published_time\" content=\"2026-03-04T19:55:00+00:00\" \/>\n<meta property=\"article:modified_time\" content=\"2026-03-04T17:03:30+00:00\" \/>\n<meta property=\"og:image\" content=\"https:\/\/www.em.com.br\/emfoco\/wp-content\/uploads\/2026\/03\/X-12.jpg\" \/>\n\t<meta property=\"og:image:width\" content=\"2560\" \/>\n\t<meta property=\"og:image:height\" content=\"1440\" \/>\n\t<meta property=\"og:image:type\" content=\"image\/jpeg\" \/>\n<meta name=\"author\" content=\"Elis Gabrielle Santos Souza\" \/>\n<meta name=\"twitter:card\" content=\"summary_large_image\" \/>\n<meta name=\"twitter:label1\" content=\"Escrito por\" \/>\n\t<meta name=\"twitter:data1\" content=\"Elis Gabrielle Santos Souza\" \/>\n\t<meta name=\"twitter:label2\" content=\"Est. tempo de leitura\" \/>\n\t<meta name=\"twitter:data2\" content=\"5 minutos\" \/>\n<!-- \/ Yoast SEO plugin. -->","yoast_head_json":{"title":"Adeus loiro uniforme! A tend\u00eancia de colora\u00e7\u00e3o que mistura tons e cria efeito sofisticado - Estado de Minas - Em foco","description":"Loiro dimensional substitui o loiro uniforme com mistura de tons, brilho sofisticado e efeito natural que valoriza movimento e reduz retoques","robots":{"index":"index","follow":"follow","max-snippet":"max-snippet:-1","max-image-preview":"max-image-preview:large","max-video-preview":"max-video-preview:-1"},"canonical":"https:\/\/www.em.com.br\/emfoco\/2026\/03\/04\/adeus-loiro-uniforme-a-tendencia-de-coloracao-que-mistura-tons-e-cria-efeito-sofisticado\/","og_locale":"pt_BR","og_type":"article","og_title":"Adeus loiro uniforme! A tend\u00eancia de colora\u00e7\u00e3o que mistura tons e cria efeito sofisticado - Estado de Minas - Em foco","og_description":"Loiro dimensional substitui o loiro uniforme com mistura de tons, brilho sofisticado e efeito natural que valoriza movimento e reduz retoques","og_url":"https:\/\/www.em.com.br\/emfoco\/2026\/03\/04\/adeus-loiro-uniforme-a-tendencia-de-coloracao-que-mistura-tons-e-cria-efeito-sofisticado\/","og_site_name":"Estado de Minas - Em foco","article_published_time":"2026-03-04T19:55:00+00:00","article_modified_time":"2026-03-04T17:03:30+00:00","og_image":[{"width":2560,"height":1440,"url":"https:\/\/www.em.com.br\/emfoco\/wp-content\/uploads\/2026\/03\/X-12.jpg","type":"image\/jpeg"}],"author":"Elis Gabrielle Santos Souza","twitter_card":"summary_large_image","twitter_misc":{"Escrito por":"Elis Gabrielle Santos Souza","Est. tempo de leitura":"5 minutos"},"schema":{"@context":"https:\/\/schema.org","@graph":[{"@type":"WebPage","@id":"https:\/\/www.em.com.br\/emfoco\/2026\/03\/04\/adeus-loiro-uniforme-a-tendencia-de-coloracao-que-mistura-tons-e-cria-efeito-sofisticado\/","url":"https:\/\/www.em.com.br\/emfoco\/2026\/03\/04\/adeus-loiro-uniforme-a-tendencia-de-coloracao-que-mistura-tons-e-cria-efeito-sofisticado\/","name":"Adeus loiro uniforme! A tend\u00eancia de colora\u00e7\u00e3o que mistura tons e cria efeito sofisticado - Estado de Minas - Em foco","isPartOf":{"@id":"https:\/\/www.em.com.br\/emfoco\/#website"},"primaryImageOfPage":{"@id":"https:\/\/www.em.com.br\/emfoco\/2026\/03\/04\/adeus-loiro-uniforme-a-tendencia-de-coloracao-que-mistura-tons-e-cria-efeito-sofisticado\/#primaryimage"},"image":{"@id":"https:\/\/www.em.com.br\/emfoco\/2026\/03\/04\/adeus-loiro-uniforme-a-tendencia-de-coloracao-que-mistura-tons-e-cria-efeito-sofisticado\/#primaryimage"},"thumbnailUrl":"https:\/\/www.em.com.br\/emfoco\/wp-content\/uploads\/2026\/03\/X-12.jpg","datePublished":"2026-03-04T19:55:00+00:00","dateModified":"2026-03-04T17:03:30+00:00","author":{"@id":"https:\/\/www.em.com.br\/emfoco\/#\/schema\/person\/0c545bffa944f9caa147d776b5f6f1f5"},"description":"Loiro dimensional substitui o loiro uniforme com mistura de tons, brilho sofisticado e efeito natural que valoriza movimento e reduz retoques","breadcrumb":{"@id":"https:\/\/www.em.com.br\/emfoco\/2026\/03\/04\/adeus-loiro-uniforme-a-tendencia-de-coloracao-que-mistura-tons-e-cria-efeito-sofisticado\/#breadcrumb"},"inLanguage":"pt-BR","potentialAction":[{"@type":"ReadAction","target":["https:\/\/www.em.com.br\/emfoco\/2026\/03\/04\/adeus-loiro-uniforme-a-tendencia-de-coloracao-que-mistura-tons-e-cria-efeito-sofisticado\/"]}]},{"@type":"ImageObject","inLanguage":"pt-BR","@id":"https:\/\/www.em.com.br\/emfoco\/2026\/03\/04\/adeus-loiro-uniforme-a-tendencia-de-coloracao-que-mistura-tons-e-cria-efeito-sofisticado\/#primaryimage","url":"https:\/\/www.em.com.br\/emfoco\/wp-content\/uploads\/2026\/03\/X-12.jpg","contentUrl":"https:\/\/www.em.com.br\/emfoco\/wp-content\/uploads\/2026\/03\/X-12.jpg","width":2560,"height":1440,"caption":"Loiro dimensional cria profundidade e brilho natural"},{"@type":"BreadcrumbList","@id":"https:\/\/www.em.com.br\/emfoco\/2026\/03\/04\/adeus-loiro-uniforme-a-tendencia-de-coloracao-que-mistura-tons-e-cria-efeito-sofisticado\/#breadcrumb","itemListElement":[{"@type":"ListItem","position":1,"name":"In\u00edcio","item":"https:\/\/www.em.com.br\/emfoco\/"},{"@type":"ListItem","position":2,"name":"Adeus loiro uniforme! A tend\u00eancia de colora\u00e7\u00e3o que mistura tons e cria efeito sofisticado"}]},{"@type":"WebSite","@id":"https:\/\/www.em.com.br\/emfoco\/#website","url":"https:\/\/www.em.com.br\/emfoco\/","name":"Estado de Minas - Em foco","description":"Acompanhe as \u00faltimas not\u00edcias e fique bem informado sobre tudo o que acontece em Minas Gerais, Brasil e no mundo.","potentialAction":[{"@type":"SearchAction","target":{"@type":"EntryPoint","urlTemplate":"https:\/\/www.em.com.br\/emfoco\/?s={search_term_string}"},"query-input":{"@type":"PropertyValueSpecification","valueRequired":true,"valueName":"search_term_string"}}],"inLanguage":"pt-BR"},{"@type":"Person","@id":"https:\/\/www.em.com.br\/emfoco\/#\/schema\/person\/0c545bffa944f9caa147d776b5f6f1f5","name":"Elis Gabrielle Santos Souza","image":{"@type":"ImageObject","inLanguage":"pt-BR","@id":"https:\/\/www.em.com.br\/emfoco\/#\/schema\/person\/image\/","url":"https:\/\/secure.gravatar.com\/avatar\/1dc86c254cebb74d9c8a14da612c52db?s=96&d=mm&r=g","contentUrl":"https:\/\/secure.gravatar.com\/avatar\/1dc86c254cebb74d9c8a14da612c52db?s=96&d=mm&r=g","caption":"Elis Gabrielle Santos Souza"},"sameAs":["https:\/\/www.em.com.br\/emfoco"],"url":"https:\/\/www.em.com.br\/emfoco\/author\/elis-myth\/"}]}},"_links":{"self":[{"href":"https:\/\/www.em.com.br\/emfoco\/wp-json\/wp\/v2\/posts\/177279","targetHints":{"allow":["GET"]}}],"collection":[{"href":"https:\/\/www.em.com.br\/emfoco\/wp-json\/wp\/v2\/posts"}],"about":[{"href":"https:\/\/www.em.com.br\/emfoco\/wp-json\/wp\/v2\/types\/post"}],"author":[{"embeddable":true,"href":"https:\/\/www.em.com.br\/emfoco\/wp-json\/wp\/v2\/users\/28"}],"replies":[{"embeddable":true,"href":"https:\/\/www.em.com.br\/emfoco\/wp-json\/wp\/v2\/comments?post=177279"}],"version-history":[{"count":1,"href":"https:\/\/www.em.com.br\/emfoco\/wp-json\/wp\/v2\/posts\/177279\/revisions"}],"predecessor-version":[{"id":177286,"href":"https:\/\/www.em.com.br\/emfoco\/wp-json\/wp\/v2\/posts\/177279\/revisions\/177286"}],"wp:featuredmedia":[{"embeddable":true,"href":"https:\/\/www.em.com.br\/emfoco\/wp-json\/wp\/v2\/media\/177282"}],"wp:attachment":[{"href":"https:\/\/www.em.com.br\/emfoco\/wp-json\/wp\/v2\/media?parent=177279"}],"wp:term":[{"taxonomy":"category","embeddable":true,"href":"https:\/\/www.em.com.br\/emfoco\/wp-json\/wp\/v2\/categories?post=177279"},{"taxonomy":"post_tag","embeddable":true,"href":"https:\/\/www.em.com.br\/emfoco\/wp-json\/wp\/v2\/tags?post=177279"}],"curies":[{"name":"wp","href":"https:\/\/api.w.org\/{rel}","templated":true}]}}