{"id":177176,"date":"2026-03-08T21:45:00","date_gmt":"2026-03-09T00:45:00","guid":{"rendered":"https:\/\/www.em.com.br\/emfoco\/?p=177176"},"modified":"2026-03-07T21:00:10","modified_gmt":"2026-03-08T00:00:10","slug":"salario-minimo-de-r-2-407-ja-esta-valendo-e-muitos-trabalhadores-podem-ter-direito-sem-saber","status":"publish","type":"post","link":"https:\/\/www.em.com.br\/emfoco\/2026\/03\/08\/salario-minimo-de-r-2-407-ja-esta-valendo-e-muitos-trabalhadores-podem-ter-direito-sem-saber\/","title":{"rendered":"Sal\u00e1rio m\u00ednimo de R$ 2.407 j\u00e1 est\u00e1 valendo e muitos trabalhadores podem ter direito sem saber"},"content":{"rendered":"\n<p>O novo sal\u00e1rio m\u00ednimo regional do <strong>Paran\u00e1 <\/strong>chama aten\u00e7\u00e3o por superar com folga o piso nacional e por j\u00e1 estar em vigor desde o in\u00edcio de 2026. A medida, registrada em resolu\u00e7\u00e3o estadual e divulgada em janeiro, estabelece quatro faixas salariais que organizam o rendimento m\u00ednimo de diferentes grupos profissionais, tendo como maior valor <strong>R$ 2.407,90 <\/strong>para trabalhadores com fun\u00e7\u00f5es t\u00e9cnicas de n\u00edvel m\u00e9dio.<\/p>\n\n\n\n<h2 class=\"wp-block-heading\">O que \u00e9 o sal\u00e1rio m\u00ednimo regional de R$ 2.407 no Paran\u00e1<\/h2>\n\n\n\n<p>A express\u00e3o&nbsp;<strong>sal\u00e1rio m\u00ednimo de R$ 2.407<\/strong>&nbsp;no Paran\u00e1 se refere ao piso regional da&nbsp;<strong>faixa IV<\/strong>, destinado a ocupa\u00e7\u00f5es classificadas como t\u00e9cnicas de n\u00edvel m\u00e9dio. Esse valor, de R$ 2.407,90, \u00e9 o limite superior entre os pisos estaduais aprovados para o per\u00edodo de 1\u00ba de janeiro a 31 de dezembro de 2026.<\/p>\n\n\n\n<p>Ao ultrapassar o valor nacional, o piso regional funciona como uma camada extra de prote\u00e7\u00e3o para categorias sem sal\u00e1rio definido em lei federal, acordo ou conven\u00e7\u00e3o coletiva. O c\u00e1lculo considerou o&nbsp;<a href=\"https:\/\/www.em.com.br\/emfoco\/2025\/03\/14\/impacto-do-inpc-em-2025-ameaca-reajustes-salariais-e-beneficios-sociais\/\" target=\"_blank\" rel=\"noreferrer noopener\"><strong>INPC<\/strong>&nbsp;<\/a>e par\u00e2metros da legisla\u00e7\u00e3o estadual, buscando preservar o poder de compra diante da infla\u00e7\u00e3o recente.<\/p>\n\n\n\n<figure class=\"wp-block-image size-large\"><img loading=\"lazy\" decoding=\"async\" width=\"1024\" height=\"576\" src=\"https:\/\/www.em.com.br\/emfoco\/wp-content\/uploads\/2026\/03\/2-18-1024x576.jpg\" alt=\"Sal\u00e1rio m\u00ednimo de R$ 2.407 j\u00e1 est\u00e1 valendo e muitos trabalhadores podem ter direito sem saber\" class=\"wp-image-177327\" srcset=\"https:\/\/www.em.com.br\/emfoco\/wp-content\/uploads\/2026\/03\/2-18-1024x576.jpg 1024w, https:\/\/www.em.com.br\/emfoco\/wp-content\/uploads\/2026\/03\/2-18-300x169.jpg 300w, https:\/\/www.em.com.br\/emfoco\/wp-content\/uploads\/2026\/03\/2-18-768x432.jpg 768w, https:\/\/www.em.com.br\/emfoco\/wp-content\/uploads\/2026\/03\/2-18-750x422.jpg 750w, https:\/\/www.em.com.br\/emfoco\/wp-content\/uploads\/2026\/03\/2-18-1140x641.jpg 1140w, https:\/\/www.em.com.br\/emfoco\/wp-content\/uploads\/2026\/03\/2-18.jpg 1280w\" sizes=\"auto, (max-width: 1024px) 100vw, 1024px\" \/><figcaption class=\"wp-element-caption\">Valor de dois mil quatrocentos e sete reais atende t\u00e9cnicos m\u00e9dios<\/figcaption><\/figure>\n\n\n\n<h2 class=\"wp-block-heading\">Quem tem direito ao sal\u00e1rio m\u00ednimo de R$ 2.407 no Paran\u00e1<\/h2>\n\n\n\n<p>Nem todos os trabalhadores do Paran\u00e1 recebem o&nbsp;<strong>sal\u00e1rio m\u00ednimo de R$ 2.407<\/strong>. Esse valor est\u00e1 vinculado exclusivamente ao&nbsp;<strong>Grupo IV<\/strong>, que inclui&nbsp;<strong>t\u00e9cnicos de n\u00edvel m\u00e9dio<\/strong>&nbsp;(Grande Grupo 3 da&nbsp;<em>Classifica\u00e7\u00e3o Brasileira de Ocupa\u00e7\u00f5es \u2013 CBO<\/em>) e&nbsp;<strong><a href=\"https:\/\/www.registrocivil.org.br\/\" target=\"_blank\" rel=\"noreferrer noopener\">Registradores Civis de Pessoas Naturais<\/a><\/strong>, com remunera\u00e7\u00e3o m\u00ednima de R$ 2.407,90 (R$ 10,94 por hora).<\/p>\n\n\n\n<p>Para ficar mais claro, os trabalhadores foram distribu\u00eddos em quatro grupos, cada um com um piso pr\u00f3prio, considerando o tipo de atividade, o n\u00edvel de qualifica\u00e7\u00e3o e o enquadramento na CBO. Esses valores se aplicam apenas \u00e0s categorias que&nbsp;<strong>n\u00e3o possuem piso definido<\/strong>&nbsp;em normas federais, conven\u00e7\u00f5es coletivas ou acordos espec\u00edficos.<\/p>\n\n\n\n<h2 class=\"wp-block-heading\">Quais s\u00e3o os valores das quatro faixas do piso regional do Paran\u00e1<\/h2>\n\n\n\n<p>A estrutura dos pisos regionais no Paran\u00e1 \u00e9 organizada em quatro grupos, cobrindo desde atividades agropecu\u00e1rias at\u00e9 fun\u00e7\u00f5es t\u00e9cnicas de n\u00edvel m\u00e9dio. Essa divis\u00e3o permite que cada segmento tenha um valor m\u00ednimo mais compat\u00edvel com suas responsabilidades e qualifica\u00e7\u00e3o.<\/p>\n\n\n\n<p>Veja como ficam os grupos e seus respectivos valores, j\u00e1 com o c\u00e1lculo do valor-hora para facilitar a compara\u00e7\u00e3o entre diferentes jornadas de trabalho:<\/p>\n\n\n\n<ul class=\"wp-block-list\">\n<li><strong>Grupo I \u2013 R$ 2.105,34<\/strong>&nbsp;(R$ 9,57\/hora): trabalhadores agropecu\u00e1rios, florestais e da pesca.<\/li>\n\n\n\n<li><strong>Grupo II \u2013 R$ 2.181,63<\/strong>&nbsp;(R$ 9,92\/hora): servi\u00e7os administrativos, servi\u00e7os em geral, vendedores em lojas e mercados, e profissionais de repara\u00e7\u00e3o e manuten\u00e7\u00e3o.<\/li>\n\n\n\n<li><strong>Grupo III \u2013 R$ 2.250,04<\/strong>&nbsp;(R$ 10,23\/hora): trabalhadores da produ\u00e7\u00e3o de bens e servi\u00e7os industriais.<\/li>\n\n\n\n<li><strong>Grupo IV \u2013 R$ 2.407,90<\/strong>&nbsp;(R$ 10,94\/hora): t\u00e9cnicos de n\u00edvel m\u00e9dio e registradores civis de pessoas naturais.<\/li>\n<\/ul>\n\n\n\n<h2 class=\"wp-block-heading\">Como o sal\u00e1rio m\u00ednimo regional impacta trabalhadores e empresas<\/h2>\n\n\n\n<p>O piso regional de&nbsp;<strong>R$ 2.407<\/strong>&nbsp;influencia diretamente a folha de pagamento das empresas e a renda dos profissionais enquadrados no Grupo IV. Para o trabalhador, significa um sal\u00e1rio de entrada acima do m\u00ednimo nacional; para o empregador, representa custo maior em compara\u00e7\u00e3o ao cen\u00e1rio em que s\u00f3 o sal\u00e1rio m\u00ednimo federal seria aplicado.<\/p>\n\n\n\n<p>Esse piso tamb\u00e9m serve de&nbsp;<strong>patamar de refer\u00eancia<\/strong>&nbsp;em negocia\u00e7\u00f5es coletivas, concursos p\u00fablicos estaduais de menor complexidade e contrata\u00e7\u00f5es sem acordo espec\u00edfico. Em muitos casos, ele puxa para cima faixas salariais intermedi\u00e1rias e estimula a formaliza\u00e7\u00e3o, tornando a remunera\u00e7\u00e3o mais alinhada ao custo de vida local.<\/p>\n\n\n\n<figure class=\"wp-block-image size-large\"><img loading=\"lazy\" decoding=\"async\" width=\"1024\" height=\"576\" src=\"https:\/\/www.em.com.br\/emfoco\/wp-content\/uploads\/2026\/03\/1-20-1024x576.jpg\" alt=\"Sal\u00e1rio m\u00ednimo de R$ 2.407 j\u00e1 est\u00e1 valendo e muitos trabalhadores podem ter direito sem saber\" class=\"wp-image-177326\" srcset=\"https:\/\/www.em.com.br\/emfoco\/wp-content\/uploads\/2026\/03\/1-20-1024x576.jpg 1024w, https:\/\/www.em.com.br\/emfoco\/wp-content\/uploads\/2026\/03\/1-20-300x169.jpg 300w, https:\/\/www.em.com.br\/emfoco\/wp-content\/uploads\/2026\/03\/1-20-768x432.jpg 768w, https:\/\/www.em.com.br\/emfoco\/wp-content\/uploads\/2026\/03\/1-20-750x422.jpg 750w, https:\/\/www.em.com.br\/emfoco\/wp-content\/uploads\/2026\/03\/1-20-1140x641.jpg 1140w, https:\/\/www.em.com.br\/emfoco\/wp-content\/uploads\/2026\/03\/1-20.jpg 1280w\" sizes=\"auto, (max-width: 1024px) 100vw, 1024px\" \/><figcaption class=\"wp-element-caption\">Piso elevado protege o poder de compra e influencia negocia\u00e7\u00f5es coletivas locais<\/figcaption><\/figure>\n\n\n\n<h2 class=\"wp-block-heading\">O piso de R$ 2.407 pode mudar em 2026 e o que voc\u00ea deve fazer agora<\/h2>\n\n\n\n<p>A norma que instituiu o sal\u00e1rio m\u00ednimo regional paranaense em 2026 prev\u00ea a possibilidade de&nbsp;<strong>revis\u00e3o dos valores<\/strong>&nbsp;caso o sal\u00e1rio m\u00ednimo nacional seja alterado ao longo do ano. Nessa hip\u00f3tese, o Conselho Estadual do Trabalho, Emprego e Renda poder\u00e1 reavaliar os pisos para manter, aumentar ou reduzir a diferen\u00e7a em rela\u00e7\u00e3o ao piso federal.<\/p>\n\n\n\n<p>Enquanto isso, o valor de&nbsp;<strong>R$ 2.407,90<\/strong>&nbsp;permanece como refer\u00eancia m\u00e1xima entre os pisos regionais do Paran\u00e1, garantindo a t\u00e9cnicos de n\u00edvel m\u00e9dio e registradores civis um rendimento m\u00ednimo acima da m\u00e9dia nacional. Se voc\u00ea \u00e9 trabalhador, confirme hoje mesmo seu enquadramento na CBO e cobre o piso correto; se \u00e9 empregador, revise urgentemente sua tabela salarial para evitar passivos trabalhistas e assegurar o cumprimento da lei.<\/p>\n","protected":false},"excerpt":{"rendered":"<p>O novo sal\u00e1rio m\u00ednimo regional do Paran\u00e1 chama aten\u00e7\u00e3o por superar com folga o piso nacional e por j\u00e1 estar em vigor desde o in\u00edcio de 2026. A medida, registrada em resolu\u00e7\u00e3o estadual e divulgada em janeiro, estabelece quatro faixas salariais que organizam o rendimento m\u00ednimo de diferentes grupos profissionais, tendo como maior valor R$ [&hellip;]<\/p>\n","protected":false},"author":13,"featured_media":177328,"comment_status":"open","ping_status":"open","sticky":false,"template":"","format":"standard","meta":{"jnews-multi-image_gallery":[],"jnews_single_post":{"format":"standard"},"jnews_primary_category":[],"jnews_social_meta":[],"jnews_override_counter":[],"footnotes":""},"categories":[28],"tags":[1209,717],"class_list":["post-177176","post","type-post","status-publish","format-standard","has-post-thumbnail","hentry","category-economia","tag-parana","tag-salario-minimo"],"yoast_head":"<!-- This site is optimized with the Yoast SEO plugin v23.8 - https:\/\/yoast.com\/wordpress\/plugins\/seo\/ -->\n<title>Sal\u00e1rio m\u00ednimo de R$ 2.407 j\u00e1 est\u00e1 valendo e muitos trabalhadores podem ter direito sem saber - Estado de Minas - Em foco<\/title>\n<meta name=\"description\" content=\"Novo sal\u00e1rio m\u00ednimo regional chega a R$ 2.407 em 2026 e pode beneficiar trabalhadores de v\u00e1rias profiss\u00f5es. Veja quem tem direito.\" \/>\n<meta name=\"robots\" content=\"index, follow, max-snippet:-1, max-image-preview:large, max-video-preview:-1\" \/>\n<link rel=\"canonical\" href=\"https:\/\/www.em.com.br\/emfoco\/2026\/03\/08\/salario-minimo-de-r-2-407-ja-esta-valendo-e-muitos-trabalhadores-podem-ter-direito-sem-saber\/\" \/>\n<meta property=\"og:locale\" content=\"pt_BR\" \/>\n<meta property=\"og:type\" content=\"article\" \/>\n<meta property=\"og:title\" content=\"Sal\u00e1rio m\u00ednimo de R$ 2.407 j\u00e1 est\u00e1 valendo e muitos trabalhadores podem ter direito sem saber - Estado de Minas - Em foco\" \/>\n<meta property=\"og:description\" content=\"Novo sal\u00e1rio m\u00ednimo regional chega a R$ 2.407 em 2026 e pode beneficiar trabalhadores de v\u00e1rias profiss\u00f5es. Veja quem tem direito.\" \/>\n<meta property=\"og:url\" content=\"https:\/\/www.em.com.br\/emfoco\/2026\/03\/08\/salario-minimo-de-r-2-407-ja-esta-valendo-e-muitos-trabalhadores-podem-ter-direito-sem-saber\/\" \/>\n<meta property=\"og:site_name\" content=\"Estado de Minas - Em foco\" \/>\n<meta property=\"article:published_time\" content=\"2026-03-09T00:45:00+00:00\" \/>\n<meta property=\"article:modified_time\" content=\"2026-03-08T00:00:10+00:00\" \/>\n<meta property=\"og:image\" content=\"https:\/\/www.em.com.br\/emfoco\/wp-content\/uploads\/2026\/03\/3-18.jpg\" \/>\n\t<meta property=\"og:image:width\" content=\"1280\" \/>\n\t<meta property=\"og:image:height\" content=\"720\" \/>\n\t<meta property=\"og:image:type\" content=\"image\/jpeg\" \/>\n<meta name=\"author\" content=\"Gabriel Martins\" \/>\n<meta name=\"twitter:card\" content=\"summary_large_image\" \/>\n<meta name=\"twitter:label1\" content=\"Escrito por\" \/>\n\t<meta name=\"twitter:data1\" content=\"Gabriel Martins\" \/>\n\t<meta name=\"twitter:label2\" content=\"Est. tempo de leitura\" \/>\n\t<meta name=\"twitter:data2\" content=\"5 minutos\" \/>\n<!-- \/ Yoast SEO plugin. -->","yoast_head_json":{"title":"Sal\u00e1rio m\u00ednimo de R$ 2.407 j\u00e1 est\u00e1 valendo e muitos trabalhadores podem ter direito sem saber - Estado de Minas - Em foco","description":"Novo sal\u00e1rio m\u00ednimo regional chega a R$ 2.407 em 2026 e pode beneficiar trabalhadores de v\u00e1rias profiss\u00f5es. Veja quem tem direito.","robots":{"index":"index","follow":"follow","max-snippet":"max-snippet:-1","max-image-preview":"max-image-preview:large","max-video-preview":"max-video-preview:-1"},"canonical":"https:\/\/www.em.com.br\/emfoco\/2026\/03\/08\/salario-minimo-de-r-2-407-ja-esta-valendo-e-muitos-trabalhadores-podem-ter-direito-sem-saber\/","og_locale":"pt_BR","og_type":"article","og_title":"Sal\u00e1rio m\u00ednimo de R$ 2.407 j\u00e1 est\u00e1 valendo e muitos trabalhadores podem ter direito sem saber - Estado de Minas - Em foco","og_description":"Novo sal\u00e1rio m\u00ednimo regional chega a R$ 2.407 em 2026 e pode beneficiar trabalhadores de v\u00e1rias profiss\u00f5es. Veja quem tem direito.","og_url":"https:\/\/www.em.com.br\/emfoco\/2026\/03\/08\/salario-minimo-de-r-2-407-ja-esta-valendo-e-muitos-trabalhadores-podem-ter-direito-sem-saber\/","og_site_name":"Estado de Minas - Em foco","article_published_time":"2026-03-09T00:45:00+00:00","article_modified_time":"2026-03-08T00:00:10+00:00","og_image":[{"width":1280,"height":720,"url":"https:\/\/www.em.com.br\/emfoco\/wp-content\/uploads\/2026\/03\/3-18.jpg","type":"image\/jpeg"}],"author":"Gabriel Martins","twitter_card":"summary_large_image","twitter_misc":{"Escrito por":"Gabriel Martins","Est. tempo de leitura":"5 minutos"},"schema":{"@context":"https:\/\/schema.org","@graph":[{"@type":"WebPage","@id":"https:\/\/www.em.com.br\/emfoco\/2026\/03\/08\/salario-minimo-de-r-2-407-ja-esta-valendo-e-muitos-trabalhadores-podem-ter-direito-sem-saber\/","url":"https:\/\/www.em.com.br\/emfoco\/2026\/03\/08\/salario-minimo-de-r-2-407-ja-esta-valendo-e-muitos-trabalhadores-podem-ter-direito-sem-saber\/","name":"Sal\u00e1rio m\u00ednimo de R$ 2.407 j\u00e1 est\u00e1 valendo e muitos trabalhadores podem ter direito sem saber - Estado de Minas - Em foco","isPartOf":{"@id":"https:\/\/www.em.com.br\/emfoco\/#website"},"primaryImageOfPage":{"@id":"https:\/\/www.em.com.br\/emfoco\/2026\/03\/08\/salario-minimo-de-r-2-407-ja-esta-valendo-e-muitos-trabalhadores-podem-ter-direito-sem-saber\/#primaryimage"},"image":{"@id":"https:\/\/www.em.com.br\/emfoco\/2026\/03\/08\/salario-minimo-de-r-2-407-ja-esta-valendo-e-muitos-trabalhadores-podem-ter-direito-sem-saber\/#primaryimage"},"thumbnailUrl":"https:\/\/www.em.com.br\/emfoco\/wp-content\/uploads\/2026\/03\/3-18.jpg","datePublished":"2026-03-09T00:45:00+00:00","dateModified":"2026-03-08T00:00:10+00:00","author":{"@id":"https:\/\/www.em.com.br\/emfoco\/#\/schema\/person\/1c9ddeab18b98abeffef834667bcf08a"},"description":"Novo sal\u00e1rio m\u00ednimo regional chega a R$ 2.407 em 2026 e pode beneficiar trabalhadores de v\u00e1rias profiss\u00f5es. Veja quem tem direito.","breadcrumb":{"@id":"https:\/\/www.em.com.br\/emfoco\/2026\/03\/08\/salario-minimo-de-r-2-407-ja-esta-valendo-e-muitos-trabalhadores-podem-ter-direito-sem-saber\/#breadcrumb"},"inLanguage":"pt-BR","potentialAction":[{"@type":"ReadAction","target":["https:\/\/www.em.com.br\/emfoco\/2026\/03\/08\/salario-minimo-de-r-2-407-ja-esta-valendo-e-muitos-trabalhadores-podem-ter-direito-sem-saber\/"]}]},{"@type":"ImageObject","inLanguage":"pt-BR","@id":"https:\/\/www.em.com.br\/emfoco\/2026\/03\/08\/salario-minimo-de-r-2-407-ja-esta-valendo-e-muitos-trabalhadores-podem-ter-direito-sem-saber\/#primaryimage","url":"https:\/\/www.em.com.br\/emfoco\/wp-content\/uploads\/2026\/03\/3-18.jpg","contentUrl":"https:\/\/www.em.com.br\/emfoco\/wp-content\/uploads\/2026\/03\/3-18.jpg","width":1280,"height":720,"caption":"Piso regional do Paran\u00e1 em 2026 supera o valor do sal\u00e1rio nacional"},{"@type":"BreadcrumbList","@id":"https:\/\/www.em.com.br\/emfoco\/2026\/03\/08\/salario-minimo-de-r-2-407-ja-esta-valendo-e-muitos-trabalhadores-podem-ter-direito-sem-saber\/#breadcrumb","itemListElement":[{"@type":"ListItem","position":1,"name":"In\u00edcio","item":"https:\/\/www.em.com.br\/emfoco\/"},{"@type":"ListItem","position":2,"name":"Sal\u00e1rio m\u00ednimo de R$ 2.407 j\u00e1 est\u00e1 valendo e muitos trabalhadores podem ter direito sem saber"}]},{"@type":"WebSite","@id":"https:\/\/www.em.com.br\/emfoco\/#website","url":"https:\/\/www.em.com.br\/emfoco\/","name":"Estado de Minas - Em foco","description":"Acompanhe as \u00faltimas not\u00edcias e fique bem informado sobre tudo o que acontece em Minas Gerais, Brasil e no mundo.","potentialAction":[{"@type":"SearchAction","target":{"@type":"EntryPoint","urlTemplate":"https:\/\/www.em.com.br\/emfoco\/?s={search_term_string}"},"query-input":{"@type":"PropertyValueSpecification","valueRequired":true,"valueName":"search_term_string"}}],"inLanguage":"pt-BR"},{"@type":"Person","@id":"https:\/\/www.em.com.br\/emfoco\/#\/schema\/person\/1c9ddeab18b98abeffef834667bcf08a","name":"Gabriel Martins","image":{"@type":"ImageObject","inLanguage":"pt-BR","@id":"https:\/\/www.em.com.br\/emfoco\/#\/schema\/person\/image\/","url":"https:\/\/secure.gravatar.com\/avatar\/f0f1e2efdfd88f1ad2cb08c5c2731e50?s=96&d=mm&r=g","contentUrl":"https:\/\/secure.gravatar.com\/avatar\/f0f1e2efdfd88f1ad2cb08c5c2731e50?s=96&d=mm&r=g","caption":"Gabriel Martins"},"sameAs":["https:\/\/www.em.com.br\/emfoco\/"],"url":"https:\/\/www.em.com.br\/emfoco\/author\/gabrielmartinsmyth\/"}]}},"_links":{"self":[{"href":"https:\/\/www.em.com.br\/emfoco\/wp-json\/wp\/v2\/posts\/177176","targetHints":{"allow":["GET"]}}],"collection":[{"href":"https:\/\/www.em.com.br\/emfoco\/wp-json\/wp\/v2\/posts"}],"about":[{"href":"https:\/\/www.em.com.br\/emfoco\/wp-json\/wp\/v2\/types\/post"}],"author":[{"embeddable":true,"href":"https:\/\/www.em.com.br\/emfoco\/wp-json\/wp\/v2\/users\/13"}],"replies":[{"embeddable":true,"href":"https:\/\/www.em.com.br\/emfoco\/wp-json\/wp\/v2\/comments?post=177176"}],"version-history":[{"count":3,"href":"https:\/\/www.em.com.br\/emfoco\/wp-json\/wp\/v2\/posts\/177176\/revisions"}],"predecessor-version":[{"id":179104,"href":"https:\/\/www.em.com.br\/emfoco\/wp-json\/wp\/v2\/posts\/177176\/revisions\/179104"}],"wp:featuredmedia":[{"embeddable":true,"href":"https:\/\/www.em.com.br\/emfoco\/wp-json\/wp\/v2\/media\/177328"}],"wp:attachment":[{"href":"https:\/\/www.em.com.br\/emfoco\/wp-json\/wp\/v2\/media?parent=177176"}],"wp:term":[{"taxonomy":"category","embeddable":true,"href":"https:\/\/www.em.com.br\/emfoco\/wp-json\/wp\/v2\/categories?post=177176"},{"taxonomy":"post_tag","embeddable":true,"href":"https:\/\/www.em.com.br\/emfoco\/wp-json\/wp\/v2\/tags?post=177176"}],"curies":[{"name":"wp","href":"https:\/\/api.w.org\/{rel}","templated":true}]}}