{"id":177174,"date":"2026-03-08T20:25:00","date_gmt":"2026-03-08T23:25:00","guid":{"rendered":"https:\/\/www.em.com.br\/emfoco\/?p=177174"},"modified":"2026-03-07T21:00:06","modified_gmt":"2026-03-08T00:00:06","slug":"pessoas-que-moram-sozinhas-podem-ter-acesso-a-esses-beneficios-sem-saber-e-reduzir-despesas-basicas","status":"publish","type":"post","link":"https:\/\/www.em.com.br\/emfoco\/2026\/03\/08\/pessoas-que-moram-sozinhas-podem-ter-acesso-a-esses-beneficios-sem-saber-e-reduzir-despesas-basicas\/","title":{"rendered":"Pessoas que moram sozinhas podem ter acesso a esses benef\u00edcios sem saber e reduzir despesas b\u00e1sicas"},"content":{"rendered":"\n<p>Em 2026, morar sozinho no <strong>Brasil <\/strong>deixou de ser exce\u00e7\u00e3o e se tornou parte da rotina de milh\u00f5es de pessoas: trabalhadores que mudaram de cidade, idosos que preferem seguir em suas casas, pessoas separadas e jovens come\u00e7ando a vida independente. Quando s\u00f3 uma pessoa assume todas as despesas do domic\u00edlio, cada recurso dispon\u00edvel pesa mais no or\u00e7amento, e benef\u00edcios sociais, descontos em tarifas e programas habitacionais passam a ser decisivos para manter as contas em dia e garantir um m\u00ednimo de seguran\u00e7a financeira.<\/p>\n\n\n\n<h2 class=\"wp-block-heading\">O que \u00e9 fam\u00edlia unipessoal no Cadastro \u00danico em 2026<\/h2>\n\n\n\n<p>Para a administra\u00e7\u00e3o p\u00fablica, fam\u00edlia unipessoal \u00e9 aquela em que apenas uma pessoa aparece como moradora de determinado endere\u00e7o no <strong>Cadastro \u00danico<\/strong>. O sistema entende que n\u00e3o h\u00e1 c\u00f4njuge, filhos, parentes ou qualquer outra pessoa compartilhando renda e despesas no mesmo domic\u00edlio para fins de pol\u00edticas sociais.<\/p>\n\n\n\n<p>Como n\u00e3o existe divis\u00e3o de renda entre v\u00e1rios integrantes, o valor mensal recebido por essa pessoa \u00e9, ao mesmo tempo, renda total e renda per capita. Isso pode facilitar o enquadramento em programas voltados \u00e0 <strong><a href=\"https:\/\/www.em.com.br\/emfoco\/2026\/02\/22\/brasileiros-de-baixa-renda-de-15-a-29-anos-podem-garantir-meia-entrada-em-jogos-shows-e-viagens-gratuitas-entre-estados\/\" target=\"_blank\" rel=\"noreferrer noopener\">baixa renda<\/a><\/strong>, mas tamb\u00e9m torna qualquer mudan\u00e7a financeira mais sens\u00edvel, exigindo aten\u00e7\u00e3o constante \u00e0s informa\u00e7\u00f5es declaradas.<\/p>\n\n\n\n<figure class=\"wp-block-image size-large\"><img loading=\"lazy\" decoding=\"async\" width=\"1024\" height=\"576\" src=\"https:\/\/www.em.com.br\/emfoco\/wp-content\/uploads\/2026\/03\/4-18-1024x576.jpg\" alt=\"Pessoas que moram sozinhas podem ter acesso a esses benef\u00edcios sem saber e reduzir despesas b\u00e1sicas\" class=\"wp-image-177329\" srcset=\"https:\/\/www.em.com.br\/emfoco\/wp-content\/uploads\/2026\/03\/4-18-1024x576.jpg 1024w, https:\/\/www.em.com.br\/emfoco\/wp-content\/uploads\/2026\/03\/4-18-300x169.jpg 300w, https:\/\/www.em.com.br\/emfoco\/wp-content\/uploads\/2026\/03\/4-18-768x432.jpg 768w, https:\/\/www.em.com.br\/emfoco\/wp-content\/uploads\/2026\/03\/4-18-750x422.jpg 750w, https:\/\/www.em.com.br\/emfoco\/wp-content\/uploads\/2026\/03\/4-18-1140x641.jpg 1140w, https:\/\/www.em.com.br\/emfoco\/wp-content\/uploads\/2026\/03\/4-18.jpg 1280w\" sizes=\"auto, (max-width: 1024px) 100vw, 1024px\" \/><figcaption class=\"wp-element-caption\">Fam\u00edlia unipessoal no Cadastro \u00danico representa pessoa que reside sem companhia<\/figcaption><\/figure>\n\n\n\n<h2 class=\"wp-block-heading\">Quem mora sozinho pode receber Bolsa Fam\u00edlia em 2026<\/h2>\n\n\n\n<p>O Bolsa Fam\u00edlia para quem mora sozinho continua previsto em 2026, com an\u00e1lise baseada diretamente na renda mensal dessa pessoa. Como n\u00e3o h\u00e1 outros membros na fam\u00edlia, todo o foco recai sobre o que entra na conta ou \u00e9 recebido em esp\u00e9cie ao longo do m\u00eas, seja por trabalho formal, bicos, pens\u00e3o ou benef\u00edcio previdenci\u00e1rio.<\/p>\n\n\n\n<p>Para a fam\u00edlia unipessoal permanecer no programa, alguns cuidados s\u00e3o decisivos e podem evitar bloqueios, cortes inesperados ou revis\u00f5es mais r\u00edgidas ao longo do ano:<\/p>\n\n\n\n<ul class=\"wp-block-list\">\n<li>Manter a renda dentro da faixa definida para ingresso e continuidade no Bolsa Fam\u00edlia;<\/li>\n\n\n\n<li>Garantir que o registro no Cadastro \u00danico esteja ativo, sem dados antigos ou incompletos;<\/li>\n\n\n\n<li>Fornecer endere\u00e7o, telefone e outros contatos atualizados para n\u00e3o perder avisos oficiais;<\/li>\n\n\n\n<li>Comparecer a revis\u00f5es cadastrais e entrevistas quando convocada pelo munic\u00edpio ou governo federal.<\/li>\n<\/ul>\n\n\n\n<h2 class=\"wp-block-heading\">Quais descontos ajudam quem mora sozinho na conta de luz e no g\u00e1s<\/h2>\n\n\n\n<p>Al\u00e9m da transfer\u00eancia direta de renda, moradores solos podem contar com mecanismos que reduzem o valor das contas b\u00e1sicas. A Tarifa Social de Energia El\u00e9trica e o Aux\u00edlio G\u00e1s s\u00e3o benef\u00edcios voltados a fam\u00edlias de baixa renda, nos quais a fam\u00edlia unipessoal tamb\u00e9m pode se enquadrar, desde que cumpra os crit\u00e9rios exigidos.<\/p>\n\n\n\n<p>No caso da <strong>Tarifa Social<\/strong>, o desconto \u00e9 aplicado na fatura de energia da unidade consumidora cadastrada como baixa renda. J\u00e1 o <strong>Aux\u00edlio G\u00e1s<\/strong> \u00e9 voltado \u00e0 compra do botij\u00e3o de g\u00e1s de cozinha, com sele\u00e7\u00e3o geralmente automatizada a partir dos dados do Cad\u00danico, dando prioridade \u00e0s fam\u00edlias mais vulner\u00e1veis, incluindo benefici\u00e1rios do Bolsa Fam\u00edlia e do BPC.<\/p>\n\n\n\n<p>Confira o v\u00eddeo compartilhado pelo canal do YouTube <strong><a href=\"https:\/\/www.youtube.com\/@CanaldoJEFINHOadv\" target=\"_blank\" rel=\"noreferrer noopener\">Canal do JEFINHO<\/a><\/strong> falando sobre fam\u00edlias unipessoais que poder\u00e3o receber visita do CRAS e manter os benef\u00edcios ativos.<\/p>\n\n\n\n<figure class=\"wp-block-embed is-type-video is-provider-youtube wp-block-embed-youtube wp-embed-aspect-16-9 wp-has-aspect-ratio\"><div class=\"wp-block-embed__wrapper\">\n<div class=\"jeg_video_container jeg_video_content\"><iframe loading=\"lazy\" title=\"UNIPESSOAL: QUEM S\u00c3O OS UNIPESSOAIS QUE RECEBER\u00c3O A VISITA DO CRAS E CONTINUAR NO BOLSA FAM\u00cdLIA?\" width=\"500\" height=\"281\" src=\"https:\/\/www.youtube.com\/embed\/-NKcF7G2nbU?feature=oembed\" frameborder=\"0\" allow=\"accelerometer; autoplay; clipboard-write; encrypted-media; gyroscope; picture-in-picture; web-share\" referrerpolicy=\"strict-origin-when-cross-origin\" allowfullscreen><\/iframe><\/div>\n<\/div><\/figure>\n\n\n\n<h2 class=\"wp-block-heading\">Pessoa que mora sozinha pode participar do Minha Casa Minha Vida<\/h2>\n\n\n\n<p>O <strong>Minha Casa Minha Vida<\/strong> continua acess\u00edvel em 2026 para quem mora sozinho, especialmente nas faixas destinadas \u00e0 popula\u00e7\u00e3o de menor renda. A fam\u00edlia unipessoal pode se inscrever em processos conduzidos por prefeituras, governos estaduais ou institui\u00e7\u00f5es financeiras, desde que esteja dentro dos limites de renda e atenda aos crit\u00e9rios locais.<\/p>\n\n\n\n<p>Fatores como viver em \u00e1rea de risco, morar em habita\u00e7\u00e3o inadequada, ter longa perman\u00eancia no munic\u00edpio ou conviver com defici\u00eancia na fam\u00edlia podem influenciar a prioridade na fila. Por isso, \u00e9 essencial acompanhar editais oficiais, guardar documentos organizados e manter sempre atualizado o cadastro de interesse em programas habitacionais.<\/p>\n\n\n\n<h2 class=\"wp-block-heading\">Como manter benef\u00edcios sociais ativos morando sozinho em 2026<\/h2>\n\n\n\n<p>Em 2026, o uso intenso de sistemas eletr\u00f4nicos e cruzamentos de bases de dados tornou a atualiza\u00e7\u00e3o de informa\u00e7\u00f5es uma etapa central para qualquer benefici\u00e1rio, em especial para a fam\u00edlia unipessoal. Quando apenas um CPF responde por toda a renda do domic\u00edlio, qualquer altera\u00e7\u00e3o pode gerar d\u00favidas na an\u00e1lise autom\u00e1tica e resultar em bloqueios tempor\u00e1rios at\u00e9 que a situa\u00e7\u00e3o seja esclarecida.<\/p>\n\n\n\n<p>Se voc\u00ea mora sozinho, n\u00e3o espere seu benef\u00edcio ser bloqueado para agir: procure o setor do Cadastro \u00danico do seu munic\u00edpio, confirme se seus dados est\u00e3o corretos e acompanhe com frequ\u00eancia os aplicativos e sites oficiais. Atualize renda, endere\u00e7o e telefone hoje mesmo, antes de perder prazos, e garanta que nenhum aux\u00edlio essencial para o seu m\u00eas seja interrompido por falta de informa\u00e7\u00e3o atualizada.<\/p>\n","protected":false},"excerpt":{"rendered":"<p>Em 2026, morar sozinho no Brasil deixou de ser exce\u00e7\u00e3o e se tornou parte da rotina de milh\u00f5es de pessoas: trabalhadores que mudaram de cidade, idosos que preferem seguir em suas casas, pessoas separadas e jovens come\u00e7ando a vida independente. Quando s\u00f3 uma pessoa assume todas as despesas do domic\u00edlio, cada recurso dispon\u00edvel pesa mais [&hellip;]<\/p>\n","protected":false},"author":13,"featured_media":177330,"comment_status":"open","ping_status":"open","sticky":false,"template":"","format":"standard","meta":{"jnews-multi-image_gallery":[],"jnews_single_post":{"format":"standard"},"jnews_primary_category":[],"jnews_social_meta":[],"jnews_override_counter":[],"footnotes":""},"categories":[28],"tags":[986,209,656,10641],"class_list":["post-177174","post","type-post","status-publish","format-standard","has-post-thumbnail","hentry","category-economia","tag-beneficios-sociais","tag-bolsa-familia","tag-cadastro-unico","tag-morar-sozinho"],"yoast_head":"<!-- This site is optimized with the Yoast SEO plugin v23.8 - https:\/\/yoast.com\/wordpress\/plugins\/seo\/ -->\n<title>Pessoas que moram sozinhas podem ter acesso a esses benef\u00edcios sem saber e reduzir despesas b\u00e1sicas - Estado de Minas - Em foco<\/title>\n<meta name=\"description\" content=\"Quem mora sozinho pode ter acesso \u00e0 Bolsa Fam\u00edlia, desconto na conta de luz e outros benef\u00edcios sociais. Veja como funciona.\" \/>\n<meta name=\"robots\" content=\"index, follow, max-snippet:-1, max-image-preview:large, max-video-preview:-1\" \/>\n<link rel=\"canonical\" href=\"https:\/\/www.em.com.br\/emfoco\/2026\/03\/08\/pessoas-que-moram-sozinhas-podem-ter-acesso-a-esses-beneficios-sem-saber-e-reduzir-despesas-basicas\/\" \/>\n<meta property=\"og:locale\" content=\"pt_BR\" \/>\n<meta property=\"og:type\" content=\"article\" \/>\n<meta property=\"og:title\" content=\"Pessoas que moram sozinhas podem ter acesso a esses benef\u00edcios sem saber e reduzir despesas b\u00e1sicas - Estado de Minas - Em foco\" \/>\n<meta property=\"og:description\" content=\"Quem mora sozinho pode ter acesso \u00e0 Bolsa Fam\u00edlia, desconto na conta de luz e outros benef\u00edcios sociais. Veja como funciona.\" \/>\n<meta property=\"og:url\" content=\"https:\/\/www.em.com.br\/emfoco\/2026\/03\/08\/pessoas-que-moram-sozinhas-podem-ter-acesso-a-esses-beneficios-sem-saber-e-reduzir-despesas-basicas\/\" \/>\n<meta property=\"og:site_name\" content=\"Estado de Minas - Em foco\" \/>\n<meta property=\"article:published_time\" content=\"2026-03-08T23:25:00+00:00\" \/>\n<meta property=\"article:modified_time\" content=\"2026-03-08T00:00:06+00:00\" \/>\n<meta property=\"og:image\" content=\"https:\/\/www.em.com.br\/emfoco\/wp-content\/uploads\/2026\/03\/5-17.jpg\" \/>\n\t<meta property=\"og:image:width\" content=\"1280\" \/>\n\t<meta property=\"og:image:height\" content=\"720\" \/>\n\t<meta property=\"og:image:type\" content=\"image\/jpeg\" \/>\n<meta name=\"author\" content=\"Gabriel Martins\" \/>\n<meta name=\"twitter:card\" content=\"summary_large_image\" \/>\n<meta name=\"twitter:label1\" content=\"Escrito por\" \/>\n\t<meta name=\"twitter:data1\" content=\"Gabriel Martins\" \/>\n\t<meta name=\"twitter:label2\" content=\"Est. tempo de leitura\" \/>\n\t<meta name=\"twitter:data2\" content=\"5 minutos\" \/>\n<!-- \/ Yoast SEO plugin. -->","yoast_head_json":{"title":"Pessoas que moram sozinhas podem ter acesso a esses benef\u00edcios sem saber e reduzir despesas b\u00e1sicas - Estado de Minas - Em foco","description":"Quem mora sozinho pode ter acesso \u00e0 Bolsa Fam\u00edlia, desconto na conta de luz e outros benef\u00edcios sociais. Veja como funciona.","robots":{"index":"index","follow":"follow","max-snippet":"max-snippet:-1","max-image-preview":"max-image-preview:large","max-video-preview":"max-video-preview:-1"},"canonical":"https:\/\/www.em.com.br\/emfoco\/2026\/03\/08\/pessoas-que-moram-sozinhas-podem-ter-acesso-a-esses-beneficios-sem-saber-e-reduzir-despesas-basicas\/","og_locale":"pt_BR","og_type":"article","og_title":"Pessoas que moram sozinhas podem ter acesso a esses benef\u00edcios sem saber e reduzir despesas b\u00e1sicas - Estado de Minas - Em foco","og_description":"Quem mora sozinho pode ter acesso \u00e0 Bolsa Fam\u00edlia, desconto na conta de luz e outros benef\u00edcios sociais. Veja como funciona.","og_url":"https:\/\/www.em.com.br\/emfoco\/2026\/03\/08\/pessoas-que-moram-sozinhas-podem-ter-acesso-a-esses-beneficios-sem-saber-e-reduzir-despesas-basicas\/","og_site_name":"Estado de Minas - Em foco","article_published_time":"2026-03-08T23:25:00+00:00","article_modified_time":"2026-03-08T00:00:06+00:00","og_image":[{"width":1280,"height":720,"url":"https:\/\/www.em.com.br\/emfoco\/wp-content\/uploads\/2026\/03\/5-17.jpg","type":"image\/jpeg"}],"author":"Gabriel Martins","twitter_card":"summary_large_image","twitter_misc":{"Escrito por":"Gabriel Martins","Est. tempo de leitura":"5 minutos"},"schema":{"@context":"https:\/\/schema.org","@graph":[{"@type":"WebPage","@id":"https:\/\/www.em.com.br\/emfoco\/2026\/03\/08\/pessoas-que-moram-sozinhas-podem-ter-acesso-a-esses-beneficios-sem-saber-e-reduzir-despesas-basicas\/","url":"https:\/\/www.em.com.br\/emfoco\/2026\/03\/08\/pessoas-que-moram-sozinhas-podem-ter-acesso-a-esses-beneficios-sem-saber-e-reduzir-despesas-basicas\/","name":"Pessoas que moram sozinhas podem ter acesso a esses benef\u00edcios sem saber e reduzir despesas b\u00e1sicas - Estado de Minas - Em foco","isPartOf":{"@id":"https:\/\/www.em.com.br\/emfoco\/#website"},"primaryImageOfPage":{"@id":"https:\/\/www.em.com.br\/emfoco\/2026\/03\/08\/pessoas-que-moram-sozinhas-podem-ter-acesso-a-esses-beneficios-sem-saber-e-reduzir-despesas-basicas\/#primaryimage"},"image":{"@id":"https:\/\/www.em.com.br\/emfoco\/2026\/03\/08\/pessoas-que-moram-sozinhas-podem-ter-acesso-a-esses-beneficios-sem-saber-e-reduzir-despesas-basicas\/#primaryimage"},"thumbnailUrl":"https:\/\/www.em.com.br\/emfoco\/wp-content\/uploads\/2026\/03\/5-17.jpg","datePublished":"2026-03-08T23:25:00+00:00","dateModified":"2026-03-08T00:00:06+00:00","author":{"@id":"https:\/\/www.em.com.br\/emfoco\/#\/schema\/person\/1c9ddeab18b98abeffef834667bcf08a"},"description":"Quem mora sozinho pode ter acesso \u00e0 Bolsa Fam\u00edlia, desconto na conta de luz e outros benef\u00edcios sociais. Veja como funciona.","breadcrumb":{"@id":"https:\/\/www.em.com.br\/emfoco\/2026\/03\/08\/pessoas-que-moram-sozinhas-podem-ter-acesso-a-esses-beneficios-sem-saber-e-reduzir-despesas-basicas\/#breadcrumb"},"inLanguage":"pt-BR","potentialAction":[{"@type":"ReadAction","target":["https:\/\/www.em.com.br\/emfoco\/2026\/03\/08\/pessoas-que-moram-sozinhas-podem-ter-acesso-a-esses-beneficios-sem-saber-e-reduzir-despesas-basicas\/"]}]},{"@type":"ImageObject","inLanguage":"pt-BR","@id":"https:\/\/www.em.com.br\/emfoco\/2026\/03\/08\/pessoas-que-moram-sozinhas-podem-ter-acesso-a-esses-beneficios-sem-saber-e-reduzir-despesas-basicas\/#primaryimage","url":"https:\/\/www.em.com.br\/emfoco\/wp-content\/uploads\/2026\/03\/5-17.jpg","contentUrl":"https:\/\/www.em.com.br\/emfoco\/wp-content\/uploads\/2026\/03\/5-17.jpg","width":1280,"height":720,"caption":"Cresce o n\u00famero de brasileiros que moram sozinhos e buscam aux\u00edlio"},{"@type":"BreadcrumbList","@id":"https:\/\/www.em.com.br\/emfoco\/2026\/03\/08\/pessoas-que-moram-sozinhas-podem-ter-acesso-a-esses-beneficios-sem-saber-e-reduzir-despesas-basicas\/#breadcrumb","itemListElement":[{"@type":"ListItem","position":1,"name":"In\u00edcio","item":"https:\/\/www.em.com.br\/emfoco\/"},{"@type":"ListItem","position":2,"name":"Pessoas que moram sozinhas podem ter acesso a esses benef\u00edcios sem saber e reduzir despesas b\u00e1sicas"}]},{"@type":"WebSite","@id":"https:\/\/www.em.com.br\/emfoco\/#website","url":"https:\/\/www.em.com.br\/emfoco\/","name":"Estado de Minas - Em foco","description":"Acompanhe as \u00faltimas not\u00edcias e fique bem informado sobre tudo o que acontece em Minas Gerais, Brasil e no mundo.","potentialAction":[{"@type":"SearchAction","target":{"@type":"EntryPoint","urlTemplate":"https:\/\/www.em.com.br\/emfoco\/?s={search_term_string}"},"query-input":{"@type":"PropertyValueSpecification","valueRequired":true,"valueName":"search_term_string"}}],"inLanguage":"pt-BR"},{"@type":"Person","@id":"https:\/\/www.em.com.br\/emfoco\/#\/schema\/person\/1c9ddeab18b98abeffef834667bcf08a","name":"Gabriel Martins","image":{"@type":"ImageObject","inLanguage":"pt-BR","@id":"https:\/\/www.em.com.br\/emfoco\/#\/schema\/person\/image\/","url":"https:\/\/secure.gravatar.com\/avatar\/f0f1e2efdfd88f1ad2cb08c5c2731e50?s=96&d=mm&r=g","contentUrl":"https:\/\/secure.gravatar.com\/avatar\/f0f1e2efdfd88f1ad2cb08c5c2731e50?s=96&d=mm&r=g","caption":"Gabriel Martins"},"sameAs":["https:\/\/www.em.com.br\/emfoco\/"],"url":"https:\/\/www.em.com.br\/emfoco\/author\/gabrielmartinsmyth\/"}]}},"_links":{"self":[{"href":"https:\/\/www.em.com.br\/emfoco\/wp-json\/wp\/v2\/posts\/177174","targetHints":{"allow":["GET"]}}],"collection":[{"href":"https:\/\/www.em.com.br\/emfoco\/wp-json\/wp\/v2\/posts"}],"about":[{"href":"https:\/\/www.em.com.br\/emfoco\/wp-json\/wp\/v2\/types\/post"}],"author":[{"embeddable":true,"href":"https:\/\/www.em.com.br\/emfoco\/wp-json\/wp\/v2\/users\/13"}],"replies":[{"embeddable":true,"href":"https:\/\/www.em.com.br\/emfoco\/wp-json\/wp\/v2\/comments?post=177174"}],"version-history":[{"count":3,"href":"https:\/\/www.em.com.br\/emfoco\/wp-json\/wp\/v2\/posts\/177174\/revisions"}],"predecessor-version":[{"id":179103,"href":"https:\/\/www.em.com.br\/emfoco\/wp-json\/wp\/v2\/posts\/177174\/revisions\/179103"}],"wp:featuredmedia":[{"embeddable":true,"href":"https:\/\/www.em.com.br\/emfoco\/wp-json\/wp\/v2\/media\/177330"}],"wp:attachment":[{"href":"https:\/\/www.em.com.br\/emfoco\/wp-json\/wp\/v2\/media?parent=177174"}],"wp:term":[{"taxonomy":"category","embeddable":true,"href":"https:\/\/www.em.com.br\/emfoco\/wp-json\/wp\/v2\/categories?post=177174"},{"taxonomy":"post_tag","embeddable":true,"href":"https:\/\/www.em.com.br\/emfoco\/wp-json\/wp\/v2\/tags?post=177174"}],"curies":[{"name":"wp","href":"https:\/\/api.w.org\/{rel}","templated":true}]}}