{"id":177172,"date":"2026-03-08T18:45:00","date_gmt":"2026-03-08T21:45:00","guid":{"rendered":"https:\/\/www.em.com.br\/emfoco\/?p=177172"},"modified":"2026-03-07T20:58:15","modified_gmt":"2026-03-07T23:58:15","slug":"funcionaria-perde-emprego-apos-manipulacao-de-valores-no-caixa-de-banco-e-decisao-e-mantida-pela-justica","status":"publish","type":"post","link":"https:\/\/www.em.com.br\/emfoco\/2026\/03\/08\/funcionaria-perde-emprego-apos-manipulacao-de-valores-no-caixa-de-banco-e-decisao-e-mantida-pela-justica\/","title":{"rendered":"Funcion\u00e1ria perde emprego ap\u00f3s manipula\u00e7\u00e3o de valores no caixa de banco e decis\u00e3o \u00e9 mantida pela Justi\u00e7a"},"content":{"rendered":"\n<p>O caso da funcion\u00e1ria do<strong> CaixaBank <\/strong>dispensada ap\u00f3s irregularidades no manuseio de numer\u00e1rio reacende uma quest\u00e3o central no direito do trabalho: at\u00e9 que ponto a demiss\u00e3o por justa causa por quebra de boa-f\u00e9 contratual \u00e9 leg\u00edtima, especialmente em fun\u00e7\u00f5es banc\u00e1rias que exigem elevado grau de confian\u00e7a e controle rigoroso sobre valores e opera\u00e7\u00f5es.<\/p>\n\n\n\n<h2 class=\"wp-block-heading\">O que est\u00e1 em jogo na demiss\u00e3o por justa causa por quebra de boa-f\u00e9 contratual<\/h2>\n\n\n\n<p>A \u201cjusta causa\u201d \u00e9 uma situa\u00e7\u00e3o em que o empregador encerra o contrato de trabalho por condutas consideradas graves do empregado. No setor banc\u00e1rio, o contato com dinheiro, dados sens\u00edveis e patrim\u00f4nio de terceiros torna a <strong><a href=\"https:\/\/www.em.com.br\/emfoco\/2026\/03\/03\/apos-3-anos-na-empresa-funcionaria-e-demitida-por-sair-1-minuto-antes-do-fim-do-turno\/\" target=\"_blank\" rel=\"noreferrer noopener\">boa-f\u00e9<\/a><\/strong> contratual ainda mais rigorosa e indispens\u00e1vel.<\/p>\n\n\n\n<p>No caso da funcion\u00e1ria do CaixaBank, o tribunal entendeu que houve apropria\u00e7\u00e3o indevida de valores e manipula\u00e7\u00e3o do caixa. Esses comportamentos romperam a confian\u00e7a necess\u00e1ria entre banco e empregado, indo al\u00e9m de um simples erro isolado e configurando viola\u00e7\u00e3o s\u00e9ria da lealdade profissional.<\/p>\n\n\n\n<figure class=\"wp-block-image size-large\"><img loading=\"lazy\" decoding=\"async\" width=\"1024\" height=\"576\" src=\"https:\/\/www.em.com.br\/emfoco\/wp-content\/uploads\/2026\/03\/5-16-1024x576.jpg\" alt=\"Funcion\u00e1ria perde emprego ap\u00f3s manipula\u00e7\u00e3o de valores no caixa de banco e decis\u00e3o \u00e9 mantida pela Justi\u00e7a\" class=\"wp-image-177311\" srcset=\"https:\/\/www.em.com.br\/emfoco\/wp-content\/uploads\/2026\/03\/5-16-1024x576.jpg 1024w, https:\/\/www.em.com.br\/emfoco\/wp-content\/uploads\/2026\/03\/5-16-300x169.jpg 300w, https:\/\/www.em.com.br\/emfoco\/wp-content\/uploads\/2026\/03\/5-16-768x432.jpg 768w, https:\/\/www.em.com.br\/emfoco\/wp-content\/uploads\/2026\/03\/5-16-750x422.jpg 750w, https:\/\/www.em.com.br\/emfoco\/wp-content\/uploads\/2026\/03\/5-16-1140x641.jpg 1140w, https:\/\/www.em.com.br\/emfoco\/wp-content\/uploads\/2026\/03\/5-16.jpg 1280w\" sizes=\"auto, (max-width: 1024px) 100vw, 1024px\" \/><figcaption class=\"wp-element-caption\">Quebra de confian\u00e7a justifica a rescis\u00e3o imediata em fun\u00e7\u00f5es de alta responsabilidade<\/figcaption><\/figure>\n\n\n\n<h2 class=\"wp-block-heading\">A demiss\u00e3o da funcion\u00e1ria do CaixaBank foi justificada judicialmente<\/h2>\n\n\n\n<p>O <strong>Tribunal Superior de Justi\u00e7a da Cant\u00e1bria<\/strong> considerou v\u00e1lida a demiss\u00e3o por justa causa, confirmando a decis\u00e3o de primeira inst\u00e2ncia. A combina\u00e7\u00e3o de cobran\u00e7a em duplicidade, reten\u00e7\u00e3o de excedente, retirada de notas de 50 euros e oculta\u00e7\u00e3o dos fatos at\u00e9 a queixa de uma cliente foi vista como quebra grave da boa-f\u00e9 contratual.<\/p>\n\n\n\n<p>Os magistrados tamb\u00e9m avaliaram se havia pr\u00e1tica tolerada pela empresa ou ci\u00eancia pr\u00e9via dos superiores, afastando essa hip\u00f3tese por falta de prova de toler\u00e2ncia reiterada. Assim, a dispensa foi mantida como demiss\u00e3o disciplinar proporcional \u00e0 gravidade dos fatos, sem direito a indeniza\u00e7\u00e3o.<\/p>\n\n\n\n<h2 class=\"wp-block-heading\">Como os tribunais avaliam a justa causa por quebra de confian\u00e7a<\/h2>\n\n\n\n<p>Tribunais trabalhistas analisam n\u00e3o s\u00f3 o ato pontual, mas tamb\u00e9m o contexto, a fun\u00e7\u00e3o exercida, o impacto econ\u00f4mico e a viabilidade de continuidade da rela\u00e7\u00e3o. No caso <strong><a href=\"https:\/\/www.caixabank.es\/particular\/home\/particulares_es.html\" target=\"_blank\" rel=\"noreferrer noopener\">CaixaBank<\/a><\/strong>, discrep\u00e2ncias de caixa em meses anteriores, que cessaram ap\u00f3s a sa\u00edda da funcion\u00e1ria, foram consideradas ind\u00edcio relevante de conduta dolosa.<\/p>\n\n\n\n<p>Nessa avalia\u00e7\u00e3o, alguns crit\u00e9rios costumam orientar a decis\u00e3o judicial, servindo como refer\u00eancia tanto para trabalhadores quanto para empresas ao analisarem riscos de justa causa:<\/p>\n\n\n\n<ul class=\"wp-block-list\">\n<li><strong>Gravidade da conduta<\/strong>: risco ao patrim\u00f4nio, imagem ou seguran\u00e7a da empresa ou de clientes.<\/li>\n\n\n\n<li><strong>Reitera\u00e7\u00e3o ou padr\u00e3o<\/strong>: se foi fato isolado ou repetido ao longo do tempo.<\/li>\n\n\n\n<li><strong>Inten\u00e7\u00e3o<\/strong>: exist\u00eancia de dolo (vontade de obter vantagem) ou erro meramente culposo.<\/li>\n\n\n\n<li><strong>Fun\u00e7\u00e3o ocupada<\/strong>: cargos de confian\u00e7a e fun\u00e7\u00f5es sens\u00edveis recebem an\u00e1lise mais rigorosa.<\/li>\n\n\n\n<li><strong>Alternativas de san\u00e7\u00e3o<\/strong>: possibilidade de advert\u00eancia ou suspens\u00e3o em vez de ruptura imediata.<\/li>\n<\/ul>\n\n\n\n<h2 class=\"wp-block-heading\">Como funcionam prazo, provas e direitos na demiss\u00e3o disciplinar<\/h2>\n\n\n\n<p>Um ponto central do processo foi o prazo prescricional para aplicar a demiss\u00e3o disciplinar. A ex-funcion\u00e1ria argumentou demora excessiva entre a primeira reclama\u00e7\u00e3o e a dispensa, mas o tribunal entendeu que, em casos de oculta\u00e7\u00e3o e viola\u00e7\u00e3o de boa-f\u00e9, o prazo come\u00e7a quando a empresa tem conhecimento completo e preciso dos fatos, o que s\u00f3 ocorreu ap\u00f3s a auditoria interna.<\/p>\n\n\n\n<p>Quanto \u00e0s provas, a trabalhadora contestou as imagens que supostamente mostravam a coloca\u00e7\u00e3o de notas de 50 euros na bolsa, alegando limita\u00e7\u00f5es t\u00e9cnicas. O tribunal destacou que a valora\u00e7\u00e3o da prova cabe ao ju\u00edzo de primeira inst\u00e2ncia e que v\u00eddeos e fotografias n\u00e3o servem, em recurso, para reabrir a discuss\u00e3o f\u00e1tica j\u00e1 fixada, mantendo a demiss\u00e3o disciplinar sem direito a indeniza\u00e7\u00e3o.<\/p>\n\n\n\n<figure class=\"wp-block-image size-large\"><img loading=\"lazy\" decoding=\"async\" width=\"1024\" height=\"576\" src=\"https:\/\/www.em.com.br\/emfoco\/wp-content\/uploads\/2026\/03\/4-17-1024x576.jpg\" alt=\"Funcion\u00e1ria perde emprego ap\u00f3s manipula\u00e7\u00e3o de valores no caixa de banco e decis\u00e3o \u00e9 mantida pela Justi\u00e7a\" class=\"wp-image-177310\" srcset=\"https:\/\/www.em.com.br\/emfoco\/wp-content\/uploads\/2026\/03\/4-17-1024x576.jpg 1024w, https:\/\/www.em.com.br\/emfoco\/wp-content\/uploads\/2026\/03\/4-17-300x169.jpg 300w, https:\/\/www.em.com.br\/emfoco\/wp-content\/uploads\/2026\/03\/4-17-768x432.jpg 768w, https:\/\/www.em.com.br\/emfoco\/wp-content\/uploads\/2026\/03\/4-17-750x422.jpg 750w, https:\/\/www.em.com.br\/emfoco\/wp-content\/uploads\/2026\/03\/4-17-1140x641.jpg 1140w, https:\/\/www.em.com.br\/emfoco\/wp-content\/uploads\/2026\/03\/4-17.jpg 1280w\" sizes=\"auto, (max-width: 1024px) 100vw, 1024px\" \/><figcaption class=\"wp-element-caption\">Prazo para aplicar puni\u00e7\u00e3o come\u00e7a ap\u00f3s a empresa ter ci\u00eancia dos fatos<\/figcaption><\/figure>\n\n\n\n<h2 class=\"wp-block-heading\">Quais li\u00e7\u00f5es o caso CaixaBank traz para trabalhadores e empresas<\/h2>\n\n\n\n<p>O desfecho do caso CaixaBank mostra que, em atividades com manuseio de numer\u00e1rio, acesso a sistemas internos e contato direto com o p\u00fablico, a boa-f\u00e9 contratual e a lealdade s\u00e3o inegoci\u00e1veis. Irregularidades financeiras, mesmo de valor aparentemente reduzido, podem ser classificadas como falta grave e resultar em justa causa imediata.<\/p>\n\n\n\n<p>Se voc\u00ea \u00e9 trabalhador ou gestor, n\u00e3o espere enfrentar uma situa\u00e7\u00e3o semelhante para agir. Revise agora seus procedimentos internos, pol\u00edticas de controle e treinamentos, e, se houver qualquer risco ou d\u00favida sobre condutas ou demiss\u00f5es por justa causa, busque orienta\u00e7\u00e3o jur\u00eddica especializada com urg\u00eancia para proteger sua carreira ou o seu neg\u00f3cio.<\/p>\n\n\n\n<p><\/p>\n","protected":false},"excerpt":{"rendered":"<p>O caso da funcion\u00e1ria do CaixaBank dispensada ap\u00f3s irregularidades no manuseio de numer\u00e1rio reacende uma quest\u00e3o central no direito do trabalho: at\u00e9 que ponto a demiss\u00e3o por justa causa por quebra de boa-f\u00e9 contratual \u00e9 leg\u00edtima, especialmente em fun\u00e7\u00f5es banc\u00e1rias que exigem elevado grau de confian\u00e7a e controle rigoroso sobre valores e opera\u00e7\u00f5es. O que [&hellip;]<\/p>\n","protected":false},"author":13,"featured_media":177312,"comment_status":"open","ping_status":"open","sticky":false,"template":"","format":"standard","meta":{"jnews-multi-image_gallery":[],"jnews_single_post":{"format":"standard"},"jnews_primary_category":[],"jnews_social_meta":[],"jnews_override_counter":[],"footnotes":""},"categories":[28],"tags":[25641,25640,2287],"class_list":["post-177172","post","type-post","status-publish","format-standard","has-post-thumbnail","hentry","category-economia","tag-boa-fe","tag-caixabank","tag-demissao"],"yoast_head":"<!-- This site is optimized with the Yoast SEO plugin v23.8 - https:\/\/yoast.com\/wordpress\/plugins\/seo\/ -->\n<title>Funcion\u00e1ria perde emprego ap\u00f3s manipula\u00e7\u00e3o de valores no caixa de banco e decis\u00e3o \u00e9 mantida pela Justi\u00e7a - Estado de Minas - Em foco<\/title>\n<meta name=\"description\" content=\"Justi\u00e7a confirmou a demiss\u00e3o por justa causa de funcion\u00e1ria de banco ap\u00f3s irregularidades no manuseio de dinheiro no caixa.\" \/>\n<meta name=\"robots\" content=\"index, follow, max-snippet:-1, max-image-preview:large, max-video-preview:-1\" \/>\n<link rel=\"canonical\" href=\"https:\/\/www.em.com.br\/emfoco\/2026\/03\/08\/funcionaria-perde-emprego-apos-manipulacao-de-valores-no-caixa-de-banco-e-decisao-e-mantida-pela-justica\/\" \/>\n<meta property=\"og:locale\" content=\"pt_BR\" \/>\n<meta property=\"og:type\" content=\"article\" \/>\n<meta property=\"og:title\" content=\"Funcion\u00e1ria perde emprego ap\u00f3s manipula\u00e7\u00e3o de valores no caixa de banco e decis\u00e3o \u00e9 mantida pela Justi\u00e7a - Estado de Minas - Em foco\" \/>\n<meta property=\"og:description\" content=\"Justi\u00e7a confirmou a demiss\u00e3o por justa causa de funcion\u00e1ria de banco ap\u00f3s irregularidades no manuseio de dinheiro no caixa.\" \/>\n<meta property=\"og:url\" content=\"https:\/\/www.em.com.br\/emfoco\/2026\/03\/08\/funcionaria-perde-emprego-apos-manipulacao-de-valores-no-caixa-de-banco-e-decisao-e-mantida-pela-justica\/\" \/>\n<meta property=\"og:site_name\" content=\"Estado de Minas - Em foco\" \/>\n<meta property=\"article:published_time\" content=\"2026-03-08T21:45:00+00:00\" \/>\n<meta property=\"article:modified_time\" content=\"2026-03-07T23:58:15+00:00\" \/>\n<meta property=\"og:image\" content=\"https:\/\/www.em.com.br\/emfoco\/wp-content\/uploads\/2026\/03\/6-15.jpg\" \/>\n\t<meta property=\"og:image:width\" content=\"1280\" \/>\n\t<meta property=\"og:image:height\" content=\"720\" \/>\n\t<meta property=\"og:image:type\" content=\"image\/jpeg\" \/>\n<meta name=\"author\" content=\"Gabriel Martins\" \/>\n<meta name=\"twitter:card\" content=\"summary_large_image\" \/>\n<meta name=\"twitter:label1\" content=\"Escrito por\" \/>\n\t<meta name=\"twitter:data1\" content=\"Gabriel Martins\" \/>\n\t<meta name=\"twitter:label2\" content=\"Est. tempo de leitura\" \/>\n\t<meta name=\"twitter:data2\" content=\"5 minutos\" \/>\n<!-- \/ Yoast SEO plugin. -->","yoast_head_json":{"title":"Funcion\u00e1ria perde emprego ap\u00f3s manipula\u00e7\u00e3o de valores no caixa de banco e decis\u00e3o \u00e9 mantida pela Justi\u00e7a - Estado de Minas - Em foco","description":"Justi\u00e7a confirmou a demiss\u00e3o por justa causa de funcion\u00e1ria de banco ap\u00f3s irregularidades no manuseio de dinheiro no caixa.","robots":{"index":"index","follow":"follow","max-snippet":"max-snippet:-1","max-image-preview":"max-image-preview:large","max-video-preview":"max-video-preview:-1"},"canonical":"https:\/\/www.em.com.br\/emfoco\/2026\/03\/08\/funcionaria-perde-emprego-apos-manipulacao-de-valores-no-caixa-de-banco-e-decisao-e-mantida-pela-justica\/","og_locale":"pt_BR","og_type":"article","og_title":"Funcion\u00e1ria perde emprego ap\u00f3s manipula\u00e7\u00e3o de valores no caixa de banco e decis\u00e3o \u00e9 mantida pela Justi\u00e7a - Estado de Minas - Em foco","og_description":"Justi\u00e7a confirmou a demiss\u00e3o por justa causa de funcion\u00e1ria de banco ap\u00f3s irregularidades no manuseio de dinheiro no caixa.","og_url":"https:\/\/www.em.com.br\/emfoco\/2026\/03\/08\/funcionaria-perde-emprego-apos-manipulacao-de-valores-no-caixa-de-banco-e-decisao-e-mantida-pela-justica\/","og_site_name":"Estado de Minas - Em foco","article_published_time":"2026-03-08T21:45:00+00:00","article_modified_time":"2026-03-07T23:58:15+00:00","og_image":[{"width":1280,"height":720,"url":"https:\/\/www.em.com.br\/emfoco\/wp-content\/uploads\/2026\/03\/6-15.jpg","type":"image\/jpeg"}],"author":"Gabriel Martins","twitter_card":"summary_large_image","twitter_misc":{"Escrito por":"Gabriel Martins","Est. tempo de leitura":"5 minutos"},"schema":{"@context":"https:\/\/schema.org","@graph":[{"@type":"WebPage","@id":"https:\/\/www.em.com.br\/emfoco\/2026\/03\/08\/funcionaria-perde-emprego-apos-manipulacao-de-valores-no-caixa-de-banco-e-decisao-e-mantida-pela-justica\/","url":"https:\/\/www.em.com.br\/emfoco\/2026\/03\/08\/funcionaria-perde-emprego-apos-manipulacao-de-valores-no-caixa-de-banco-e-decisao-e-mantida-pela-justica\/","name":"Funcion\u00e1ria perde emprego ap\u00f3s manipula\u00e7\u00e3o de valores no caixa de banco e decis\u00e3o \u00e9 mantida pela Justi\u00e7a - Estado de Minas - Em foco","isPartOf":{"@id":"https:\/\/www.em.com.br\/emfoco\/#website"},"primaryImageOfPage":{"@id":"https:\/\/www.em.com.br\/emfoco\/2026\/03\/08\/funcionaria-perde-emprego-apos-manipulacao-de-valores-no-caixa-de-banco-e-decisao-e-mantida-pela-justica\/#primaryimage"},"image":{"@id":"https:\/\/www.em.com.br\/emfoco\/2026\/03\/08\/funcionaria-perde-emprego-apos-manipulacao-de-valores-no-caixa-de-banco-e-decisao-e-mantida-pela-justica\/#primaryimage"},"thumbnailUrl":"https:\/\/www.em.com.br\/emfoco\/wp-content\/uploads\/2026\/03\/6-15.jpg","datePublished":"2026-03-08T21:45:00+00:00","dateModified":"2026-03-07T23:58:15+00:00","author":{"@id":"https:\/\/www.em.com.br\/emfoco\/#\/schema\/person\/1c9ddeab18b98abeffef834667bcf08a"},"description":"Justi\u00e7a confirmou a demiss\u00e3o por justa causa de funcion\u00e1ria de banco ap\u00f3s irregularidades no manuseio de dinheiro no caixa.","breadcrumb":{"@id":"https:\/\/www.em.com.br\/emfoco\/2026\/03\/08\/funcionaria-perde-emprego-apos-manipulacao-de-valores-no-caixa-de-banco-e-decisao-e-mantida-pela-justica\/#breadcrumb"},"inLanguage":"pt-BR","potentialAction":[{"@type":"ReadAction","target":["https:\/\/www.em.com.br\/emfoco\/2026\/03\/08\/funcionaria-perde-emprego-apos-manipulacao-de-valores-no-caixa-de-banco-e-decisao-e-mantida-pela-justica\/"]}]},{"@type":"ImageObject","inLanguage":"pt-BR","@id":"https:\/\/www.em.com.br\/emfoco\/2026\/03\/08\/funcionaria-perde-emprego-apos-manipulacao-de-valores-no-caixa-de-banco-e-decisao-e-mantida-pela-justica\/#primaryimage","url":"https:\/\/www.em.com.br\/emfoco\/wp-content\/uploads\/2026\/03\/6-15.jpg","contentUrl":"https:\/\/www.em.com.br\/emfoco\/wp-content\/uploads\/2026\/03\/6-15.jpg","width":1280,"height":720,"caption":"Justi\u00e7a mant\u00e9m demiss\u00e3o por justa causa em caso de irregularidade banc\u00e1ria"},{"@type":"BreadcrumbList","@id":"https:\/\/www.em.com.br\/emfoco\/2026\/03\/08\/funcionaria-perde-emprego-apos-manipulacao-de-valores-no-caixa-de-banco-e-decisao-e-mantida-pela-justica\/#breadcrumb","itemListElement":[{"@type":"ListItem","position":1,"name":"In\u00edcio","item":"https:\/\/www.em.com.br\/emfoco\/"},{"@type":"ListItem","position":2,"name":"Funcion\u00e1ria perde emprego ap\u00f3s manipula\u00e7\u00e3o de valores no caixa de banco e decis\u00e3o \u00e9 mantida pela Justi\u00e7a"}]},{"@type":"WebSite","@id":"https:\/\/www.em.com.br\/emfoco\/#website","url":"https:\/\/www.em.com.br\/emfoco\/","name":"Estado de Minas - Em foco","description":"Acompanhe as \u00faltimas not\u00edcias e fique bem informado sobre tudo o que acontece em Minas Gerais, Brasil e no mundo.","potentialAction":[{"@type":"SearchAction","target":{"@type":"EntryPoint","urlTemplate":"https:\/\/www.em.com.br\/emfoco\/?s={search_term_string}"},"query-input":{"@type":"PropertyValueSpecification","valueRequired":true,"valueName":"search_term_string"}}],"inLanguage":"pt-BR"},{"@type":"Person","@id":"https:\/\/www.em.com.br\/emfoco\/#\/schema\/person\/1c9ddeab18b98abeffef834667bcf08a","name":"Gabriel Martins","image":{"@type":"ImageObject","inLanguage":"pt-BR","@id":"https:\/\/www.em.com.br\/emfoco\/#\/schema\/person\/image\/","url":"https:\/\/secure.gravatar.com\/avatar\/f0f1e2efdfd88f1ad2cb08c5c2731e50?s=96&d=mm&r=g","contentUrl":"https:\/\/secure.gravatar.com\/avatar\/f0f1e2efdfd88f1ad2cb08c5c2731e50?s=96&d=mm&r=g","caption":"Gabriel Martins"},"sameAs":["https:\/\/www.em.com.br\/emfoco\/"],"url":"https:\/\/www.em.com.br\/emfoco\/author\/gabrielmartinsmyth\/"}]}},"_links":{"self":[{"href":"https:\/\/www.em.com.br\/emfoco\/wp-json\/wp\/v2\/posts\/177172","targetHints":{"allow":["GET"]}}],"collection":[{"href":"https:\/\/www.em.com.br\/emfoco\/wp-json\/wp\/v2\/posts"}],"about":[{"href":"https:\/\/www.em.com.br\/emfoco\/wp-json\/wp\/v2\/types\/post"}],"author":[{"embeddable":true,"href":"https:\/\/www.em.com.br\/emfoco\/wp-json\/wp\/v2\/users\/13"}],"replies":[{"embeddable":true,"href":"https:\/\/www.em.com.br\/emfoco\/wp-json\/wp\/v2\/comments?post=177172"}],"version-history":[{"count":3,"href":"https:\/\/www.em.com.br\/emfoco\/wp-json\/wp\/v2\/posts\/177172\/revisions"}],"predecessor-version":[{"id":179099,"href":"https:\/\/www.em.com.br\/emfoco\/wp-json\/wp\/v2\/posts\/177172\/revisions\/179099"}],"wp:featuredmedia":[{"embeddable":true,"href":"https:\/\/www.em.com.br\/emfoco\/wp-json\/wp\/v2\/media\/177312"}],"wp:attachment":[{"href":"https:\/\/www.em.com.br\/emfoco\/wp-json\/wp\/v2\/media?parent=177172"}],"wp:term":[{"taxonomy":"category","embeddable":true,"href":"https:\/\/www.em.com.br\/emfoco\/wp-json\/wp\/v2\/categories?post=177172"},{"taxonomy":"post_tag","embeddable":true,"href":"https:\/\/www.em.com.br\/emfoco\/wp-json\/wp\/v2\/tags?post=177172"}],"curies":[{"name":"wp","href":"https:\/\/api.w.org\/{rel}","templated":true}]}}