{"id":177170,"date":"2026-03-08T14:05:00","date_gmt":"2026-03-08T17:05:00","guid":{"rendered":"https:\/\/www.em.com.br\/emfoco\/?p=177170"},"modified":"2026-03-07T20:57:20","modified_gmt":"2026-03-07T23:57:20","slug":"aposentados-com-doencas-graves-podem-ganhar-isencao-mais-facil-do-imposto-de-renda-com-novo-projeto-no-congresso","status":"publish","type":"post","link":"https:\/\/www.em.com.br\/emfoco\/2026\/03\/08\/aposentados-com-doencas-graves-podem-ganhar-isencao-mais-facil-do-imposto-de-renda-com-novo-projeto-no-congresso\/","title":{"rendered":"Aposentados com doen\u00e7as graves podem ganhar isen\u00e7\u00e3o mais f\u00e1cil do Imposto de Renda com novo projeto no Congresso"},"content":{"rendered":"\n<p>A discuss\u00e3o sobre a isen\u00e7\u00e3o de imposto de renda para aposentados com doen\u00e7as graves voltou ao centro do debate em 2026 com o avan\u00e7o do <strong>Projeto de Lei 4425\/23<\/strong> no <strong>Congresso Nacional<\/strong>, em um cen\u00e1rio de alta no custo de vida e aumento dos gastos cont\u00ednuos com medicamentos, interna\u00e7\u00f5es e tratamentos especializados.<\/p>\n\n\n\n<h2 class=\"wp-block-heading\">Como o PL 4425\/23 muda a isen\u00e7\u00e3o do imposto de renda para aposentados<\/h2>\n\n\n\n<p>O <strong><a href=\"https:\/\/www.camara.leg.br\/proposicoesWeb\/fichadetramitacao?idProposicao=2387031\" target=\"_blank\" rel=\"noreferrer noopener\">PL 4425\/23<\/a><\/strong> surge como uma tentativa de desburocratizar o reconhecimento de direitos para aposentados que convivem com doen\u00e7as graves. O ponto central da proposta \u00e9 a elimina\u00e7\u00e3o de etapas consideradas redundantes, como a exig\u00eancia de per\u00edcias m\u00e9dicas peri\u00f3dicas para condi\u00e7\u00f5es que comprovadamente n\u00e3o possuem perspectiva de cura. Atualmente, essa revalida\u00e7\u00e3o constante \u00e9 vista como um obst\u00e1culo que gera inseguran\u00e7a jur\u00eddica e atrasos desnecess\u00e1rios.<\/p>\n\n\n\n<p>De acordo com o projeto, uma vez que a mol\u00e9stia grave e irrevers\u00edvel seja atestada por um laudo oficial, o benef\u00edcio tribut\u00e1rio ganha estabilidade. O objetivo \u00e9 deslocar o esfor\u00e7o do Estado da fiscaliza\u00e7\u00e3o repetitiva da doen\u00e7a para a garantia da manuten\u00e7\u00e3o do direito, evitando que descontos indevidos voltem a incidir sobre os proventos de quem j\u00e1 comprovou sua condi\u00e7\u00e3o de sa\u00fade.<\/p>\n\n\n\n<figure class=\"wp-block-image size-large\"><img loading=\"lazy\" decoding=\"async\" width=\"1024\" height=\"576\" src=\"https:\/\/www.em.com.br\/emfoco\/wp-content\/uploads\/2026\/03\/11-9-1024x576.jpg\" alt=\"Aposentados com doen\u00e7as graves podem ganhar isen\u00e7\u00e3o mais f\u00e1cil do Imposto de Renda com novo projeto no Congresso\" class=\"wp-image-177317\" srcset=\"https:\/\/www.em.com.br\/emfoco\/wp-content\/uploads\/2026\/03\/11-9-1024x576.jpg 1024w, https:\/\/www.em.com.br\/emfoco\/wp-content\/uploads\/2026\/03\/11-9-300x169.jpg 300w, https:\/\/www.em.com.br\/emfoco\/wp-content\/uploads\/2026\/03\/11-9-768x432.jpg 768w, https:\/\/www.em.com.br\/emfoco\/wp-content\/uploads\/2026\/03\/11-9-750x422.jpg 750w, https:\/\/www.em.com.br\/emfoco\/wp-content\/uploads\/2026\/03\/11-9-1140x641.jpg 1140w, https:\/\/www.em.com.br\/emfoco\/wp-content\/uploads\/2026\/03\/11-9.jpg 1280w\" sizes=\"auto, (max-width: 1024px) 100vw, 1024px\" \/><figcaption class=\"wp-element-caption\">Proposta reduz burocracia em per\u00edcias para doen\u00e7as consideradas permanentes e irrevers\u00edveis<\/figcaption><\/figure>\n\n\n\n<h2 class=\"wp-block-heading\">Quais doen\u00e7as garantem isen\u00e7\u00e3o de imposto de renda para aposentados com mol\u00e9stia grave<\/h2>\n\n\n\n<p>A legisla\u00e7\u00e3o de refer\u00eancia continua sendo a Lei 7.713\/88, especialmente o artigo 6\u00ba, inciso XIV, que traz uma lista taxativa de doen\u00e7as que autorizam a isen\u00e7\u00e3o de imposto de renda sobre proventos de aposentadoria. Entre elas, est\u00e3o enfermidades associadas a tratamentos de longo prazo e alto custo, como&nbsp;<strong>neoplasia maligna<\/strong>,&nbsp;<strong>cardiopatia grave<\/strong>,&nbsp;<strong>Doen\u00e7a de <\/strong><a href=\"https:\/\/www.em.com.br\/emfoco\/2025\/07\/24\/o-que-todo-paciente-de-parkinson-precisa-saber-para-viver-melhor\/\" target=\"_blank\" rel=\"noreferrer noopener\"><strong>Parkinson<\/strong>&nbsp;<\/a>e&nbsp;<strong>esclerose m\u00faltipla<\/strong>.<\/p>\n\n\n\n<p>Essa rela\u00e7\u00e3o serve de par\u00e2metro para a Receita Federal e o Judici\u00e1rio, mas a interpreta\u00e7\u00e3o sobre gravidade e enquadramento ainda gera d\u00favidas. Para facilitar o entendimento, vale observar alguns exemplos pr\u00e1ticos de doen\u00e7as frequentemente reconhecidas para fins de isen\u00e7\u00e3o:<\/p>\n\n\n\n<ul class=\"wp-block-list\">\n<li><strong>Neoplasia maligna:<\/strong>&nbsp;geralmente envolve cirurgias, quimioterapia, radioterapia e exames recorrentes.<\/li>\n\n\n\n<li><strong>Cardiopatia grave:<\/strong>&nbsp;pode exigir uso cont\u00ednuo de medicamentos, procedimentos invasivos e acompanhamento intensivo.<\/li>\n\n\n\n<li><strong>Doen\u00e7a de Parkinson:<\/strong>&nbsp;costuma demandar tratamento prolongado, fisioterapia e acompanhamento neurol\u00f3gico.<\/li>\n\n\n\n<li><strong>Esclerose m\u00faltipla:<\/strong>&nbsp;envolve medicamentos de alto custo e monitoramento peri\u00f3dico.<\/li>\n<\/ul>\n\n\n\n<h2 class=\"wp-block-heading\">Qual \u00e9 o impacto dos gastos com sa\u00fade na renda do aposentado isento de IR<\/h2>\n\n\n\n<p>Defensores da mudan\u00e7a ressaltam que a isen\u00e7\u00e3o n\u00e3o \u00e9 um \u201c<strong>privil\u00e9gio extra<\/strong>\u201d, mas um mecanismo de compensa\u00e7\u00e3o diante dos custos inevit\u00e1veis com sa\u00fade. Em muitos lares, a aposentadoria \u00e9 a principal ou \u00fanica fonte de renda, enquanto despesas m\u00e9dicas, cuidadores, transporte especializado e adapta\u00e7\u00f5es na resid\u00eancia consomem parte relevante do or\u00e7amento.<\/p>\n\n\n\n<p>A l\u00f3gica da pol\u00edtica fiscal \u00e9 preservar o chamado m\u00ednimo existencial, garantindo alimenta\u00e7\u00e3o, moradia, medicamentos e itens b\u00e1sicos de sobreviv\u00eancia. Quando a tributa\u00e7\u00e3o recai sobre a aposentadoria de algu\u00e9m com mol\u00e9stia grave irrevers\u00edvel, esse m\u00ednimo \u00e9 comprimido, o que pode comprometer a continuidade do tratamento e a pr\u00f3pria qualidade de vida.<\/p>\n\n\n\n<figure class=\"wp-block-image size-large\"><img loading=\"lazy\" decoding=\"async\" width=\"1024\" height=\"576\" src=\"https:\/\/www.em.com.br\/emfoco\/wp-content\/uploads\/2026\/03\/10-10-1024x576.jpg\" alt=\"Aposentados com doen\u00e7as graves podem ganhar isen\u00e7\u00e3o mais f\u00e1cil do Imposto de Renda com novo projeto no Congresso\" class=\"wp-image-177316\" srcset=\"https:\/\/www.em.com.br\/emfoco\/wp-content\/uploads\/2026\/03\/10-10-1024x576.jpg 1024w, https:\/\/www.em.com.br\/emfoco\/wp-content\/uploads\/2026\/03\/10-10-300x169.jpg 300w, https:\/\/www.em.com.br\/emfoco\/wp-content\/uploads\/2026\/03\/10-10-768x432.jpg 768w, https:\/\/www.em.com.br\/emfoco\/wp-content\/uploads\/2026\/03\/10-10-750x422.jpg 750w, https:\/\/www.em.com.br\/emfoco\/wp-content\/uploads\/2026\/03\/10-10-1140x641.jpg 1140w, https:\/\/www.em.com.br\/emfoco\/wp-content\/uploads\/2026\/03\/10-10.jpg 1280w\" sizes=\"auto, (max-width: 1024px) 100vw, 1024px\" \/><figcaption class=\"wp-element-caption\">Isen\u00e7\u00e3o fiscal compensa gastos elevados com tratamentos e medicamentos de uso cont\u00ednuo<\/figcaption><\/figure>\n\n\n\n<h2 class=\"wp-block-heading\">Como funciona o laudo m\u00e9dico oficial para isen\u00e7\u00e3o de imposto de renda<\/h2>\n\n\n\n<p>Para ter direito \u00e0 isen\u00e7\u00e3o do imposto de renda por doen\u00e7a grave, \u00e9 indispens\u00e1vel um&nbsp;<strong>laudo m\u00e9dico oficial<\/strong>. Em regra, esse documento deve ser emitido por servi\u00e7o m\u00e9dico de ente p\u00fablico \u2014 Uni\u00e3o, Estado ou Munic\u00edpio \u2014 e precisa atestar a exist\u00eancia, a gravidade e, sempre que poss\u00edvel, a data prov\u00e1vel de in\u00edcio da enfermidade.<\/p>\n\n\n\n<p>O laudo pericial protege o contribuinte, pois serve de base para que o \u00f3rg\u00e3o pagador suspenda os descontos de IR, e tamb\u00e9m resguarda o er\u00e1rio ao estabelecer crit\u00e9rios t\u00e9cnicos contra fraudes. O PL 4425\/23 mant\u00e9m essa exig\u00eancia, mas prop\u00f5e que, em doen\u00e7as irrevers\u00edveis, o laudo n\u00e3o precise ser renovado constantemente, reduzindo deslocamentos e filas para quem j\u00e1 enfrenta limita\u00e7\u00f5es de mobilidade.<\/p>\n\n\n\n<h2 class=\"wp-block-heading\">Em que etapa est\u00e1 o PL 4425\/23 e o que o aposentado deve fazer agora<\/h2>\n\n\n\n<p>O <strong>PL 4425\/23<\/strong> ainda percorre o caminho legislativo: ap\u00f3s passar por comiss\u00f5es da C\u00e2mara em 2025, aguarda vota\u00e7\u00e3o em plen\u00e1rio e posterior an\u00e1lise no Senado. Enquanto n\u00e3o for aprovado e sancionado, continuam valendo a <strong>Lei 7.713\/88<\/strong> e as normas atuais da Receita Federal, exigindo aten\u00e7\u00e3o redobrada de quem busca a isen\u00e7\u00e3o por doen\u00e7a grave.<\/p>\n\n\n\n<p>Este \u00e9 o momento de agir: organize laudos e exames, acompanhe portais oficiais e, se poss\u00edvel, busque apoio de profissionais ou entidades de aposentados para n\u00e3o perder prazos nem direitos. Se voc\u00ea ou um familiar se enquadra em mol\u00e9stia grave, n\u00e3o espere a lei mudar para correr atr\u00e1s da isen\u00e7\u00e3o; cada m\u00eas de atraso pode significar menos recursos para o tratamento e para a dignidade no dia a dia.<\/p>\n","protected":false},"excerpt":{"rendered":"<p>A discuss\u00e3o sobre a isen\u00e7\u00e3o de imposto de renda para aposentados com doen\u00e7as graves voltou ao centro do debate em 2026 com o avan\u00e7o do Projeto de Lei 4425\/23 no Congresso Nacional, em um cen\u00e1rio de alta no custo de vida e aumento dos gastos cont\u00ednuos com medicamentos, interna\u00e7\u00f5es e tratamentos especializados. Como o PL [&hellip;]<\/p>\n","protected":false},"author":13,"featured_media":177318,"comment_status":"open","ping_status":"open","sticky":false,"template":"","format":"standard","meta":{"jnews-multi-image_gallery":[],"jnews_single_post":{"format":"standard"},"jnews_primary_category":[],"jnews_social_meta":[],"jnews_override_counter":[],"footnotes":""},"categories":[28],"tags":[529,713],"class_list":["post-177170","post","type-post","status-publish","format-standard","has-post-thumbnail","hentry","category-economia","tag-aposentados","tag-imposto-de-renda"],"yoast_head":"<!-- This site is optimized with the Yoast SEO plugin v23.8 - https:\/\/yoast.com\/wordpress\/plugins\/seo\/ -->\n<title>Aposentados com doen\u00e7as graves podem ganhar isen\u00e7\u00e3o mais f\u00e1cil do Imposto de Renda com novo projeto no Congresso - Estado de Minas - Em foco<\/title>\n<meta name=\"description\" content=\"Projeto no Congresso pode facilitar a isen\u00e7\u00e3o do Imposto de Renda para aposentados com doen\u00e7as graves e reduzir exig\u00eancias m\u00e9dicas.\" \/>\n<meta name=\"robots\" content=\"index, follow, max-snippet:-1, max-image-preview:large, max-video-preview:-1\" \/>\n<link rel=\"canonical\" href=\"https:\/\/www.em.com.br\/emfoco\/2026\/03\/08\/aposentados-com-doencas-graves-podem-ganhar-isencao-mais-facil-do-imposto-de-renda-com-novo-projeto-no-congresso\/\" \/>\n<meta property=\"og:locale\" content=\"pt_BR\" \/>\n<meta property=\"og:type\" content=\"article\" \/>\n<meta property=\"og:title\" content=\"Aposentados com doen\u00e7as graves podem ganhar isen\u00e7\u00e3o mais f\u00e1cil do Imposto de Renda com novo projeto no Congresso - Estado de Minas - Em foco\" \/>\n<meta property=\"og:description\" content=\"Projeto no Congresso pode facilitar a isen\u00e7\u00e3o do Imposto de Renda para aposentados com doen\u00e7as graves e reduzir exig\u00eancias m\u00e9dicas.\" \/>\n<meta property=\"og:url\" content=\"https:\/\/www.em.com.br\/emfoco\/2026\/03\/08\/aposentados-com-doencas-graves-podem-ganhar-isencao-mais-facil-do-imposto-de-renda-com-novo-projeto-no-congresso\/\" \/>\n<meta property=\"og:site_name\" content=\"Estado de Minas - Em foco\" \/>\n<meta property=\"article:published_time\" content=\"2026-03-08T17:05:00+00:00\" \/>\n<meta property=\"article:modified_time\" content=\"2026-03-07T23:57:20+00:00\" \/>\n<meta property=\"og:image\" content=\"https:\/\/www.em.com.br\/emfoco\/wp-content\/uploads\/2026\/03\/12-5.jpg\" \/>\n\t<meta property=\"og:image:width\" content=\"1280\" \/>\n\t<meta property=\"og:image:height\" content=\"720\" \/>\n\t<meta property=\"og:image:type\" content=\"image\/jpeg\" \/>\n<meta name=\"author\" content=\"Gabriel Martins\" \/>\n<meta name=\"twitter:card\" content=\"summary_large_image\" \/>\n<meta name=\"twitter:label1\" content=\"Escrito por\" \/>\n\t<meta name=\"twitter:data1\" content=\"Gabriel Martins\" \/>\n\t<meta name=\"twitter:label2\" content=\"Est. tempo de leitura\" \/>\n\t<meta name=\"twitter:data2\" content=\"5 minutos\" \/>\n<!-- \/ Yoast SEO plugin. -->","yoast_head_json":{"title":"Aposentados com doen\u00e7as graves podem ganhar isen\u00e7\u00e3o mais f\u00e1cil do Imposto de Renda com novo projeto no Congresso - Estado de Minas - Em foco","description":"Projeto no Congresso pode facilitar a isen\u00e7\u00e3o do Imposto de Renda para aposentados com doen\u00e7as graves e reduzir exig\u00eancias m\u00e9dicas.","robots":{"index":"index","follow":"follow","max-snippet":"max-snippet:-1","max-image-preview":"max-image-preview:large","max-video-preview":"max-video-preview:-1"},"canonical":"https:\/\/www.em.com.br\/emfoco\/2026\/03\/08\/aposentados-com-doencas-graves-podem-ganhar-isencao-mais-facil-do-imposto-de-renda-com-novo-projeto-no-congresso\/","og_locale":"pt_BR","og_type":"article","og_title":"Aposentados com doen\u00e7as graves podem ganhar isen\u00e7\u00e3o mais f\u00e1cil do Imposto de Renda com novo projeto no Congresso - Estado de Minas - Em foco","og_description":"Projeto no Congresso pode facilitar a isen\u00e7\u00e3o do Imposto de Renda para aposentados com doen\u00e7as graves e reduzir exig\u00eancias m\u00e9dicas.","og_url":"https:\/\/www.em.com.br\/emfoco\/2026\/03\/08\/aposentados-com-doencas-graves-podem-ganhar-isencao-mais-facil-do-imposto-de-renda-com-novo-projeto-no-congresso\/","og_site_name":"Estado de Minas - Em foco","article_published_time":"2026-03-08T17:05:00+00:00","article_modified_time":"2026-03-07T23:57:20+00:00","og_image":[{"width":1280,"height":720,"url":"https:\/\/www.em.com.br\/emfoco\/wp-content\/uploads\/2026\/03\/12-5.jpg","type":"image\/jpeg"}],"author":"Gabriel Martins","twitter_card":"summary_large_image","twitter_misc":{"Escrito por":"Gabriel Martins","Est. tempo de leitura":"5 minutos"},"schema":{"@context":"https:\/\/schema.org","@graph":[{"@type":"WebPage","@id":"https:\/\/www.em.com.br\/emfoco\/2026\/03\/08\/aposentados-com-doencas-graves-podem-ganhar-isencao-mais-facil-do-imposto-de-renda-com-novo-projeto-no-congresso\/","url":"https:\/\/www.em.com.br\/emfoco\/2026\/03\/08\/aposentados-com-doencas-graves-podem-ganhar-isencao-mais-facil-do-imposto-de-renda-com-novo-projeto-no-congresso\/","name":"Aposentados com doen\u00e7as graves podem ganhar isen\u00e7\u00e3o mais f\u00e1cil do Imposto de Renda com novo projeto no Congresso - Estado de Minas - Em foco","isPartOf":{"@id":"https:\/\/www.em.com.br\/emfoco\/#website"},"primaryImageOfPage":{"@id":"https:\/\/www.em.com.br\/emfoco\/2026\/03\/08\/aposentados-com-doencas-graves-podem-ganhar-isencao-mais-facil-do-imposto-de-renda-com-novo-projeto-no-congresso\/#primaryimage"},"image":{"@id":"https:\/\/www.em.com.br\/emfoco\/2026\/03\/08\/aposentados-com-doencas-graves-podem-ganhar-isencao-mais-facil-do-imposto-de-renda-com-novo-projeto-no-congresso\/#primaryimage"},"thumbnailUrl":"https:\/\/www.em.com.br\/emfoco\/wp-content\/uploads\/2026\/03\/12-5.jpg","datePublished":"2026-03-08T17:05:00+00:00","dateModified":"2026-03-07T23:57:20+00:00","author":{"@id":"https:\/\/www.em.com.br\/emfoco\/#\/schema\/person\/1c9ddeab18b98abeffef834667bcf08a"},"description":"Projeto no Congresso pode facilitar a isen\u00e7\u00e3o do Imposto de Renda para aposentados com doen\u00e7as graves e reduzir exig\u00eancias m\u00e9dicas.","breadcrumb":{"@id":"https:\/\/www.em.com.br\/emfoco\/2026\/03\/08\/aposentados-com-doencas-graves-podem-ganhar-isencao-mais-facil-do-imposto-de-renda-com-novo-projeto-no-congresso\/#breadcrumb"},"inLanguage":"pt-BR","potentialAction":[{"@type":"ReadAction","target":["https:\/\/www.em.com.br\/emfoco\/2026\/03\/08\/aposentados-com-doencas-graves-podem-ganhar-isencao-mais-facil-do-imposto-de-renda-com-novo-projeto-no-congresso\/"]}]},{"@type":"ImageObject","inLanguage":"pt-BR","@id":"https:\/\/www.em.com.br\/emfoco\/2026\/03\/08\/aposentados-com-doencas-graves-podem-ganhar-isencao-mais-facil-do-imposto-de-renda-com-novo-projeto-no-congresso\/#primaryimage","url":"https:\/\/www.em.com.br\/emfoco\/wp-content\/uploads\/2026\/03\/12-5.jpg","contentUrl":"https:\/\/www.em.com.br\/emfoco\/wp-content\/uploads\/2026\/03\/12-5.jpg","width":1280,"height":720,"caption":"Projeto de lei busca simplificar isen\u00e7\u00e3o de imposto para aposentados doentes"},{"@type":"BreadcrumbList","@id":"https:\/\/www.em.com.br\/emfoco\/2026\/03\/08\/aposentados-com-doencas-graves-podem-ganhar-isencao-mais-facil-do-imposto-de-renda-com-novo-projeto-no-congresso\/#breadcrumb","itemListElement":[{"@type":"ListItem","position":1,"name":"In\u00edcio","item":"https:\/\/www.em.com.br\/emfoco\/"},{"@type":"ListItem","position":2,"name":"Aposentados com doen\u00e7as graves podem ganhar isen\u00e7\u00e3o mais f\u00e1cil do Imposto de Renda com novo projeto no Congresso"}]},{"@type":"WebSite","@id":"https:\/\/www.em.com.br\/emfoco\/#website","url":"https:\/\/www.em.com.br\/emfoco\/","name":"Estado de Minas - Em foco","description":"Acompanhe as \u00faltimas not\u00edcias e fique bem informado sobre tudo o que acontece em Minas Gerais, Brasil e no mundo.","potentialAction":[{"@type":"SearchAction","target":{"@type":"EntryPoint","urlTemplate":"https:\/\/www.em.com.br\/emfoco\/?s={search_term_string}"},"query-input":{"@type":"PropertyValueSpecification","valueRequired":true,"valueName":"search_term_string"}}],"inLanguage":"pt-BR"},{"@type":"Person","@id":"https:\/\/www.em.com.br\/emfoco\/#\/schema\/person\/1c9ddeab18b98abeffef834667bcf08a","name":"Gabriel Martins","image":{"@type":"ImageObject","inLanguage":"pt-BR","@id":"https:\/\/www.em.com.br\/emfoco\/#\/schema\/person\/image\/","url":"https:\/\/secure.gravatar.com\/avatar\/f0f1e2efdfd88f1ad2cb08c5c2731e50?s=96&d=mm&r=g","contentUrl":"https:\/\/secure.gravatar.com\/avatar\/f0f1e2efdfd88f1ad2cb08c5c2731e50?s=96&d=mm&r=g","caption":"Gabriel Martins"},"sameAs":["https:\/\/www.em.com.br\/emfoco\/"],"url":"https:\/\/www.em.com.br\/emfoco\/author\/gabrielmartinsmyth\/"}]}},"_links":{"self":[{"href":"https:\/\/www.em.com.br\/emfoco\/wp-json\/wp\/v2\/posts\/177170","targetHints":{"allow":["GET"]}}],"collection":[{"href":"https:\/\/www.em.com.br\/emfoco\/wp-json\/wp\/v2\/posts"}],"about":[{"href":"https:\/\/www.em.com.br\/emfoco\/wp-json\/wp\/v2\/types\/post"}],"author":[{"embeddable":true,"href":"https:\/\/www.em.com.br\/emfoco\/wp-json\/wp\/v2\/users\/13"}],"replies":[{"embeddable":true,"href":"https:\/\/www.em.com.br\/emfoco\/wp-json\/wp\/v2\/comments?post=177170"}],"version-history":[{"count":3,"href":"https:\/\/www.em.com.br\/emfoco\/wp-json\/wp\/v2\/posts\/177170\/revisions"}],"predecessor-version":[{"id":179097,"href":"https:\/\/www.em.com.br\/emfoco\/wp-json\/wp\/v2\/posts\/177170\/revisions\/179097"}],"wp:featuredmedia":[{"embeddable":true,"href":"https:\/\/www.em.com.br\/emfoco\/wp-json\/wp\/v2\/media\/177318"}],"wp:attachment":[{"href":"https:\/\/www.em.com.br\/emfoco\/wp-json\/wp\/v2\/media?parent=177170"}],"wp:term":[{"taxonomy":"category","embeddable":true,"href":"https:\/\/www.em.com.br\/emfoco\/wp-json\/wp\/v2\/categories?post=177170"},{"taxonomy":"post_tag","embeddable":true,"href":"https:\/\/www.em.com.br\/emfoco\/wp-json\/wp\/v2\/tags?post=177170"}],"curies":[{"name":"wp","href":"https:\/\/api.w.org\/{rel}","templated":true}]}}