{"id":177169,"date":"2026-03-08T13:35:00","date_gmt":"2026-03-08T16:35:00","guid":{"rendered":"https:\/\/www.em.com.br\/emfoco\/?p=177169"},"modified":"2026-03-07T20:57:02","modified_gmt":"2026-03-07T23:57:02","slug":"empresa-demite-funcionario-por-comemorar-aniversario-no-trabalho-e-acaba-condenada-a-pagar-mais-de-r-600-mil","status":"publish","type":"post","link":"https:\/\/www.em.com.br\/emfoco\/2026\/03\/08\/empresa-demite-funcionario-por-comemorar-aniversario-no-trabalho-e-acaba-condenada-a-pagar-mais-de-r-600-mil\/","title":{"rendered":"Empresa demite funcion\u00e1rio por comemorar anivers\u00e1rio no trabalho e acaba condenada a pagar mais de R$ 600 mil"},"content":{"rendered":"\n<p>O caso de um funcion\u00e1rio de supermercado na <strong>Gal\u00edcia<\/strong>, na <strong>Espanha<\/strong>, demitido ap\u00f3s levar produtos para comemorar o pr\u00f3prio anivers\u00e1rio no trabalho, reacendeu o debate sobre at\u00e9 onde v\u00e3o os limites das puni\u00e7\u00f5es disciplinares nas empresas. O epis\u00f3dio come\u00e7ou com um erro de cobran\u00e7a em compras feitas na pr\u00f3pria loja e terminou com uma indeniza\u00e7\u00e3o superior a 100 mil euros determinada pela Justi\u00e7a trabalhista espanhola em 2026.<\/p>\n\n\n\n<h2 class=\"wp-block-heading\">O que aconteceu no supermercado na Gal\u00edcia<\/h2>\n\n\n\n<p>A situa\u00e7\u00e3o teve in\u00edcio em outubro de 2023, quando o empregado, com anos de casa, chegou ao trabalho levando diversos produtos comprados no pr\u00f3prio supermercado. O objetivo era simples: dividir doces e outros itens com os colegas em alus\u00e3o ao seu anivers\u00e1rio, antes da abertura do estabelecimento.<\/p>\n\n\n\n<p>O pagamento, feito em uma transa\u00e7\u00e3o regular, registrou um valor muito inferior ao custo real dos itens por causa de um erro de faturamento no caixa. Dias depois, ao perceber a discrep\u00e2ncia, o trabalhador decidiu ressarcir a diferen\u00e7a e comunicar formalmente o equ\u00edvoco \u00e0 empresa, demonstrando preocupa\u00e7\u00e3o inclusive com a funcion\u00e1ria do caixa envolvida na opera\u00e7\u00e3o.<\/p>\n\n\n\n<figure class=\"wp-block-image size-large\"><img loading=\"lazy\" decoding=\"async\" width=\"1024\" height=\"576\" src=\"https:\/\/www.em.com.br\/emfoco\/wp-content\/uploads\/2026\/03\/2-16-1024x576.jpg\" alt=\"Empresa demite funcion\u00e1rio por comemorar anivers\u00e1rio no trabalho e acaba condenada a pagar mais de R$ 600 mil\" class=\"wp-image-177291\" srcset=\"https:\/\/www.em.com.br\/emfoco\/wp-content\/uploads\/2026\/03\/2-16-1024x576.jpg 1024w, https:\/\/www.em.com.br\/emfoco\/wp-content\/uploads\/2026\/03\/2-16-300x169.jpg 300w, https:\/\/www.em.com.br\/emfoco\/wp-content\/uploads\/2026\/03\/2-16-768x432.jpg 768w, https:\/\/www.em.com.br\/emfoco\/wp-content\/uploads\/2026\/03\/2-16-750x422.jpg 750w, https:\/\/www.em.com.br\/emfoco\/wp-content\/uploads\/2026\/03\/2-16-1140x641.jpg 1140w, https:\/\/www.em.com.br\/emfoco\/wp-content\/uploads\/2026\/03\/2-16.jpg 1280w\" sizes=\"auto, (max-width: 1024px) 100vw, 1024px\" \/><figcaption class=\"wp-element-caption\">Funcion\u00e1rio foi demitido ap\u00f3s erro de cobran\u00e7a em produtos de festa<\/figcaption><\/figure>\n\n\n\n<h2 class=\"wp-block-heading\">Como a empresa justificou a demiss\u00e3o do trabalhador<\/h2>\n\n\n\n<p>Cerca de um m\u00eas ap\u00f3s o epis\u00f3dio, o supermercado encaminhou uma carta ao funcion\u00e1rio comunicando a rescis\u00e3o por justa causa. A decis\u00e3o se baseou em uma cl\u00e1usula interna que classificava como falta muito grave qualquer uso de bens da empresa para benef\u00edcio pessoal, al\u00e9m do consumo de produtos em \u00e1rea n\u00e3o destinada a pausas.<\/p>\n\n\n\n<p>A dire\u00e7\u00e3o enquadrou o ocorrido como ato de<strong><a href=\"https:\/\/www.em.com.br\/emfoco\/2026\/02\/26\/apos-22-anos-de-trabalho-operario-e-demitido-por-itens-de-baixo-valor-e-justica-manda-empresa-pagar-137-milhoes\/\" target=\"_blank\" rel=\"noreferrer noopener\"> apropria\u00e7\u00e3o indevida<\/a><\/strong>, mesmo depois de o valor faltante ter sido quitado pelo empregado. Esse enquadramento ignorou o contexto de comemora\u00e7\u00e3o, a corre\u00e7\u00e3o espont\u00e2nea do erro e o fato de n\u00e3o haver preju\u00edzo econ\u00f4mico final para o supermercado.<\/p>\n\n\n\n<h2 class=\"wp-block-heading\">Por que a Justi\u00e7a considerou a demiss\u00e3o injusta<\/h2>\n\n\n\n<p>O <strong><a href=\"https:\/\/www.poderjudicial.es\/cgpj\/es\/Poder-Judicial\/Tribunales-Superiores-de-Justicia\/TSJ-Galicia\/\" target=\"_blank\" rel=\"noreferrer noopener\">Tribunal Superior de Justi\u00e7a da Gal\u00edcia<\/a><\/strong> avaliou as circunst\u00e2ncias e concluiu que n\u00e3o houve inten\u00e7\u00e3o de fraude por parte do trabalhador. Para os magistrados, o erro de cobran\u00e7a foi corrigido sem gerar perda econ\u00f4mica \u00e0 empresa, tornando a demiss\u00e3o uma san\u00e7\u00e3o claramente desproporcional.<\/p>\n\n\n\n<p>Na decis\u00e3o, o tribunal destacou fatores concretos que, juntos, afastaram a tese de falta grave e embasaram a condena\u00e7\u00e3o do supermercado ao pagamento de uma indeniza\u00e7\u00e3o pr\u00f3xima de 105,7 mil euros:<\/p>\n\n\n\n<ul class=\"wp-block-list\">\n<li>N\u00e3o ficou demonstrada qualquer tentativa de obter ganho financeiro il\u00edcito;<\/li>\n\n\n\n<li>O valor em falta foi pago voluntariamente assim que o erro foi identificado;<\/li>\n\n\n\n<li>A empresa n\u00e3o registrou preju\u00edzo econ\u00f4mico efetivo ao final do processo;<\/li>\n\n\n\n<li>O consumo dos produtos ocorreu antes da abertura da loja, em ambiente interno;<\/li>\n\n\n\n<li>A aplica\u00e7\u00e3o da pena m\u00e1xima (demiss\u00e3o) foi considerada excessiva diante do contexto.<\/li>\n<\/ul>\n\n\n\n<h2 class=\"wp-block-heading\">Quais princ\u00edpios trabalhistas esse caso evidencia<\/h2>\n\n\n\n<p>O epis\u00f3dio refor\u00e7ou a necessidade de aplicar regulamentos internos com equil\u00edbrio, levando em conta contexto, gravidade real da conduta e eventual dano \u00e0 empresa. A decis\u00e3o tamb\u00e9m chamou aten\u00e7\u00e3o para o papel do Judici\u00e1rio em revisar puni\u00e7\u00f5es quando h\u00e1 ind\u00edcios de abuso disciplinar.<\/p>\n\n\n\n<p>Especialistas em direito do trabalho apontam que o processo espanhol ilustra, de forma pr\u00e1tica, como alguns princ\u00edpios centrais costumam ser usados para resolver conflitos entre empresas e empregados, especialmente quando h\u00e1 d\u00favida sobre a proporcionalidade das san\u00e7\u00f5es aplicadas.<\/p>\n\n\n\n<figure class=\"wp-block-image size-large\"><img loading=\"lazy\" decoding=\"async\" width=\"1024\" height=\"576\" src=\"https:\/\/www.em.com.br\/emfoco\/wp-content\/uploads\/2026\/03\/1-18-1024x576.jpg\" alt=\"Empresa demite funcion\u00e1rio por comemorar anivers\u00e1rio no trabalho e acaba condenada a pagar mais de R$ 600 mil\" class=\"wp-image-177290\" srcset=\"https:\/\/www.em.com.br\/emfoco\/wp-content\/uploads\/2026\/03\/1-18-1024x576.jpg 1024w, https:\/\/www.em.com.br\/emfoco\/wp-content\/uploads\/2026\/03\/1-18-300x169.jpg 300w, https:\/\/www.em.com.br\/emfoco\/wp-content\/uploads\/2026\/03\/1-18-768x432.jpg 768w, https:\/\/www.em.com.br\/emfoco\/wp-content\/uploads\/2026\/03\/1-18-750x422.jpg 750w, https:\/\/www.em.com.br\/emfoco\/wp-content\/uploads\/2026\/03\/1-18-1140x641.jpg 1140w, https:\/\/www.em.com.br\/emfoco\/wp-content\/uploads\/2026\/03\/1-18.jpg 1280w\" sizes=\"auto, (max-width: 1024px) 100vw, 1024px\" \/><figcaption class=\"wp-element-caption\">Caso evidencia a import\u00e2ncia do equil\u00edbrio na aplica\u00e7\u00e3o de puni\u00e7\u00f5es disciplinares<\/figcaption><\/figure>\n\n\n\n<h2 class=\"wp-block-heading\">O que esse caso ensina e por que agir agora<\/h2>\n\n\n\n<p>O caso do supermercado na Gal\u00edcia virou um s\u00edmbolo recente de como a indeniza\u00e7\u00e3o por demiss\u00e3o injusta funciona como um freio a excessos empresariais. Ele mostra que erros operacionais, quando corrigidos de boa-f\u00e9, n\u00e3o devem ser tratados como crimes, e que o hist\u00f3rico do trabalhador e o impacto real do fato precisam pesar na decis\u00e3o.<\/p>\n\n\n\n<p>Se voc\u00ea \u00e9 empregado ou empregador, n\u00e3o espere que um simples equ\u00edvoco se transforme em um problema jur\u00eddico grave para s\u00f3 ent\u00e3o buscar orienta\u00e7\u00e3o. Procure apoio jur\u00eddico trabalhista o quanto antes, revise pol\u00edticas internas, documente procedimentos e garanta que direitos e deveres estejam claros hoje, antes que uma situa\u00e7\u00e3o semelhante saia do controle amanh\u00e3.<\/p>\n","protected":false},"excerpt":{"rendered":"<p>O caso de um funcion\u00e1rio de supermercado na Gal\u00edcia, na Espanha, demitido ap\u00f3s levar produtos para comemorar o pr\u00f3prio anivers\u00e1rio no trabalho, reacendeu o debate sobre at\u00e9 onde v\u00e3o os limites das puni\u00e7\u00f5es disciplinares nas empresas. O epis\u00f3dio come\u00e7ou com um erro de cobran\u00e7a em compras feitas na pr\u00f3pria loja e terminou com uma indeniza\u00e7\u00e3o [&hellip;]<\/p>\n","protected":false},"author":13,"featured_media":177292,"comment_status":"open","ping_status":"open","sticky":false,"template":"","format":"standard","meta":{"jnews-multi-image_gallery":[],"jnews_single_post":{"format":"standard"},"jnews_primary_category":[],"jnews_social_meta":[],"jnews_override_counter":[],"footnotes":""},"categories":[28],"tags":[21887,2287],"class_list":["post-177169","post","type-post","status-publish","format-standard","has-post-thumbnail","hentry","category-economia","tag-apropriacao-indevida","tag-demissao"],"yoast_head":"<!-- This site is optimized with the Yoast SEO plugin v23.8 - https:\/\/yoast.com\/wordpress\/plugins\/seo\/ -->\n<title>Empresa demite funcion\u00e1rio por comemorar anivers\u00e1rio no trabalho e acaba condenada a pagar mais de R$ 600 mil - Estado de Minas - Em foco<\/title>\n<meta name=\"description\" content=\"Demiss\u00e3o ap\u00f3s erro de cobran\u00e7a em supermercado termina com indeniza\u00e7\u00e3o de mais de 100 mil euros para trabalhador na Justi\u00e7a.\" \/>\n<meta name=\"robots\" content=\"index, follow, max-snippet:-1, max-image-preview:large, max-video-preview:-1\" \/>\n<link rel=\"canonical\" href=\"https:\/\/www.em.com.br\/emfoco\/2026\/03\/08\/empresa-demite-funcionario-por-comemorar-aniversario-no-trabalho-e-acaba-condenada-a-pagar-mais-de-r-600-mil\/\" \/>\n<meta property=\"og:locale\" content=\"pt_BR\" \/>\n<meta property=\"og:type\" content=\"article\" \/>\n<meta property=\"og:title\" content=\"Empresa demite funcion\u00e1rio por comemorar anivers\u00e1rio no trabalho e acaba condenada a pagar mais de R$ 600 mil - Estado de Minas - Em foco\" \/>\n<meta property=\"og:description\" content=\"Demiss\u00e3o ap\u00f3s erro de cobran\u00e7a em supermercado termina com indeniza\u00e7\u00e3o de mais de 100 mil euros para trabalhador na Justi\u00e7a.\" \/>\n<meta property=\"og:url\" content=\"https:\/\/www.em.com.br\/emfoco\/2026\/03\/08\/empresa-demite-funcionario-por-comemorar-aniversario-no-trabalho-e-acaba-condenada-a-pagar-mais-de-r-600-mil\/\" \/>\n<meta property=\"og:site_name\" content=\"Estado de Minas - Em foco\" \/>\n<meta property=\"article:published_time\" content=\"2026-03-08T16:35:00+00:00\" \/>\n<meta property=\"article:modified_time\" content=\"2026-03-07T23:57:02+00:00\" \/>\n<meta property=\"og:image\" content=\"https:\/\/www.em.com.br\/emfoco\/wp-content\/uploads\/2026\/03\/3-16.jpg\" \/>\n\t<meta property=\"og:image:width\" content=\"1280\" \/>\n\t<meta property=\"og:image:height\" content=\"720\" \/>\n\t<meta property=\"og:image:type\" content=\"image\/jpeg\" \/>\n<meta name=\"author\" content=\"Gabriel Martins\" \/>\n<meta name=\"twitter:card\" content=\"summary_large_image\" \/>\n<meta name=\"twitter:label1\" content=\"Escrito por\" \/>\n\t<meta name=\"twitter:data1\" content=\"Gabriel Martins\" \/>\n\t<meta name=\"twitter:label2\" content=\"Est. tempo de leitura\" \/>\n\t<meta name=\"twitter:data2\" content=\"5 minutos\" \/>\n<!-- \/ Yoast SEO plugin. -->","yoast_head_json":{"title":"Empresa demite funcion\u00e1rio por comemorar anivers\u00e1rio no trabalho e acaba condenada a pagar mais de R$ 600 mil - Estado de Minas - Em foco","description":"Demiss\u00e3o ap\u00f3s erro de cobran\u00e7a em supermercado termina com indeniza\u00e7\u00e3o de mais de 100 mil euros para trabalhador na Justi\u00e7a.","robots":{"index":"index","follow":"follow","max-snippet":"max-snippet:-1","max-image-preview":"max-image-preview:large","max-video-preview":"max-video-preview:-1"},"canonical":"https:\/\/www.em.com.br\/emfoco\/2026\/03\/08\/empresa-demite-funcionario-por-comemorar-aniversario-no-trabalho-e-acaba-condenada-a-pagar-mais-de-r-600-mil\/","og_locale":"pt_BR","og_type":"article","og_title":"Empresa demite funcion\u00e1rio por comemorar anivers\u00e1rio no trabalho e acaba condenada a pagar mais de R$ 600 mil - Estado de Minas - Em foco","og_description":"Demiss\u00e3o ap\u00f3s erro de cobran\u00e7a em supermercado termina com indeniza\u00e7\u00e3o de mais de 100 mil euros para trabalhador na Justi\u00e7a.","og_url":"https:\/\/www.em.com.br\/emfoco\/2026\/03\/08\/empresa-demite-funcionario-por-comemorar-aniversario-no-trabalho-e-acaba-condenada-a-pagar-mais-de-r-600-mil\/","og_site_name":"Estado de Minas - Em foco","article_published_time":"2026-03-08T16:35:00+00:00","article_modified_time":"2026-03-07T23:57:02+00:00","og_image":[{"width":1280,"height":720,"url":"https:\/\/www.em.com.br\/emfoco\/wp-content\/uploads\/2026\/03\/3-16.jpg","type":"image\/jpeg"}],"author":"Gabriel Martins","twitter_card":"summary_large_image","twitter_misc":{"Escrito por":"Gabriel Martins","Est. tempo de leitura":"5 minutos"},"schema":{"@context":"https:\/\/schema.org","@graph":[{"@type":"WebPage","@id":"https:\/\/www.em.com.br\/emfoco\/2026\/03\/08\/empresa-demite-funcionario-por-comemorar-aniversario-no-trabalho-e-acaba-condenada-a-pagar-mais-de-r-600-mil\/","url":"https:\/\/www.em.com.br\/emfoco\/2026\/03\/08\/empresa-demite-funcionario-por-comemorar-aniversario-no-trabalho-e-acaba-condenada-a-pagar-mais-de-r-600-mil\/","name":"Empresa demite funcion\u00e1rio por comemorar anivers\u00e1rio no trabalho e acaba condenada a pagar mais de R$ 600 mil - Estado de Minas - Em foco","isPartOf":{"@id":"https:\/\/www.em.com.br\/emfoco\/#website"},"primaryImageOfPage":{"@id":"https:\/\/www.em.com.br\/emfoco\/2026\/03\/08\/empresa-demite-funcionario-por-comemorar-aniversario-no-trabalho-e-acaba-condenada-a-pagar-mais-de-r-600-mil\/#primaryimage"},"image":{"@id":"https:\/\/www.em.com.br\/emfoco\/2026\/03\/08\/empresa-demite-funcionario-por-comemorar-aniversario-no-trabalho-e-acaba-condenada-a-pagar-mais-de-r-600-mil\/#primaryimage"},"thumbnailUrl":"https:\/\/www.em.com.br\/emfoco\/wp-content\/uploads\/2026\/03\/3-16.jpg","datePublished":"2026-03-08T16:35:00+00:00","dateModified":"2026-03-07T23:57:02+00:00","author":{"@id":"https:\/\/www.em.com.br\/emfoco\/#\/schema\/person\/1c9ddeab18b98abeffef834667bcf08a"},"description":"Demiss\u00e3o ap\u00f3s erro de cobran\u00e7a em supermercado termina com indeniza\u00e7\u00e3o de mais de 100 mil euros para trabalhador na Justi\u00e7a.","breadcrumb":{"@id":"https:\/\/www.em.com.br\/emfoco\/2026\/03\/08\/empresa-demite-funcionario-por-comemorar-aniversario-no-trabalho-e-acaba-condenada-a-pagar-mais-de-r-600-mil\/#breadcrumb"},"inLanguage":"pt-BR","potentialAction":[{"@type":"ReadAction","target":["https:\/\/www.em.com.br\/emfoco\/2026\/03\/08\/empresa-demite-funcionario-por-comemorar-aniversario-no-trabalho-e-acaba-condenada-a-pagar-mais-de-r-600-mil\/"]}]},{"@type":"ImageObject","inLanguage":"pt-BR","@id":"https:\/\/www.em.com.br\/emfoco\/2026\/03\/08\/empresa-demite-funcionario-por-comemorar-aniversario-no-trabalho-e-acaba-condenada-a-pagar-mais-de-r-600-mil\/#primaryimage","url":"https:\/\/www.em.com.br\/emfoco\/wp-content\/uploads\/2026\/03\/3-16.jpg","contentUrl":"https:\/\/www.em.com.br\/emfoco\/wp-content\/uploads\/2026\/03\/3-16.jpg","width":1280,"height":720,"caption":"Justi\u00e7a espanhola determina indeniza\u00e7\u00e3o alta ap\u00f3s demiss\u00e3o por comemora\u00e7\u00e3o de anivers\u00e1rio"},{"@type":"BreadcrumbList","@id":"https:\/\/www.em.com.br\/emfoco\/2026\/03\/08\/empresa-demite-funcionario-por-comemorar-aniversario-no-trabalho-e-acaba-condenada-a-pagar-mais-de-r-600-mil\/#breadcrumb","itemListElement":[{"@type":"ListItem","position":1,"name":"In\u00edcio","item":"https:\/\/www.em.com.br\/emfoco\/"},{"@type":"ListItem","position":2,"name":"Empresa demite funcion\u00e1rio por comemorar anivers\u00e1rio no trabalho e acaba condenada a pagar mais de R$ 600 mil"}]},{"@type":"WebSite","@id":"https:\/\/www.em.com.br\/emfoco\/#website","url":"https:\/\/www.em.com.br\/emfoco\/","name":"Estado de Minas - Em foco","description":"Acompanhe as \u00faltimas not\u00edcias e fique bem informado sobre tudo o que acontece em Minas Gerais, Brasil e no mundo.","potentialAction":[{"@type":"SearchAction","target":{"@type":"EntryPoint","urlTemplate":"https:\/\/www.em.com.br\/emfoco\/?s={search_term_string}"},"query-input":{"@type":"PropertyValueSpecification","valueRequired":true,"valueName":"search_term_string"}}],"inLanguage":"pt-BR"},{"@type":"Person","@id":"https:\/\/www.em.com.br\/emfoco\/#\/schema\/person\/1c9ddeab18b98abeffef834667bcf08a","name":"Gabriel Martins","image":{"@type":"ImageObject","inLanguage":"pt-BR","@id":"https:\/\/www.em.com.br\/emfoco\/#\/schema\/person\/image\/","url":"https:\/\/secure.gravatar.com\/avatar\/f0f1e2efdfd88f1ad2cb08c5c2731e50?s=96&d=mm&r=g","contentUrl":"https:\/\/secure.gravatar.com\/avatar\/f0f1e2efdfd88f1ad2cb08c5c2731e50?s=96&d=mm&r=g","caption":"Gabriel Martins"},"sameAs":["https:\/\/www.em.com.br\/emfoco\/"],"url":"https:\/\/www.em.com.br\/emfoco\/author\/gabrielmartinsmyth\/"}]}},"_links":{"self":[{"href":"https:\/\/www.em.com.br\/emfoco\/wp-json\/wp\/v2\/posts\/177169","targetHints":{"allow":["GET"]}}],"collection":[{"href":"https:\/\/www.em.com.br\/emfoco\/wp-json\/wp\/v2\/posts"}],"about":[{"href":"https:\/\/www.em.com.br\/emfoco\/wp-json\/wp\/v2\/types\/post"}],"author":[{"embeddable":true,"href":"https:\/\/www.em.com.br\/emfoco\/wp-json\/wp\/v2\/users\/13"}],"replies":[{"embeddable":true,"href":"https:\/\/www.em.com.br\/emfoco\/wp-json\/wp\/v2\/comments?post=177169"}],"version-history":[{"count":3,"href":"https:\/\/www.em.com.br\/emfoco\/wp-json\/wp\/v2\/posts\/177169\/revisions"}],"predecessor-version":[{"id":179096,"href":"https:\/\/www.em.com.br\/emfoco\/wp-json\/wp\/v2\/posts\/177169\/revisions\/179096"}],"wp:featuredmedia":[{"embeddable":true,"href":"https:\/\/www.em.com.br\/emfoco\/wp-json\/wp\/v2\/media\/177292"}],"wp:attachment":[{"href":"https:\/\/www.em.com.br\/emfoco\/wp-json\/wp\/v2\/media?parent=177169"}],"wp:term":[{"taxonomy":"category","embeddable":true,"href":"https:\/\/www.em.com.br\/emfoco\/wp-json\/wp\/v2\/categories?post=177169"},{"taxonomy":"post_tag","embeddable":true,"href":"https:\/\/www.em.com.br\/emfoco\/wp-json\/wp\/v2\/tags?post=177169"}],"curies":[{"name":"wp","href":"https:\/\/api.w.org\/{rel}","templated":true}]}}