{"id":177168,"date":"2026-03-08T10:15:00","date_gmt":"2026-03-08T13:15:00","guid":{"rendered":"https:\/\/www.em.com.br\/emfoco\/?p=177168"},"modified":"2026-03-07T20:56:16","modified_gmt":"2026-03-07T23:56:16","slug":"turistas-estao-sendo-multados-por-usar-caixa-de-som-em-espacos-publicos-e-muita-gente-ainda-nao-sabe-da-regra","status":"publish","type":"post","link":"https:\/\/www.em.com.br\/emfoco\/2026\/03\/08\/turistas-estao-sendo-multados-por-usar-caixa-de-som-em-espacos-publicos-e-muita-gente-ainda-nao-sabe-da-regra\/","title":{"rendered":"Turistas est\u00e3o sendo multados por usar caixa de som em espa\u00e7os p\u00fablicos e muita gente ainda n\u00e3o sabe da regra"},"content":{"rendered":"\n<p>Em <strong>Gramado<\/strong>, na <strong>Serra Ga\u00facha<\/strong>, uma norma pouco conhecida voltou ao centro das aten\u00e7\u00f5es: usar caixas de som port\u00e1teis em parques, pra\u00e7as e \u00e1reas de grande circula\u00e7\u00e3o tur\u00edstica pode gerar multa e at\u00e9 apreens\u00e3o do equipamento, j\u00e1 que a fiscaliza\u00e7\u00e3o passou a aplicar com mais rigor uma regra antiga para preservar o clima de tranquilidade em espa\u00e7os de descanso.<\/p>\n\n\n\n<h2 class=\"wp-block-heading\">O que \u00e9 o C\u00f3digo de Posturas de Gramado e como ele controla o barulho<\/h2>\n\n\n\n<p>O&nbsp;<strong><a href=\"https:\/\/leismunicipais.com.br\/codigo-de-posturas-gramado-rs\" target=\"_blank\" rel=\"noreferrer noopener\">C\u00f3digo de Posturas de Gramado<\/a><\/strong>&nbsp;\u00e9 a lei municipal que define regras de conviv\u00eancia urbana, uso de \u00e1reas p\u00fablicas, higiene e sossego. Entre seus pontos, est\u00e3o normas sobre controle de ru\u00eddos em espa\u00e7os coletivos, sempre que o som interfere no descanso, seguran\u00e7a ou finalidade do local.<\/p>\n\n\n\n<p>No caso das caixas de som port\u00e1teis, a prefeitura entende que esses aparelhos imp\u00f5em sua programa\u00e7\u00e3o a quem est\u00e1 ao redor, afetando o direito de quem busca sil\u00eancio relativo. N\u00e3o h\u00e1 hor\u00e1rio espec\u00edfico: mesmo \u00e0 tarde, em fim de semana, o barulho pode ser considerado inadequado se romper o padr\u00e3o de sossego esperado.<\/p>\n\n\n\n<figure class=\"wp-block-image size-large\"><img loading=\"lazy\" decoding=\"async\" width=\"1024\" height=\"576\" src=\"https:\/\/www.em.com.br\/emfoco\/wp-content\/uploads\/2026\/03\/8-9-1024x576.jpg\" alt=\"Turistas est\u00e3o sendo multados por usar caixa de som em espa\u00e7os p\u00fablicos e muita gente ainda n\u00e3o sabe da regra\" class=\"wp-image-177297\" srcset=\"https:\/\/www.em.com.br\/emfoco\/wp-content\/uploads\/2026\/03\/8-9-1024x576.jpg 1024w, https:\/\/www.em.com.br\/emfoco\/wp-content\/uploads\/2026\/03\/8-9-300x169.jpg 300w, https:\/\/www.em.com.br\/emfoco\/wp-content\/uploads\/2026\/03\/8-9-768x432.jpg 768w, https:\/\/www.em.com.br\/emfoco\/wp-content\/uploads\/2026\/03\/8-9-750x422.jpg 750w, https:\/\/www.em.com.br\/emfoco\/wp-content\/uploads\/2026\/03\/8-9-1140x641.jpg 1140w, https:\/\/www.em.com.br\/emfoco\/wp-content\/uploads\/2026\/03\/8-9.jpg 1280w\" sizes=\"auto, (max-width: 1024px) 100vw, 1024px\" \/><figcaption class=\"wp-element-caption\">Lei municipal define regras r\u00edgidas para preservar o sossego em \u00e1reas<\/figcaption><\/figure>\n\n\n\n<h2 class=\"wp-block-heading\">Como funcionam multas e apreens\u00e3o de caixas de som em Gramado<\/h2>\n\n\n\n<p>O&nbsp;<strong>C\u00f3digo de Posturas de Gramado<\/strong>&nbsp;n\u00e3o \u00e9 apenas orientativo: ele autoriza multa administrativa e apreens\u00e3o do equipamento usado na infra\u00e7\u00e3o. Assim, ao identificar uma caixa de som causando perturba\u00e7\u00e3o em <strong><a href=\"https:\/\/www.em.com.br\/emfoco\/2026\/02\/21\/adeus-ao-restaurante-mais-querido-da-capital-o-gigante-gastronomico-fecha-as-portas-apos-anos-servindo-o-publico\/\" target=\"_blank\" rel=\"noreferrer noopener\">espa\u00e7o p\u00fablico<\/a><\/strong>, o fiscal pode recolher o aparelho e lavrar o auto de infra\u00e7\u00e3o na hora.<\/p>\n\n\n\n<p>Os valores das multas s\u00e3o fixados em normas complementares e podem variar conforme gravidade e reincid\u00eancia. Em geral, a devolu\u00e7\u00e3o da caixa de som depende do pagamento da penalidade, o que transforma a apreens\u00e3o em ferramenta direta para desestimular a polui\u00e7\u00e3o sonora.<\/p>\n\n\n\n<ul class=\"wp-block-list\">\n<li><strong>Apreens\u00e3o imediata<\/strong>&nbsp;da caixa de som para encerrar o ru\u00eddo no local;<\/li>\n\n\n\n<li><strong>Auto de infra\u00e7\u00e3o<\/strong>&nbsp;em nome do respons\u00e1vel pelo equipamento;<\/li>\n\n\n\n<li><strong>Multa administrativa<\/strong>, com poss\u00edvel aumento em caso de reincid\u00eancia;<\/li>\n\n\n\n<li><strong>Devolu\u00e7\u00e3o condicionada<\/strong>&nbsp;ao cumprimento das exig\u00eancias legais.<\/li>\n<\/ul>\n\n\n\n<h2 class=\"wp-block-heading\">O C\u00f3digo de Posturas de Gramado vale para turistas e moradores<\/h2>\n\n\n\n<p>Por ser uma cidade tur\u00edstica, Gramado recebe visitantes de v\u00e1rias regi\u00f5es, com h\u00e1bitos diferentes de uso do espa\u00e7o p\u00fablico. Mesmo assim, o&nbsp;<strong>C\u00f3digo de Posturas<\/strong>&nbsp;\u00e9 aplicado de forma igual para todos, sem distin\u00e7\u00e3o entre morador, comerciante ou turista.<\/p>\n\n\n\n<p>Excurs\u00f5es, fam\u00edlias em f\u00e9rias ou grupos de amigos podem ter suas caixas de som apreendidas e ser multados como qualquer residente. O desconhecimento da lei n\u00e3o impede sua aplica\u00e7\u00e3o, e o uso de som port\u00e1til em \u00e1reas p\u00fablicas \u00e9 tratado como tema central de ordem urbana e sossego coletivo.<\/p>\n\n\n\n<figure class=\"wp-block-image size-large\"><img loading=\"lazy\" decoding=\"async\" width=\"1024\" height=\"576\" src=\"https:\/\/www.em.com.br\/emfoco\/wp-content\/uploads\/2026\/03\/7-9-1024x576.jpg\" alt=\"Turistas est\u00e3o sendo multados por usar caixa de som em espa\u00e7os p\u00fablicos e muita gente ainda n\u00e3o sabe da regra\" class=\"wp-image-177296\" srcset=\"https:\/\/www.em.com.br\/emfoco\/wp-content\/uploads\/2026\/03\/7-9-1024x576.jpg 1024w, https:\/\/www.em.com.br\/emfoco\/wp-content\/uploads\/2026\/03\/7-9-300x169.jpg 300w, https:\/\/www.em.com.br\/emfoco\/wp-content\/uploads\/2026\/03\/7-9-768x432.jpg 768w, https:\/\/www.em.com.br\/emfoco\/wp-content\/uploads\/2026\/03\/7-9-750x422.jpg 750w, https:\/\/www.em.com.br\/emfoco\/wp-content\/uploads\/2026\/03\/7-9-1140x641.jpg 1140w, https:\/\/www.em.com.br\/emfoco\/wp-content\/uploads\/2026\/03\/7-9.jpg 1280w\" sizes=\"auto, (max-width: 1024px) 100vw, 1024px\" \/><figcaption class=\"wp-element-caption\">Normas de conviv\u00eancia urbana valem igualmente para turistas e moradores locais<\/figcaption><\/figure>\n\n\n\n<h2 class=\"wp-block-heading\">Por que Gramado est\u00e1 mais r\u00edgida com caixas de som em \u00e1reas tur\u00edsticas<\/h2>\n\n\n\n<p>O refor\u00e7o na aplica\u00e7\u00e3o do&nbsp;<strong>C\u00f3digo de Posturas de Gramado<\/strong>&nbsp;est\u00e1 diretamente ligado \u00e0 imagem constru\u00edda pela cidade, baseada em organiza\u00e7\u00e3o urbana, turismo familiar e ambientes planejados e silenciosos. O avan\u00e7o das caixas de som port\u00e1teis passou a competir com essa identidade mais calma.<\/p>\n\n\n\n<p>Relatos de moradores e do setor de turismo mencionam a perda do clima de tranquilidade em pra\u00e7as, parques e pontos tur\u00edsticos. Com isso, a fiscaliza\u00e7\u00e3o foi intensificada em fins de semana, feriados e alta temporada, mesclando a\u00e7\u00f5es educativas e punitivas para deixar claro: em Gramado, o respeito ao ambiente sonoro \u00e9 parte da experi\u00eancia tur\u00edstica.<\/p>\n\n\n\n<h2 class=\"wp-block-heading\">Como se adaptar \u00e0s regras de som em Gramado e evitar problemas<\/h2>\n\n\n\n<p>Para aproveitar Gramado sem riscos de multa, o ideal \u00e9 deixar as caixas de som em casa ou no hotel e optar por fones de ouvido em espa\u00e7os p\u00fablicos. Antes de qualquer passeio, vale checar rapidamente as normas locais no site da prefeitura ou com o pr\u00f3prio hotel, garantindo que o lazer n\u00e3o vire dor de cabe\u00e7a.<\/p>\n\n\n\n<p>Se voc\u00ea planeja visitar a cidade, ajuste seus h\u00e1bitos agora e compartilhe essa informa\u00e7\u00e3o com quem viaja com voc\u00ea. Preserve o sossego de Gramado, evite apreens\u00f5es e multas e ajude a manter, hoje mesmo, a experi\u00eancia de calma que faz o destino ser t\u00e3o procurado.<\/p>\n","protected":false},"excerpt":{"rendered":"<p>Em Gramado, na Serra Ga\u00facha, uma norma pouco conhecida voltou ao centro das aten\u00e7\u00f5es: usar caixas de som port\u00e1teis em parques, pra\u00e7as e \u00e1reas de grande circula\u00e7\u00e3o tur\u00edstica pode gerar multa e at\u00e9 apreens\u00e3o do equipamento, j\u00e1 que a fiscaliza\u00e7\u00e3o passou a aplicar com mais rigor uma regra antiga para preservar o clima de tranquilidade [&hellip;]<\/p>\n","protected":false},"author":13,"featured_media":177298,"comment_status":"open","ping_status":"open","sticky":false,"template":"","format":"standard","meta":{"jnews-multi-image_gallery":[],"jnews_single_post":{"format":"standard"},"jnews_primary_category":[],"jnews_social_meta":[],"jnews_override_counter":[],"footnotes":""},"categories":[28],"tags":[25634,1205,25635],"class_list":["post-177168","post","type-post","status-publish","format-standard","has-post-thumbnail","hentry","category-economia","tag-caixa-de-som","tag-gramado","tag-proibicoes"],"yoast_head":"<!-- This site is optimized with the Yoast SEO plugin v23.8 - https:\/\/yoast.com\/wordpress\/plugins\/seo\/ -->\n<title>Turistas est\u00e3o sendo multados por usar caixa de som em espa\u00e7os p\u00fablicos e muita gente ainda n\u00e3o sabe da regra - Estado de Minas - Em foco<\/title>\n<meta name=\"description\" content=\"Usar caixa de som em parques e pra\u00e7as pode gerar multa e at\u00e9 apreens\u00e3o do aparelho ap\u00f3s refor\u00e7o da fiscaliza\u00e7\u00e3o em \u00e1reas p\u00fablicas.\" \/>\n<meta name=\"robots\" content=\"index, follow, max-snippet:-1, max-image-preview:large, max-video-preview:-1\" \/>\n<link rel=\"canonical\" href=\"https:\/\/www.em.com.br\/emfoco\/2026\/03\/08\/turistas-estao-sendo-multados-por-usar-caixa-de-som-em-espacos-publicos-e-muita-gente-ainda-nao-sabe-da-regra\/\" \/>\n<meta property=\"og:locale\" content=\"pt_BR\" \/>\n<meta property=\"og:type\" content=\"article\" \/>\n<meta property=\"og:title\" content=\"Turistas est\u00e3o sendo multados por usar caixa de som em espa\u00e7os p\u00fablicos e muita gente ainda n\u00e3o sabe da regra - Estado de Minas - Em foco\" \/>\n<meta property=\"og:description\" content=\"Usar caixa de som em parques e pra\u00e7as pode gerar multa e at\u00e9 apreens\u00e3o do aparelho ap\u00f3s refor\u00e7o da fiscaliza\u00e7\u00e3o em \u00e1reas p\u00fablicas.\" \/>\n<meta property=\"og:url\" content=\"https:\/\/www.em.com.br\/emfoco\/2026\/03\/08\/turistas-estao-sendo-multados-por-usar-caixa-de-som-em-espacos-publicos-e-muita-gente-ainda-nao-sabe-da-regra\/\" \/>\n<meta property=\"og:site_name\" content=\"Estado de Minas - Em foco\" \/>\n<meta property=\"article:published_time\" content=\"2026-03-08T13:15:00+00:00\" \/>\n<meta property=\"article:modified_time\" content=\"2026-03-07T23:56:16+00:00\" \/>\n<meta property=\"og:image\" content=\"https:\/\/www.em.com.br\/emfoco\/wp-content\/uploads\/2026\/03\/9-9.jpg\" \/>\n\t<meta property=\"og:image:width\" content=\"1280\" \/>\n\t<meta property=\"og:image:height\" content=\"720\" \/>\n\t<meta property=\"og:image:type\" content=\"image\/jpeg\" \/>\n<meta name=\"author\" content=\"Gabriel Martins\" \/>\n<meta name=\"twitter:card\" content=\"summary_large_image\" \/>\n<meta name=\"twitter:label1\" content=\"Escrito por\" \/>\n\t<meta name=\"twitter:data1\" content=\"Gabriel Martins\" \/>\n\t<meta name=\"twitter:label2\" content=\"Est. tempo de leitura\" \/>\n\t<meta name=\"twitter:data2\" content=\"5 minutos\" \/>\n<!-- \/ Yoast SEO plugin. -->","yoast_head_json":{"title":"Turistas est\u00e3o sendo multados por usar caixa de som em espa\u00e7os p\u00fablicos e muita gente ainda n\u00e3o sabe da regra - Estado de Minas - Em foco","description":"Usar caixa de som em parques e pra\u00e7as pode gerar multa e at\u00e9 apreens\u00e3o do aparelho ap\u00f3s refor\u00e7o da fiscaliza\u00e7\u00e3o em \u00e1reas p\u00fablicas.","robots":{"index":"index","follow":"follow","max-snippet":"max-snippet:-1","max-image-preview":"max-image-preview:large","max-video-preview":"max-video-preview:-1"},"canonical":"https:\/\/www.em.com.br\/emfoco\/2026\/03\/08\/turistas-estao-sendo-multados-por-usar-caixa-de-som-em-espacos-publicos-e-muita-gente-ainda-nao-sabe-da-regra\/","og_locale":"pt_BR","og_type":"article","og_title":"Turistas est\u00e3o sendo multados por usar caixa de som em espa\u00e7os p\u00fablicos e muita gente ainda n\u00e3o sabe da regra - Estado de Minas - Em foco","og_description":"Usar caixa de som em parques e pra\u00e7as pode gerar multa e at\u00e9 apreens\u00e3o do aparelho ap\u00f3s refor\u00e7o da fiscaliza\u00e7\u00e3o em \u00e1reas p\u00fablicas.","og_url":"https:\/\/www.em.com.br\/emfoco\/2026\/03\/08\/turistas-estao-sendo-multados-por-usar-caixa-de-som-em-espacos-publicos-e-muita-gente-ainda-nao-sabe-da-regra\/","og_site_name":"Estado de Minas - Em foco","article_published_time":"2026-03-08T13:15:00+00:00","article_modified_time":"2026-03-07T23:56:16+00:00","og_image":[{"width":1280,"height":720,"url":"https:\/\/www.em.com.br\/emfoco\/wp-content\/uploads\/2026\/03\/9-9.jpg","type":"image\/jpeg"}],"author":"Gabriel Martins","twitter_card":"summary_large_image","twitter_misc":{"Escrito por":"Gabriel Martins","Est. tempo de leitura":"5 minutos"},"schema":{"@context":"https:\/\/schema.org","@graph":[{"@type":"WebPage","@id":"https:\/\/www.em.com.br\/emfoco\/2026\/03\/08\/turistas-estao-sendo-multados-por-usar-caixa-de-som-em-espacos-publicos-e-muita-gente-ainda-nao-sabe-da-regra\/","url":"https:\/\/www.em.com.br\/emfoco\/2026\/03\/08\/turistas-estao-sendo-multados-por-usar-caixa-de-som-em-espacos-publicos-e-muita-gente-ainda-nao-sabe-da-regra\/","name":"Turistas est\u00e3o sendo multados por usar caixa de som em espa\u00e7os p\u00fablicos e muita gente ainda n\u00e3o sabe da regra - Estado de Minas - Em foco","isPartOf":{"@id":"https:\/\/www.em.com.br\/emfoco\/#website"},"primaryImageOfPage":{"@id":"https:\/\/www.em.com.br\/emfoco\/2026\/03\/08\/turistas-estao-sendo-multados-por-usar-caixa-de-som-em-espacos-publicos-e-muita-gente-ainda-nao-sabe-da-regra\/#primaryimage"},"image":{"@id":"https:\/\/www.em.com.br\/emfoco\/2026\/03\/08\/turistas-estao-sendo-multados-por-usar-caixa-de-som-em-espacos-publicos-e-muita-gente-ainda-nao-sabe-da-regra\/#primaryimage"},"thumbnailUrl":"https:\/\/www.em.com.br\/emfoco\/wp-content\/uploads\/2026\/03\/9-9.jpg","datePublished":"2026-03-08T13:15:00+00:00","dateModified":"2026-03-07T23:56:16+00:00","author":{"@id":"https:\/\/www.em.com.br\/emfoco\/#\/schema\/person\/1c9ddeab18b98abeffef834667bcf08a"},"description":"Usar caixa de som em parques e pra\u00e7as pode gerar multa e at\u00e9 apreens\u00e3o do aparelho ap\u00f3s refor\u00e7o da fiscaliza\u00e7\u00e3o em \u00e1reas p\u00fablicas.","breadcrumb":{"@id":"https:\/\/www.em.com.br\/emfoco\/2026\/03\/08\/turistas-estao-sendo-multados-por-usar-caixa-de-som-em-espacos-publicos-e-muita-gente-ainda-nao-sabe-da-regra\/#breadcrumb"},"inLanguage":"pt-BR","potentialAction":[{"@type":"ReadAction","target":["https:\/\/www.em.com.br\/emfoco\/2026\/03\/08\/turistas-estao-sendo-multados-por-usar-caixa-de-som-em-espacos-publicos-e-muita-gente-ainda-nao-sabe-da-regra\/"]}]},{"@type":"ImageObject","inLanguage":"pt-BR","@id":"https:\/\/www.em.com.br\/emfoco\/2026\/03\/08\/turistas-estao-sendo-multados-por-usar-caixa-de-som-em-espacos-publicos-e-muita-gente-ainda-nao-sabe-da-regra\/#primaryimage","url":"https:\/\/www.em.com.br\/emfoco\/wp-content\/uploads\/2026\/03\/9-9.jpg","contentUrl":"https:\/\/www.em.com.br\/emfoco\/wp-content\/uploads\/2026\/03\/9-9.jpg","width":1280,"height":720,"caption":"Gramado intensifica fiscaliza\u00e7\u00e3o contra o uso de caixas de som port\u00e1teis"},{"@type":"BreadcrumbList","@id":"https:\/\/www.em.com.br\/emfoco\/2026\/03\/08\/turistas-estao-sendo-multados-por-usar-caixa-de-som-em-espacos-publicos-e-muita-gente-ainda-nao-sabe-da-regra\/#breadcrumb","itemListElement":[{"@type":"ListItem","position":1,"name":"In\u00edcio","item":"https:\/\/www.em.com.br\/emfoco\/"},{"@type":"ListItem","position":2,"name":"Turistas est\u00e3o sendo multados por usar caixa de som em espa\u00e7os p\u00fablicos e muita gente ainda n\u00e3o sabe da regra"}]},{"@type":"WebSite","@id":"https:\/\/www.em.com.br\/emfoco\/#website","url":"https:\/\/www.em.com.br\/emfoco\/","name":"Estado de Minas - Em foco","description":"Acompanhe as \u00faltimas not\u00edcias e fique bem informado sobre tudo o que acontece em Minas Gerais, Brasil e no mundo.","potentialAction":[{"@type":"SearchAction","target":{"@type":"EntryPoint","urlTemplate":"https:\/\/www.em.com.br\/emfoco\/?s={search_term_string}"},"query-input":{"@type":"PropertyValueSpecification","valueRequired":true,"valueName":"search_term_string"}}],"inLanguage":"pt-BR"},{"@type":"Person","@id":"https:\/\/www.em.com.br\/emfoco\/#\/schema\/person\/1c9ddeab18b98abeffef834667bcf08a","name":"Gabriel Martins","image":{"@type":"ImageObject","inLanguage":"pt-BR","@id":"https:\/\/www.em.com.br\/emfoco\/#\/schema\/person\/image\/","url":"https:\/\/secure.gravatar.com\/avatar\/f0f1e2efdfd88f1ad2cb08c5c2731e50?s=96&d=mm&r=g","contentUrl":"https:\/\/secure.gravatar.com\/avatar\/f0f1e2efdfd88f1ad2cb08c5c2731e50?s=96&d=mm&r=g","caption":"Gabriel Martins"},"sameAs":["https:\/\/www.em.com.br\/emfoco\/"],"url":"https:\/\/www.em.com.br\/emfoco\/author\/gabrielmartinsmyth\/"}]}},"_links":{"self":[{"href":"https:\/\/www.em.com.br\/emfoco\/wp-json\/wp\/v2\/posts\/177168","targetHints":{"allow":["GET"]}}],"collection":[{"href":"https:\/\/www.em.com.br\/emfoco\/wp-json\/wp\/v2\/posts"}],"about":[{"href":"https:\/\/www.em.com.br\/emfoco\/wp-json\/wp\/v2\/types\/post"}],"author":[{"embeddable":true,"href":"https:\/\/www.em.com.br\/emfoco\/wp-json\/wp\/v2\/users\/13"}],"replies":[{"embeddable":true,"href":"https:\/\/www.em.com.br\/emfoco\/wp-json\/wp\/v2\/comments?post=177168"}],"version-history":[{"count":3,"href":"https:\/\/www.em.com.br\/emfoco\/wp-json\/wp\/v2\/posts\/177168\/revisions"}],"predecessor-version":[{"id":179093,"href":"https:\/\/www.em.com.br\/emfoco\/wp-json\/wp\/v2\/posts\/177168\/revisions\/179093"}],"wp:featuredmedia":[{"embeddable":true,"href":"https:\/\/www.em.com.br\/emfoco\/wp-json\/wp\/v2\/media\/177298"}],"wp:attachment":[{"href":"https:\/\/www.em.com.br\/emfoco\/wp-json\/wp\/v2\/media?parent=177168"}],"wp:term":[{"taxonomy":"category","embeddable":true,"href":"https:\/\/www.em.com.br\/emfoco\/wp-json\/wp\/v2\/categories?post=177168"},{"taxonomy":"post_tag","embeddable":true,"href":"https:\/\/www.em.com.br\/emfoco\/wp-json\/wp\/v2\/tags?post=177168"}],"curies":[{"name":"wp","href":"https:\/\/api.w.org\/{rel}","templated":true}]}}