{"id":177147,"date":"2026-03-07T07:45:00","date_gmt":"2026-03-07T10:45:00","guid":{"rendered":"https:\/\/www.em.com.br\/emfoco\/?p=177147"},"modified":"2026-03-04T13:20:08","modified_gmt":"2026-03-04T16:20:08","slug":"calendario-do-bolsa-familia-de-marco-e-divulgado-veja-quando-cada-final-do-nis-recebe-e-como-o-valor-pode-subir-alem-de-r-600","status":"publish","type":"post","link":"https:\/\/www.em.com.br\/emfoco\/2026\/03\/07\/calendario-do-bolsa-familia-de-marco-e-divulgado-veja-quando-cada-final-do-nis-recebe-e-como-o-valor-pode-subir-alem-de-r-600\/","title":{"rendered":"Calend\u00e1rio do Bolsa Fam\u00edlia de mar\u00e7o \u00e9 divulgado: veja quando cada final do NIS recebe e como o valor pode subir al\u00e9m de R$ 600"},"content":{"rendered":"\n<p>O <strong>Bolsa Fam\u00edlia<\/strong> de mar\u00e7o ter\u00e1 pagamentos entre 18 e 31, conforme o final do NIS. O benef\u00edcio m\u00ednimo \u00e9 de R$ 600 por fam\u00edlia e pode aumentar com adicionais para crian\u00e7as, gestantes e adolescentes.<\/p>\n\n\n\n<h2 class=\"wp-block-heading\">Quando come\u00e7a o pagamento do Bolsa Fam\u00edlia em mar\u00e7o?<\/h2>\n\n\n\n<p>O <strong>calend\u00e1rio do Bolsa Fam\u00edlia<\/strong> come\u00e7a em 18 de mar\u00e7o e segue at\u00e9 o dia 31. Os dep\u00f3sitos s\u00e3o feitos de forma escalonada para organizar o fluxo de pagamentos e evitar sobrecarga nos canais de saque.<\/p>\n\n\n\n<p>Os primeiros benefici\u00e1rios s\u00e3o aqueles com <strong>NIS final 1<\/strong>. A cada dia \u00fatil seguinte um novo grupo recebe o valor, at\u00e9 chegar aos benefici\u00e1rios com NIS final 0, que recebem no \u00faltimo dia do cronograma.<\/p>\n\n\n\n<figure class=\"wp-block-image size-large\"><img loading=\"lazy\" decoding=\"async\" width=\"1024\" height=\"576\" src=\"https:\/\/www.em.com.br\/emfoco\/wp-content\/uploads\/2026\/03\/9-7-1024x576.jpg\" alt=\"Calend\u00e1rio do Bolsa Fam\u00edlia de mar\u00e7o \u00e9 divulgado: veja quando cada final do NIS recebe e como o valor pode subir al\u00e9m de R$ 600\" class=\"wp-image-177247\" srcset=\"https:\/\/www.em.com.br\/emfoco\/wp-content\/uploads\/2026\/03\/9-7-1024x576.jpg 1024w, https:\/\/www.em.com.br\/emfoco\/wp-content\/uploads\/2026\/03\/9-7-300x169.jpg 300w, https:\/\/www.em.com.br\/emfoco\/wp-content\/uploads\/2026\/03\/9-7-768x432.jpg 768w, https:\/\/www.em.com.br\/emfoco\/wp-content\/uploads\/2026\/03\/9-7-750x422.jpg 750w, https:\/\/www.em.com.br\/emfoco\/wp-content\/uploads\/2026\/03\/9-7-1140x641.jpg 1140w, https:\/\/www.em.com.br\/emfoco\/wp-content\/uploads\/2026\/03\/9-7.jpg 1280w\" sizes=\"auto, (max-width: 1024px) 100vw, 1024px\" \/><figcaption class=\"wp-element-caption\">Dep\u00f3sitos escalonados ocorrem entre os dias dezoito e trinta e um<\/figcaption><\/figure>\n\n\n\n<h2 class=\"wp-block-heading\">Qual \u00e9 o calend\u00e1rio completo do Bolsa Fam\u00edlia em mar\u00e7o?<\/h2>\n\n\n\n<p>O pagamento \u00e9 organizado de acordo com o \u00faltimo d\u00edgito do <strong>N\u00famero de Identifica\u00e7\u00e3o Social<\/strong>. Esse modelo permite distribuir os dep\u00f3sitos ao longo do m\u00eas e facilitar o acesso ao benef\u00edcio. Confira as datas oficiais abaixo.<\/p>\n\n\n\n<table style=\"margin:22px auto; width:95%; max-width:720px; border-collapse:collapse; font-family:Arial, Helvetica, sans-serif; font-size:14px; border-radius:10px; overflow:hidden; box-shadow:0 3px 10px rgba(0,0,0,0.08);\">\n\n<tr style=\"background:#2e7d32; color:#ffffff;\">\n<th style=\"padding:12px 10px; border:1px solid #dcdcdc;\">Final do NIS<\/th>\n<th style=\"padding:12px 10px; border:1px solid #dcdcdc;\">Data do pagamento<\/th>\n<\/tr>\n\n<tr style=\"background:#f1f8e9;\">\n<td style=\"padding:10px; border:1px solid #e0e0e0; text-align:center; font-weight:bold;\">1<\/td>\n<td style=\"padding:10px; border:1px solid #e0e0e0;\">18 de mar\u00e7o<\/td>\n<\/tr>\n\n<tr>\n<td style=\"padding:10px; border:1px solid #e0e0e0; text-align:center; font-weight:bold;\">2<\/td>\n<td style=\"padding:10px; border:1px solid #e0e0e0;\">19 de mar\u00e7o<\/td>\n<\/tr>\n\n<tr style=\"background:#f1f8e9;\">\n<td style=\"padding:10px; border:1px solid #e0e0e0; text-align:center; font-weight:bold;\">3<\/td>\n<td style=\"padding:10px; border:1px solid #e0e0e0;\">20 de mar\u00e7o<\/td>\n<\/tr>\n\n<tr>\n<td style=\"padding:10px; border:1px solid #e0e0e0; text-align:center; font-weight:bold;\">4<\/td>\n<td style=\"padding:10px; border:1px solid #e0e0e0;\">23 de mar\u00e7o<\/td>\n<\/tr>\n\n<tr style=\"background:#f1f8e9;\">\n<td style=\"padding:10px; border:1px solid #e0e0e0; text-align:center; font-weight:bold;\">5<\/td>\n<td style=\"padding:10px; border:1px solid #e0e0e0;\">24 de mar\u00e7o<\/td>\n<\/tr>\n\n<tr>\n<td style=\"padding:10px; border:1px solid #e0e0e0; text-align:center; font-weight:bold;\">6<\/td>\n<td style=\"padding:10px; border:1px solid #e0e0e0;\">25 de mar\u00e7o<\/td>\n<\/tr>\n\n<tr style=\"background:#f1f8e9;\">\n<td style=\"padding:10px; border:1px solid #e0e0e0; text-align:center; font-weight:bold;\">7<\/td>\n<td style=\"padding:10px; border:1px solid #e0e0e0;\">26 de mar\u00e7o<\/td>\n<\/tr>\n\n<tr>\n<td style=\"padding:10px; border:1px solid #e0e0e0; text-align:center; font-weight:bold;\">8<\/td>\n<td style=\"padding:10px; border:1px solid #e0e0e0;\">27 de mar\u00e7o<\/td>\n<\/tr>\n\n<tr style=\"background:#f1f8e9;\">\n<td style=\"padding:10px; border:1px solid #e0e0e0; text-align:center; font-weight:bold;\">9<\/td>\n<td style=\"padding:10px; border:1px solid #e0e0e0;\">30 de mar\u00e7o<\/td>\n<\/tr>\n\n<tr>\n<td style=\"padding:10px; border:1px solid #e0e0e0; text-align:center; font-weight:bold;\">0<\/td>\n<td style=\"padding:10px; border:1px solid #e0e0e0;\">31 de mar\u00e7o<\/td>\n<\/tr>\n\n<\/table>\n\n\n\n<h2 class=\"wp-block-heading\">Qual \u00e9 o valor do Bolsa Fam\u00edlia em mar\u00e7o?<\/h2>\n\n\n\n<p>O benef\u00edcio m\u00ednimo do <strong>Bolsa Fam\u00edlia<\/strong> permanece em R$ 600 por fam\u00edlia. No entanto, o valor final pode ser maior dependendo da composi\u00e7\u00e3o familiar e da presen\u00e7a de crian\u00e7as ou gestantes.<\/p>\n\n\n\n<p>Os adicionais s\u00e3o pagos para garantir maior prote\u00e7\u00e3o social a fam\u00edlias vulner\u00e1veis. Crian\u00e7as pequenas, adolescentes e gestantes podem gerar valores extras no benef\u00edcio mensal.<\/p>\n\n\n\n<p>Confira o v\u00eddeo compartilhado pelo canal do TikTok <strong><a href=\"https:\/\/www.tiktok.com\/@juniorarrais.advogado\" target=\"_blank\" rel=\"noreferrer noopener\"><strong>juniorarrais.advogado<\/strong><\/a><\/strong> falando sobre o pagamento a atualiza\u00e7\u00f5es do Bolsa Fam\u00edlia para o m\u00eas de Mar\u00e7o.<\/p>\n\n\n\n<blockquote class=\"tiktok-embed\" cite=\"https:\/\/www.tiktok.com\/@juniorarrais.advogado\/video\/7612294796329110792\" data-video-id=\"7612294796329110792\" style=\"max-width: 605px;min-width: 325px;\" > <section> <a target=\"_blank\" title=\"@juniorarrais.advogado\" href=\"https:\/\/www.tiktok.com\/@juniorarrais.advogado?refer=embed\">@juniorarrais.advogado<\/a> \u2705QUE DIA OS APLICATIVOS DO BOLSA FAM\u00cdLIA V\u00c3O ATUALIZAR PARA MAR\u00c7O DE 2026? . <a title=\"capcut\" target=\"_blank\" href=\"https:\/\/www.tiktok.com\/tag\/capcut?refer=embed\">#CapCut<\/a> <a title=\"juniorarraisadvogado\" target=\"_blank\" href=\"https:\/\/www.tiktok.com\/tag\/juniorarraisadvogado?refer=embed\">#juniorarraisadvogado<\/a> <a title=\"bolsafamilia\" target=\"_blank\" href=\"https:\/\/www.tiktok.com\/tag\/bolsafamilia?refer=embed\">#bolsafamilia<\/a> <a title=\"noticias\" target=\"_blank\" href=\"https:\/\/www.tiktok.com\/tag\/noticias?refer=embed\">#noticias<\/a> <a title=\"auxilio\" target=\"_blank\" href=\"https:\/\/www.tiktok.com\/tag\/auxilio?refer=embed\">#auxilio<\/a> <a target=\"_blank\" title=\"\u266c som original - J\u00fanior Arrais | Advogado\" href=\"https:\/\/www.tiktok.com\/music\/som-original-7612294836963756807?refer=embed\">\u266c som original &#8211; J\u00fanior Arrais | Advogado<\/a> <\/section> <\/blockquote> <script async src=\"https:\/\/www.tiktok.com\/embed.js\"><\/script>\n\n\n\n<h2 class=\"wp-block-heading\">Quais adicionais podem aumentar o valor do benef\u00edcio?<\/h2>\n\n\n\n<p>Al\u00e9m da parcela b\u00e1sica, o programa inclui benef\u00edcios complementares para ampliar a renda das fam\u00edlias. Esses valores s\u00e3o definidos conforme a composi\u00e7\u00e3o familiar cadastrada no Cad\u00danico.<\/p>\n\n\n\n<ul class=\"wp-block-list\">\n<li><strong>R$ 150 por crian\u00e7a de at\u00e9 6 anos<\/strong>, garantindo apoio maior \u00e0s fam\u00edlias com crian\u00e7as pequenas.<\/li>\n\n\n\n<li><strong>R$ 50 para jovens de 7 a 17 anos<\/strong>, incentivando perman\u00eancia na escola.<\/li>\n\n\n\n<li><strong>R$ 50 para gestantes ou beb\u00eas de at\u00e9 7 meses<\/strong>, refor\u00e7ando cuidados na primeira inf\u00e2ncia.<\/li>\n<\/ul>\n\n\n\n<p>Esses adicionais podem elevar significativamente o valor recebido pelas fam\u00edlias, dependendo do n\u00famero de integrantes que se enquadram nas regras do programa.<\/p>\n\n\n\n<h2 class=\"wp-block-heading\">Como consultar a data e sacar o benef\u00edcio?<\/h2>\n\n\n\n<p>Os dep\u00f3sitos s\u00e3o feitos pela <strong>Caixa Econ\u00f4mica Federal<\/strong> diretamente na poupan\u00e7a social digital vinculada ao programa. O dinheiro pode ser movimentado pelo aplicativo <strong><a href=\"https:\/\/www.em.com.br\/emfoco\/2026\/01\/28\/botijao-de-13-kg-gratis-em-2026-veja-se-voce-esta-entre-os-selecionados-com-pagamento-automatico-via-caixa-tem\/\" target=\"_blank\" rel=\"noreferrer noopener\">Caixa Tem<\/a><\/strong>.<\/p>\n\n\n\n<p>Tamb\u00e9m \u00e9 poss\u00edvel realizar saques em casas lot\u00e9ricas, caixas eletr\u00f4nicos ou ag\u00eancias da Caixa. Consultar o final do NIS ajuda a evitar filas e permite organizar melhor o uso do benef\u00edcio ao longo do m\u00eas.<\/p>\n","protected":false},"excerpt":{"rendered":"<p>O Bolsa Fam\u00edlia de mar\u00e7o ter\u00e1 pagamentos entre 18 e 31, conforme o final do NIS. O benef\u00edcio m\u00ednimo \u00e9 de R$ 600 por fam\u00edlia e pode aumentar com adicionais para crian\u00e7as, gestantes e adolescentes. Quando come\u00e7a o pagamento do Bolsa Fam\u00edlia em mar\u00e7o? O calend\u00e1rio do Bolsa Fam\u00edlia come\u00e7a em 18 de mar\u00e7o e [&hellip;]<\/p>\n","protected":false},"author":13,"featured_media":177248,"comment_status":"open","ping_status":"open","sticky":false,"template":"","format":"standard","meta":{"jnews-multi-image_gallery":[],"jnews_single_post":{"format":"standard"},"jnews_primary_category":[],"jnews_social_meta":[],"jnews_override_counter":[],"footnotes":""},"categories":[28],"tags":[209,787,25618],"class_list":["post-177147","post","type-post","status-publish","format-standard","has-post-thumbnail","hentry","category-economia","tag-bolsa-familia","tag-calendario","tag-pagamentos-bolsa-familia-2"],"yoast_head":"<!-- This site is optimized with the Yoast SEO plugin v23.8 - https:\/\/yoast.com\/wordpress\/plugins\/seo\/ -->\n<title>Calend\u00e1rio do Bolsa Fam\u00edlia de mar\u00e7o \u00e9 divulgado: veja quando cada final do NIS recebe e como o valor pode subir al\u00e9m de R$ 600 - Estado de Minas - Em foco<\/title>\n<meta name=\"description\" content=\"Bolsa Fam\u00edlia de mar\u00e7o come\u00e7a dia 18. Veja o calend\u00e1rio completo por final do NIS, valores do benef\u00edcio e adicionais para crian\u00e7as e gestantes.\" \/>\n<meta name=\"robots\" content=\"index, follow, max-snippet:-1, max-image-preview:large, max-video-preview:-1\" \/>\n<link rel=\"canonical\" href=\"https:\/\/www.em.com.br\/emfoco\/2026\/03\/07\/calendario-do-bolsa-familia-de-marco-e-divulgado-veja-quando-cada-final-do-nis-recebe-e-como-o-valor-pode-subir-alem-de-r-600\/\" \/>\n<meta property=\"og:locale\" content=\"pt_BR\" \/>\n<meta property=\"og:type\" content=\"article\" \/>\n<meta property=\"og:title\" content=\"Calend\u00e1rio do Bolsa Fam\u00edlia de mar\u00e7o \u00e9 divulgado: veja quando cada final do NIS recebe e como o valor pode subir al\u00e9m de R$ 600 - Estado de Minas - Em foco\" \/>\n<meta property=\"og:description\" content=\"Bolsa Fam\u00edlia de mar\u00e7o come\u00e7a dia 18. Veja o calend\u00e1rio completo por final do NIS, valores do benef\u00edcio e adicionais para crian\u00e7as e gestantes.\" \/>\n<meta property=\"og:url\" content=\"https:\/\/www.em.com.br\/emfoco\/2026\/03\/07\/calendario-do-bolsa-familia-de-marco-e-divulgado-veja-quando-cada-final-do-nis-recebe-e-como-o-valor-pode-subir-alem-de-r-600\/\" \/>\n<meta property=\"og:site_name\" content=\"Estado de Minas - Em foco\" \/>\n<meta property=\"article:published_time\" content=\"2026-03-07T10:45:00+00:00\" \/>\n<meta property=\"article:modified_time\" content=\"2026-03-04T16:20:08+00:00\" \/>\n<meta property=\"og:image\" content=\"https:\/\/www.em.com.br\/emfoco\/wp-content\/uploads\/2026\/03\/10-7.jpg\" \/>\n\t<meta property=\"og:image:width\" content=\"1280\" \/>\n\t<meta property=\"og:image:height\" content=\"720\" \/>\n\t<meta property=\"og:image:type\" content=\"image\/jpeg\" \/>\n<meta name=\"author\" content=\"Gabriel Martins\" \/>\n<meta name=\"twitter:card\" content=\"summary_large_image\" \/>\n<meta name=\"twitter:label1\" content=\"Escrito por\" \/>\n\t<meta name=\"twitter:data1\" content=\"Gabriel Martins\" \/>\n\t<meta name=\"twitter:label2\" content=\"Est. tempo de leitura\" \/>\n\t<meta name=\"twitter:data2\" content=\"4 minutos\" \/>\n<!-- \/ Yoast SEO plugin. -->","yoast_head_json":{"title":"Calend\u00e1rio do Bolsa Fam\u00edlia de mar\u00e7o \u00e9 divulgado: veja quando cada final do NIS recebe e como o valor pode subir al\u00e9m de R$ 600 - Estado de Minas - Em foco","description":"Bolsa Fam\u00edlia de mar\u00e7o come\u00e7a dia 18. Veja o calend\u00e1rio completo por final do NIS, valores do benef\u00edcio e adicionais para crian\u00e7as e gestantes.","robots":{"index":"index","follow":"follow","max-snippet":"max-snippet:-1","max-image-preview":"max-image-preview:large","max-video-preview":"max-video-preview:-1"},"canonical":"https:\/\/www.em.com.br\/emfoco\/2026\/03\/07\/calendario-do-bolsa-familia-de-marco-e-divulgado-veja-quando-cada-final-do-nis-recebe-e-como-o-valor-pode-subir-alem-de-r-600\/","og_locale":"pt_BR","og_type":"article","og_title":"Calend\u00e1rio do Bolsa Fam\u00edlia de mar\u00e7o \u00e9 divulgado: veja quando cada final do NIS recebe e como o valor pode subir al\u00e9m de R$ 600 - Estado de Minas - Em foco","og_description":"Bolsa Fam\u00edlia de mar\u00e7o come\u00e7a dia 18. Veja o calend\u00e1rio completo por final do NIS, valores do benef\u00edcio e adicionais para crian\u00e7as e gestantes.","og_url":"https:\/\/www.em.com.br\/emfoco\/2026\/03\/07\/calendario-do-bolsa-familia-de-marco-e-divulgado-veja-quando-cada-final-do-nis-recebe-e-como-o-valor-pode-subir-alem-de-r-600\/","og_site_name":"Estado de Minas - Em foco","article_published_time":"2026-03-07T10:45:00+00:00","article_modified_time":"2026-03-04T16:20:08+00:00","og_image":[{"width":1280,"height":720,"url":"https:\/\/www.em.com.br\/emfoco\/wp-content\/uploads\/2026\/03\/10-7.jpg","type":"image\/jpeg"}],"author":"Gabriel Martins","twitter_card":"summary_large_image","twitter_misc":{"Escrito por":"Gabriel Martins","Est. tempo de leitura":"4 minutos"},"schema":{"@context":"https:\/\/schema.org","@graph":[{"@type":"WebPage","@id":"https:\/\/www.em.com.br\/emfoco\/2026\/03\/07\/calendario-do-bolsa-familia-de-marco-e-divulgado-veja-quando-cada-final-do-nis-recebe-e-como-o-valor-pode-subir-alem-de-r-600\/","url":"https:\/\/www.em.com.br\/emfoco\/2026\/03\/07\/calendario-do-bolsa-familia-de-marco-e-divulgado-veja-quando-cada-final-do-nis-recebe-e-como-o-valor-pode-subir-alem-de-r-600\/","name":"Calend\u00e1rio do Bolsa Fam\u00edlia de mar\u00e7o \u00e9 divulgado: veja quando cada final do NIS recebe e como o valor pode subir al\u00e9m de R$ 600 - Estado de Minas - Em foco","isPartOf":{"@id":"https:\/\/www.em.com.br\/emfoco\/#website"},"primaryImageOfPage":{"@id":"https:\/\/www.em.com.br\/emfoco\/2026\/03\/07\/calendario-do-bolsa-familia-de-marco-e-divulgado-veja-quando-cada-final-do-nis-recebe-e-como-o-valor-pode-subir-alem-de-r-600\/#primaryimage"},"image":{"@id":"https:\/\/www.em.com.br\/emfoco\/2026\/03\/07\/calendario-do-bolsa-familia-de-marco-e-divulgado-veja-quando-cada-final-do-nis-recebe-e-como-o-valor-pode-subir-alem-de-r-600\/#primaryimage"},"thumbnailUrl":"https:\/\/www.em.com.br\/emfoco\/wp-content\/uploads\/2026\/03\/10-7.jpg","datePublished":"2026-03-07T10:45:00+00:00","dateModified":"2026-03-04T16:20:08+00:00","author":{"@id":"https:\/\/www.em.com.br\/emfoco\/#\/schema\/person\/1c9ddeab18b98abeffef834667bcf08a"},"description":"Bolsa Fam\u00edlia de mar\u00e7o come\u00e7a dia 18. Veja o calend\u00e1rio completo por final do NIS, valores do benef\u00edcio e adicionais para crian\u00e7as e gestantes.","breadcrumb":{"@id":"https:\/\/www.em.com.br\/emfoco\/2026\/03\/07\/calendario-do-bolsa-familia-de-marco-e-divulgado-veja-quando-cada-final-do-nis-recebe-e-como-o-valor-pode-subir-alem-de-r-600\/#breadcrumb"},"inLanguage":"pt-BR","potentialAction":[{"@type":"ReadAction","target":["https:\/\/www.em.com.br\/emfoco\/2026\/03\/07\/calendario-do-bolsa-familia-de-marco-e-divulgado-veja-quando-cada-final-do-nis-recebe-e-como-o-valor-pode-subir-alem-de-r-600\/"]}]},{"@type":"ImageObject","inLanguage":"pt-BR","@id":"https:\/\/www.em.com.br\/emfoco\/2026\/03\/07\/calendario-do-bolsa-familia-de-marco-e-divulgado-veja-quando-cada-final-do-nis-recebe-e-como-o-valor-pode-subir-alem-de-r-600\/#primaryimage","url":"https:\/\/www.em.com.br\/emfoco\/wp-content\/uploads\/2026\/03\/10-7.jpg","contentUrl":"https:\/\/www.em.com.br\/emfoco\/wp-content\/uploads\/2026\/03\/10-7.jpg","width":1280,"height":720,"caption":"Cronograma de pagamentos do Bolsa Fam\u00edlia em mar\u00e7o segue o final NIS"},{"@type":"BreadcrumbList","@id":"https:\/\/www.em.com.br\/emfoco\/2026\/03\/07\/calendario-do-bolsa-familia-de-marco-e-divulgado-veja-quando-cada-final-do-nis-recebe-e-como-o-valor-pode-subir-alem-de-r-600\/#breadcrumb","itemListElement":[{"@type":"ListItem","position":1,"name":"In\u00edcio","item":"https:\/\/www.em.com.br\/emfoco\/"},{"@type":"ListItem","position":2,"name":"Calend\u00e1rio do Bolsa Fam\u00edlia de mar\u00e7o \u00e9 divulgado: veja quando cada final do NIS recebe e como o valor pode subir al\u00e9m de R$ 600"}]},{"@type":"WebSite","@id":"https:\/\/www.em.com.br\/emfoco\/#website","url":"https:\/\/www.em.com.br\/emfoco\/","name":"Estado de Minas - Em foco","description":"Acompanhe as \u00faltimas not\u00edcias e fique bem informado sobre tudo o que acontece em Minas Gerais, Brasil e no mundo.","potentialAction":[{"@type":"SearchAction","target":{"@type":"EntryPoint","urlTemplate":"https:\/\/www.em.com.br\/emfoco\/?s={search_term_string}"},"query-input":{"@type":"PropertyValueSpecification","valueRequired":true,"valueName":"search_term_string"}}],"inLanguage":"pt-BR"},{"@type":"Person","@id":"https:\/\/www.em.com.br\/emfoco\/#\/schema\/person\/1c9ddeab18b98abeffef834667bcf08a","name":"Gabriel Martins","image":{"@type":"ImageObject","inLanguage":"pt-BR","@id":"https:\/\/www.em.com.br\/emfoco\/#\/schema\/person\/image\/","url":"https:\/\/secure.gravatar.com\/avatar\/f0f1e2efdfd88f1ad2cb08c5c2731e50?s=96&d=mm&r=g","contentUrl":"https:\/\/secure.gravatar.com\/avatar\/f0f1e2efdfd88f1ad2cb08c5c2731e50?s=96&d=mm&r=g","caption":"Gabriel Martins"},"sameAs":["https:\/\/www.em.com.br\/emfoco\/"],"url":"https:\/\/www.em.com.br\/emfoco\/author\/gabrielmartinsmyth\/"}]}},"_links":{"self":[{"href":"https:\/\/www.em.com.br\/emfoco\/wp-json\/wp\/v2\/posts\/177147","targetHints":{"allow":["GET"]}}],"collection":[{"href":"https:\/\/www.em.com.br\/emfoco\/wp-json\/wp\/v2\/posts"}],"about":[{"href":"https:\/\/www.em.com.br\/emfoco\/wp-json\/wp\/v2\/types\/post"}],"author":[{"embeddable":true,"href":"https:\/\/www.em.com.br\/emfoco\/wp-json\/wp\/v2\/users\/13"}],"replies":[{"embeddable":true,"href":"https:\/\/www.em.com.br\/emfoco\/wp-json\/wp\/v2\/comments?post=177147"}],"version-history":[{"count":2,"href":"https:\/\/www.em.com.br\/emfoco\/wp-json\/wp\/v2\/posts\/177147\/revisions"}],"predecessor-version":[{"id":177249,"href":"https:\/\/www.em.com.br\/emfoco\/wp-json\/wp\/v2\/posts\/177147\/revisions\/177249"}],"wp:featuredmedia":[{"embeddable":true,"href":"https:\/\/www.em.com.br\/emfoco\/wp-json\/wp\/v2\/media\/177248"}],"wp:attachment":[{"href":"https:\/\/www.em.com.br\/emfoco\/wp-json\/wp\/v2\/media?parent=177147"}],"wp:term":[{"taxonomy":"category","embeddable":true,"href":"https:\/\/www.em.com.br\/emfoco\/wp-json\/wp\/v2\/categories?post=177147"},{"taxonomy":"post_tag","embeddable":true,"href":"https:\/\/www.em.com.br\/emfoco\/wp-json\/wp\/v2\/tags?post=177147"}],"curies":[{"name":"wp","href":"https:\/\/api.w.org\/{rel}","templated":true}]}}