{"id":177145,"date":"2026-03-07T20:25:00","date_gmt":"2026-03-07T23:25:00","guid":{"rendered":"https:\/\/www.em.com.br\/emfoco\/?p=177145"},"modified":"2026-03-04T13:42:48","modified_gmt":"2026-03-04T16:42:48","slug":"trabalhadores-podem-sacar-parte-do-fgts-em-2026-saque-aniversario-libera-dinheiro-no-mes-de-nascimento","status":"publish","type":"post","link":"https:\/\/www.em.com.br\/emfoco\/2026\/03\/07\/trabalhadores-podem-sacar-parte-do-fgts-em-2026-saque-aniversario-libera-dinheiro-no-mes-de-nascimento\/","title":{"rendered":"Trabalhadores podem sacar parte do FGTS em 2026: Saque-Anivers\u00e1rio libera dinheiro no m\u00eas de nascimento"},"content":{"rendered":"\n<p>O <strong>Saque-Anivers\u00e1rio 2026<\/strong> permite retirar parte do saldo do FGTS todos os anos no m\u00eas de nascimento. A modalidade j\u00e1 foi escolhida por cerca de 40 milh\u00f5es de trabalhadores e oferece acesso antecipado ao dinheiro, sem precisar aguardar demiss\u00e3o.<\/p>\n\n\n\n<h2 class=\"wp-block-heading\">O que \u00e9 o Saque-Anivers\u00e1rio e como funciona?<\/h2>\n\n\n\n<p>O <strong>Saque-Anivers\u00e1rio do <\/strong><a href=\"https:\/\/www.em.com.br\/emfoco\/2026\/02\/25\/ambiente-insuportavel-nova-leitura-do-dano-moral-permite-rescisao-indireta-com-fgts-multa-de-40-seguro-desemprego-e-indenizacao-adicional\/\" target=\"_blank\" rel=\"noreferrer noopener\"><strong>FGTS<\/strong> <\/a>\u00e9 uma modalidade criada pela Lei 13.932\/19 que autoriza a retirada anual de um percentual do saldo dispon\u00edvel em contas ativas ou inativas. O saque pode ser feito no m\u00eas de anivers\u00e1rio e nos dois meses seguintes.<\/p>\n\n\n\n<p>Para aderir, basta habilitar a op\u00e7\u00e3o no aplicativo oficial do <strong>Fundo de Garantia<\/strong>. Ap\u00f3s a escolha, o trabalhador passa a receber uma parcela anual conforme o saldo dispon\u00edvel, mantendo o direito \u00e0 multa de 40% em caso de demiss\u00e3o sem justa causa.<\/p>\n\n\n\n<figure class=\"wp-block-image size-large\"><img loading=\"lazy\" decoding=\"async\" width=\"1024\" height=\"576\" src=\"https:\/\/www.em.com.br\/emfoco\/wp-content\/uploads\/2026\/03\/4-15-1024x576.jpg\" alt=\"Trabalhadores podem sacar parte do FGTS em 2026: Saque-Anivers\u00e1rio libera dinheiro no m\u00eas de nascimento\" class=\"wp-image-177276\" srcset=\"https:\/\/www.em.com.br\/emfoco\/wp-content\/uploads\/2026\/03\/4-15-1024x576.jpg 1024w, https:\/\/www.em.com.br\/emfoco\/wp-content\/uploads\/2026\/03\/4-15-300x169.jpg 300w, https:\/\/www.em.com.br\/emfoco\/wp-content\/uploads\/2026\/03\/4-15-768x432.jpg 768w, https:\/\/www.em.com.br\/emfoco\/wp-content\/uploads\/2026\/03\/4-15-750x422.jpg 750w, https:\/\/www.em.com.br\/emfoco\/wp-content\/uploads\/2026\/03\/4-15-1140x641.jpg 1140w, https:\/\/www.em.com.br\/emfoco\/wp-content\/uploads\/2026\/03\/4-15.jpg 1280w\" sizes=\"auto, (max-width: 1024px) 100vw, 1024px\" \/><figcaption class=\"wp-element-caption\">Escolha pelo saque anual autoriza retiradas no m\u00eas de anivers\u00e1rio<\/figcaption><\/figure>\n\n\n\n<h2 class=\"wp-block-heading\">Quais s\u00e3o os valores liberados no Saque-Anivers\u00e1rio?<\/h2>\n\n\n\n<p>O valor dispon\u00edvel varia conforme o saldo total das contas do FGTS. Quanto menor o saldo, maior o percentual liberado, somado a uma parcela adicional fixa em algumas faixas, como detalhado a seguir.<\/p>\n\n\n\n<table style=\"width:100%; border-collapse:collapse; font-family:Arial, sans-serif; text-align:center;\"> <tr style=\"background-color:#0f3d3e; color:#ffffff;\"> <th style=\"padding:10px; border:1px solid #cccccc;\">Faixa de Saldo (R$)<\/th> <th style=\"padding:10px; border:1px solid #cccccc;\">Al\u00edquota<\/th> <th style=\"padding:10px; border:1px solid #cccccc;\">Parcela Adicional (R$)<\/th> <\/tr> <tr style=\"background-color:#e8f5f5;\"> <td style=\"padding:8px; border:1px solid #cccccc;\"><strong>At\u00e9 500,00<\/strong><\/td> <td style=\"padding:8px; border:1px solid #cccccc;\">50%<\/td> <td style=\"padding:8px; border:1px solid #cccccc;\">Sem adicional<\/td> <\/tr> <tr style=\"background-color:#ffffff;\"> <td style=\"padding:8px; border:1px solid #cccccc;\"><strong>500,01 a 1.000,00<\/strong><\/td> <td style=\"padding:8px; border:1px solid #cccccc;\">40%<\/td> <td style=\"padding:8px; border:1px solid #cccccc;\">50,00<\/td> <\/tr> <tr style=\"background-color:#e8f5f5;\"> <td style=\"padding:8px; border:1px solid #cccccc;\"><strong>1.000,01 a 5.000,00<\/strong><\/td> <td style=\"padding:8px; border:1px solid #cccccc;\">30%<\/td> <td style=\"padding:8px; border:1px solid #cccccc;\">150,00<\/td> <\/tr> <tr style=\"background-color:#ffffff;\"> <td style=\"padding:8px; border:1px solid #cccccc;\"><strong>5.000,01 a 10.000,00<\/strong><\/td> <td style=\"padding:8px; border:1px solid #cccccc;\">20%<\/td> <td style=\"padding:8px; border:1px solid #cccccc;\">650,00<\/td> <\/tr> <tr style=\"background-color:#e8f5f5;\"> <td style=\"padding:8px; border:1px solid #cccccc;\"><strong>10.000,01 a 15.000,00<\/strong><\/td> <td style=\"padding:8px; border:1px solid #cccccc;\">15%<\/td> <td style=\"padding:8px; border:1px solid #cccccc;\">1.150,00<\/td> <\/tr> <tr style=\"background-color:#ffffff;\"> <td style=\"padding:8px; border:1px solid #cccccc;\"><strong>15.000,01 a 20.000,00<\/strong><\/td> <td style=\"padding:8px; border:1px solid #cccccc;\">10%<\/td> <td style=\"padding:8px; border:1px solid #cccccc;\">1.900,00<\/td> <\/tr> <tr style=\"background-color:#e8f5f5;\"> <td style=\"padding:8px; border:1px solid #cccccc;\"><strong>Acima de 20.000,01<\/strong><\/td> <td style=\"padding:8px; border:1px solid #cccccc;\">5%<\/td> <td style=\"padding:8px; border:1px solid #cccccc;\">2.900,00<\/td> <\/tr> <\/table>\n\n\n\n<h2 class=\"wp-block-heading\">Quais s\u00e3o as datas do calend\u00e1rio 2026?<\/h2>\n\n\n\n<p>O <strong>calend\u00e1rio do Saque-Anivers\u00e1rio 2026<\/strong> segue o m\u00eas de nascimento do trabalhador. O prazo come\u00e7a no primeiro dia \u00fatil do m\u00eas de anivers\u00e1rio e se estende por at\u00e9 tr\u00eas meses consecutivos para realizar a retirada.<\/p>\n\n\n\n<p>Quem nascer em janeiro poder\u00e1 sacar de 2 de janeiro a 31 de mar\u00e7o de 2026. J\u00e1 aniversariantes de novembro e dezembro ter\u00e3o prazo que avan\u00e7a para 2027, refor\u00e7ando a import\u00e2ncia de acompanhar as datas para n\u00e3o perder o per\u00edodo.<\/p>\n\n\n\n<p>Confira o v\u00eddeo compartilhado pelo canal do YouTube <strong><a href=\"https:\/\/www.youtube.com\/@DicaTrabalhista\" target=\"_blank\" rel=\"noreferrer noopener\">Dica Trabalhista<\/a><\/strong> falando sobre a libera\u00e7\u00e3o do Saque-Anivers\u00e1rio do FGTS e o calend\u00e1rio de pagamento.<\/p>\n\n\n\n<figure class=\"wp-block-embed is-type-video is-provider-youtube wp-block-embed-youtube wp-embed-aspect-16-9 wp-has-aspect-ratio\"><div class=\"wp-block-embed__wrapper\">\n<div class=\"jeg_video_container jeg_video_content\"><iframe loading=\"lazy\" title=\"CAIXA LIBERA SAQUE DO FGTS HOJE 02\/03\/2026 - VEJA QUEM RECEBE\" width=\"500\" height=\"281\" src=\"https:\/\/www.youtube.com\/embed\/eBJV8wtVzXU?feature=oembed\" frameborder=\"0\" allow=\"accelerometer; autoplay; clipboard-write; encrypted-media; gyroscope; picture-in-picture; web-share\" referrerpolicy=\"strict-origin-when-cross-origin\" allowfullscreen><\/iframe><\/div>\n<\/div><\/figure>\n\n\n\n<h2 class=\"wp-block-heading\">Posso voltar ao Saque-Rescis\u00e3o depois de aderir?<\/h2>\n\n\n\n<p>Sim, \u00e9 poss\u00edvel retornar ao <strong>Saque-Rescis\u00e3o<\/strong>, mas existe uma car\u00eancia de dois anos para que a mudan\u00e7a produza efeitos completos. Durante esse intervalo, o trabalhador continua recebendo as parcelas anuais normalmente.<\/p>\n\n\n\n<ul class=\"wp-block-list\">\n<li><strong>Demiss\u00e3o sem justa causa<\/strong>: n\u00e3o permite saque integral imediato do saldo, apenas o recebimento da multa rescis\u00f3ria de 40%.<\/li>\n\n\n\n<li><strong>Prazo de retorno<\/strong>: ao solicitar a troca de modalidade, o saque total s\u00f3 ser\u00e1 liberado ap\u00f3s dois anos e um m\u00eas.<\/li>\n\n\n\n<li><strong>Exce\u00e7\u00f5es legais<\/strong>: aposentadoria, doen\u00e7as graves, compra da casa pr\u00f3pria e calamidade p\u00fablica permitem saque integral mesmo com a modalidade ativa.<\/li>\n<\/ul>\n\n\n\n<h2 class=\"wp-block-heading\">Vale a pena antecipar o Saque-Anivers\u00e1rio?<\/h2>\n\n\n\n<p>A <strong>Antecipa\u00e7\u00e3o do Saque-Anivers\u00e1rio<\/strong> funciona como um empr\u00e9stimo com garantia no FGTS, permitindo adiantar at\u00e9 cinco parcelas futuras. O pagamento \u00e9 descontado diretamente do saldo, sem parcelas mensais no or\u00e7amento.<\/p>\n\n\n\n<p>Essa alternativa pode ser \u00fatil em emerg\u00eancias ou para quitar d\u00edvidas com juros maiores. No entanto, \u00e9 essencial avaliar as taxas cobradas pela institui\u00e7\u00e3o financeira e o impacto no saldo futuro antes de contratar.<\/p>\n","protected":false},"excerpt":{"rendered":"<p>O Saque-Anivers\u00e1rio 2026 permite retirar parte do saldo do FGTS todos os anos no m\u00eas de nascimento. A modalidade j\u00e1 foi escolhida por cerca de 40 milh\u00f5es de trabalhadores e oferece acesso antecipado ao dinheiro, sem precisar aguardar demiss\u00e3o. O que \u00e9 o Saque-Anivers\u00e1rio e como funciona? O Saque-Anivers\u00e1rio do FGTS \u00e9 uma modalidade criada [&hellip;]<\/p>\n","protected":false},"author":13,"featured_media":177277,"comment_status":"open","ping_status":"open","sticky":false,"template":"","format":"standard","meta":{"jnews-multi-image_gallery":[],"jnews_single_post":{"format":"standard"},"jnews_primary_category":[],"jnews_social_meta":[],"jnews_override_counter":[],"footnotes":""},"categories":[28],"tags":[1036,25627,1038],"class_list":["post-177145","post","type-post","status-publish","format-standard","has-post-thumbnail","hentry","category-economia","tag-fgts","tag-fundo-de-garantia","tag-saque-aniversario"],"yoast_head":"<!-- This site is optimized with the Yoast SEO plugin v23.8 - https:\/\/yoast.com\/wordpress\/plugins\/seo\/ -->\n<title>Trabalhadores podem sacar parte do FGTS em 2026: Saque-Anivers\u00e1rio libera dinheiro no m\u00eas de nascimento - Estado de Minas - Em foco<\/title>\n<meta name=\"description\" content=\"Saque-Anivers\u00e1rio do FGTS libera parte do saldo todo ano. Veja valores, calend\u00e1rio de 2026 e quem pode retirar.\" \/>\n<meta name=\"robots\" content=\"index, follow, max-snippet:-1, max-image-preview:large, max-video-preview:-1\" \/>\n<link rel=\"canonical\" href=\"https:\/\/www.em.com.br\/emfoco\/2026\/03\/07\/trabalhadores-podem-sacar-parte-do-fgts-em-2026-saque-aniversario-libera-dinheiro-no-mes-de-nascimento\/\" \/>\n<meta property=\"og:locale\" content=\"pt_BR\" \/>\n<meta property=\"og:type\" content=\"article\" \/>\n<meta property=\"og:title\" content=\"Trabalhadores podem sacar parte do FGTS em 2026: Saque-Anivers\u00e1rio libera dinheiro no m\u00eas de nascimento - Estado de Minas - Em foco\" \/>\n<meta property=\"og:description\" content=\"Saque-Anivers\u00e1rio do FGTS libera parte do saldo todo ano. Veja valores, calend\u00e1rio de 2026 e quem pode retirar.\" \/>\n<meta property=\"og:url\" content=\"https:\/\/www.em.com.br\/emfoco\/2026\/03\/07\/trabalhadores-podem-sacar-parte-do-fgts-em-2026-saque-aniversario-libera-dinheiro-no-mes-de-nascimento\/\" \/>\n<meta property=\"og:site_name\" content=\"Estado de Minas - Em foco\" \/>\n<meta property=\"article:published_time\" content=\"2026-03-07T23:25:00+00:00\" \/>\n<meta property=\"article:modified_time\" content=\"2026-03-04T16:42:48+00:00\" \/>\n<meta property=\"og:image\" content=\"https:\/\/www.em.com.br\/emfoco\/wp-content\/uploads\/2026\/03\/5-14.jpg\" \/>\n\t<meta property=\"og:image:width\" content=\"1280\" \/>\n\t<meta property=\"og:image:height\" content=\"720\" \/>\n\t<meta property=\"og:image:type\" content=\"image\/jpeg\" \/>\n<meta name=\"author\" content=\"Gabriel Martins\" \/>\n<meta name=\"twitter:card\" content=\"summary_large_image\" \/>\n<meta name=\"twitter:label1\" content=\"Escrito por\" \/>\n\t<meta name=\"twitter:data1\" content=\"Gabriel Martins\" \/>\n\t<meta name=\"twitter:label2\" content=\"Est. tempo de leitura\" \/>\n\t<meta name=\"twitter:data2\" content=\"4 minutos\" \/>\n<!-- \/ Yoast SEO plugin. -->","yoast_head_json":{"title":"Trabalhadores podem sacar parte do FGTS em 2026: Saque-Anivers\u00e1rio libera dinheiro no m\u00eas de nascimento - Estado de Minas - Em foco","description":"Saque-Anivers\u00e1rio do FGTS libera parte do saldo todo ano. Veja valores, calend\u00e1rio de 2026 e quem pode retirar.","robots":{"index":"index","follow":"follow","max-snippet":"max-snippet:-1","max-image-preview":"max-image-preview:large","max-video-preview":"max-video-preview:-1"},"canonical":"https:\/\/www.em.com.br\/emfoco\/2026\/03\/07\/trabalhadores-podem-sacar-parte-do-fgts-em-2026-saque-aniversario-libera-dinheiro-no-mes-de-nascimento\/","og_locale":"pt_BR","og_type":"article","og_title":"Trabalhadores podem sacar parte do FGTS em 2026: Saque-Anivers\u00e1rio libera dinheiro no m\u00eas de nascimento - Estado de Minas - Em foco","og_description":"Saque-Anivers\u00e1rio do FGTS libera parte do saldo todo ano. Veja valores, calend\u00e1rio de 2026 e quem pode retirar.","og_url":"https:\/\/www.em.com.br\/emfoco\/2026\/03\/07\/trabalhadores-podem-sacar-parte-do-fgts-em-2026-saque-aniversario-libera-dinheiro-no-mes-de-nascimento\/","og_site_name":"Estado de Minas - Em foco","article_published_time":"2026-03-07T23:25:00+00:00","article_modified_time":"2026-03-04T16:42:48+00:00","og_image":[{"width":1280,"height":720,"url":"https:\/\/www.em.com.br\/emfoco\/wp-content\/uploads\/2026\/03\/5-14.jpg","type":"image\/jpeg"}],"author":"Gabriel Martins","twitter_card":"summary_large_image","twitter_misc":{"Escrito por":"Gabriel Martins","Est. tempo de leitura":"4 minutos"},"schema":{"@context":"https:\/\/schema.org","@graph":[{"@type":"WebPage","@id":"https:\/\/www.em.com.br\/emfoco\/2026\/03\/07\/trabalhadores-podem-sacar-parte-do-fgts-em-2026-saque-aniversario-libera-dinheiro-no-mes-de-nascimento\/","url":"https:\/\/www.em.com.br\/emfoco\/2026\/03\/07\/trabalhadores-podem-sacar-parte-do-fgts-em-2026-saque-aniversario-libera-dinheiro-no-mes-de-nascimento\/","name":"Trabalhadores podem sacar parte do FGTS em 2026: Saque-Anivers\u00e1rio libera dinheiro no m\u00eas de nascimento - Estado de Minas - Em foco","isPartOf":{"@id":"https:\/\/www.em.com.br\/emfoco\/#website"},"primaryImageOfPage":{"@id":"https:\/\/www.em.com.br\/emfoco\/2026\/03\/07\/trabalhadores-podem-sacar-parte-do-fgts-em-2026-saque-aniversario-libera-dinheiro-no-mes-de-nascimento\/#primaryimage"},"image":{"@id":"https:\/\/www.em.com.br\/emfoco\/2026\/03\/07\/trabalhadores-podem-sacar-parte-do-fgts-em-2026-saque-aniversario-libera-dinheiro-no-mes-de-nascimento\/#primaryimage"},"thumbnailUrl":"https:\/\/www.em.com.br\/emfoco\/wp-content\/uploads\/2026\/03\/5-14.jpg","datePublished":"2026-03-07T23:25:00+00:00","dateModified":"2026-03-04T16:42:48+00:00","author":{"@id":"https:\/\/www.em.com.br\/emfoco\/#\/schema\/person\/1c9ddeab18b98abeffef834667bcf08a"},"description":"Saque-Anivers\u00e1rio do FGTS libera parte do saldo todo ano. Veja valores, calend\u00e1rio de 2026 e quem pode retirar.","breadcrumb":{"@id":"https:\/\/www.em.com.br\/emfoco\/2026\/03\/07\/trabalhadores-podem-sacar-parte-do-fgts-em-2026-saque-aniversario-libera-dinheiro-no-mes-de-nascimento\/#breadcrumb"},"inLanguage":"pt-BR","potentialAction":[{"@type":"ReadAction","target":["https:\/\/www.em.com.br\/emfoco\/2026\/03\/07\/trabalhadores-podem-sacar-parte-do-fgts-em-2026-saque-aniversario-libera-dinheiro-no-mes-de-nascimento\/"]}]},{"@type":"ImageObject","inLanguage":"pt-BR","@id":"https:\/\/www.em.com.br\/emfoco\/2026\/03\/07\/trabalhadores-podem-sacar-parte-do-fgts-em-2026-saque-aniversario-libera-dinheiro-no-mes-de-nascimento\/#primaryimage","url":"https:\/\/www.em.com.br\/emfoco\/wp-content\/uploads\/2026\/03\/5-14.jpg","contentUrl":"https:\/\/www.em.com.br\/emfoco\/wp-content\/uploads\/2026\/03\/5-14.jpg","width":1280,"height":720,"caption":"Modalidade permite retirada anual de parte do saldo do FGTS dispon\u00edvel"},{"@type":"BreadcrumbList","@id":"https:\/\/www.em.com.br\/emfoco\/2026\/03\/07\/trabalhadores-podem-sacar-parte-do-fgts-em-2026-saque-aniversario-libera-dinheiro-no-mes-de-nascimento\/#breadcrumb","itemListElement":[{"@type":"ListItem","position":1,"name":"In\u00edcio","item":"https:\/\/www.em.com.br\/emfoco\/"},{"@type":"ListItem","position":2,"name":"Trabalhadores podem sacar parte do FGTS em 2026: Saque-Anivers\u00e1rio libera dinheiro no m\u00eas de nascimento"}]},{"@type":"WebSite","@id":"https:\/\/www.em.com.br\/emfoco\/#website","url":"https:\/\/www.em.com.br\/emfoco\/","name":"Estado de Minas - Em foco","description":"Acompanhe as \u00faltimas not\u00edcias e fique bem informado sobre tudo o que acontece em Minas Gerais, Brasil e no mundo.","potentialAction":[{"@type":"SearchAction","target":{"@type":"EntryPoint","urlTemplate":"https:\/\/www.em.com.br\/emfoco\/?s={search_term_string}"},"query-input":{"@type":"PropertyValueSpecification","valueRequired":true,"valueName":"search_term_string"}}],"inLanguage":"pt-BR"},{"@type":"Person","@id":"https:\/\/www.em.com.br\/emfoco\/#\/schema\/person\/1c9ddeab18b98abeffef834667bcf08a","name":"Gabriel Martins","image":{"@type":"ImageObject","inLanguage":"pt-BR","@id":"https:\/\/www.em.com.br\/emfoco\/#\/schema\/person\/image\/","url":"https:\/\/secure.gravatar.com\/avatar\/f0f1e2efdfd88f1ad2cb08c5c2731e50?s=96&d=mm&r=g","contentUrl":"https:\/\/secure.gravatar.com\/avatar\/f0f1e2efdfd88f1ad2cb08c5c2731e50?s=96&d=mm&r=g","caption":"Gabriel Martins"},"sameAs":["https:\/\/www.em.com.br\/emfoco\/"],"url":"https:\/\/www.em.com.br\/emfoco\/author\/gabrielmartinsmyth\/"}]}},"_links":{"self":[{"href":"https:\/\/www.em.com.br\/emfoco\/wp-json\/wp\/v2\/posts\/177145","targetHints":{"allow":["GET"]}}],"collection":[{"href":"https:\/\/www.em.com.br\/emfoco\/wp-json\/wp\/v2\/posts"}],"about":[{"href":"https:\/\/www.em.com.br\/emfoco\/wp-json\/wp\/v2\/types\/post"}],"author":[{"embeddable":true,"href":"https:\/\/www.em.com.br\/emfoco\/wp-json\/wp\/v2\/users\/13"}],"replies":[{"embeddable":true,"href":"https:\/\/www.em.com.br\/emfoco\/wp-json\/wp\/v2\/comments?post=177145"}],"version-history":[{"count":2,"href":"https:\/\/www.em.com.br\/emfoco\/wp-json\/wp\/v2\/posts\/177145\/revisions"}],"predecessor-version":[{"id":177278,"href":"https:\/\/www.em.com.br\/emfoco\/wp-json\/wp\/v2\/posts\/177145\/revisions\/177278"}],"wp:featuredmedia":[{"embeddable":true,"href":"https:\/\/www.em.com.br\/emfoco\/wp-json\/wp\/v2\/media\/177277"}],"wp:attachment":[{"href":"https:\/\/www.em.com.br\/emfoco\/wp-json\/wp\/v2\/media?parent=177145"}],"wp:term":[{"taxonomy":"category","embeddable":true,"href":"https:\/\/www.em.com.br\/emfoco\/wp-json\/wp\/v2\/categories?post=177145"},{"taxonomy":"post_tag","embeddable":true,"href":"https:\/\/www.em.com.br\/emfoco\/wp-json\/wp\/v2\/tags?post=177145"}],"curies":[{"name":"wp","href":"https:\/\/api.w.org\/{rel}","templated":true}]}}