{"id":177141,"date":"2026-03-07T14:05:00","date_gmt":"2026-03-07T17:05:00","guid":{"rendered":"https:\/\/www.em.com.br\/emfoco\/?p=177141"},"modified":"2026-03-04T13:29:37","modified_gmt":"2026-03-04T16:29:37","slug":"escola-e-condenada-a-pagar-pensao-vitalicia-a-aluno-que-perdeu-a-visao-apos-lapiseira-ser-arremessada-em-sala","status":"publish","type":"post","link":"https:\/\/www.em.com.br\/emfoco\/2026\/03\/07\/escola-e-condenada-a-pagar-pensao-vitalicia-a-aluno-que-perdeu-a-visao-apos-lapiseira-ser-arremessada-em-sala\/","title":{"rendered":"Escola \u00e9 condenada a pagar pens\u00e3o vital\u00edcia a aluno que perdeu a vis\u00e3o ap\u00f3s lapiseira ser arremessada em sala"},"content":{"rendered":"\n<p>O <strong>Superior Tribunal de Justi\u00e7a<\/strong> determinou que uma escola particular do Distrito Federal pague <strong>pens\u00e3o vital\u00edcia de um sal\u00e1rio m\u00ednimo<\/strong> a um aluno que perdeu a vis\u00e3o de um olho ap\u00f3s uma lapiseira ser arremessada em sala. A decis\u00e3o tamb\u00e9m manteve indeniza\u00e7\u00f5es por danos morais e est\u00e9ticos.<\/p>\n\n\n\n<h2 class=\"wp-block-heading\">O que aconteceu com o estudante dentro da escola?<\/h2>\n\n\n\n<p>O caso envolve um <strong>aluno de 14 anos<\/strong> que sofreu les\u00e3o grave ap\u00f3s uma colega arremessar uma lapiseira durante aula. O objeto atingiu diretamente seu olho esquerdo, causando <strong><a href=\"https:\/\/www.msdmanuals.com\/pt\/casa\/dist%C3%BArbios-oftalmol%C3%B3gicos\/sintomas-das-doen%C3%A7as-oculares\/perda-s%C3%BAbita-da-vis%C3%A3o\" target=\"_blank\" rel=\"noreferrer noopener\">perda permanente da vis\u00e3o<\/a><\/strong> e consequ\u00eancias irrevers\u00edveis para sua vida.<\/p>\n\n\n\n<p>A Justi\u00e7a tamb\u00e9m apontou <strong>falha no atendimento da institui\u00e7\u00e3o<\/strong>. Segundo o processo, funcion\u00e1rios n\u00e3o prestaram socorro imediato nem providenciaram encaminhamento m\u00e9dico adequado, situa\u00e7\u00e3o considerada omiss\u00e3o diante da gravidade do acidente ocorrido dentro da escola.<\/p>\n\n\n\n<figure class=\"wp-block-image size-large\"><img loading=\"lazy\" decoding=\"async\" width=\"1024\" height=\"576\" src=\"https:\/\/www.em.com.br\/emfoco\/wp-content\/uploads\/2026\/03\/10-8-1024x576.jpg\" alt=\"Escola \u00e9 condenada a pagar pens\u00e3o vital\u00edcia a aluno que perdeu a vis\u00e3o ap\u00f3s lapiseira ser arremessada em sala\" class=\"wp-image-177266\" srcset=\"https:\/\/www.em.com.br\/emfoco\/wp-content\/uploads\/2026\/03\/10-8-1024x576.jpg 1024w, https:\/\/www.em.com.br\/emfoco\/wp-content\/uploads\/2026\/03\/10-8-300x169.jpg 300w, https:\/\/www.em.com.br\/emfoco\/wp-content\/uploads\/2026\/03\/10-8-768x432.jpg 768w, https:\/\/www.em.com.br\/emfoco\/wp-content\/uploads\/2026\/03\/10-8-750x422.jpg 750w, https:\/\/www.em.com.br\/emfoco\/wp-content\/uploads\/2026\/03\/10-8-1140x641.jpg 1140w, https:\/\/www.em.com.br\/emfoco\/wp-content\/uploads\/2026\/03\/10-8.jpg 1280w\" sizes=\"auto, (max-width: 1024px) 100vw, 1024px\" \/><figcaption class=\"wp-element-caption\">Estudante perdeu vis\u00e3o de um olho ap\u00f3s ser atingido por lapiseira<\/figcaption><\/figure>\n\n\n\n<h2 class=\"wp-block-heading\">Quais indeniza\u00e7\u00f5es a Justi\u00e7a manteve no processo?<\/h2>\n\n\n\n<p>Al\u00e9m da pens\u00e3o vital\u00edcia, o Judici\u00e1rio confirmou valores de repara\u00e7\u00e3o definidos anteriormente. A decis\u00e3o considerou que o estudante sofreu impactos f\u00edsicos e psicol\u00f3gicos permanentes. Entre os valores fixados pela Justi\u00e7a est\u00e3o os que aparecem a seguir.<\/p>\n\n\n\n<ul class=\"wp-block-list\">\n<li><strong>R$ 20 mil por danos morais<\/strong>, reconhecendo sofrimento emocional e impacto psicol\u00f3gico causado pelo acidente.<\/li>\n\n\n\n<li><strong>R$ 15 mil por danos est\u00e9ticos<\/strong>, devido \u00e0 les\u00e3o permanente provocada pela perda da vis\u00e3o.<\/li>\n\n\n\n<li><strong>Pens\u00e3o vital\u00edcia equivalente a um sal\u00e1rio m\u00ednimo<\/strong>, destinada a compensar limita\u00e7\u00f5es futuras de trabalho.<\/li>\n<\/ul>\n\n\n\n<h2 class=\"wp-block-heading\">Por que o STJ decidiu garantir pens\u00e3o vital\u00edcia?<\/h2>\n\n\n\n<p>O Tribunal entendeu que a <strong>redu\u00e7\u00e3o da capacidade de trabalho futura<\/strong> pode ser presumida quando ocorre uma les\u00e3o grave durante a fase escolar. Mesmo que o estudante ainda n\u00e3o trabalhasse, o dano permanente pode afetar oportunidades profissionais ao longo da vida.<\/p>\n\n\n\n<p>Com base nesse entendimento, a <strong>4\u00aa Turma do STJ<\/strong> reformou parte da decis\u00e3o anterior que havia negado a pens\u00e3o. Para os ministros, a perda da vis\u00e3o de um olho representa limita\u00e7\u00e3o relevante e justifica o pagamento cont\u00ednuo.<\/p>\n\n\n\n<figure class=\"wp-block-image size-large\"><img loading=\"lazy\" decoding=\"async\" width=\"1024\" height=\"576\" src=\"https:\/\/www.em.com.br\/emfoco\/wp-content\/uploads\/2026\/03\/9-8-1024x576.jpg\" alt=\"Escola \u00e9 condenada a pagar pens\u00e3o vital\u00edcia a aluno que perdeu a vis\u00e3o ap\u00f3s lapiseira ser arremessada em sala\" class=\"wp-image-177265\" srcset=\"https:\/\/www.em.com.br\/emfoco\/wp-content\/uploads\/2026\/03\/9-8-1024x576.jpg 1024w, https:\/\/www.em.com.br\/emfoco\/wp-content\/uploads\/2026\/03\/9-8-300x169.jpg 300w, https:\/\/www.em.com.br\/emfoco\/wp-content\/uploads\/2026\/03\/9-8-768x432.jpg 768w, https:\/\/www.em.com.br\/emfoco\/wp-content\/uploads\/2026\/03\/9-8-750x422.jpg 750w, https:\/\/www.em.com.br\/emfoco\/wp-content\/uploads\/2026\/03\/9-8-1140x641.jpg 1140w, https:\/\/www.em.com.br\/emfoco\/wp-content\/uploads\/2026\/03\/9-8.jpg 1280w\" sizes=\"auto, (max-width: 1024px) 100vw, 1024px\" \/><figcaption class=\"wp-element-caption\">Tribunal presume redu\u00e7\u00e3o da capacidade profissional futura devido \u00e0 les\u00e3o grave<\/figcaption><\/figure>\n\n\n\n<h2 class=\"wp-block-heading\">O que essa decis\u00e3o muda para estudantes e fam\u00edlias?<\/h2>\n\n\n\n<p>A decis\u00e3o refor\u00e7a que institui\u00e7\u00f5es de ensino possuem <strong>responsabilidade sobre a seguran\u00e7a dos alunos<\/strong>. Quando ocorre les\u00e3o permanente dentro do ambiente escolar, o Judici\u00e1rio pode reconhecer falha na prote\u00e7\u00e3o e determinar repara\u00e7\u00f5es financeiras.<\/p>\n\n\n\n<ul class=\"wp-block-list\">\n<li><strong>Les\u00f5es graves em ambiente escolar<\/strong> podem gerar pens\u00e3o vital\u00edcia mesmo sem trabalho pr\u00e9vio.<\/li>\n\n\n\n<li><strong>Indeniza\u00e7\u00f5es por dano moral e est\u00e9tico<\/strong> podem ser mantidas junto com a pens\u00e3o.<\/li>\n\n\n\n<li><strong>Responsabilidade da escola<\/strong> inclui vigil\u00e2ncia, socorro imediato e encaminhamento m\u00e9dico.<\/li>\n<\/ul>\n\n\n\n<h2 class=\"wp-block-heading\">O que diz a lei sobre pens\u00e3o em casos de les\u00e3o permanente?<\/h2>\n\n\n\n<p>O <strong><a href=\"https:\/\/www.em.com.br\/emfoco\/2026\/02\/27\/novo-codigo-civil-muda-regras-centrais-dos-condominios-e-convencoes-antigas-podem-gerar-multas-invalidas-e-decisoes-anuladas\/\" target=\"_blank\" rel=\"noreferrer noopener\">C\u00f3digo Civil<\/a><\/strong> prev\u00ea que v\u00edtimas de les\u00f5es que reduzam a capacidade de trabalho podem receber pens\u00e3o proporcional ao dano sofrido. A regra n\u00e3o exige comprova\u00e7\u00e3o de renda anterior, principalmente quando a v\u00edtima ainda est\u00e1 em forma\u00e7\u00e3o.<\/p>\n\n\n\n<p>No caso analisado, o STJ considerou que a <strong>perda definitiva da vis\u00e3o de um olho<\/strong> impacta diretamente a capacidade profissional futura. Por isso, determinou que a escola pague um sal\u00e1rio m\u00ednimo mensal ao estudante durante toda a vida.<\/p>\n","protected":false},"excerpt":{"rendered":"<p>O Superior Tribunal de Justi\u00e7a determinou que uma escola particular do Distrito Federal pague pens\u00e3o vital\u00edcia de um sal\u00e1rio m\u00ednimo a um aluno que perdeu a vis\u00e3o de um olho ap\u00f3s uma lapiseira ser arremessada em sala. A decis\u00e3o tamb\u00e9m manteve indeniza\u00e7\u00f5es por danos morais e est\u00e9ticos. O que aconteceu com o estudante dentro da [&hellip;]<\/p>\n","protected":false},"author":13,"featured_media":177267,"comment_status":"open","ping_status":"open","sticky":false,"template":"","format":"standard","meta":{"jnews-multi-image_gallery":[],"jnews_single_post":{"format":"standard"},"jnews_primary_category":[],"jnews_social_meta":[],"jnews_override_counter":[],"footnotes":""},"categories":[28],"tags":[25624,24200,5956],"class_list":["post-177141","post","type-post","status-publish","format-standard","has-post-thumbnail","hentry","category-economia","tag-acidente-em-escola","tag-pensao-vitalicia","tag-stj"],"yoast_head":"<!-- This site is optimized with the Yoast SEO plugin v23.8 - https:\/\/yoast.com\/wordpress\/plugins\/seo\/ -->\n<title>Escola \u00e9 condenada a pagar pens\u00e3o vital\u00edcia a aluno que perdeu a vis\u00e3o ap\u00f3s lapiseira ser arremessada em sala - Estado de Minas - Em foco<\/title>\n<meta name=\"description\" content=\"STJ determina que escola pague pens\u00e3o vital\u00edcia a aluno que perdeu a vis\u00e3o ap\u00f3s lapiseira arremessada em sala. Decis\u00e3o mant\u00e9m indeniza\u00e7\u00f5es.\" \/>\n<meta name=\"robots\" content=\"index, follow, max-snippet:-1, max-image-preview:large, max-video-preview:-1\" \/>\n<link rel=\"canonical\" href=\"https:\/\/www.em.com.br\/emfoco\/2026\/03\/07\/escola-e-condenada-a-pagar-pensao-vitalicia-a-aluno-que-perdeu-a-visao-apos-lapiseira-ser-arremessada-em-sala\/\" \/>\n<meta property=\"og:locale\" content=\"pt_BR\" \/>\n<meta property=\"og:type\" content=\"article\" \/>\n<meta property=\"og:title\" content=\"Escola \u00e9 condenada a pagar pens\u00e3o vital\u00edcia a aluno que perdeu a vis\u00e3o ap\u00f3s lapiseira ser arremessada em sala - Estado de Minas - Em foco\" \/>\n<meta property=\"og:description\" content=\"STJ determina que escola pague pens\u00e3o vital\u00edcia a aluno que perdeu a vis\u00e3o ap\u00f3s lapiseira arremessada em sala. Decis\u00e3o mant\u00e9m indeniza\u00e7\u00f5es.\" \/>\n<meta property=\"og:url\" content=\"https:\/\/www.em.com.br\/emfoco\/2026\/03\/07\/escola-e-condenada-a-pagar-pensao-vitalicia-a-aluno-que-perdeu-a-visao-apos-lapiseira-ser-arremessada-em-sala\/\" \/>\n<meta property=\"og:site_name\" content=\"Estado de Minas - Em foco\" \/>\n<meta property=\"article:published_time\" content=\"2026-03-07T17:05:00+00:00\" \/>\n<meta property=\"article:modified_time\" content=\"2026-03-04T16:29:37+00:00\" \/>\n<meta property=\"og:image\" content=\"https:\/\/www.em.com.br\/emfoco\/wp-content\/uploads\/2026\/03\/11-7.jpg\" \/>\n\t<meta property=\"og:image:width\" content=\"1280\" \/>\n\t<meta property=\"og:image:height\" content=\"720\" \/>\n\t<meta property=\"og:image:type\" content=\"image\/jpeg\" \/>\n<meta name=\"author\" content=\"Gabriel Martins\" \/>\n<meta name=\"twitter:card\" content=\"summary_large_image\" \/>\n<meta name=\"twitter:label1\" content=\"Escrito por\" \/>\n\t<meta name=\"twitter:data1\" content=\"Gabriel Martins\" \/>\n\t<meta name=\"twitter:label2\" content=\"Est. tempo de leitura\" \/>\n\t<meta name=\"twitter:data2\" content=\"4 minutos\" \/>\n<!-- \/ Yoast SEO plugin. -->","yoast_head_json":{"title":"Escola \u00e9 condenada a pagar pens\u00e3o vital\u00edcia a aluno que perdeu a vis\u00e3o ap\u00f3s lapiseira ser arremessada em sala - Estado de Minas - Em foco","description":"STJ determina que escola pague pens\u00e3o vital\u00edcia a aluno que perdeu a vis\u00e3o ap\u00f3s lapiseira arremessada em sala. Decis\u00e3o mant\u00e9m indeniza\u00e7\u00f5es.","robots":{"index":"index","follow":"follow","max-snippet":"max-snippet:-1","max-image-preview":"max-image-preview:large","max-video-preview":"max-video-preview:-1"},"canonical":"https:\/\/www.em.com.br\/emfoco\/2026\/03\/07\/escola-e-condenada-a-pagar-pensao-vitalicia-a-aluno-que-perdeu-a-visao-apos-lapiseira-ser-arremessada-em-sala\/","og_locale":"pt_BR","og_type":"article","og_title":"Escola \u00e9 condenada a pagar pens\u00e3o vital\u00edcia a aluno que perdeu a vis\u00e3o ap\u00f3s lapiseira ser arremessada em sala - Estado de Minas - Em foco","og_description":"STJ determina que escola pague pens\u00e3o vital\u00edcia a aluno que perdeu a vis\u00e3o ap\u00f3s lapiseira arremessada em sala. Decis\u00e3o mant\u00e9m indeniza\u00e7\u00f5es.","og_url":"https:\/\/www.em.com.br\/emfoco\/2026\/03\/07\/escola-e-condenada-a-pagar-pensao-vitalicia-a-aluno-que-perdeu-a-visao-apos-lapiseira-ser-arremessada-em-sala\/","og_site_name":"Estado de Minas - Em foco","article_published_time":"2026-03-07T17:05:00+00:00","article_modified_time":"2026-03-04T16:29:37+00:00","og_image":[{"width":1280,"height":720,"url":"https:\/\/www.em.com.br\/emfoco\/wp-content\/uploads\/2026\/03\/11-7.jpg","type":"image\/jpeg"}],"author":"Gabriel Martins","twitter_card":"summary_large_image","twitter_misc":{"Escrito por":"Gabriel Martins","Est. tempo de leitura":"4 minutos"},"schema":{"@context":"https:\/\/schema.org","@graph":[{"@type":"WebPage","@id":"https:\/\/www.em.com.br\/emfoco\/2026\/03\/07\/escola-e-condenada-a-pagar-pensao-vitalicia-a-aluno-que-perdeu-a-visao-apos-lapiseira-ser-arremessada-em-sala\/","url":"https:\/\/www.em.com.br\/emfoco\/2026\/03\/07\/escola-e-condenada-a-pagar-pensao-vitalicia-a-aluno-que-perdeu-a-visao-apos-lapiseira-ser-arremessada-em-sala\/","name":"Escola \u00e9 condenada a pagar pens\u00e3o vital\u00edcia a aluno que perdeu a vis\u00e3o ap\u00f3s lapiseira ser arremessada em sala - Estado de Minas - Em foco","isPartOf":{"@id":"https:\/\/www.em.com.br\/emfoco\/#website"},"primaryImageOfPage":{"@id":"https:\/\/www.em.com.br\/emfoco\/2026\/03\/07\/escola-e-condenada-a-pagar-pensao-vitalicia-a-aluno-que-perdeu-a-visao-apos-lapiseira-ser-arremessada-em-sala\/#primaryimage"},"image":{"@id":"https:\/\/www.em.com.br\/emfoco\/2026\/03\/07\/escola-e-condenada-a-pagar-pensao-vitalicia-a-aluno-que-perdeu-a-visao-apos-lapiseira-ser-arremessada-em-sala\/#primaryimage"},"thumbnailUrl":"https:\/\/www.em.com.br\/emfoco\/wp-content\/uploads\/2026\/03\/11-7.jpg","datePublished":"2026-03-07T17:05:00+00:00","dateModified":"2026-03-04T16:29:37+00:00","author":{"@id":"https:\/\/www.em.com.br\/emfoco\/#\/schema\/person\/1c9ddeab18b98abeffef834667bcf08a"},"description":"STJ determina que escola pague pens\u00e3o vital\u00edcia a aluno que perdeu a vis\u00e3o ap\u00f3s lapiseira arremessada em sala. Decis\u00e3o mant\u00e9m indeniza\u00e7\u00f5es.","breadcrumb":{"@id":"https:\/\/www.em.com.br\/emfoco\/2026\/03\/07\/escola-e-condenada-a-pagar-pensao-vitalicia-a-aluno-que-perdeu-a-visao-apos-lapiseira-ser-arremessada-em-sala\/#breadcrumb"},"inLanguage":"pt-BR","potentialAction":[{"@type":"ReadAction","target":["https:\/\/www.em.com.br\/emfoco\/2026\/03\/07\/escola-e-condenada-a-pagar-pensao-vitalicia-a-aluno-que-perdeu-a-visao-apos-lapiseira-ser-arremessada-em-sala\/"]}]},{"@type":"ImageObject","inLanguage":"pt-BR","@id":"https:\/\/www.em.com.br\/emfoco\/2026\/03\/07\/escola-e-condenada-a-pagar-pensao-vitalicia-a-aluno-que-perdeu-a-visao-apos-lapiseira-ser-arremessada-em-sala\/#primaryimage","url":"https:\/\/www.em.com.br\/emfoco\/wp-content\/uploads\/2026\/03\/11-7.jpg","contentUrl":"https:\/\/www.em.com.br\/emfoco\/wp-content\/uploads\/2026\/03\/11-7.jpg","width":1280,"height":720,"caption":"Justi\u00e7a determina pagamento de pens\u00e3o vital\u00edcia para aluno ferido em escola"},{"@type":"BreadcrumbList","@id":"https:\/\/www.em.com.br\/emfoco\/2026\/03\/07\/escola-e-condenada-a-pagar-pensao-vitalicia-a-aluno-que-perdeu-a-visao-apos-lapiseira-ser-arremessada-em-sala\/#breadcrumb","itemListElement":[{"@type":"ListItem","position":1,"name":"In\u00edcio","item":"https:\/\/www.em.com.br\/emfoco\/"},{"@type":"ListItem","position":2,"name":"Escola \u00e9 condenada a pagar pens\u00e3o vital\u00edcia a aluno que perdeu a vis\u00e3o ap\u00f3s lapiseira ser arremessada em sala"}]},{"@type":"WebSite","@id":"https:\/\/www.em.com.br\/emfoco\/#website","url":"https:\/\/www.em.com.br\/emfoco\/","name":"Estado de Minas - Em foco","description":"Acompanhe as \u00faltimas not\u00edcias e fique bem informado sobre tudo o que acontece em Minas Gerais, Brasil e no mundo.","potentialAction":[{"@type":"SearchAction","target":{"@type":"EntryPoint","urlTemplate":"https:\/\/www.em.com.br\/emfoco\/?s={search_term_string}"},"query-input":{"@type":"PropertyValueSpecification","valueRequired":true,"valueName":"search_term_string"}}],"inLanguage":"pt-BR"},{"@type":"Person","@id":"https:\/\/www.em.com.br\/emfoco\/#\/schema\/person\/1c9ddeab18b98abeffef834667bcf08a","name":"Gabriel Martins","image":{"@type":"ImageObject","inLanguage":"pt-BR","@id":"https:\/\/www.em.com.br\/emfoco\/#\/schema\/person\/image\/","url":"https:\/\/secure.gravatar.com\/avatar\/f0f1e2efdfd88f1ad2cb08c5c2731e50?s=96&d=mm&r=g","contentUrl":"https:\/\/secure.gravatar.com\/avatar\/f0f1e2efdfd88f1ad2cb08c5c2731e50?s=96&d=mm&r=g","caption":"Gabriel Martins"},"sameAs":["https:\/\/www.em.com.br\/emfoco\/"],"url":"https:\/\/www.em.com.br\/emfoco\/author\/gabrielmartinsmyth\/"}]}},"_links":{"self":[{"href":"https:\/\/www.em.com.br\/emfoco\/wp-json\/wp\/v2\/posts\/177141","targetHints":{"allow":["GET"]}}],"collection":[{"href":"https:\/\/www.em.com.br\/emfoco\/wp-json\/wp\/v2\/posts"}],"about":[{"href":"https:\/\/www.em.com.br\/emfoco\/wp-json\/wp\/v2\/types\/post"}],"author":[{"embeddable":true,"href":"https:\/\/www.em.com.br\/emfoco\/wp-json\/wp\/v2\/users\/13"}],"replies":[{"embeddable":true,"href":"https:\/\/www.em.com.br\/emfoco\/wp-json\/wp\/v2\/comments?post=177141"}],"version-history":[{"count":2,"href":"https:\/\/www.em.com.br\/emfoco\/wp-json\/wp\/v2\/posts\/177141\/revisions"}],"predecessor-version":[{"id":177268,"href":"https:\/\/www.em.com.br\/emfoco\/wp-json\/wp\/v2\/posts\/177141\/revisions\/177268"}],"wp:featuredmedia":[{"embeddable":true,"href":"https:\/\/www.em.com.br\/emfoco\/wp-json\/wp\/v2\/media\/177267"}],"wp:attachment":[{"href":"https:\/\/www.em.com.br\/emfoco\/wp-json\/wp\/v2\/media?parent=177141"}],"wp:term":[{"taxonomy":"category","embeddable":true,"href":"https:\/\/www.em.com.br\/emfoco\/wp-json\/wp\/v2\/categories?post=177141"},{"taxonomy":"post_tag","embeddable":true,"href":"https:\/\/www.em.com.br\/emfoco\/wp-json\/wp\/v2\/tags?post=177141"}],"curies":[{"name":"wp","href":"https:\/\/api.w.org\/{rel}","templated":true}]}}