{"id":177138,"date":"2026-03-07T10:15:00","date_gmt":"2026-03-07T13:15:00","guid":{"rendered":"https:\/\/www.em.com.br\/emfoco\/?p=177138"},"modified":"2026-03-04T13:20:46","modified_gmt":"2026-03-04T16:20:46","slug":"inss-comeca-a-pagar-atrasados-de-ate-r-97-260-veja-se-voce-pode-estar-na-lista-para-receber","status":"publish","type":"post","link":"https:\/\/www.em.com.br\/emfoco\/2026\/03\/07\/inss-comeca-a-pagar-atrasados-de-ate-r-97-260-veja-se-voce-pode-estar-na-lista-para-receber\/","title":{"rendered":"INSS come\u00e7a a pagar atrasados de at\u00e9 R$ 97.260: veja se voc\u00ea pode estar na lista para receber"},"content":{"rendered":"\n<p>Os <strong>atrasados do INSS<\/strong> come\u00e7am a ser pagos ap\u00f3s autoriza\u00e7\u00e3o de R$ 1,4 bilh\u00e3o pelo Conselho da Justi\u00e7a Federal. Mais de 87 mil segurados podem receber valores de at\u00e9 R$ 97.260 em 2026, conforme o teto das RPVs.<\/p>\n\n\n\n<h2 class=\"wp-block-heading\">Quem vai receber os atrasados do INSS em 2026?<\/h2>\n\n\n\n<p>O pagamento contempla segurados que venceram a\u00e7\u00f5es contra o <strong>Instituto Nacional do Seguro Social<\/strong> e tiveram decis\u00e3o definitiva na Justi\u00e7a Federal. S\u00e3o mais de 87 mil benefici\u00e1rios distribu\u00eddos em 65,3 mil processos com tr\u00e2nsito em julgado.<\/p>\n\n\n\n<p>Entram no lote aposentados, pensionistas e titulares de benef\u00edcios como <strong>aux\u00edlio-doen\u00e7a<\/strong>, aux\u00edlio-acidente e <strong><a href=\"https:\/\/www.em.com.br\/emfoco\/2026\/02\/27\/reajuste-automatico-do-bpc-loas-melhora-renda-de-milhoes-em-2026-e-libera-contratacao-de-consignado-com-parcelas-maiores\/\" target=\"_blank\" rel=\"noreferrer noopener\">BPC Loas<\/a><\/strong>. Tamb\u00e9m h\u00e1 previs\u00e3o para herdeiros, desde que apresentem invent\u00e1rio ou alvar\u00e1 judicial que comprove o direito ao saque.<\/p>\n\n\n\n<p>Confira o v\u00eddeo compartilhado pelo canal do YouTube <strong><a href=\"https:\/\/www.youtube.com\/@folhaprevidenci%C3%A1ria\" target=\"_blank\" rel=\"noreferrer noopener\">PRIMEIRA P\u00c1GINA<\/a><\/strong> falando sobre pagamentos precat\u00f3rios para o m\u00eas de mar\u00e7o.<\/p>\n\n\n\n<figure class=\"wp-block-embed is-type-video is-provider-youtube wp-block-embed-youtube wp-embed-aspect-16-9 wp-has-aspect-ratio\"><div class=\"wp-block-embed__wrapper\">\n<div class=\"jeg_video_container jeg_video_content\"><iframe loading=\"lazy\" title=\"RPV E PRECAT\u00d3RIOS - PAGAMENTOS DE MAR\u00c7O 2026 - VALORES J\u00c1 EST\u00c3O COM OS TRIBUNAIS PARA AS QUITA\u00c7\u00d5ES\" width=\"500\" height=\"281\" src=\"https:\/\/www.youtube.com\/embed\/WRa0y6qT-2g?feature=oembed\" frameborder=\"0\" allow=\"accelerometer; autoplay; clipboard-write; encrypted-media; gyroscope; picture-in-picture; web-share\" referrerpolicy=\"strict-origin-when-cross-origin\" allowfullscreen><\/iframe><\/div>\n<\/div><\/figure>\n\n\n\n<h2 class=\"wp-block-heading\">Quais s\u00e3o os valores e regras para receber at\u00e9 R$ 97.260?<\/h2>\n\n\n\n<p>Em 2026, com o <strong>sal\u00e1rio m\u00ednimo fixado em R$ 1.621<\/strong>, o limite para enquadramento como Requisi\u00e7\u00e3o de Pequeno Valor \u00e9 de 60 sal\u00e1rios m\u00ednimos. Apenas d\u00edvidas dentro desse teto entram no lote atual, como detalhado a seguir.<\/p>\n\n\n\n<ul class=\"wp-block-list\">\n<li><strong>Teto da RPV<\/strong>: at\u00e9 R$ 97.260 por benefici\u00e1rio, considerando 60 sal\u00e1rios m\u00ednimos vigentes em 2026.<\/li>\n\n\n\n<li><strong>Montante liberado<\/strong>: R$ 1,4 bilh\u00e3o autorizados para pagamento imediato aos segurados contemplados.<\/li>\n\n\n\n<li><strong>Prazo legal<\/strong>: ap\u00f3s a expedi\u00e7\u00e3o, o dep\u00f3sito deve ocorrer em at\u00e9 60 dias, conforme regra constitucional.<\/li>\n<\/ul>\n\n\n\n<h2 class=\"wp-block-heading\">Qual \u00e9 a diferen\u00e7a entre RPV e precat\u00f3rio?<\/h2>\n\n\n\n<p>A <strong>RPV<\/strong> \u00e9 destinada a d\u00edvidas federais de menor valor, limitadas a 60 sal\u00e1rios m\u00ednimos. Por ter tramita\u00e7\u00e3o simplificada, o pagamento costuma ocorrer mais rapidamente, geralmente dentro de dois meses ap\u00f3s a requisi\u00e7\u00e3o.<\/p>\n\n\n\n<p>J\u00e1 o <strong>precat\u00f3rio<\/strong> envolve valores superiores ao teto da RPV e segue cronograma anual previsto na Constitui\u00e7\u00e3o. Nesse caso, o recebimento depende da inclus\u00e3o no or\u00e7amento federal e pode ocorrer em exerc\u00edcios seguintes.<\/p>\n\n\n\n<figure class=\"wp-block-image size-large\"><img loading=\"lazy\" decoding=\"async\" width=\"1024\" height=\"576\" src=\"https:\/\/www.em.com.br\/emfoco\/wp-content\/uploads\/2026\/03\/7-7-1024x576.jpg\" alt=\"INSS come\u00e7a a pagar atrasados de at\u00e9 R$ 97.260: veja se voc\u00ea pode estar na lista para receber\" class=\"wp-image-177245\" srcset=\"https:\/\/www.em.com.br\/emfoco\/wp-content\/uploads\/2026\/03\/7-7-1024x576.jpg 1024w, https:\/\/www.em.com.br\/emfoco\/wp-content\/uploads\/2026\/03\/7-7-300x169.jpg 300w, https:\/\/www.em.com.br\/emfoco\/wp-content\/uploads\/2026\/03\/7-7-768x432.jpg 768w, https:\/\/www.em.com.br\/emfoco\/wp-content\/uploads\/2026\/03\/7-7-750x422.jpg 750w, https:\/\/www.em.com.br\/emfoco\/wp-content\/uploads\/2026\/03\/7-7-1140x641.jpg 1140w, https:\/\/www.em.com.br\/emfoco\/wp-content\/uploads\/2026\/03\/7-7.jpg 1280w\" sizes=\"auto, (max-width: 1024px) 100vw, 1024px\" \/><figcaption class=\"wp-element-caption\">Diferen\u00e7a entre RPV e precat\u00f3rios impacta no prazo final do recebimento<\/figcaption><\/figure>\n\n\n\n<h2 class=\"wp-block-heading\">Como consultar se voc\u00ea est\u00e1 no lote de pagamento?<\/h2>\n\n\n\n<p>O Conselho da Justi\u00e7a Federal repassa os valores aos cinco Tribunais Regionais Federais, respons\u00e1veis por organizar o cronograma de dep\u00f3sitos. A consulta deve ser feita no portal do TRF da sua regi\u00e3o, conforme os pontos abaixo.<\/p>\n\n\n\n<ul class=\"wp-block-list\">\n<li><strong>Onde consultar<\/strong>: acesse o site do TRF respons\u00e1vel pelo estado onde o processo foi ajuizado e procure a \u00e1rea \u201cPrecat\u00f3rios\/RPV\u201d.<\/li>\n\n\n\n<li><strong>Dados necess\u00e1rios<\/strong>: informe CPF, n\u00famero do processo ou registro da OAB do advogado para localizar a requisi\u00e7\u00e3o.<\/li>\n\n\n\n<li><strong>Status do pagamento<\/strong>: termos como \u201cPago total ao ju\u00edzo\u201d ou \u201cDepositado\u201d indicam que o valor j\u00e1 est\u00e1 dispon\u00edvel para saque ou transfer\u00eancia.<\/li>\n<\/ul>\n\n\n\n<h2 class=\"wp-block-heading\">Quando o dinheiro ser\u00e1 depositado na conta?<\/h2>\n\n\n\n<p>A expectativa \u00e9 que os dep\u00f3sitos das <strong>RPVs do INSS<\/strong> sejam conclu\u00eddos at\u00e9 o in\u00edcio de mar\u00e7o de 2026. O processamento banc\u00e1rio pode levar alguns dias ap\u00f3s a autoriza\u00e7\u00e3o formal do conselho.<\/p>\n\n\n\n<p>Em alguns casos, o juiz determina que a libera\u00e7\u00e3o ocorra via transfer\u00eancia ao benefici\u00e1rio ou ao advogado. A quita\u00e7\u00e3o dos <strong>valores retroativos<\/strong> encerra uma etapa aguardada por milhares de segurados em todo o pa\u00eds.<\/p>\n","protected":false},"excerpt":{"rendered":"<p>Os atrasados do INSS come\u00e7am a ser pagos ap\u00f3s autoriza\u00e7\u00e3o de R$ 1,4 bilh\u00e3o pelo Conselho da Justi\u00e7a Federal. Mais de 87 mil segurados podem receber valores de at\u00e9 R$ 97.260 em 2026, conforme o teto das RPVs. Quem vai receber os atrasados do INSS em 2026? O pagamento contempla segurados que venceram a\u00e7\u00f5es contra [&hellip;]<\/p>\n","protected":false},"author":13,"featured_media":177246,"comment_status":"open","ping_status":"open","sticky":false,"template":"","format":"standard","meta":{"jnews-multi-image_gallery":[],"jnews_single_post":{"format":"standard"},"jnews_primary_category":[],"jnews_social_meta":[],"jnews_override_counter":[],"footnotes":""},"categories":[28],"tags":[174,25619,25620],"class_list":["post-177138","post","type-post","status-publish","format-standard","has-post-thumbnail","hentry","category-economia","tag-inss","tag-pagamentos-atrasados-do-inss","tag-rpv"],"yoast_head":"<!-- This site is optimized with the Yoast SEO plugin v23.8 - https:\/\/yoast.com\/wordpress\/plugins\/seo\/ -->\n<title>INSS come\u00e7a a pagar atrasados de at\u00e9 R$ 97.260: veja se voc\u00ea pode estar na lista para receber - Estado de Minas - Em foco<\/title>\n<meta name=\"description\" content=\"INSS come\u00e7a a pagar atrasados ap\u00f3s libera\u00e7\u00e3o de R$ 1,4 bilh\u00e3o. Veja quem pode receber at\u00e9 R$ 97.260 e como consultar.\" \/>\n<meta name=\"robots\" content=\"index, follow, max-snippet:-1, max-image-preview:large, max-video-preview:-1\" \/>\n<link rel=\"canonical\" href=\"https:\/\/www.em.com.br\/emfoco\/2026\/03\/07\/inss-comeca-a-pagar-atrasados-de-ate-r-97-260-veja-se-voce-pode-estar-na-lista-para-receber\/\" \/>\n<meta property=\"og:locale\" content=\"pt_BR\" \/>\n<meta property=\"og:type\" content=\"article\" \/>\n<meta property=\"og:title\" content=\"INSS come\u00e7a a pagar atrasados de at\u00e9 R$ 97.260: veja se voc\u00ea pode estar na lista para receber - Estado de Minas - Em foco\" \/>\n<meta property=\"og:description\" content=\"INSS come\u00e7a a pagar atrasados ap\u00f3s libera\u00e7\u00e3o de R$ 1,4 bilh\u00e3o. Veja quem pode receber at\u00e9 R$ 97.260 e como consultar.\" \/>\n<meta property=\"og:url\" content=\"https:\/\/www.em.com.br\/emfoco\/2026\/03\/07\/inss-comeca-a-pagar-atrasados-de-ate-r-97-260-veja-se-voce-pode-estar-na-lista-para-receber\/\" \/>\n<meta property=\"og:site_name\" content=\"Estado de Minas - Em foco\" \/>\n<meta property=\"article:published_time\" content=\"2026-03-07T13:15:00+00:00\" \/>\n<meta property=\"article:modified_time\" content=\"2026-03-04T16:20:46+00:00\" \/>\n<meta property=\"og:image\" content=\"https:\/\/www.em.com.br\/emfoco\/wp-content\/uploads\/2026\/03\/8-7.jpg\" \/>\n\t<meta property=\"og:image:width\" content=\"1280\" \/>\n\t<meta property=\"og:image:height\" content=\"720\" \/>\n\t<meta property=\"og:image:type\" content=\"image\/jpeg\" \/>\n<meta name=\"author\" content=\"Gabriel Martins\" \/>\n<meta name=\"twitter:card\" content=\"summary_large_image\" \/>\n<meta name=\"twitter:label1\" content=\"Escrito por\" \/>\n\t<meta name=\"twitter:data1\" content=\"Gabriel Martins\" \/>\n\t<meta name=\"twitter:label2\" content=\"Est. tempo de leitura\" \/>\n\t<meta name=\"twitter:data2\" content=\"4 minutos\" \/>\n<!-- \/ Yoast SEO plugin. -->","yoast_head_json":{"title":"INSS come\u00e7a a pagar atrasados de at\u00e9 R$ 97.260: veja se voc\u00ea pode estar na lista para receber - Estado de Minas - Em foco","description":"INSS come\u00e7a a pagar atrasados ap\u00f3s libera\u00e7\u00e3o de R$ 1,4 bilh\u00e3o. Veja quem pode receber at\u00e9 R$ 97.260 e como consultar.","robots":{"index":"index","follow":"follow","max-snippet":"max-snippet:-1","max-image-preview":"max-image-preview:large","max-video-preview":"max-video-preview:-1"},"canonical":"https:\/\/www.em.com.br\/emfoco\/2026\/03\/07\/inss-comeca-a-pagar-atrasados-de-ate-r-97-260-veja-se-voce-pode-estar-na-lista-para-receber\/","og_locale":"pt_BR","og_type":"article","og_title":"INSS come\u00e7a a pagar atrasados de at\u00e9 R$ 97.260: veja se voc\u00ea pode estar na lista para receber - Estado de Minas - Em foco","og_description":"INSS come\u00e7a a pagar atrasados ap\u00f3s libera\u00e7\u00e3o de R$ 1,4 bilh\u00e3o. Veja quem pode receber at\u00e9 R$ 97.260 e como consultar.","og_url":"https:\/\/www.em.com.br\/emfoco\/2026\/03\/07\/inss-comeca-a-pagar-atrasados-de-ate-r-97-260-veja-se-voce-pode-estar-na-lista-para-receber\/","og_site_name":"Estado de Minas - Em foco","article_published_time":"2026-03-07T13:15:00+00:00","article_modified_time":"2026-03-04T16:20:46+00:00","og_image":[{"width":1280,"height":720,"url":"https:\/\/www.em.com.br\/emfoco\/wp-content\/uploads\/2026\/03\/8-7.jpg","type":"image\/jpeg"}],"author":"Gabriel Martins","twitter_card":"summary_large_image","twitter_misc":{"Escrito por":"Gabriel Martins","Est. tempo de leitura":"4 minutos"},"schema":{"@context":"https:\/\/schema.org","@graph":[{"@type":"WebPage","@id":"https:\/\/www.em.com.br\/emfoco\/2026\/03\/07\/inss-comeca-a-pagar-atrasados-de-ate-r-97-260-veja-se-voce-pode-estar-na-lista-para-receber\/","url":"https:\/\/www.em.com.br\/emfoco\/2026\/03\/07\/inss-comeca-a-pagar-atrasados-de-ate-r-97-260-veja-se-voce-pode-estar-na-lista-para-receber\/","name":"INSS come\u00e7a a pagar atrasados de at\u00e9 R$ 97.260: veja se voc\u00ea pode estar na lista para receber - Estado de Minas - Em foco","isPartOf":{"@id":"https:\/\/www.em.com.br\/emfoco\/#website"},"primaryImageOfPage":{"@id":"https:\/\/www.em.com.br\/emfoco\/2026\/03\/07\/inss-comeca-a-pagar-atrasados-de-ate-r-97-260-veja-se-voce-pode-estar-na-lista-para-receber\/#primaryimage"},"image":{"@id":"https:\/\/www.em.com.br\/emfoco\/2026\/03\/07\/inss-comeca-a-pagar-atrasados-de-ate-r-97-260-veja-se-voce-pode-estar-na-lista-para-receber\/#primaryimage"},"thumbnailUrl":"https:\/\/www.em.com.br\/emfoco\/wp-content\/uploads\/2026\/03\/8-7.jpg","datePublished":"2026-03-07T13:15:00+00:00","dateModified":"2026-03-04T16:20:46+00:00","author":{"@id":"https:\/\/www.em.com.br\/emfoco\/#\/schema\/person\/1c9ddeab18b98abeffef834667bcf08a"},"description":"INSS come\u00e7a a pagar atrasados ap\u00f3s libera\u00e7\u00e3o de R$ 1,4 bilh\u00e3o. Veja quem pode receber at\u00e9 R$ 97.260 e como consultar.","breadcrumb":{"@id":"https:\/\/www.em.com.br\/emfoco\/2026\/03\/07\/inss-comeca-a-pagar-atrasados-de-ate-r-97-260-veja-se-voce-pode-estar-na-lista-para-receber\/#breadcrumb"},"inLanguage":"pt-BR","potentialAction":[{"@type":"ReadAction","target":["https:\/\/www.em.com.br\/emfoco\/2026\/03\/07\/inss-comeca-a-pagar-atrasados-de-ate-r-97-260-veja-se-voce-pode-estar-na-lista-para-receber\/"]}]},{"@type":"ImageObject","inLanguage":"pt-BR","@id":"https:\/\/www.em.com.br\/emfoco\/2026\/03\/07\/inss-comeca-a-pagar-atrasados-de-ate-r-97-260-veja-se-voce-pode-estar-na-lista-para-receber\/#primaryimage","url":"https:\/\/www.em.com.br\/emfoco\/wp-content\/uploads\/2026\/03\/8-7.jpg","contentUrl":"https:\/\/www.em.com.br\/emfoco\/wp-content\/uploads\/2026\/03\/8-7.jpg","width":1280,"height":720,"caption":"Segurados com decis\u00f5es definitivas na Justi\u00e7a Federal recebem valores em breve"},{"@type":"BreadcrumbList","@id":"https:\/\/www.em.com.br\/emfoco\/2026\/03\/07\/inss-comeca-a-pagar-atrasados-de-ate-r-97-260-veja-se-voce-pode-estar-na-lista-para-receber\/#breadcrumb","itemListElement":[{"@type":"ListItem","position":1,"name":"In\u00edcio","item":"https:\/\/www.em.com.br\/emfoco\/"},{"@type":"ListItem","position":2,"name":"INSS come\u00e7a a pagar atrasados de at\u00e9 R$ 97.260: veja se voc\u00ea pode estar na lista para receber"}]},{"@type":"WebSite","@id":"https:\/\/www.em.com.br\/emfoco\/#website","url":"https:\/\/www.em.com.br\/emfoco\/","name":"Estado de Minas - Em foco","description":"Acompanhe as \u00faltimas not\u00edcias e fique bem informado sobre tudo o que acontece em Minas Gerais, Brasil e no mundo.","potentialAction":[{"@type":"SearchAction","target":{"@type":"EntryPoint","urlTemplate":"https:\/\/www.em.com.br\/emfoco\/?s={search_term_string}"},"query-input":{"@type":"PropertyValueSpecification","valueRequired":true,"valueName":"search_term_string"}}],"inLanguage":"pt-BR"},{"@type":"Person","@id":"https:\/\/www.em.com.br\/emfoco\/#\/schema\/person\/1c9ddeab18b98abeffef834667bcf08a","name":"Gabriel Martins","image":{"@type":"ImageObject","inLanguage":"pt-BR","@id":"https:\/\/www.em.com.br\/emfoco\/#\/schema\/person\/image\/","url":"https:\/\/secure.gravatar.com\/avatar\/f0f1e2efdfd88f1ad2cb08c5c2731e50?s=96&d=mm&r=g","contentUrl":"https:\/\/secure.gravatar.com\/avatar\/f0f1e2efdfd88f1ad2cb08c5c2731e50?s=96&d=mm&r=g","caption":"Gabriel Martins"},"sameAs":["https:\/\/www.em.com.br\/emfoco\/"],"url":"https:\/\/www.em.com.br\/emfoco\/author\/gabrielmartinsmyth\/"}]}},"_links":{"self":[{"href":"https:\/\/www.em.com.br\/emfoco\/wp-json\/wp\/v2\/posts\/177138","targetHints":{"allow":["GET"]}}],"collection":[{"href":"https:\/\/www.em.com.br\/emfoco\/wp-json\/wp\/v2\/posts"}],"about":[{"href":"https:\/\/www.em.com.br\/emfoco\/wp-json\/wp\/v2\/types\/post"}],"author":[{"embeddable":true,"href":"https:\/\/www.em.com.br\/emfoco\/wp-json\/wp\/v2\/users\/13"}],"replies":[{"embeddable":true,"href":"https:\/\/www.em.com.br\/emfoco\/wp-json\/wp\/v2\/comments?post=177138"}],"version-history":[{"count":2,"href":"https:\/\/www.em.com.br\/emfoco\/wp-json\/wp\/v2\/posts\/177138\/revisions"}],"predecessor-version":[{"id":177250,"href":"https:\/\/www.em.com.br\/emfoco\/wp-json\/wp\/v2\/posts\/177138\/revisions\/177250"}],"wp:featuredmedia":[{"embeddable":true,"href":"https:\/\/www.em.com.br\/emfoco\/wp-json\/wp\/v2\/media\/177246"}],"wp:attachment":[{"href":"https:\/\/www.em.com.br\/emfoco\/wp-json\/wp\/v2\/media?parent=177138"}],"wp:term":[{"taxonomy":"category","embeddable":true,"href":"https:\/\/www.em.com.br\/emfoco\/wp-json\/wp\/v2\/categories?post=177138"},{"taxonomy":"post_tag","embeddable":true,"href":"https:\/\/www.em.com.br\/emfoco\/wp-json\/wp\/v2\/tags?post=177138"}],"curies":[{"name":"wp","href":"https:\/\/api.w.org\/{rel}","templated":true}]}}