{"id":177129,"date":"2026-03-08T16:05:00","date_gmt":"2026-03-08T19:05:00","guid":{"rendered":"https:\/\/www.em.com.br\/emfoco\/?p=177129"},"modified":"2026-03-07T20:44:23","modified_gmt":"2026-03-07T23:44:23","slug":"justica-analisa-caso-e-determina-que-divida-de-negocio-anterior-nao-pode-travar-registro-de-escritura","status":"publish","type":"post","link":"https:\/\/www.em.com.br\/emfoco\/2026\/03\/08\/justica-analisa-caso-e-determina-que-divida-de-negocio-anterior-nao-pode-travar-registro-de-escritura\/","title":{"rendered":"Justi\u00e7a analisa caso e determina que d\u00edvida de neg\u00f3cio anterior n\u00e3o pode travar registro de escritura"},"content":{"rendered":"\n<p>Comprar um im\u00f3vel \u00e9 a realiza\u00e7\u00e3o de um sonho, mas ser surpreendido no cart\u00f3rio com a cobran\u00e7a de um <strong>ITBI <\/strong>atrasado de antigos donos transforma essa conquista em um verdadeiro pesadelo burocr\u00e1tico. Hoje, muitos compradores esbarram nessa dor de cabe\u00e7a ao tentar registrar a escritura, correndo o risco de pagar por d\u00edvidas alheias para n\u00e3o perderem suas propriedades, o que reacende um debate urgente sobre os limites da fiscaliza\u00e7\u00e3o e quem realmente deve arcar com essa conta.<\/p>\n\n\n\n<h2 class=\"wp-block-heading\">A pend\u00eancia de ITBI de terceiros interfere no registro imobili\u00e1rio<\/h2>\n\n\n\n<p>O <a href=\"https:\/\/www.meuvivaz.com.br\/duvidas-frequentes\/o-que-e-itbi\" target=\"_blank\" rel=\"noreferrer noopener\">ITBI <\/a>\u00e9 um imposto municipal cobrado sempre que ocorre a transmiss\u00e3o onerosa de um im\u00f3vel. O problema surge quando opera\u00e7\u00f5es antigas, como cess\u00f5es de direitos que nunca foram registradas, n\u00e3o tiveram o tributo recolhido na \u00e9poca certa.<\/p>\n\n\n\n<p>Em casos recentes, compradores que firmaram escritura diretamente com os propriet\u00e1rios oficiais tiveram o registro negado pelo cart\u00f3rio. A exig\u00eancia de quita\u00e7\u00e3o de um imposto referente a neg\u00f3cios passados acaba travando o processo e gerando inseguran\u00e7a jur\u00eddica.<\/p>\n\n\n\n<figure class=\"wp-block-image size-large\"><img loading=\"lazy\" decoding=\"async\" width=\"1024\" height=\"576\" src=\"https:\/\/www.em.com.br\/emfoco\/wp-content\/uploads\/2026\/03\/Gemini_Generated_Image_vikifrvikifrviki-1-1024x576.png\" alt=\"Cobran\u00e7a de ITBI antigo trava registro de im\u00f3veis\" class=\"wp-image-178984\" srcset=\"https:\/\/www.em.com.br\/emfoco\/wp-content\/uploads\/2026\/03\/Gemini_Generated_Image_vikifrvikifrviki-1-1024x576.png 1024w, https:\/\/www.em.com.br\/emfoco\/wp-content\/uploads\/2026\/03\/Gemini_Generated_Image_vikifrvikifrviki-1-300x169.png 300w, https:\/\/www.em.com.br\/emfoco\/wp-content\/uploads\/2026\/03\/Gemini_Generated_Image_vikifrvikifrviki-1-768x432.png 768w, https:\/\/www.em.com.br\/emfoco\/wp-content\/uploads\/2026\/03\/Gemini_Generated_Image_vikifrvikifrviki-1-750x422.png 750w, https:\/\/www.em.com.br\/emfoco\/wp-content\/uploads\/2026\/03\/Gemini_Generated_Image_vikifrvikifrviki-1-1140x641.png 1140w, https:\/\/www.em.com.br\/emfoco\/wp-content\/uploads\/2026\/03\/Gemini_Generated_Image_vikifrvikifrviki-1.png 1280w\" sizes=\"auto, (max-width: 1024px) 100vw, 1024px\" \/><figcaption class=\"wp-element-caption\">Cobran\u00e7a de ITBI antigo trava registro de im\u00f3veis<\/figcaption><\/figure>\n\n\n\n<h2 class=\"wp-block-heading\">O que a Justi\u00e7a decide sobre o bloqueio do novo registro<\/h2>\n\n\n\n<p>Para resolver esse impasse, muitos cidad\u00e3os recorrem \u00e0 d\u00favida registral inversa, um mecanismo legal que permite ao juiz revisar as exig\u00eancias feitas pelos cart\u00f3rios. A Justi\u00e7a tem analisado se cobrar impostos de neg\u00f3cios antigos faz parte da fun\u00e7\u00e3o do registrador.<\/p>\n\n\n\n<p>As decis\u00f5es mais atualizadas mostram que o <a href=\"https:\/\/www.em.com.br\/emfoco\/2026\/02\/25\/seu-imovel-esta-irregular-e-desvalorizando-usucapiao-em-cartorio-corrige-tudo-sem-processo-judicial-e-pode-elevar-o-valor-de-venda-em-ate-50\/\" target=\"_blank\" rel=\"noreferrer noopener\">cart\u00f3rio <\/a>deve fiscalizar o pagamento de tributos apenas em rela\u00e7\u00e3o ao ato que est\u00e1 sendo registrado agora. D\u00edvidas de terceiros e de contratos anteriores n\u00e3o podem, por si s\u00f3s, impedir a transfer\u00eancia do seu im\u00f3vel.<\/p>\n\n\n\n<h2 class=\"wp-block-heading\">De quem \u00e9 a verdadeira responsabilidade pelo pagamento do imposto<\/h2>\n\n\n\n<p>A lei brasileira determina que a responsabilidade pelo pagamento do ITBI recai sobre quem adquire o im\u00f3vel naquela transa\u00e7\u00e3o espec\u00edfica. Se uma cess\u00e3o de direitos antiga n\u00e3o envolveu voc\u00ea, essa conta definitivamente n\u00e3o \u00e9 sua.<\/p>\n\n\n\n<p>Cabe \u00e0 prefeitura buscar os verdadeiros devedores e cobrar o imposto de quem realmente participou daquele neg\u00f3cio no passado. O cart\u00f3rio n\u00e3o pode ser usado pelo munic\u00edpio como uma ferramenta de coa\u00e7\u00e3o indireta contra o novo comprador.<\/p>\n\n\n\n<h2 class=\"wp-block-heading\">Como agir diante de cobran\u00e7as indevidas no momento do registro<\/h2>\n\n\n\n<p>Enfrentar exig\u00eancias abusivas no cart\u00f3rio exige agilidade e conhecimento estrat\u00e9gico para que voc\u00ea n\u00e3o perca dinheiro nem os prazos da sua documenta\u00e7\u00e3o. Para garantir a seguran\u00e7a do seu patrim\u00f4nio e destravar o seu registro, siga imediatamente estes passos pr\u00e1ticos fundamentais:<\/p>\n\n\n\n<figure class=\"wp-block-image size-large\"><img loading=\"lazy\" decoding=\"async\" width=\"1024\" height=\"576\" src=\"https:\/\/www.em.com.br\/emfoco\/wp-content\/uploads\/2026\/03\/ChatGPT-Image-7-de-mar.-de-2026-17_33_53-1-1024x576.png\" alt=\"Cobran\u00e7a de ITBI antigo trava registro de im\u00f3veis\" class=\"wp-image-178987\" srcset=\"https:\/\/www.em.com.br\/emfoco\/wp-content\/uploads\/2026\/03\/ChatGPT-Image-7-de-mar.-de-2026-17_33_53-1-1024x576.png 1024w, https:\/\/www.em.com.br\/emfoco\/wp-content\/uploads\/2026\/03\/ChatGPT-Image-7-de-mar.-de-2026-17_33_53-1-300x169.png 300w, https:\/\/www.em.com.br\/emfoco\/wp-content\/uploads\/2026\/03\/ChatGPT-Image-7-de-mar.-de-2026-17_33_53-1-768x432.png 768w, https:\/\/www.em.com.br\/emfoco\/wp-content\/uploads\/2026\/03\/ChatGPT-Image-7-de-mar.-de-2026-17_33_53-1-750x422.png 750w, https:\/\/www.em.com.br\/emfoco\/wp-content\/uploads\/2026\/03\/ChatGPT-Image-7-de-mar.-de-2026-17_33_53-1-1140x641.png 1140w, https:\/\/www.em.com.br\/emfoco\/wp-content\/uploads\/2026\/03\/ChatGPT-Image-7-de-mar.-de-2026-17_33_53-1.png 1280w\" sizes=\"auto, (max-width: 1024px) 100vw, 1024px\" \/><figcaption class=\"wp-element-caption\">Cobran\u00e7a de ITBI antigo trava registro de im\u00f3veis<\/figcaption><\/figure>\n\n\n\n<ul class=\"wp-block-list\">\n<li>Analise a matr\u00edcula do im\u00f3vel e o hist\u00f3rico de propriet\u00e1rios antes de assinar qualquer contrato.<\/li>\n\n\n\n<li>Leia a escritura com aten\u00e7\u00e3o extrema para identificar men\u00e7\u00f5es a antigas cess\u00f5es de direitos n\u00e3o registradas.<\/li>\n\n\n\n<li>Questione o cart\u00f3rio formalmente por meio de um advogado caso a cobran\u00e7a extrapole o neg\u00f3cio atual.<\/li>\n<\/ul>\n\n\n\n<h2 class=\"wp-block-heading\">Qual \u00e9 o caminho seguro para proteger o seu patrim\u00f4nio<\/h2>\n\n\n\n<p>Aceitar calado a cobran\u00e7a de um imposto que n\u00e3o \u00e9 seu significa colocar em risco as suas economias e legitimar uma pr\u00e1tica abusiva. O seu direito de registrar a casa pr\u00f3pria de forma justa e sem herdar d\u00edvidas fantasmas de terceiros precisa ser defendido com firmeza.<\/p>\n\n\n\n<p>N\u00e3o deixe que a burocracia destrua o seu sonho e paralise a sua vida financeira por causa de erros do passado. Se o seu registro est\u00e1 travado agora, procure um advogado especialista em direito imobili\u00e1rio hoje mesmo, combata essa injusti\u00e7a e exija que o seu patrim\u00f4nio fique no seu nome antes que seja tarde demais!<\/p>\n","protected":false},"excerpt":{"rendered":"<p>Comprar um im\u00f3vel \u00e9 a realiza\u00e7\u00e3o de um sonho, mas ser surpreendido no cart\u00f3rio com a cobran\u00e7a de um ITBI atrasado de antigos donos transforma essa conquista em um verdadeiro pesadelo burocr\u00e1tico. Hoje, muitos compradores esbarram nessa dor de cabe\u00e7a ao tentar registrar a escritura, correndo o risco de pagar por d\u00edvidas alheias para n\u00e3o [&hellip;]<\/p>\n","protected":false},"author":11,"featured_media":178983,"comment_status":"open","ping_status":"open","sticky":false,"template":"","format":"standard","meta":{"jnews-multi-image_gallery":[],"jnews_single_post":{"format":"standard"},"jnews_primary_category":[],"jnews_social_meta":[],"jnews_override_counter":[],"footnotes":""},"categories":[28,1],"tags":[18042,926,25873,20452],"class_list":["post-177129","post","type-post","status-publish","format-standard","has-post-thumbnail","hentry","category-economia","category-noticias","tag-cartorio","tag-cobranca","tag-pagar-o-imposto","tag-registro-de-imoveis"],"yoast_head":"<!-- This site is optimized with the Yoast SEO plugin v23.8 - https:\/\/yoast.com\/wordpress\/plugins\/seo\/ -->\n<title>Justi\u00e7a analisa caso e determina que d\u00edvida de neg\u00f3cio anterior n\u00e3o pode travar registro de escritura - Estado de Minas - Em foco<\/title>\n<meta name=\"description\" content=\"Cobran\u00e7a de ITBI antigo pode impedir o registro de im\u00f3veis no cart\u00f3rio. Entenda quem realmente deve pagar o imposto.\" \/>\n<meta name=\"robots\" content=\"index, follow, max-snippet:-1, max-image-preview:large, max-video-preview:-1\" \/>\n<link rel=\"canonical\" href=\"https:\/\/www.em.com.br\/emfoco\/2026\/03\/08\/justica-analisa-caso-e-determina-que-divida-de-negocio-anterior-nao-pode-travar-registro-de-escritura\/\" \/>\n<meta property=\"og:locale\" content=\"pt_BR\" \/>\n<meta property=\"og:type\" content=\"article\" \/>\n<meta property=\"og:title\" content=\"Justi\u00e7a analisa caso e determina que d\u00edvida de neg\u00f3cio anterior n\u00e3o pode travar registro de escritura - Estado de Minas - Em foco\" \/>\n<meta property=\"og:description\" content=\"Cobran\u00e7a de ITBI antigo pode impedir o registro de im\u00f3veis no cart\u00f3rio. Entenda quem realmente deve pagar o imposto.\" \/>\n<meta property=\"og:url\" content=\"https:\/\/www.em.com.br\/emfoco\/2026\/03\/08\/justica-analisa-caso-e-determina-que-divida-de-negocio-anterior-nao-pode-travar-registro-de-escritura\/\" \/>\n<meta property=\"og:site_name\" content=\"Estado de Minas - Em foco\" \/>\n<meta property=\"article:published_time\" content=\"2026-03-08T19:05:00+00:00\" \/>\n<meta property=\"article:modified_time\" content=\"2026-03-07T23:44:23+00:00\" \/>\n<meta property=\"og:image\" content=\"https:\/\/www.em.com.br\/emfoco\/wp-content\/uploads\/2026\/03\/ChatGPT-Image-7-de-mar.-de-2026-17_31_52-1.png\" \/>\n\t<meta property=\"og:image:width\" content=\"1280\" \/>\n\t<meta property=\"og:image:height\" content=\"720\" \/>\n\t<meta property=\"og:image:type\" content=\"image\/png\" \/>\n<meta name=\"author\" content=\"Andre\u0301 Rangel\u00a0\" \/>\n<meta name=\"twitter:card\" content=\"summary_large_image\" \/>\n<meta name=\"twitter:label1\" content=\"Escrito por\" \/>\n\t<meta name=\"twitter:data1\" content=\"Andre\u0301 Rangel\u00a0\" \/>\n\t<meta name=\"twitter:label2\" content=\"Est. tempo de leitura\" \/>\n\t<meta name=\"twitter:data2\" content=\"4 minutos\" \/>\n<!-- \/ Yoast SEO plugin. -->","yoast_head_json":{"title":"Justi\u00e7a analisa caso e determina que d\u00edvida de neg\u00f3cio anterior n\u00e3o pode travar registro de escritura - Estado de Minas - Em foco","description":"Cobran\u00e7a de ITBI antigo pode impedir o registro de im\u00f3veis no cart\u00f3rio. Entenda quem realmente deve pagar o imposto.","robots":{"index":"index","follow":"follow","max-snippet":"max-snippet:-1","max-image-preview":"max-image-preview:large","max-video-preview":"max-video-preview:-1"},"canonical":"https:\/\/www.em.com.br\/emfoco\/2026\/03\/08\/justica-analisa-caso-e-determina-que-divida-de-negocio-anterior-nao-pode-travar-registro-de-escritura\/","og_locale":"pt_BR","og_type":"article","og_title":"Justi\u00e7a analisa caso e determina que d\u00edvida de neg\u00f3cio anterior n\u00e3o pode travar registro de escritura - Estado de Minas - Em foco","og_description":"Cobran\u00e7a de ITBI antigo pode impedir o registro de im\u00f3veis no cart\u00f3rio. Entenda quem realmente deve pagar o imposto.","og_url":"https:\/\/www.em.com.br\/emfoco\/2026\/03\/08\/justica-analisa-caso-e-determina-que-divida-de-negocio-anterior-nao-pode-travar-registro-de-escritura\/","og_site_name":"Estado de Minas - Em foco","article_published_time":"2026-03-08T19:05:00+00:00","article_modified_time":"2026-03-07T23:44:23+00:00","og_image":[{"width":1280,"height":720,"url":"https:\/\/www.em.com.br\/emfoco\/wp-content\/uploads\/2026\/03\/ChatGPT-Image-7-de-mar.-de-2026-17_31_52-1.png","type":"image\/png"}],"author":"Andre\u0301 Rangel\u00a0","twitter_card":"summary_large_image","twitter_misc":{"Escrito por":"Andre\u0301 Rangel\u00a0","Est. tempo de leitura":"4 minutos"},"schema":{"@context":"https:\/\/schema.org","@graph":[{"@type":"WebPage","@id":"https:\/\/www.em.com.br\/emfoco\/2026\/03\/08\/justica-analisa-caso-e-determina-que-divida-de-negocio-anterior-nao-pode-travar-registro-de-escritura\/","url":"https:\/\/www.em.com.br\/emfoco\/2026\/03\/08\/justica-analisa-caso-e-determina-que-divida-de-negocio-anterior-nao-pode-travar-registro-de-escritura\/","name":"Justi\u00e7a analisa caso e determina que d\u00edvida de neg\u00f3cio anterior n\u00e3o pode travar registro de escritura - Estado de Minas - Em foco","isPartOf":{"@id":"https:\/\/www.em.com.br\/emfoco\/#website"},"primaryImageOfPage":{"@id":"https:\/\/www.em.com.br\/emfoco\/2026\/03\/08\/justica-analisa-caso-e-determina-que-divida-de-negocio-anterior-nao-pode-travar-registro-de-escritura\/#primaryimage"},"image":{"@id":"https:\/\/www.em.com.br\/emfoco\/2026\/03\/08\/justica-analisa-caso-e-determina-que-divida-de-negocio-anterior-nao-pode-travar-registro-de-escritura\/#primaryimage"},"thumbnailUrl":"https:\/\/www.em.com.br\/emfoco\/wp-content\/uploads\/2026\/03\/ChatGPT-Image-7-de-mar.-de-2026-17_31_52-1.png","datePublished":"2026-03-08T19:05:00+00:00","dateModified":"2026-03-07T23:44:23+00:00","author":{"@id":"https:\/\/www.em.com.br\/emfoco\/#\/schema\/person\/60eda09c1fedf0d6891f4cef4b60b8b8"},"description":"Cobran\u00e7a de ITBI antigo pode impedir o registro de im\u00f3veis no cart\u00f3rio. Entenda quem realmente deve pagar o imposto.","breadcrumb":{"@id":"https:\/\/www.em.com.br\/emfoco\/2026\/03\/08\/justica-analisa-caso-e-determina-que-divida-de-negocio-anterior-nao-pode-travar-registro-de-escritura\/#breadcrumb"},"inLanguage":"pt-BR","potentialAction":[{"@type":"ReadAction","target":["https:\/\/www.em.com.br\/emfoco\/2026\/03\/08\/justica-analisa-caso-e-determina-que-divida-de-negocio-anterior-nao-pode-travar-registro-de-escritura\/"]}]},{"@type":"ImageObject","inLanguage":"pt-BR","@id":"https:\/\/www.em.com.br\/emfoco\/2026\/03\/08\/justica-analisa-caso-e-determina-que-divida-de-negocio-anterior-nao-pode-travar-registro-de-escritura\/#primaryimage","url":"https:\/\/www.em.com.br\/emfoco\/wp-content\/uploads\/2026\/03\/ChatGPT-Image-7-de-mar.-de-2026-17_31_52-1.png","contentUrl":"https:\/\/www.em.com.br\/emfoco\/wp-content\/uploads\/2026\/03\/ChatGPT-Image-7-de-mar.-de-2026-17_31_52-1.png","width":1280,"height":720,"caption":"Cobran\u00e7a de ITBI antigo trava registro de im\u00f3veis"},{"@type":"BreadcrumbList","@id":"https:\/\/www.em.com.br\/emfoco\/2026\/03\/08\/justica-analisa-caso-e-determina-que-divida-de-negocio-anterior-nao-pode-travar-registro-de-escritura\/#breadcrumb","itemListElement":[{"@type":"ListItem","position":1,"name":"In\u00edcio","item":"https:\/\/www.em.com.br\/emfoco\/"},{"@type":"ListItem","position":2,"name":"Justi\u00e7a analisa caso e determina que d\u00edvida de neg\u00f3cio anterior n\u00e3o pode travar registro de escritura"}]},{"@type":"WebSite","@id":"https:\/\/www.em.com.br\/emfoco\/#website","url":"https:\/\/www.em.com.br\/emfoco\/","name":"Estado de Minas - Em foco","description":"Acompanhe as \u00faltimas not\u00edcias e fique bem informado sobre tudo o que acontece em Minas Gerais, Brasil e no mundo.","potentialAction":[{"@type":"SearchAction","target":{"@type":"EntryPoint","urlTemplate":"https:\/\/www.em.com.br\/emfoco\/?s={search_term_string}"},"query-input":{"@type":"PropertyValueSpecification","valueRequired":true,"valueName":"search_term_string"}}],"inLanguage":"pt-BR"},{"@type":"Person","@id":"https:\/\/www.em.com.br\/emfoco\/#\/schema\/person\/60eda09c1fedf0d6891f4cef4b60b8b8","name":"Andre\u0301 Rangel\u00a0","image":{"@type":"ImageObject","inLanguage":"pt-BR","@id":"https:\/\/www.em.com.br\/emfoco\/#\/schema\/person\/image\/","url":"https:\/\/secure.gravatar.com\/avatar\/6234dc814c77c8ef6d8bba622c787efc?s=96&d=mm&r=g","contentUrl":"https:\/\/secure.gravatar.com\/avatar\/6234dc814c77c8ef6d8bba622c787efc?s=96&d=mm&r=g","caption":"Andre\u0301 Rangel\u00a0"},"url":"https:\/\/www.em.com.br\/emfoco\/author\/luizmyth\/"}]}},"_links":{"self":[{"href":"https:\/\/www.em.com.br\/emfoco\/wp-json\/wp\/v2\/posts\/177129","targetHints":{"allow":["GET"]}}],"collection":[{"href":"https:\/\/www.em.com.br\/emfoco\/wp-json\/wp\/v2\/posts"}],"about":[{"href":"https:\/\/www.em.com.br\/emfoco\/wp-json\/wp\/v2\/types\/post"}],"author":[{"embeddable":true,"href":"https:\/\/www.em.com.br\/emfoco\/wp-json\/wp\/v2\/users\/11"}],"replies":[{"embeddable":true,"href":"https:\/\/www.em.com.br\/emfoco\/wp-json\/wp\/v2\/comments?post=177129"}],"version-history":[{"count":3,"href":"https:\/\/www.em.com.br\/emfoco\/wp-json\/wp\/v2\/posts\/177129\/revisions"}],"predecessor-version":[{"id":178991,"href":"https:\/\/www.em.com.br\/emfoco\/wp-json\/wp\/v2\/posts\/177129\/revisions\/178991"}],"wp:featuredmedia":[{"embeddable":true,"href":"https:\/\/www.em.com.br\/emfoco\/wp-json\/wp\/v2\/media\/178983"}],"wp:attachment":[{"href":"https:\/\/www.em.com.br\/emfoco\/wp-json\/wp\/v2\/media?parent=177129"}],"wp:term":[{"taxonomy":"category","embeddable":true,"href":"https:\/\/www.em.com.br\/emfoco\/wp-json\/wp\/v2\/categories?post=177129"},{"taxonomy":"post_tag","embeddable":true,"href":"https:\/\/www.em.com.br\/emfoco\/wp-json\/wp\/v2\/tags?post=177129"}],"curies":[{"name":"wp","href":"https:\/\/api.w.org\/{rel}","templated":true}]}}