{"id":177127,"date":"2026-03-12T08:30:00","date_gmt":"2026-03-12T11:30:00","guid":{"rendered":"https:\/\/www.em.com.br\/emfoco\/?p=177127"},"modified":"2026-03-11T22:33:41","modified_gmt":"2026-03-12T01:33:41","slug":"nem-curto-nem-comprido-o-corte-de-cabelo-que-promete-dominar-os-saloes-em-2026","status":"publish","type":"post","link":"https:\/\/www.em.com.br\/emfoco\/2026\/03\/12\/nem-curto-nem-comprido-o-corte-de-cabelo-que-promete-dominar-os-saloes-em-2026\/","title":{"rendered":"Nem curto nem comprido: o corte de cabelo que promete dominar os sal\u00f5es em 2026"},"content":{"rendered":"\n<p>Entre as tend\u00eancias de beleza previstas para 2026, um corte de cabelo em particular tem chamado aten\u00e7\u00e3o nos sal\u00f5es e nas buscas online: o&nbsp;<strong>bob japon\u00eas<\/strong>. Minimalista, geom\u00e9trico e superplanejado, esse estilo conquista quem busca um visual limpo, sofisticado, com movimento controlado e acabamento preciso, sem depender de penteados elaborados ou longas rotinas de styling.<\/p>\n\n\n\n<h2 class=\"wp-block-heading\">O que \u00e9 o bob japon\u00eas e como reconhecer esse corte<\/h2>\n\n\n\n<p>O&nbsp;<strong>bob japon\u00eas<\/strong>, tamb\u00e9m chamado de \u201ccorte reto japon\u00eas\u201d, \u00e9 um tipo de bob que prioriza a forma acima de qualquer outro elemento. A base \u00e9 reta, com acabamento alinhado, e o comprimento fica entre a mand\u00edbula e a clav\u00edcula, valorizando&nbsp;<strong>simetria<\/strong>&nbsp;e&nbsp;<strong>equil\u00edbrio visual<\/strong>, sem camadas aparentes.<\/p>\n\n\n\n<p>Diferente de bobs mais texturizados, esse estilo n\u00e3o depende de ondas ou muitos finalizadores para criar movimento. O pr\u00f3prio desenho do corte garante fluidez calculada mecha a mecha, resultando em um visual minimalista, com volume controlado e linhas limpas que se mant\u00eam mesmo com pouco esfor\u00e7o di\u00e1rio.<\/p>\n\n\n\n<iframe loading=\"lazy\" src=\"https:\/\/assets.pinterest.com\/ext\/embed.html?id=70437491088779\" height=\"715\" width=\"345\" frameborder=\"0\" scrolling=\"no\" ><\/iframe>\n\n\n\n<h2 class=\"wp-block-heading\">Para quem o corte bob japon\u00eas \u00e9 mais indicado<\/h2>\n\n\n\n<p>O&nbsp;<strong>corte bob japon\u00eas<\/strong>&nbsp;funciona especialmente bem em cabelos lisos ou levemente ondulados, onde a base reta se destaca com mais clareza. Em fios muito cacheados ou crespos, o conceito pode ser adaptado, mas a leitura visual muda, j\u00e1 que a textura interfere na percep\u00e7\u00e3o da linha retil\u00ednea.<\/p>\n\n\n\n<p>Por ser um corte de forma bem definida e pouco volume lateral, ele combina com quem gosta de cabelo sempre \u201cno lugar\u201d e aceita uma rotina de sal\u00e3o mais frequente. A manuten\u00e7\u00e3o ideal costuma ser a cada seis a oito semanas, para preservar o equil\u00edbrio do comprimento e o desenho original do bob.<\/p>\n\n\n\n<iframe loading=\"lazy\" src=\"https:\/\/assets.pinterest.com\/ext\/embed.html?id=70437488506748\" height=\"714\" width=\"345\" frameborder=\"0\" scrolling=\"no\" ><\/iframe>\n\n\n\n<h2 class=\"wp-block-heading\">Por que o bob japon\u00eas deve ser tend\u00eancia forte em 2026<\/h2>\n\n\n\n<p>A proje\u00e7\u00e3o de que o&nbsp;<strong>bob japon\u00eas ser\u00e1 tend\u00eancia em 2026<\/strong>&nbsp;acompanha o movimento de valoriza\u00e7\u00e3o de cortes t\u00e9cnicos: visuais aparentemente simples, mas de constru\u00e7\u00e3o sofisticada. Ap\u00f3s anos de looks bagun\u00e7ados e camadas marcadas, cresce o interesse por estilos que expressem organiza\u00e7\u00e3o, intencionalidade e leveza.<\/p>\n\n\n\n<p>Outra raz\u00e3o \u00e9 a busca por praticidade no dia a dia, sem abrir m\u00e3o de um ar polido. Para resumir os principais motivos que tornam o bob japon\u00eas t\u00e3o promissor, vale destacar alguns pontos que aparecem com frequ\u00eancia em pesquisas de consumo e relatos de profissionais:<\/p>\n\n\n\n<ul class=\"wp-block-list\">\n<li><strong>Visual vers\u00e1til:<\/strong>&nbsp;transita bem entre ambientes formais e informais.<\/li>\n\n\n\n<li><strong>Facilidade de finaliza\u00e7\u00e3o:<\/strong>&nbsp;muitas vezes basta uma secagem simples.<\/li>\n\n\n\n<li><strong>Est\u00e9tica minimalista:<\/strong>&nbsp;ideal para quem prefere looks discretos, por\u00e9m marcantes.<\/li>\n\n\n\n<li><strong>Adapta\u00e7\u00e3o ao rosto:<\/strong>&nbsp;ajustes sutis na altura equilibram diferentes formatos faciais.<\/li>\n<\/ul>\n\n\n\n<figure class=\"wp-block-image size-large\"><img loading=\"lazy\" decoding=\"async\" width=\"1024\" height=\"576\" src=\"https:\/\/www.em.com.br\/emfoco\/wp-content\/uploads\/2026\/03\/ChatGPT-Image-11-de-mar.-de-2026-16_23_08-1-1024x576.png\" alt=\"Bob japon\u00eas \u00e9 aposta forte para 2026\" class=\"wp-image-180380\" srcset=\"https:\/\/www.em.com.br\/emfoco\/wp-content\/uploads\/2026\/03\/ChatGPT-Image-11-de-mar.-de-2026-16_23_08-1-1024x576.png 1024w, https:\/\/www.em.com.br\/emfoco\/wp-content\/uploads\/2026\/03\/ChatGPT-Image-11-de-mar.-de-2026-16_23_08-1-300x169.png 300w, https:\/\/www.em.com.br\/emfoco\/wp-content\/uploads\/2026\/03\/ChatGPT-Image-11-de-mar.-de-2026-16_23_08-1-768x432.png 768w, https:\/\/www.em.com.br\/emfoco\/wp-content\/uploads\/2026\/03\/ChatGPT-Image-11-de-mar.-de-2026-16_23_08-1-750x422.png 750w, https:\/\/www.em.com.br\/emfoco\/wp-content\/uploads\/2026\/03\/ChatGPT-Image-11-de-mar.-de-2026-16_23_08-1-1140x641.png 1140w, https:\/\/www.em.com.br\/emfoco\/wp-content\/uploads\/2026\/03\/ChatGPT-Image-11-de-mar.-de-2026-16_23_08-1.png 1280w\" sizes=\"auto, (max-width: 1024px) 100vw, 1024px\" \/><figcaption class=\"wp-element-caption\">Bob japon\u00eas \u00e9 aposta forte para 2026<\/figcaption><\/figure>\n\n\n\n<h2 class=\"wp-block-heading\">Como cuidar do corte bob japon\u00eas no dia a dia<\/h2>\n\n\n\n<p>Manter o&nbsp;<strong>bob japon\u00eas<\/strong>&nbsp;bonito exige cuidados simples, mas consistentes, principalmente com hidrata\u00e7\u00e3o e alinhamento dos fios. Produtos leves ajudam a garantir brilho e caimento natural, evitando o aspecto pesado ou chapado que pode comprometer a linha reta do corte.<\/p>\n\n\n\n<p>Ferramentas de calor podem ser usadas com modera\u00e7\u00e3o, apenas para polir a base ou alinhar discretamente as pontas. Em casa, uma rotina b\u00e1sica de limpeza, nutri\u00e7\u00e3o moderada, prote\u00e7\u00e3o t\u00e9rmica e solar j\u00e1 \u00e9 suficiente para preservar o visual preciso e polido por mais semanas.<\/p>\n\n\n\n<h2 class=\"wp-block-heading\">O bob japon\u00eas combina com diferentes estilos e vale a aposta agora<\/h2>\n\n\n\n<p>Apesar da apar\u00eancia minimalista, o&nbsp;<strong>bob japon\u00eas<\/strong>&nbsp;dialoga bem com estilos variados: em ambientes corporativos refor\u00e7a uma imagem organizada, enquanto em contextos criativos ganha personalidade com franjas retas, cores s\u00f3lidas ou colora\u00e7\u00f5es ousadas. \u00c9 um corte que pode parecer cl\u00e1ssico ou ultra contempor\u00e2neo, dependendo apenas de como \u00e9 combinado com maquiagem, roupas e acess\u00f3rios.<\/p>\n\n\n\n<p>Se voc\u00ea busca um visual preciso, atual e pr\u00e1tico para 2026, considerar o bob japon\u00eas agora pode ser o seu diferencial. Converse com seu cabeleireiro de confian\u00e7a, avalie seu tipo de fio e agende ainda hoje um teste de comprimento: essa pode ser a mudan\u00e7a marcante que faltava para transformar sua imagem com inten\u00e7\u00e3o e urg\u00eancia.<\/p>\n","protected":false},"excerpt":{"rendered":"<p>Entre as tend\u00eancias de beleza previstas para 2026, um corte de cabelo em particular tem chamado aten\u00e7\u00e3o nos sal\u00f5es e nas buscas online: o&nbsp;bob japon\u00eas. Minimalista, geom\u00e9trico e superplanejado, esse estilo conquista quem busca um visual limpo, sofisticado, com movimento controlado e acabamento preciso, sem depender de penteados elaborados ou longas rotinas de styling. O [&hellip;]<\/p>\n","protected":false},"author":11,"featured_media":180378,"comment_status":"open","ping_status":"open","sticky":false,"template":"","format":"standard","meta":{"jnews-multi-image_gallery":[],"jnews_single_post":{"format":"standard"},"jnews_primary_category":[],"jnews_social_meta":[],"jnews_override_counter":[],"footnotes":""},"categories":[8819,1],"tags":[2616,24907,5257,4906,1920],"class_list":["post-177127","post","type-post","status-publish","format-standard","has-post-thumbnail","hentry","category-curiosidades","category-noticias","tag-beleza","tag-bob-japones","tag-corte","tag-corte-de-cabelo","tag-tendencia"],"yoast_head":"<!-- This site is optimized with the Yoast SEO plugin v23.8 - https:\/\/yoast.com\/wordpress\/plugins\/seo\/ -->\n<title>Nem curto nem comprido: o corte de cabelo que promete dominar os sal\u00f5es em 2026 - Estado de Minas - Em foco<\/title>\n<meta name=\"description\" content=\"Minimalista e elegante, o bob japon\u00eas promete ser um dos cortes mais buscados nos sal\u00f5es.\" \/>\n<meta name=\"robots\" content=\"index, follow, max-snippet:-1, max-image-preview:large, max-video-preview:-1\" \/>\n<link rel=\"canonical\" href=\"https:\/\/www.em.com.br\/emfoco\/2026\/03\/12\/nem-curto-nem-comprido-o-corte-de-cabelo-que-promete-dominar-os-saloes-em-2026\/\" \/>\n<meta property=\"og:locale\" content=\"pt_BR\" \/>\n<meta property=\"og:type\" content=\"article\" \/>\n<meta property=\"og:title\" content=\"Nem curto nem comprido: o corte de cabelo que promete dominar os sal\u00f5es em 2026 - Estado de Minas - Em foco\" \/>\n<meta property=\"og:description\" content=\"Minimalista e elegante, o bob japon\u00eas promete ser um dos cortes mais buscados nos sal\u00f5es.\" \/>\n<meta property=\"og:url\" content=\"https:\/\/www.em.com.br\/emfoco\/2026\/03\/12\/nem-curto-nem-comprido-o-corte-de-cabelo-que-promete-dominar-os-saloes-em-2026\/\" \/>\n<meta property=\"og:site_name\" content=\"Estado de Minas - Em foco\" \/>\n<meta property=\"article:published_time\" content=\"2026-03-12T11:30:00+00:00\" \/>\n<meta property=\"article:modified_time\" content=\"2026-03-12T01:33:41+00:00\" \/>\n<meta property=\"og:image\" content=\"https:\/\/www.em.com.br\/emfoco\/wp-content\/uploads\/2026\/03\/Gemini_Generated_Image_2cn0fo2cn0fo2cn0-1.png\" \/>\n\t<meta property=\"og:image:width\" content=\"1280\" \/>\n\t<meta property=\"og:image:height\" content=\"720\" \/>\n\t<meta property=\"og:image:type\" content=\"image\/png\" \/>\n<meta name=\"author\" content=\"Andre\u0301 Rangel\u00a0\" \/>\n<meta name=\"twitter:card\" content=\"summary_large_image\" \/>\n<meta name=\"twitter:label1\" content=\"Escrito por\" \/>\n\t<meta name=\"twitter:data1\" content=\"Andre\u0301 Rangel\u00a0\" \/>\n\t<meta name=\"twitter:label2\" content=\"Est. tempo de leitura\" \/>\n\t<meta name=\"twitter:data2\" content=\"4 minutos\" \/>\n<!-- \/ Yoast SEO plugin. -->","yoast_head_json":{"title":"Nem curto nem comprido: o corte de cabelo que promete dominar os sal\u00f5es em 2026 - Estado de Minas - Em foco","description":"Minimalista e elegante, o bob japon\u00eas promete ser um dos cortes mais buscados nos sal\u00f5es.","robots":{"index":"index","follow":"follow","max-snippet":"max-snippet:-1","max-image-preview":"max-image-preview:large","max-video-preview":"max-video-preview:-1"},"canonical":"https:\/\/www.em.com.br\/emfoco\/2026\/03\/12\/nem-curto-nem-comprido-o-corte-de-cabelo-que-promete-dominar-os-saloes-em-2026\/","og_locale":"pt_BR","og_type":"article","og_title":"Nem curto nem comprido: o corte de cabelo que promete dominar os sal\u00f5es em 2026 - Estado de Minas - Em foco","og_description":"Minimalista e elegante, o bob japon\u00eas promete ser um dos cortes mais buscados nos sal\u00f5es.","og_url":"https:\/\/www.em.com.br\/emfoco\/2026\/03\/12\/nem-curto-nem-comprido-o-corte-de-cabelo-que-promete-dominar-os-saloes-em-2026\/","og_site_name":"Estado de Minas - Em foco","article_published_time":"2026-03-12T11:30:00+00:00","article_modified_time":"2026-03-12T01:33:41+00:00","og_image":[{"width":1280,"height":720,"url":"https:\/\/www.em.com.br\/emfoco\/wp-content\/uploads\/2026\/03\/Gemini_Generated_Image_2cn0fo2cn0fo2cn0-1.png","type":"image\/png"}],"author":"Andre\u0301 Rangel\u00a0","twitter_card":"summary_large_image","twitter_misc":{"Escrito por":"Andre\u0301 Rangel\u00a0","Est. tempo de leitura":"4 minutos"},"schema":{"@context":"https:\/\/schema.org","@graph":[{"@type":"WebPage","@id":"https:\/\/www.em.com.br\/emfoco\/2026\/03\/12\/nem-curto-nem-comprido-o-corte-de-cabelo-que-promete-dominar-os-saloes-em-2026\/","url":"https:\/\/www.em.com.br\/emfoco\/2026\/03\/12\/nem-curto-nem-comprido-o-corte-de-cabelo-que-promete-dominar-os-saloes-em-2026\/","name":"Nem curto nem comprido: o corte de cabelo que promete dominar os sal\u00f5es em 2026 - Estado de Minas - Em foco","isPartOf":{"@id":"https:\/\/www.em.com.br\/emfoco\/#website"},"primaryImageOfPage":{"@id":"https:\/\/www.em.com.br\/emfoco\/2026\/03\/12\/nem-curto-nem-comprido-o-corte-de-cabelo-que-promete-dominar-os-saloes-em-2026\/#primaryimage"},"image":{"@id":"https:\/\/www.em.com.br\/emfoco\/2026\/03\/12\/nem-curto-nem-comprido-o-corte-de-cabelo-que-promete-dominar-os-saloes-em-2026\/#primaryimage"},"thumbnailUrl":"https:\/\/www.em.com.br\/emfoco\/wp-content\/uploads\/2026\/03\/Gemini_Generated_Image_2cn0fo2cn0fo2cn0-1.png","datePublished":"2026-03-12T11:30:00+00:00","dateModified":"2026-03-12T01:33:41+00:00","author":{"@id":"https:\/\/www.em.com.br\/emfoco\/#\/schema\/person\/60eda09c1fedf0d6891f4cef4b60b8b8"},"description":"Minimalista e elegante, o bob japon\u00eas promete ser um dos cortes mais buscados nos sal\u00f5es.","breadcrumb":{"@id":"https:\/\/www.em.com.br\/emfoco\/2026\/03\/12\/nem-curto-nem-comprido-o-corte-de-cabelo-que-promete-dominar-os-saloes-em-2026\/#breadcrumb"},"inLanguage":"pt-BR","potentialAction":[{"@type":"ReadAction","target":["https:\/\/www.em.com.br\/emfoco\/2026\/03\/12\/nem-curto-nem-comprido-o-corte-de-cabelo-que-promete-dominar-os-saloes-em-2026\/"]}]},{"@type":"ImageObject","inLanguage":"pt-BR","@id":"https:\/\/www.em.com.br\/emfoco\/2026\/03\/12\/nem-curto-nem-comprido-o-corte-de-cabelo-que-promete-dominar-os-saloes-em-2026\/#primaryimage","url":"https:\/\/www.em.com.br\/emfoco\/wp-content\/uploads\/2026\/03\/Gemini_Generated_Image_2cn0fo2cn0fo2cn0-1.png","contentUrl":"https:\/\/www.em.com.br\/emfoco\/wp-content\/uploads\/2026\/03\/Gemini_Generated_Image_2cn0fo2cn0fo2cn0-1.png","width":1280,"height":720,"caption":"Corte Shaggy Moderno utiliza camadas estrat\u00e9gicas para conferir movimento e volume aos fios"},{"@type":"BreadcrumbList","@id":"https:\/\/www.em.com.br\/emfoco\/2026\/03\/12\/nem-curto-nem-comprido-o-corte-de-cabelo-que-promete-dominar-os-saloes-em-2026\/#breadcrumb","itemListElement":[{"@type":"ListItem","position":1,"name":"In\u00edcio","item":"https:\/\/www.em.com.br\/emfoco\/"},{"@type":"ListItem","position":2,"name":"Nem curto nem comprido: o corte de cabelo que promete dominar os sal\u00f5es em 2026"}]},{"@type":"WebSite","@id":"https:\/\/www.em.com.br\/emfoco\/#website","url":"https:\/\/www.em.com.br\/emfoco\/","name":"Estado de Minas - Em foco","description":"Acompanhe as \u00faltimas not\u00edcias e fique bem informado sobre tudo o que acontece em Minas Gerais, Brasil e no mundo.","potentialAction":[{"@type":"SearchAction","target":{"@type":"EntryPoint","urlTemplate":"https:\/\/www.em.com.br\/emfoco\/?s={search_term_string}"},"query-input":{"@type":"PropertyValueSpecification","valueRequired":true,"valueName":"search_term_string"}}],"inLanguage":"pt-BR"},{"@type":"Person","@id":"https:\/\/www.em.com.br\/emfoco\/#\/schema\/person\/60eda09c1fedf0d6891f4cef4b60b8b8","name":"Andre\u0301 Rangel\u00a0","image":{"@type":"ImageObject","inLanguage":"pt-BR","@id":"https:\/\/www.em.com.br\/emfoco\/#\/schema\/person\/image\/","url":"https:\/\/secure.gravatar.com\/avatar\/6234dc814c77c8ef6d8bba622c787efc?s=96&d=mm&r=g","contentUrl":"https:\/\/secure.gravatar.com\/avatar\/6234dc814c77c8ef6d8bba622c787efc?s=96&d=mm&r=g","caption":"Andre\u0301 Rangel\u00a0"},"url":"https:\/\/www.em.com.br\/emfoco\/author\/luizmyth\/"}]}},"_links":{"self":[{"href":"https:\/\/www.em.com.br\/emfoco\/wp-json\/wp\/v2\/posts\/177127","targetHints":{"allow":["GET"]}}],"collection":[{"href":"https:\/\/www.em.com.br\/emfoco\/wp-json\/wp\/v2\/posts"}],"about":[{"href":"https:\/\/www.em.com.br\/emfoco\/wp-json\/wp\/v2\/types\/post"}],"author":[{"embeddable":true,"href":"https:\/\/www.em.com.br\/emfoco\/wp-json\/wp\/v2\/users\/11"}],"replies":[{"embeddable":true,"href":"https:\/\/www.em.com.br\/emfoco\/wp-json\/wp\/v2\/comments?post=177127"}],"version-history":[{"count":3,"href":"https:\/\/www.em.com.br\/emfoco\/wp-json\/wp\/v2\/posts\/177127\/revisions"}],"predecessor-version":[{"id":180381,"href":"https:\/\/www.em.com.br\/emfoco\/wp-json\/wp\/v2\/posts\/177127\/revisions\/180381"}],"wp:featuredmedia":[{"embeddable":true,"href":"https:\/\/www.em.com.br\/emfoco\/wp-json\/wp\/v2\/media\/180378"}],"wp:attachment":[{"href":"https:\/\/www.em.com.br\/emfoco\/wp-json\/wp\/v2\/media?parent=177127"}],"wp:term":[{"taxonomy":"category","embeddable":true,"href":"https:\/\/www.em.com.br\/emfoco\/wp-json\/wp\/v2\/categories?post=177127"},{"taxonomy":"post_tag","embeddable":true,"href":"https:\/\/www.em.com.br\/emfoco\/wp-json\/wp\/v2\/tags?post=177127"}],"curies":[{"name":"wp","href":"https:\/\/api.w.org\/{rel}","templated":true}]}}