{"id":177078,"date":"2026-03-08T06:05:00","date_gmt":"2026-03-08T09:05:00","guid":{"rendered":"https:\/\/www.em.com.br\/emfoco\/?p=177078"},"modified":"2026-03-07T21:45:01","modified_gmt":"2026-03-08T00:45:01","slug":"novos-equipamentos-serao-obrigatorios-em-carros-a-partir-de-julho-nenhum-veiculo-podera-circular-sem-eles","status":"publish","type":"post","link":"https:\/\/www.em.com.br\/emfoco\/2026\/03\/08\/novos-equipamentos-serao-obrigatorios-em-carros-a-partir-de-julho-nenhum-veiculo-podera-circular-sem-eles\/","title":{"rendered":"Novos equipamentos ser\u00e3o obrigat\u00f3rios em carros a partir de julho, nenhum ve\u00edculo poder\u00e1 circular sem eles"},"content":{"rendered":"\n<p>As exig\u00eancias de seguran\u00e7a para ve\u00edculos est\u00e3o passando por mudan\u00e7as importantes tanto na <strong>Europa <\/strong>quanto no <strong>Brasil<\/strong>, com impacto direto sobre carros, motos leves e equipamentos el\u00e9tricos nas ruas. A partir de 2026, novas tecnologias e regras se tornam indispens\u00e1veis para reduzir acidentes, organizar o tr\u00e2nsito e enquadrar ciclomotores e ve\u00edculos el\u00e9tricos leves em padr\u00f5es mais r\u00edgidos de registro, fiscaliza\u00e7\u00e3o e prote\u00e7\u00e3o aos usu\u00e1rios.<\/p>\n\n\n\n<h2 class=\"wp-block-heading\">Quais ser\u00e3o os novos equipamentos obrigat\u00f3rios em carros na Europa<\/h2>\n\n\n\n<p>Na <strong>Uni\u00e3o Europeia<\/strong>, a partir de 7 de julho de 2026, todos os carros novos que forem emplacados precisar\u00e3o ter um <strong>sistema de frenagem de emerg\u00eancia ativa<\/strong>, que monitora o tr\u00e1fego \u00e0 frente e aciona automaticamente os freios quando detecta risco iminente de colis\u00e3o.<\/p>\n\n\n\n<p>Outro item que ganha destaque \u00e9 a luz de freio adaptativa, que em frenagens bruscas passa a piscar ou aumentar de intensidade para chamar a aten\u00e7\u00e3o de quem vem atr\u00e1s. Essas exig\u00eancias fazem parte de um pacote mais amplo de seguran\u00e7a ativa, voltado principalmente a evitar que o acidente aconte\u00e7a, renovando gradualmente a frota com tecnologias mais modernas.<\/p>\n\n\n\n<figure class=\"wp-block-image size-large\"><img loading=\"lazy\" decoding=\"async\" width=\"1024\" height=\"576\" src=\"https:\/\/www.em.com.br\/emfoco\/wp-content\/uploads\/2026\/03\/Gemini_Generated_Image_qo7yisqo7yisqo7y-1-1024x576.png\" alt=\"Novos equipamentos obrigat\u00f3rios mudam carros em 2026\" class=\"wp-image-178948\" srcset=\"https:\/\/www.em.com.br\/emfoco\/wp-content\/uploads\/2026\/03\/Gemini_Generated_Image_qo7yisqo7yisqo7y-1-1024x576.png 1024w, https:\/\/www.em.com.br\/emfoco\/wp-content\/uploads\/2026\/03\/Gemini_Generated_Image_qo7yisqo7yisqo7y-1-300x169.png 300w, https:\/\/www.em.com.br\/emfoco\/wp-content\/uploads\/2026\/03\/Gemini_Generated_Image_qo7yisqo7yisqo7y-1-768x432.png 768w, https:\/\/www.em.com.br\/emfoco\/wp-content\/uploads\/2026\/03\/Gemini_Generated_Image_qo7yisqo7yisqo7y-1-750x422.png 750w, https:\/\/www.em.com.br\/emfoco\/wp-content\/uploads\/2026\/03\/Gemini_Generated_Image_qo7yisqo7yisqo7y-1-1140x641.png 1140w, https:\/\/www.em.com.br\/emfoco\/wp-content\/uploads\/2026\/03\/Gemini_Generated_Image_qo7yisqo7yisqo7y-1.png 1280w\" sizes=\"auto, (max-width: 1024px) 100vw, 1024px\" \/><figcaption class=\"wp-element-caption\">Novos equipamentos obrigat\u00f3rios mudam carros em 2026<\/figcaption><\/figure>\n\n\n\n<h2 class=\"wp-block-heading\">Quais s\u00e3o os equipamentos obrigat\u00f3rios para ve\u00edculos no Brasil em 2026<\/h2>\n\n\n\n<p>No <strong>Brasil<\/strong>, as mudan\u00e7as para 2026 refor\u00e7am a seguran\u00e7a com foco dividido entre <a href=\"https:\/\/www.em.com.br\/emfoco\/2026\/02\/28\/sem-carro-por-um-ano-falhas-simples-podem-gerar-multa-e-ate-retencao-do-veiculo\/\" target=\"_blank\" rel=\"noreferrer noopener\">carros<\/a>, ciclomotores e ve\u00edculos el\u00e9tricos leves. Entre os autom\u00f3veis, a partir dos modelos fabricados em 2024 e j\u00e1 consolidados na frota at\u00e9 2026, sistemas de prote\u00e7\u00e3o passam a integrar a lista de equipamentos obrigat\u00f3rios para ve\u00edculos.<\/p>\n\n\n\n<p>Essas tecnologias ajudam a manter o controle do carro, melhoram a visibilidade e refor\u00e7am a aten\u00e7\u00e3o ao uso do cinto por todos os ocupantes. Em paralelo, a regulariza\u00e7\u00e3o de ciclomotores e el\u00e9tricos busca aproximar a legisla\u00e7\u00e3o brasileira das tend\u00eancias internacionais de seguran\u00e7a vi\u00e1ria e de organiza\u00e7\u00e3o do tr\u00e2nsito.<\/p>\n\n\n\n<h2 class=\"wp-block-heading\">O que muda para ciclomotores e ve\u00edculos el\u00e9tricos leves em 2026<\/h2>\n\n\n\n<p>Uma das altera\u00e7\u00f5es mais relevantes diz respeito aos <a href=\"https:\/\/99app.com\/blog\/motorista\/o-que-e-ciclomotor-entenda-a-diferenca-para-moto\/\" target=\"_blank\" rel=\"noreferrer noopener\">ciclomotores<\/a>, as conhecidas \u201ccinquentinhas\u201d, que precisar\u00e3o estar plenamente regularizados a partir de 1\u00ba de janeiro de 2026. Isso inclui n\u00e3o apenas boas condi\u00e7\u00f5es mec\u00e2nicas, mas o cumprimento de um conjunto de requisitos legais para circular sem risco de autua\u00e7\u00f5es.<\/p>\n\n\n\n<p>Entre as exig\u00eancias definidas est\u00e3o obriga\u00e7\u00f5es de documenta\u00e7\u00e3o, habilita\u00e7\u00e3o do condutor, uso de EPIs e presen\u00e7a de itens m\u00ednimos no ve\u00edculo:<\/p>\n\n\n\n<ul class=\"wp-block-list\">\n<li><strong>Registro e emplacamento<\/strong>&nbsp;de todos os ciclomotores, independentemente do ano de fabrica\u00e7\u00e3o.<\/li>\n\n\n\n<li><strong>Habilita\u00e7\u00e3o<\/strong>&nbsp;na categoria A ou Autoriza\u00e7\u00e3o para Conduzir Ciclomotores (ACC).<\/li>\n\n\n\n<li><strong>Uso de capacete motocicl\u00edstico<\/strong>&nbsp;e vestu\u00e1rio adequado como equipamentos de prote\u00e7\u00e3o individual.<\/li>\n\n\n\n<li><strong>Itens obrigat\u00f3rios no ve\u00edculo<\/strong>: espelhos retrovisores dos dois lados, farol dianteiro branco ou amarelo, lanterna traseira vermelha, veloc\u00edmetro, buzina e pneus em boas condi\u00e7\u00f5es.<\/li>\n<\/ul>\n\n\n\n<figure class=\"wp-block-image size-large\"><img loading=\"lazy\" decoding=\"async\" width=\"1024\" height=\"576\" src=\"https:\/\/www.em.com.br\/emfoco\/wp-content\/uploads\/2026\/02\/ChatGPT-Image-28-de-fev.-de-2026-00_14_51-1-1024x576.png\" alt=\"Seu ve\u00edculo pode ser retido se falhar na inspe\u00e7\u00e3o\" class=\"wp-image-175620\" srcset=\"https:\/\/www.em.com.br\/emfoco\/wp-content\/uploads\/2026\/02\/ChatGPT-Image-28-de-fev.-de-2026-00_14_51-1-1024x576.png 1024w, https:\/\/www.em.com.br\/emfoco\/wp-content\/uploads\/2026\/02\/ChatGPT-Image-28-de-fev.-de-2026-00_14_51-1-300x169.png 300w, https:\/\/www.em.com.br\/emfoco\/wp-content\/uploads\/2026\/02\/ChatGPT-Image-28-de-fev.-de-2026-00_14_51-1-768x432.png 768w, https:\/\/www.em.com.br\/emfoco\/wp-content\/uploads\/2026\/02\/ChatGPT-Image-28-de-fev.-de-2026-00_14_51-1-750x422.png 750w, https:\/\/www.em.com.br\/emfoco\/wp-content\/uploads\/2026\/02\/ChatGPT-Image-28-de-fev.-de-2026-00_14_51-1-1140x641.png 1140w, https:\/\/www.em.com.br\/emfoco\/wp-content\/uploads\/2026\/02\/ChatGPT-Image-28-de-fev.-de-2026-00_14_51-1.png 1280w\" sizes=\"auto, (max-width: 1024px) 100vw, 1024px\" \/><figcaption class=\"wp-element-caption\">Seu ve\u00edculo pode ser retido se falhar na inspe\u00e7\u00e3o<\/figcaption><\/figure>\n\n\n\n<h2 class=\"wp-block-heading\">Quais s\u00e3o as regras para bicicletas el\u00e9tricas e equipamentos autopropelidos<\/h2>\n\n\n\n<p>No caso das bicicletas el\u00e9tricas, a legisla\u00e7\u00e3o brasileira n\u00e3o exige placa nem habilita\u00e7\u00e3o, mas determina equipamentos m\u00ednimos para circula\u00e7\u00e3o segura. O objetivo \u00e9 garantir conviv\u00eancia mais harmoniosa com pedestres, ciclistas e ve\u00edculos motorizados em vias compartilhadas.<\/p>\n\n\n\n<p>Essas bicicletas devem contar com sistema de pedal assistido para o motor complementar o esfor\u00e7o do ciclista, campainha para alerta sonoro, sinaliza\u00e7\u00e3o noturna dianteira, traseira e lateral, al\u00e9m de espelho retrovisor esquerdo. J\u00e1 equipamentos autopropelidos, como patinetes e skates motorizados, precisam de indicador de velocidade e sinaliza\u00e7\u00e3o sonora, ajudando a controlar a condu\u00e7\u00e3o e alertar pedestres em ciclovias e cal\u00e7adas compartilhadas.<\/p>\n\n\n\n<h2 class=\"wp-block-heading\">Como essas exig\u00eancias impactam o tr\u00e2nsito e exigem a\u00e7\u00e3o imediata dos condutores<\/h2>\n\n\n\n<p>A amplia\u00e7\u00e3o da lista de equipamentos obrigat\u00f3rios para ve\u00edculos na Europa e no Brasil tende a modificar gradualmente o perfil da frota e o comportamento de quem dirige ou pilota. Sistemas como frenagem de emerg\u00eancia, controle de estabilidade, alertas de cinto e a regulariza\u00e7\u00e3o de ciclomotores e el\u00e9tricos apontam para um tr\u00e2nsito mais seguro, mas tamb\u00e9m mais rigoroso na fiscaliza\u00e7\u00e3o.<\/p>\n\n\n\n<p>Agora \u00e9 o momento de agir: revise a documenta\u00e7\u00e3o, cheque se seu ve\u00edculo ou ciclomotor atende \u00e0s novas exig\u00eancias e planeje poss\u00edveis adapta\u00e7\u00f5es antes de 2026. Adiar essa adequa\u00e7\u00e3o pode significar multas, apreens\u00e3o do ve\u00edculo e, principalmente, maior risco de acidentes que poderiam ser evitados com tecnologia e equipamentos de seguran\u00e7a atualizados.<\/p>\n","protected":false},"excerpt":{"rendered":"<p>As exig\u00eancias de seguran\u00e7a para ve\u00edculos est\u00e3o passando por mudan\u00e7as importantes tanto na Europa quanto no Brasil, com impacto direto sobre carros, motos leves e equipamentos el\u00e9tricos nas ruas. A partir de 2026, novas tecnologias e regras se tornam indispens\u00e1veis para reduzir acidentes, organizar o tr\u00e2nsito e enquadrar ciclomotores e ve\u00edculos el\u00e9tricos leves em padr\u00f5es [&hellip;]<\/p>\n","protected":false},"author":11,"featured_media":178945,"comment_status":"open","ping_status":"open","sticky":false,"template":"","format":"standard","meta":{"jnews-multi-image_gallery":[],"jnews_single_post":{"format":"standard"},"jnews_primary_category":[],"jnews_social_meta":[],"jnews_override_counter":[],"footnotes":""},"categories":[27,1],"tags":[1116,25586,8165,765,534],"class_list":["post-177078","post","type-post","status-publish","format-standard","has-post-thumbnail","hentry","category-carros","category-noticias","tag-carros","tag-equipamentos-obrigatorios","tag-novas-regras","tag-transito","tag-veiculos"],"yoast_head":"<!-- This site is optimized with the Yoast SEO plugin v23.8 - https:\/\/yoast.com\/wordpress\/plugins\/seo\/ -->\n<title>Novos equipamentos ser\u00e3o obrigat\u00f3rios em carros a partir de julho, nenhum ve\u00edculo poder\u00e1 circular sem eles - Estado de Minas - Em foco<\/title>\n<meta name=\"description\" content=\"Equipamentos obrigat\u00f3rios para ve\u00edculos mudam em 2026 na Europa e no Brasil. Veja o que ser\u00e1 exigido para carros e ciclomotores.\" \/>\n<meta name=\"robots\" content=\"index, follow, max-snippet:-1, max-image-preview:large, max-video-preview:-1\" \/>\n<link rel=\"canonical\" href=\"https:\/\/www.em.com.br\/emfoco\/2026\/03\/08\/novos-equipamentos-serao-obrigatorios-em-carros-a-partir-de-julho-nenhum-veiculo-podera-circular-sem-eles\/\" \/>\n<meta property=\"og:locale\" content=\"pt_BR\" \/>\n<meta property=\"og:type\" content=\"article\" \/>\n<meta property=\"og:title\" content=\"Novos equipamentos ser\u00e3o obrigat\u00f3rios em carros a partir de julho, nenhum ve\u00edculo poder\u00e1 circular sem eles - Estado de Minas - Em foco\" \/>\n<meta property=\"og:description\" content=\"Equipamentos obrigat\u00f3rios para ve\u00edculos mudam em 2026 na Europa e no Brasil. Veja o que ser\u00e1 exigido para carros e ciclomotores.\" \/>\n<meta property=\"og:url\" content=\"https:\/\/www.em.com.br\/emfoco\/2026\/03\/08\/novos-equipamentos-serao-obrigatorios-em-carros-a-partir-de-julho-nenhum-veiculo-podera-circular-sem-eles\/\" \/>\n<meta property=\"og:site_name\" content=\"Estado de Minas - Em foco\" \/>\n<meta property=\"article:published_time\" content=\"2026-03-08T09:05:00+00:00\" \/>\n<meta property=\"article:modified_time\" content=\"2026-03-08T00:45:01+00:00\" \/>\n<meta property=\"og:image\" content=\"https:\/\/www.em.com.br\/emfoco\/wp-content\/uploads\/2026\/03\/ChatGPT-Image-7-de-mar.-de-2026-17_06_36-1.png\" \/>\n\t<meta property=\"og:image:width\" content=\"1280\" \/>\n\t<meta property=\"og:image:height\" content=\"720\" \/>\n\t<meta property=\"og:image:type\" content=\"image\/png\" \/>\n<meta name=\"author\" content=\"Andre\u0301 Rangel\u00a0\" \/>\n<meta name=\"twitter:card\" content=\"summary_large_image\" \/>\n<meta name=\"twitter:label1\" content=\"Escrito por\" \/>\n\t<meta name=\"twitter:data1\" content=\"Andre\u0301 Rangel\u00a0\" \/>\n\t<meta name=\"twitter:label2\" content=\"Est. tempo de leitura\" \/>\n\t<meta name=\"twitter:data2\" content=\"5 minutos\" \/>\n<!-- \/ Yoast SEO plugin. -->","yoast_head_json":{"title":"Novos equipamentos ser\u00e3o obrigat\u00f3rios em carros a partir de julho, nenhum ve\u00edculo poder\u00e1 circular sem eles - Estado de Minas - Em foco","description":"Equipamentos obrigat\u00f3rios para ve\u00edculos mudam em 2026 na Europa e no Brasil. Veja o que ser\u00e1 exigido para carros e ciclomotores.","robots":{"index":"index","follow":"follow","max-snippet":"max-snippet:-1","max-image-preview":"max-image-preview:large","max-video-preview":"max-video-preview:-1"},"canonical":"https:\/\/www.em.com.br\/emfoco\/2026\/03\/08\/novos-equipamentos-serao-obrigatorios-em-carros-a-partir-de-julho-nenhum-veiculo-podera-circular-sem-eles\/","og_locale":"pt_BR","og_type":"article","og_title":"Novos equipamentos ser\u00e3o obrigat\u00f3rios em carros a partir de julho, nenhum ve\u00edculo poder\u00e1 circular sem eles - Estado de Minas - Em foco","og_description":"Equipamentos obrigat\u00f3rios para ve\u00edculos mudam em 2026 na Europa e no Brasil. Veja o que ser\u00e1 exigido para carros e ciclomotores.","og_url":"https:\/\/www.em.com.br\/emfoco\/2026\/03\/08\/novos-equipamentos-serao-obrigatorios-em-carros-a-partir-de-julho-nenhum-veiculo-podera-circular-sem-eles\/","og_site_name":"Estado de Minas - Em foco","article_published_time":"2026-03-08T09:05:00+00:00","article_modified_time":"2026-03-08T00:45:01+00:00","og_image":[{"width":1280,"height":720,"url":"https:\/\/www.em.com.br\/emfoco\/wp-content\/uploads\/2026\/03\/ChatGPT-Image-7-de-mar.-de-2026-17_06_36-1.png","type":"image\/png"}],"author":"Andre\u0301 Rangel\u00a0","twitter_card":"summary_large_image","twitter_misc":{"Escrito por":"Andre\u0301 Rangel\u00a0","Est. tempo de leitura":"5 minutos"},"schema":{"@context":"https:\/\/schema.org","@graph":[{"@type":"WebPage","@id":"https:\/\/www.em.com.br\/emfoco\/2026\/03\/08\/novos-equipamentos-serao-obrigatorios-em-carros-a-partir-de-julho-nenhum-veiculo-podera-circular-sem-eles\/","url":"https:\/\/www.em.com.br\/emfoco\/2026\/03\/08\/novos-equipamentos-serao-obrigatorios-em-carros-a-partir-de-julho-nenhum-veiculo-podera-circular-sem-eles\/","name":"Novos equipamentos ser\u00e3o obrigat\u00f3rios em carros a partir de julho, nenhum ve\u00edculo poder\u00e1 circular sem eles - Estado de Minas - Em foco","isPartOf":{"@id":"https:\/\/www.em.com.br\/emfoco\/#website"},"primaryImageOfPage":{"@id":"https:\/\/www.em.com.br\/emfoco\/2026\/03\/08\/novos-equipamentos-serao-obrigatorios-em-carros-a-partir-de-julho-nenhum-veiculo-podera-circular-sem-eles\/#primaryimage"},"image":{"@id":"https:\/\/www.em.com.br\/emfoco\/2026\/03\/08\/novos-equipamentos-serao-obrigatorios-em-carros-a-partir-de-julho-nenhum-veiculo-podera-circular-sem-eles\/#primaryimage"},"thumbnailUrl":"https:\/\/www.em.com.br\/emfoco\/wp-content\/uploads\/2026\/03\/ChatGPT-Image-7-de-mar.-de-2026-17_06_36-1.png","datePublished":"2026-03-08T09:05:00+00:00","dateModified":"2026-03-08T00:45:01+00:00","author":{"@id":"https:\/\/www.em.com.br\/emfoco\/#\/schema\/person\/60eda09c1fedf0d6891f4cef4b60b8b8"},"description":"Equipamentos obrigat\u00f3rios para ve\u00edculos mudam em 2026 na Europa e no Brasil. Veja o que ser\u00e1 exigido para carros e ciclomotores.","breadcrumb":{"@id":"https:\/\/www.em.com.br\/emfoco\/2026\/03\/08\/novos-equipamentos-serao-obrigatorios-em-carros-a-partir-de-julho-nenhum-veiculo-podera-circular-sem-eles\/#breadcrumb"},"inLanguage":"pt-BR","potentialAction":[{"@type":"ReadAction","target":["https:\/\/www.em.com.br\/emfoco\/2026\/03\/08\/novos-equipamentos-serao-obrigatorios-em-carros-a-partir-de-julho-nenhum-veiculo-podera-circular-sem-eles\/"]}]},{"@type":"ImageObject","inLanguage":"pt-BR","@id":"https:\/\/www.em.com.br\/emfoco\/2026\/03\/08\/novos-equipamentos-serao-obrigatorios-em-carros-a-partir-de-julho-nenhum-veiculo-podera-circular-sem-eles\/#primaryimage","url":"https:\/\/www.em.com.br\/emfoco\/wp-content\/uploads\/2026\/03\/ChatGPT-Image-7-de-mar.-de-2026-17_06_36-1.png","contentUrl":"https:\/\/www.em.com.br\/emfoco\/wp-content\/uploads\/2026\/03\/ChatGPT-Image-7-de-mar.-de-2026-17_06_36-1.png","width":1280,"height":720,"caption":"Novos equipamentos obrigat\u00f3rios mudam carros em 2026"},{"@type":"BreadcrumbList","@id":"https:\/\/www.em.com.br\/emfoco\/2026\/03\/08\/novos-equipamentos-serao-obrigatorios-em-carros-a-partir-de-julho-nenhum-veiculo-podera-circular-sem-eles\/#breadcrumb","itemListElement":[{"@type":"ListItem","position":1,"name":"In\u00edcio","item":"https:\/\/www.em.com.br\/emfoco\/"},{"@type":"ListItem","position":2,"name":"Novos equipamentos ser\u00e3o obrigat\u00f3rios em carros a partir de julho, nenhum ve\u00edculo poder\u00e1 circular sem eles"}]},{"@type":"WebSite","@id":"https:\/\/www.em.com.br\/emfoco\/#website","url":"https:\/\/www.em.com.br\/emfoco\/","name":"Estado de Minas - Em foco","description":"Acompanhe as \u00faltimas not\u00edcias e fique bem informado sobre tudo o que acontece em Minas Gerais, Brasil e no mundo.","potentialAction":[{"@type":"SearchAction","target":{"@type":"EntryPoint","urlTemplate":"https:\/\/www.em.com.br\/emfoco\/?s={search_term_string}"},"query-input":{"@type":"PropertyValueSpecification","valueRequired":true,"valueName":"search_term_string"}}],"inLanguage":"pt-BR"},{"@type":"Person","@id":"https:\/\/www.em.com.br\/emfoco\/#\/schema\/person\/60eda09c1fedf0d6891f4cef4b60b8b8","name":"Andre\u0301 Rangel\u00a0","image":{"@type":"ImageObject","inLanguage":"pt-BR","@id":"https:\/\/www.em.com.br\/emfoco\/#\/schema\/person\/image\/","url":"https:\/\/secure.gravatar.com\/avatar\/6234dc814c77c8ef6d8bba622c787efc?s=96&d=mm&r=g","contentUrl":"https:\/\/secure.gravatar.com\/avatar\/6234dc814c77c8ef6d8bba622c787efc?s=96&d=mm&r=g","caption":"Andre\u0301 Rangel\u00a0"},"url":"https:\/\/www.em.com.br\/emfoco\/author\/luizmyth\/"}]}},"_links":{"self":[{"href":"https:\/\/www.em.com.br\/emfoco\/wp-json\/wp\/v2\/posts\/177078","targetHints":{"allow":["GET"]}}],"collection":[{"href":"https:\/\/www.em.com.br\/emfoco\/wp-json\/wp\/v2\/posts"}],"about":[{"href":"https:\/\/www.em.com.br\/emfoco\/wp-json\/wp\/v2\/types\/post"}],"author":[{"embeddable":true,"href":"https:\/\/www.em.com.br\/emfoco\/wp-json\/wp\/v2\/users\/11"}],"replies":[{"embeddable":true,"href":"https:\/\/www.em.com.br\/emfoco\/wp-json\/wp\/v2\/comments?post=177078"}],"version-history":[{"count":4,"href":"https:\/\/www.em.com.br\/emfoco\/wp-json\/wp\/v2\/posts\/177078\/revisions"}],"predecessor-version":[{"id":179105,"href":"https:\/\/www.em.com.br\/emfoco\/wp-json\/wp\/v2\/posts\/177078\/revisions\/179105"}],"wp:featuredmedia":[{"embeddable":true,"href":"https:\/\/www.em.com.br\/emfoco\/wp-json\/wp\/v2\/media\/178945"}],"wp:attachment":[{"href":"https:\/\/www.em.com.br\/emfoco\/wp-json\/wp\/v2\/media?parent=177078"}],"wp:term":[{"taxonomy":"category","embeddable":true,"href":"https:\/\/www.em.com.br\/emfoco\/wp-json\/wp\/v2\/categories?post=177078"},{"taxonomy":"post_tag","embeddable":true,"href":"https:\/\/www.em.com.br\/emfoco\/wp-json\/wp\/v2\/tags?post=177078"}],"curies":[{"name":"wp","href":"https:\/\/api.w.org\/{rel}","templated":true}]}}