{"id":177050,"date":"2026-03-07T07:55:00","date_gmt":"2026-03-07T10:55:00","guid":{"rendered":"https:\/\/www.em.com.br\/emfoco\/?p=177050"},"modified":"2026-03-06T23:11:47","modified_gmt":"2026-03-07T02:11:47","slug":"comunicado-urgente-para-quem-coloca-o-cpf-na-nota-em-minas-gerais-agora-em-marco","status":"publish","type":"post","link":"https:\/\/www.em.com.br\/emfoco\/2026\/03\/07\/comunicado-urgente-para-quem-coloca-o-cpf-na-nota-em-minas-gerais-agora-em-marco\/","title":{"rendered":"Comunicado urgente para quem coloca o CPF na nota em Minas Gerais agora em mar\u00e7o"},"content":{"rendered":"\n<p>O comunicado urgente para quem coloca o <strong>CPF <\/strong>na nota em <strong>Minas Gerais<\/strong> est\u00e1 ligado ao aumento das a\u00e7\u00f5es do programa&nbsp;<strong>Nota Fiscal Mineira<\/strong>&nbsp;em mar\u00e7o de 2026, com novos sorteios, campanhas especiais, mais recursos para entidades sociais e um alerta forte sobre golpes digitais que est\u00e3o crescendo junto com a popularidade do programa.<\/p>\n\n\n\n<h2 class=\"wp-block-heading\">O que \u00e9 o programa Nota Fiscal Mineira em 2026 e como ele funciona?<\/h2>\n\n\n\n<p>O&nbsp;<a href=\"https:\/\/notafiscalmineira.fazenda.mg.gov.br\/\" target=\"_blank\" rel=\"noreferrer noopener\"><strong>Nota Fiscal Mineira<\/strong>&nbsp;<\/a>\u00e9 um programa do governo de Minas Gerais que incentiva o consumidor a informar o CPF na nota em compras com NFC-e ou NF-e. Ao fazer isso, o cidad\u00e3o gera bilhetes eletr\u00f4nicos que participam automaticamente de sorteios mensais de pr\u00eamios em dinheiro.<\/p>\n\n\n\n<p>Em 2026, o governo refor\u00e7ou o car\u00e1ter de cidadania fiscal do programa, usando os dados para combater a sonega\u00e7\u00e3o e tornar a arrecada\u00e7\u00e3o mais transparente. Parte dos valores sorteados tamb\u00e9m vai para entidades sociais indicadas pelos participantes no aplicativo oficial.<\/p>\n\n\n\n<figure class=\"wp-block-image size-large\"><img loading=\"lazy\" decoding=\"async\" width=\"1024\" height=\"576\" src=\"https:\/\/www.em.com.br\/emfoco\/wp-content\/uploads\/2026\/03\/ChatGPT-Image-6-de-mar.-de-2026-22_40_47-1-1024x576.png\" alt=\"CPF na Nota tudo o que voc\u00ea ganha pedindo na compra\" class=\"wp-image-178723\" srcset=\"https:\/\/www.em.com.br\/emfoco\/wp-content\/uploads\/2026\/03\/ChatGPT-Image-6-de-mar.-de-2026-22_40_47-1-1024x576.png 1024w, https:\/\/www.em.com.br\/emfoco\/wp-content\/uploads\/2026\/03\/ChatGPT-Image-6-de-mar.-de-2026-22_40_47-1-300x169.png 300w, https:\/\/www.em.com.br\/emfoco\/wp-content\/uploads\/2026\/03\/ChatGPT-Image-6-de-mar.-de-2026-22_40_47-1-768x432.png 768w, https:\/\/www.em.com.br\/emfoco\/wp-content\/uploads\/2026\/03\/ChatGPT-Image-6-de-mar.-de-2026-22_40_47-1-750x422.png 750w, https:\/\/www.em.com.br\/emfoco\/wp-content\/uploads\/2026\/03\/ChatGPT-Image-6-de-mar.-de-2026-22_40_47-1-1140x641.png 1140w, https:\/\/www.em.com.br\/emfoco\/wp-content\/uploads\/2026\/03\/ChatGPT-Image-6-de-mar.-de-2026-22_40_47-1.png 1280w\" sizes=\"auto, (max-width: 1024px) 100vw, 1024px\" \/><figcaption class=\"wp-element-caption\">CPF na Nota tudo o que voc\u00ea ganha pedindo na compra<\/figcaption><\/figure>\n\n\n\n<h2 class=\"wp-block-heading\">Quais s\u00e3o as novidades do comunicado urgente de mar\u00e7o de 2026?<\/h2>\n\n\n\n<p>O comunicado urgente informa que, em mar\u00e7o de 2026, ser\u00e3o realizados&nbsp;<strong>cinco sorteios<\/strong>, nos dias&nbsp;<strong>2, 9, 16, 23 e 30<\/strong>, com base nas compras registradas em per\u00edodos definidos no regulamento do app. O total distribu\u00eddo chega a&nbsp;<strong>R$ 486.800,00<\/strong>, somando pr\u00eamios menores e valores mais altos.<\/p>\n\n\n\n<p>Uma das principais novidades \u00e9 a campanha especial&nbsp;<strong>&#8220;Sorte no Tanque&#8221;<\/strong>, voltada a quem abastece em postos de combust\u00edveis de Minas e pede CPF na nota. Nessa a\u00e7\u00e3o, ser\u00e3o oferecidos&nbsp;<strong>dois pr\u00eamios de R$ 50 mil<\/strong>, al\u00e9m dos sorteios regulares, estimulando motoristas a exigirem nota fiscal tamb\u00e9m nesse segmento.<\/p>\n\n\n\n<h2 class=\"wp-block-heading\">Como participar corretamente dos sorteios da Nota Fiscal Mineira?<\/h2>\n\n\n\n<p>Para participar, o cidad\u00e3o precisa se cadastrar no&nbsp;<strong>aplicativo Nota Fiscal Mineira<\/strong>, informando dados b\u00e1sicos como CPF, data de nascimento e endere\u00e7o. Sem esse cadastro, as compras n\u00e3o geram bilhetes v\u00e1lidos, mesmo que o <a href=\"https:\/\/www.em.com.br\/emfoco\/2026\/03\/03\/comunicado-para-todos-que-informam-seu-cpf-ao-comprar-em-supermercados-em-2026\/\" target=\"_blank\" rel=\"noreferrer noopener\">CPF <\/a>esteja na nota no momento da compra.<\/p>\n\n\n\n<p>Depois do cadastro, \u00e9 essencial pedir o CPF na nota em supermercados, farm\u00e1cias, lojas, postos de combust\u00edveis e outros estabelecimentos de Minas Gerais. Pelo app, o participante tamb\u00e9m indica at\u00e9 tr\u00eas entidades de assist\u00eancia social, que recebem parte dos pr\u00eamios acima de R$ 500,00, fortalecendo projetos de sa\u00fade, educa\u00e7\u00e3o e acolhimento.<\/p>\n\n\n\n<h2 class=\"wp-block-heading\">Quais cuidados s\u00e3o essenciais para evitar golpes envolvendo o CPF na nota?<\/h2>\n\n\n\n<p>O comunicado alerta para o aumento de golpes em 2026, com criminosos se passando por representantes do governo via mensagens, liga\u00e7\u00f5es e redes sociais. A regra oficial \u00e9 simples: o aviso de premia\u00e7\u00e3o \u00e9 feito pelo&nbsp;<strong>aplicativo Nota Fiscal Mineira<\/strong>&nbsp;ou por canais formais j\u00e1 divulgados, sem exigir qualquer pagamento para liberar pr\u00eamios.<\/p>\n\n\n\n<figure class=\"wp-block-image\"><img decoding=\"async\" src=\"https:\/\/www.em.com.br\/emfoco\/wp-content\/uploads\/2025\/12\/Gemini_Generated_Image_wnwqm1wnwqm1wnwq-1-1024x576.png\" alt=\"\"\/><figcaption class=\"wp-element-caption\">CPF na Nota tudo o que voc\u00ea ganha pedindo na compra<\/figcaption><\/figure>\n\n\n\n<p>Para reconhecer fraudes e proteger seus dados, o usu\u00e1rio deve ficar atento a sinais t\u00edpicos de golpes relacionados ao programa:<\/p>\n\n\n\n<ul class=\"wp-block-list\">\n<li>Mensagens que exigem&nbsp;<strong>pagamento antecipado<\/strong>&nbsp;para liberar ou aumentar o valor do pr\u00eamio.<\/li>\n\n\n\n<li>Pedidos de&nbsp;<strong>senhas, c\u00f3digos de seguran\u00e7a ou dados completos de cart\u00e3o<\/strong>&nbsp;por telefone ou mensagem.<\/li>\n\n\n\n<li>Links suspeitos enviados por aplicativos de conversa ou perfis n\u00e3o verificados nas redes sociais.<\/li>\n\n\n\n<li>Contato que n\u00e3o seja confirmado pelos canais oficiais do governo de Minas Gerais.<\/li>\n<\/ul>\n\n\n\n<h2 class=\"wp-block-heading\">Por que continuar pedindo CPF na nota em Minas Gerais e agir agora?<\/h2>\n\n\n\n<p>Informar o&nbsp;<strong>CPF na nota<\/strong>&nbsp;traz chances reais de ganhar pr\u00eamios, ajuda a organizar gastos pelo app e ainda fortalece a fiscaliza\u00e7\u00e3o tribut\u00e1ria no estado. Ao indicar entidades assistenciais, o consumidor tamb\u00e9m transforma cada compra em apoio direto a projetos sociais que dependem desses recursos.<\/p>\n\n\n\n<p>Se voc\u00ea ainda n\u00e3o se cadastrou ou n\u00e3o tem pedido CPF na nota, este \u00e9 o momento de agir: baixe o aplicativo oficial, fa\u00e7a o registro e comece a participar dos sorteios de mar\u00e7o de 2026 imediatamente. N\u00e3o deixe o prazo passar, nem perca a oportunidade de concorrer a pr\u00eamios altos e, ao mesmo tempo, fazer diferen\u00e7a na vida de muitas pessoas em Minas Gerais.<\/p>\n\n\n\n<p><\/p>\n","protected":false},"excerpt":{"rendered":"<p>O comunicado urgente para quem coloca o CPF na nota em Minas Gerais est\u00e1 ligado ao aumento das a\u00e7\u00f5es do programa&nbsp;Nota Fiscal Mineira&nbsp;em mar\u00e7o de 2026, com novos sorteios, campanhas especiais, mais recursos para entidades sociais e um alerta forte sobre golpes digitais que est\u00e3o crescendo junto com a popularidade do programa. O que \u00e9 [&hellip;]<\/p>\n","protected":false},"author":11,"featured_media":178724,"comment_status":"open","ping_status":"open","sticky":false,"template":"","format":"standard","meta":{"jnews-multi-image_gallery":[],"jnews_single_post":{"format":"standard"},"jnews_primary_category":[],"jnews_social_meta":[],"jnews_override_counter":[],"footnotes":""},"categories":[28,1],"tags":[848,398,207,399],"class_list":["post-177050","post","type-post","status-publish","format-standard","has-post-thumbnail","hentry","category-economia","category-noticias","tag-cpf","tag-cpf-na-nota","tag-minas-gerais","tag-nota-fiscal-mineira"],"yoast_head":"<!-- This site is optimized with the Yoast SEO plugin v23.8 - https:\/\/yoast.com\/wordpress\/plugins\/seo\/ -->\n<title>Comunicado urgente para quem coloca o CPF na nota em Minas Gerais agora em mar\u00e7o - Estado de Minas - Em foco<\/title>\n<meta name=\"description\" content=\"CPF na nota em Minas entra em nova fase com sorteios e alerta contra golpes. Veja como funciona a Nota Fiscal Mineira.\" \/>\n<meta name=\"robots\" content=\"index, follow, max-snippet:-1, max-image-preview:large, max-video-preview:-1\" \/>\n<link rel=\"canonical\" href=\"https:\/\/www.em.com.br\/emfoco\/2026\/03\/07\/comunicado-urgente-para-quem-coloca-o-cpf-na-nota-em-minas-gerais-agora-em-marco\/\" \/>\n<meta property=\"og:locale\" content=\"pt_BR\" \/>\n<meta property=\"og:type\" content=\"article\" \/>\n<meta property=\"og:title\" content=\"Comunicado urgente para quem coloca o CPF na nota em Minas Gerais agora em mar\u00e7o - Estado de Minas - Em foco\" \/>\n<meta property=\"og:description\" content=\"CPF na nota em Minas entra em nova fase com sorteios e alerta contra golpes. Veja como funciona a Nota Fiscal Mineira.\" \/>\n<meta property=\"og:url\" content=\"https:\/\/www.em.com.br\/emfoco\/2026\/03\/07\/comunicado-urgente-para-quem-coloca-o-cpf-na-nota-em-minas-gerais-agora-em-marco\/\" \/>\n<meta property=\"og:site_name\" content=\"Estado de Minas - Em foco\" \/>\n<meta property=\"article:published_time\" content=\"2026-03-07T10:55:00+00:00\" \/>\n<meta property=\"article:modified_time\" content=\"2026-03-07T02:11:47+00:00\" \/>\n<meta property=\"og:image\" content=\"https:\/\/www.em.com.br\/emfoco\/wp-content\/uploads\/2026\/03\/Gemini_Generated_Image_8qw8588qw8588qw8-1.png\" \/>\n\t<meta property=\"og:image:width\" content=\"1280\" \/>\n\t<meta property=\"og:image:height\" content=\"720\" \/>\n\t<meta property=\"og:image:type\" content=\"image\/png\" \/>\n<meta name=\"author\" content=\"Andre\u0301 Rangel\u00a0\" \/>\n<meta name=\"twitter:card\" content=\"summary_large_image\" \/>\n<meta name=\"twitter:label1\" content=\"Escrito por\" \/>\n\t<meta name=\"twitter:data1\" content=\"Andre\u0301 Rangel\u00a0\" \/>\n\t<meta name=\"twitter:label2\" content=\"Est. tempo de leitura\" \/>\n\t<meta name=\"twitter:data2\" content=\"5 minutos\" \/>\n<!-- \/ Yoast SEO plugin. -->","yoast_head_json":{"title":"Comunicado urgente para quem coloca o CPF na nota em Minas Gerais agora em mar\u00e7o - Estado de Minas - Em foco","description":"CPF na nota em Minas entra em nova fase com sorteios e alerta contra golpes. Veja como funciona a Nota Fiscal Mineira.","robots":{"index":"index","follow":"follow","max-snippet":"max-snippet:-1","max-image-preview":"max-image-preview:large","max-video-preview":"max-video-preview:-1"},"canonical":"https:\/\/www.em.com.br\/emfoco\/2026\/03\/07\/comunicado-urgente-para-quem-coloca-o-cpf-na-nota-em-minas-gerais-agora-em-marco\/","og_locale":"pt_BR","og_type":"article","og_title":"Comunicado urgente para quem coloca o CPF na nota em Minas Gerais agora em mar\u00e7o - Estado de Minas - Em foco","og_description":"CPF na nota em Minas entra em nova fase com sorteios e alerta contra golpes. Veja como funciona a Nota Fiscal Mineira.","og_url":"https:\/\/www.em.com.br\/emfoco\/2026\/03\/07\/comunicado-urgente-para-quem-coloca-o-cpf-na-nota-em-minas-gerais-agora-em-marco\/","og_site_name":"Estado de Minas - Em foco","article_published_time":"2026-03-07T10:55:00+00:00","article_modified_time":"2026-03-07T02:11:47+00:00","og_image":[{"width":1280,"height":720,"url":"https:\/\/www.em.com.br\/emfoco\/wp-content\/uploads\/2026\/03\/Gemini_Generated_Image_8qw8588qw8588qw8-1.png","type":"image\/png"}],"author":"Andre\u0301 Rangel\u00a0","twitter_card":"summary_large_image","twitter_misc":{"Escrito por":"Andre\u0301 Rangel\u00a0","Est. tempo de leitura":"5 minutos"},"schema":{"@context":"https:\/\/schema.org","@graph":[{"@type":"WebPage","@id":"https:\/\/www.em.com.br\/emfoco\/2026\/03\/07\/comunicado-urgente-para-quem-coloca-o-cpf-na-nota-em-minas-gerais-agora-em-marco\/","url":"https:\/\/www.em.com.br\/emfoco\/2026\/03\/07\/comunicado-urgente-para-quem-coloca-o-cpf-na-nota-em-minas-gerais-agora-em-marco\/","name":"Comunicado urgente para quem coloca o CPF na nota em Minas Gerais agora em mar\u00e7o - Estado de Minas - Em foco","isPartOf":{"@id":"https:\/\/www.em.com.br\/emfoco\/#website"},"primaryImageOfPage":{"@id":"https:\/\/www.em.com.br\/emfoco\/2026\/03\/07\/comunicado-urgente-para-quem-coloca-o-cpf-na-nota-em-minas-gerais-agora-em-marco\/#primaryimage"},"image":{"@id":"https:\/\/www.em.com.br\/emfoco\/2026\/03\/07\/comunicado-urgente-para-quem-coloca-o-cpf-na-nota-em-minas-gerais-agora-em-marco\/#primaryimage"},"thumbnailUrl":"https:\/\/www.em.com.br\/emfoco\/wp-content\/uploads\/2026\/03\/Gemini_Generated_Image_8qw8588qw8588qw8-1.png","datePublished":"2026-03-07T10:55:00+00:00","dateModified":"2026-03-07T02:11:47+00:00","author":{"@id":"https:\/\/www.em.com.br\/emfoco\/#\/schema\/person\/60eda09c1fedf0d6891f4cef4b60b8b8"},"description":"CPF na nota em Minas entra em nova fase com sorteios e alerta contra golpes. Veja como funciona a Nota Fiscal Mineira.","breadcrumb":{"@id":"https:\/\/www.em.com.br\/emfoco\/2026\/03\/07\/comunicado-urgente-para-quem-coloca-o-cpf-na-nota-em-minas-gerais-agora-em-marco\/#breadcrumb"},"inLanguage":"pt-BR","potentialAction":[{"@type":"ReadAction","target":["https:\/\/www.em.com.br\/emfoco\/2026\/03\/07\/comunicado-urgente-para-quem-coloca-o-cpf-na-nota-em-minas-gerais-agora-em-marco\/"]}]},{"@type":"ImageObject","inLanguage":"pt-BR","@id":"https:\/\/www.em.com.br\/emfoco\/2026\/03\/07\/comunicado-urgente-para-quem-coloca-o-cpf-na-nota-em-minas-gerais-agora-em-marco\/#primaryimage","url":"https:\/\/www.em.com.br\/emfoco\/wp-content\/uploads\/2026\/03\/Gemini_Generated_Image_8qw8588qw8588qw8-1.png","contentUrl":"https:\/\/www.em.com.br\/emfoco\/wp-content\/uploads\/2026\/03\/Gemini_Generated_Image_8qw8588qw8588qw8-1.png","width":1280,"height":720,"caption":"CPF na Nota tudo o que voc\u00ea ganha pedindo na compra"},{"@type":"BreadcrumbList","@id":"https:\/\/www.em.com.br\/emfoco\/2026\/03\/07\/comunicado-urgente-para-quem-coloca-o-cpf-na-nota-em-minas-gerais-agora-em-marco\/#breadcrumb","itemListElement":[{"@type":"ListItem","position":1,"name":"In\u00edcio","item":"https:\/\/www.em.com.br\/emfoco\/"},{"@type":"ListItem","position":2,"name":"Comunicado urgente para quem coloca o CPF na nota em Minas Gerais agora em mar\u00e7o"}]},{"@type":"WebSite","@id":"https:\/\/www.em.com.br\/emfoco\/#website","url":"https:\/\/www.em.com.br\/emfoco\/","name":"Estado de Minas - Em foco","description":"Acompanhe as \u00faltimas not\u00edcias e fique bem informado sobre tudo o que acontece em Minas Gerais, Brasil e no mundo.","potentialAction":[{"@type":"SearchAction","target":{"@type":"EntryPoint","urlTemplate":"https:\/\/www.em.com.br\/emfoco\/?s={search_term_string}"},"query-input":{"@type":"PropertyValueSpecification","valueRequired":true,"valueName":"search_term_string"}}],"inLanguage":"pt-BR"},{"@type":"Person","@id":"https:\/\/www.em.com.br\/emfoco\/#\/schema\/person\/60eda09c1fedf0d6891f4cef4b60b8b8","name":"Andre\u0301 Rangel\u00a0","image":{"@type":"ImageObject","inLanguage":"pt-BR","@id":"https:\/\/www.em.com.br\/emfoco\/#\/schema\/person\/image\/","url":"https:\/\/secure.gravatar.com\/avatar\/6234dc814c77c8ef6d8bba622c787efc?s=96&d=mm&r=g","contentUrl":"https:\/\/secure.gravatar.com\/avatar\/6234dc814c77c8ef6d8bba622c787efc?s=96&d=mm&r=g","caption":"Andre\u0301 Rangel\u00a0"},"url":"https:\/\/www.em.com.br\/emfoco\/author\/luizmyth\/"}]}},"_links":{"self":[{"href":"https:\/\/www.em.com.br\/emfoco\/wp-json\/wp\/v2\/posts\/177050","targetHints":{"allow":["GET"]}}],"collection":[{"href":"https:\/\/www.em.com.br\/emfoco\/wp-json\/wp\/v2\/posts"}],"about":[{"href":"https:\/\/www.em.com.br\/emfoco\/wp-json\/wp\/v2\/types\/post"}],"author":[{"embeddable":true,"href":"https:\/\/www.em.com.br\/emfoco\/wp-json\/wp\/v2\/users\/11"}],"replies":[{"embeddable":true,"href":"https:\/\/www.em.com.br\/emfoco\/wp-json\/wp\/v2\/comments?post=177050"}],"version-history":[{"count":4,"href":"https:\/\/www.em.com.br\/emfoco\/wp-json\/wp\/v2\/posts\/177050\/revisions"}],"predecessor-version":[{"id":178725,"href":"https:\/\/www.em.com.br\/emfoco\/wp-json\/wp\/v2\/posts\/177050\/revisions\/178725"}],"wp:featuredmedia":[{"embeddable":true,"href":"https:\/\/www.em.com.br\/emfoco\/wp-json\/wp\/v2\/media\/178724"}],"wp:attachment":[{"href":"https:\/\/www.em.com.br\/emfoco\/wp-json\/wp\/v2\/media?parent=177050"}],"wp:term":[{"taxonomy":"category","embeddable":true,"href":"https:\/\/www.em.com.br\/emfoco\/wp-json\/wp\/v2\/categories?post=177050"},{"taxonomy":"post_tag","embeddable":true,"href":"https:\/\/www.em.com.br\/emfoco\/wp-json\/wp\/v2\/tags?post=177050"}],"curies":[{"name":"wp","href":"https:\/\/api.w.org\/{rel}","templated":true}]}}