{"id":17702,"date":"2025-02-19T13:40:00","date_gmt":"2025-02-19T16:40:00","guid":{"rendered":"https:\/\/www.em.com.br\/emfoco\/?p=17702"},"modified":"2025-02-11T15:25:49","modified_gmt":"2025-02-11T18:25:49","slug":"o-que-torna-este-paraiso-turistico-o-melhor-lugar-para-viver","status":"publish","type":"post","link":"https:\/\/www.em.com.br\/emfoco\/2025\/02\/19\/o-que-torna-este-paraiso-turistico-o-melhor-lugar-para-viver\/","title":{"rendered":"O que torna este para\u00edso tur\u00edstico o melhor lugar para viver?"},"content":{"rendered":"\n<p>A <strong>Dinamarca <\/strong>\u00e9 frequentemente citada como um dos pa\u00edses mais felizes do mundo, uma reputa\u00e7\u00e3o que se deve a uma s\u00e9rie de fatores interligados. Entre eles, destacam-se um sistema de bem-estar social robusto, uma economia est\u00e1vel e uma cultura que valoriza o equil\u00edbrio entre vida pessoal e profissional.<\/p>\n\n\n\n<p>O modelo dinamarqu\u00eas de bem-estar social oferece amplo suporte em \u00e1reas como sa\u00fade e educa\u00e7\u00e3o, o que contribui significativamente para a qualidade de vida dos cidad\u00e3os. Al\u00e9m disso, a cultura local enfatiza a import\u00e2ncia de aproveitar os pequenos prazeres da vida.<\/p>\n\n\n\n<h2 class=\"wp-block-heading\">Como o conceito de hygge influencia a vida na Dinamarca?<\/h2>\n\n\n\n<p>O <strong><a href=\"https:\/\/www.bbc.com\/portuguese\/noticias\/2015\/10\/151004_hygge_dinamarca_feliz_lab\" target=\"_blank\" rel=\"noreferrer noopener\">hygge<\/a><\/strong> \u00e9 um conceito central na cultura dinamarquesa, representando a cria\u00e7\u00e3o de um ambiente acolhedor e a aprecia\u00e7\u00e3o de momentos simples e agrad\u00e1veis. Isso pode incluir atividades como desfrutar de uma refei\u00e7\u00e3o com amigos ou relaxar em casa.<\/p>\n\n\n\n<p>Durante os meses de inverno, quando o clima \u00e9 mais rigoroso, o <em>hygge<\/em> se torna ainda mais importante, ajudando as pessoas a manterem uma sensa\u00e7\u00e3o de conforto e bem-estar.<\/p>\n\n\n\n<h2 class=\"wp-block-heading\">Quais aspectos econ\u00f4micos contribuem para o bem-estar na Dinamarca?<\/h2>\n\n\n\n<p>A economia dinamarquesa \u00e9 projetada para promover a igualdade e o acesso universal a servi\u00e7os essenciais. A sa\u00fade p\u00fablica \u00e9 gratuita e acess\u00edvel a todos, e a educa\u00e7\u00e3o \u00e9 uma prioridade, com acesso gratuito desde o ensino b\u00e1sico at\u00e9 o superior.<\/p>\n\n\n\n<ul class=\"wp-block-list\">\n<li>Servi\u00e7os de sa\u00fade de alta qualidade e gratuitos.<\/li>\n\n\n\n<li>Educa\u00e7\u00e3o acess\u00edvel para todos os n\u00edveis.<\/li>\n\n\n\n<li>Pol\u00edticas que incentivam a igualdade social e econ\u00f4mica.<\/li>\n<\/ul>\n\n\n\n<figure class=\"wp-block-image size-large\"><img loading=\"lazy\" decoding=\"async\" width=\"1024\" height=\"576\" src=\"https:\/\/www.em.com.br\/emfoco\/wp-content\/uploads\/2024\/12\/dinamarca_1734697446027-1024x576.jpg\" alt=\"Como o Ano Novo \u00e9 Celebrado nos 4 Cantos do Planeta\" class=\"wp-image-5911\" srcset=\"https:\/\/www.em.com.br\/emfoco\/wp-content\/uploads\/2024\/12\/dinamarca_1734697446027-1024x576.jpg 1024w, https:\/\/www.em.com.br\/emfoco\/wp-content\/uploads\/2024\/12\/dinamarca_1734697446027-300x169.jpg 300w, https:\/\/www.em.com.br\/emfoco\/wp-content\/uploads\/2024\/12\/dinamarca_1734697446027-768x432.jpg 768w, https:\/\/www.em.com.br\/emfoco\/wp-content\/uploads\/2024\/12\/dinamarca_1734697446027-750x422.jpg 750w, https:\/\/www.em.com.br\/emfoco\/wp-content\/uploads\/2024\/12\/dinamarca_1734697446027-1140x641.jpg 1140w, https:\/\/www.em.com.br\/emfoco\/wp-content\/uploads\/2024\/12\/dinamarca_1734697446027.jpg 1280w\" sizes=\"auto, (max-width: 1024px) 100vw, 1024px\" \/><figcaption class=\"wp-element-caption\">Dinamarca &#8211; Cr\u00e9ditos: depositphotos.com \/ MarusiaBO<\/figcaption><\/figure>\n\n\n\n<h2 class=\"wp-block-heading\">Por que a mobilidade sustent\u00e1vel \u00e9 importante na Dinamarca?<\/h2>\n\n\n\n<p>A mobilidade sustent\u00e1vel \u00e9 uma prioridade nas cidades dinamarquesas, especialmente em <strong>Copenhague<\/strong>. O uso de bicicletas como meio de transporte di\u00e1rio \u00e9 amplamente incentivado, o que ajuda a reduzir as emiss\u00f5es de carbono e promove um estilo de vida saud\u00e1vel.<\/p>\n\n\n\n<p>Al\u00e9m disso, a infraestrutura urbana \u00e9 projetada para ser amig\u00e1vel para ciclistas e pedestres, e h\u00e1 um forte investimento em transporte p\u00fablico eficiente e em energias renov\u00e1veis.<\/p>\n\n\n\n<h2 class=\"wp-block-heading\">Como a Dinamarca se destaca em design e gastronomia?<\/h2>\n\n\n\n<p>A Dinamarca \u00e9 reconhecida internacionalmente por suas inova\u00e7\u00f5es em design e <strong><a href=\"https:\/\/www.em.com.br\/emfoco\/2025\/02\/08\/o-destino-imperdivel-na-italia-para-quem-ama-historia-e-gastronomia\/\" target=\"_blank\" rel=\"noreferrer noopener\">gastronomia<\/a><\/strong>. A culin\u00e1ria dinamarquesa \u00e9 conhecida por valorizar ingredientes locais e sazonais, enquanto o design \u00e9 famoso por sua simplicidade e funcionalidade.<\/p>\n\n\n\n<ul class=\"wp-block-list\">\n<li>Pratos que utilizam ingredientes regionais e sazonais.<\/li>\n\n\n\n<li>Design minimalista e funcional.<\/li>\n\n\n\n<li>Reconhecimento global em ambos os campos.<\/li>\n<\/ul>\n\n\n\n<p>Esses elementos, combinados com um forte compromisso com o bem-estar social e ambiental, fazem da Dinamarca um exemplo de como uma sociedade pode prosperar em m\u00faltiplos aspectos.<\/p>\n","protected":false},"excerpt":{"rendered":"<p>A Dinamarca \u00e9 frequentemente citada como um dos pa\u00edses mais felizes do mundo, uma reputa\u00e7\u00e3o que se deve a uma s\u00e9rie de fatores interligados. Entre eles, destacam-se um sistema de bem-estar social robusto, uma economia est\u00e1vel e uma cultura que valoriza o equil\u00edbrio entre vida pessoal e profissional. O modelo dinamarqu\u00eas de bem-estar social oferece [&hellip;]<\/p>\n","protected":false},"author":5,"featured_media":5941,"comment_status":"open","ping_status":"open","sticky":false,"template":"","format":"standard","meta":{"jnews-multi-image_gallery":[],"jnews_single_post":{"format":"standard"},"jnews_primary_category":[],"jnews_social_meta":[],"jnews_override_counter":[],"footnotes":""},"categories":[26,1],"tags":[2244,327,157],"class_list":["post-17702","post","type-post","status-publish","format-standard","has-post-thumbnail","hentry","category-cidades","category-noticias","tag-dinamarca","tag-qualidade-de-vida","tag-turismo"],"yoast_head":"<!-- This site is optimized with the Yoast SEO plugin v23.8 - https:\/\/yoast.com\/wordpress\/plugins\/seo\/ -->\n<title>O que torna este para\u00edso tur\u00edstico o melhor lugar para viver? - Estado de Minas - Em foco<\/title>\n<meta name=\"description\" content=\"Explore o conceito de hygge, a economia est\u00e1vel e a mobilidade sustent\u00e1vel da Dinamarca. Entenda como isso leva \u00e0 felicidade e bem-estar.\" \/>\n<meta name=\"robots\" content=\"index, follow, max-snippet:-1, max-image-preview:large, max-video-preview:-1\" \/>\n<link rel=\"canonical\" href=\"https:\/\/www.em.com.br\/emfoco\/2025\/02\/19\/o-que-torna-este-paraiso-turistico-o-melhor-lugar-para-viver\/\" \/>\n<meta property=\"og:locale\" content=\"pt_BR\" \/>\n<meta property=\"og:type\" content=\"article\" \/>\n<meta property=\"og:title\" content=\"O que torna este para\u00edso tur\u00edstico o melhor lugar para viver? - Estado de Minas - Em foco\" \/>\n<meta property=\"og:description\" content=\"Explore o conceito de hygge, a economia est\u00e1vel e a mobilidade sustent\u00e1vel da Dinamarca. Entenda como isso leva \u00e0 felicidade e bem-estar.\" \/>\n<meta property=\"og:url\" content=\"https:\/\/www.em.com.br\/emfoco\/2025\/02\/19\/o-que-torna-este-paraiso-turistico-o-melhor-lugar-para-viver\/\" \/>\n<meta property=\"og:site_name\" content=\"Estado de Minas - Em foco\" \/>\n<meta property=\"article:published_time\" content=\"2025-02-19T16:40:00+00:00\" \/>\n<meta property=\"article:modified_time\" content=\"2025-02-11T18:25:49+00:00\" \/>\n<meta property=\"og:image\" content=\"https:\/\/www.em.com.br\/emfoco\/wp-content\/uploads\/2024\/12\/Dinamarca_1734705676609.jpg\" \/>\n\t<meta property=\"og:image:width\" content=\"1280\" \/>\n\t<meta property=\"og:image:height\" content=\"720\" \/>\n\t<meta property=\"og:image:type\" content=\"image\/jpeg\" \/>\n<meta name=\"author\" content=\"N\u00fabia Rangel\" \/>\n<meta name=\"twitter:card\" content=\"summary_large_image\" \/>\n<meta name=\"twitter:label1\" content=\"Escrito por\" \/>\n\t<meta name=\"twitter:data1\" content=\"N\u00fabia Rangel\" \/>\n\t<meta name=\"twitter:label2\" content=\"Est. tempo de leitura\" \/>\n\t<meta name=\"twitter:data2\" content=\"3 minutos\" \/>\n<!-- \/ Yoast SEO plugin. -->","yoast_head_json":{"title":"O que torna este para\u00edso tur\u00edstico o melhor lugar para viver? - Estado de Minas - Em foco","description":"Explore o conceito de hygge, a economia est\u00e1vel e a mobilidade sustent\u00e1vel da Dinamarca. Entenda como isso leva \u00e0 felicidade e bem-estar.","robots":{"index":"index","follow":"follow","max-snippet":"max-snippet:-1","max-image-preview":"max-image-preview:large","max-video-preview":"max-video-preview:-1"},"canonical":"https:\/\/www.em.com.br\/emfoco\/2025\/02\/19\/o-que-torna-este-paraiso-turistico-o-melhor-lugar-para-viver\/","og_locale":"pt_BR","og_type":"article","og_title":"O que torna este para\u00edso tur\u00edstico o melhor lugar para viver? - Estado de Minas - Em foco","og_description":"Explore o conceito de hygge, a economia est\u00e1vel e a mobilidade sustent\u00e1vel da Dinamarca. Entenda como isso leva \u00e0 felicidade e bem-estar.","og_url":"https:\/\/www.em.com.br\/emfoco\/2025\/02\/19\/o-que-torna-este-paraiso-turistico-o-melhor-lugar-para-viver\/","og_site_name":"Estado de Minas - Em foco","article_published_time":"2025-02-19T16:40:00+00:00","article_modified_time":"2025-02-11T18:25:49+00:00","og_image":[{"width":1280,"height":720,"url":"https:\/\/www.em.com.br\/emfoco\/wp-content\/uploads\/2024\/12\/Dinamarca_1734705676609.jpg","type":"image\/jpeg"}],"author":"N\u00fabia Rangel","twitter_card":"summary_large_image","twitter_misc":{"Escrito por":"N\u00fabia Rangel","Est. tempo de leitura":"3 minutos"},"schema":{"@context":"https:\/\/schema.org","@graph":[{"@type":"WebPage","@id":"https:\/\/www.em.com.br\/emfoco\/2025\/02\/19\/o-que-torna-este-paraiso-turistico-o-melhor-lugar-para-viver\/","url":"https:\/\/www.em.com.br\/emfoco\/2025\/02\/19\/o-que-torna-este-paraiso-turistico-o-melhor-lugar-para-viver\/","name":"O que torna este para\u00edso tur\u00edstico o melhor lugar para viver? - Estado de Minas - Em foco","isPartOf":{"@id":"https:\/\/www.em.com.br\/emfoco\/#website"},"primaryImageOfPage":{"@id":"https:\/\/www.em.com.br\/emfoco\/2025\/02\/19\/o-que-torna-este-paraiso-turistico-o-melhor-lugar-para-viver\/#primaryimage"},"image":{"@id":"https:\/\/www.em.com.br\/emfoco\/2025\/02\/19\/o-que-torna-este-paraiso-turistico-o-melhor-lugar-para-viver\/#primaryimage"},"thumbnailUrl":"https:\/\/www.em.com.br\/emfoco\/wp-content\/uploads\/2024\/12\/Dinamarca_1734705676609.jpg","datePublished":"2025-02-19T16:40:00+00:00","dateModified":"2025-02-11T18:25:49+00:00","author":{"@id":"https:\/\/www.em.com.br\/emfoco\/#\/schema\/person\/524437ef54f8a5d32591b143307f2e20"},"description":"Explore o conceito de hygge, a economia est\u00e1vel e a mobilidade sustent\u00e1vel da Dinamarca. Entenda como isso leva \u00e0 felicidade e bem-estar.","breadcrumb":{"@id":"https:\/\/www.em.com.br\/emfoco\/2025\/02\/19\/o-que-torna-este-paraiso-turistico-o-melhor-lugar-para-viver\/#breadcrumb"},"inLanguage":"pt-BR","potentialAction":[{"@type":"ReadAction","target":["https:\/\/www.em.com.br\/emfoco\/2025\/02\/19\/o-que-torna-este-paraiso-turistico-o-melhor-lugar-para-viver\/"]}]},{"@type":"ImageObject","inLanguage":"pt-BR","@id":"https:\/\/www.em.com.br\/emfoco\/2025\/02\/19\/o-que-torna-este-paraiso-turistico-o-melhor-lugar-para-viver\/#primaryimage","url":"https:\/\/www.em.com.br\/emfoco\/wp-content\/uploads\/2024\/12\/Dinamarca_1734705676609.jpg","contentUrl":"https:\/\/www.em.com.br\/emfoco\/wp-content\/uploads\/2024\/12\/Dinamarca_1734705676609.jpg","width":1280,"height":720,"caption":"Dinamarca - Cr\u00e9ditos: depositphotos.com \/ MarusiaBO"},{"@type":"BreadcrumbList","@id":"https:\/\/www.em.com.br\/emfoco\/2025\/02\/19\/o-que-torna-este-paraiso-turistico-o-melhor-lugar-para-viver\/#breadcrumb","itemListElement":[{"@type":"ListItem","position":1,"name":"In\u00edcio","item":"https:\/\/www.em.com.br\/emfoco\/"},{"@type":"ListItem","position":2,"name":"O que torna este para\u00edso tur\u00edstico o melhor lugar para viver?"}]},{"@type":"WebSite","@id":"https:\/\/www.em.com.br\/emfoco\/#website","url":"https:\/\/www.em.com.br\/emfoco\/","name":"Estado de Minas - Em foco","description":"Acompanhe as \u00faltimas not\u00edcias e fique bem informado sobre tudo o que acontece em Minas Gerais, Brasil e no mundo.","potentialAction":[{"@type":"SearchAction","target":{"@type":"EntryPoint","urlTemplate":"https:\/\/www.em.com.br\/emfoco\/?s={search_term_string}"},"query-input":{"@type":"PropertyValueSpecification","valueRequired":true,"valueName":"search_term_string"}}],"inLanguage":"pt-BR"},{"@type":"Person","@id":"https:\/\/www.em.com.br\/emfoco\/#\/schema\/person\/524437ef54f8a5d32591b143307f2e20","name":"N\u00fabia Rangel","image":{"@type":"ImageObject","inLanguage":"pt-BR","@id":"https:\/\/www.em.com.br\/emfoco\/#\/schema\/person\/image\/","url":"https:\/\/secure.gravatar.com\/avatar\/47cff2827a5ba23c37e8068c86817ea4?s=96&d=mm&r=g","contentUrl":"https:\/\/secure.gravatar.com\/avatar\/47cff2827a5ba23c37e8068c86817ea4?s=96&d=mm&r=g","caption":"N\u00fabia Rangel"},"sameAs":["https:\/\/www.em.com.br\/emfoco\/"],"url":"https:\/\/www.em.com.br\/emfoco\/author\/nubiamyth\/"}]}},"_links":{"self":[{"href":"https:\/\/www.em.com.br\/emfoco\/wp-json\/wp\/v2\/posts\/17702","targetHints":{"allow":["GET"]}}],"collection":[{"href":"https:\/\/www.em.com.br\/emfoco\/wp-json\/wp\/v2\/posts"}],"about":[{"href":"https:\/\/www.em.com.br\/emfoco\/wp-json\/wp\/v2\/types\/post"}],"author":[{"embeddable":true,"href":"https:\/\/www.em.com.br\/emfoco\/wp-json\/wp\/v2\/users\/5"}],"replies":[{"embeddable":true,"href":"https:\/\/www.em.com.br\/emfoco\/wp-json\/wp\/v2\/comments?post=17702"}],"version-history":[{"count":2,"href":"https:\/\/www.em.com.br\/emfoco\/wp-json\/wp\/v2\/posts\/17702\/revisions"}],"predecessor-version":[{"id":17706,"href":"https:\/\/www.em.com.br\/emfoco\/wp-json\/wp\/v2\/posts\/17702\/revisions\/17706"}],"wp:featuredmedia":[{"embeddable":true,"href":"https:\/\/www.em.com.br\/emfoco\/wp-json\/wp\/v2\/media\/5941"}],"wp:attachment":[{"href":"https:\/\/www.em.com.br\/emfoco\/wp-json\/wp\/v2\/media?parent=17702"}],"wp:term":[{"taxonomy":"category","embeddable":true,"href":"https:\/\/www.em.com.br\/emfoco\/wp-json\/wp\/v2\/categories?post=17702"},{"taxonomy":"post_tag","embeddable":true,"href":"https:\/\/www.em.com.br\/emfoco\/wp-json\/wp\/v2\/tags?post=17702"}],"curies":[{"name":"wp","href":"https:\/\/api.w.org\/{rel}","templated":true}]}}