{"id":176797,"date":"2026-03-04T20:05:19","date_gmt":"2026-03-04T23:05:19","guid":{"rendered":"https:\/\/www.em.com.br\/emfoco\/?p=176797"},"modified":"2026-03-03T18:08:41","modified_gmt":"2026-03-03T21:08:41","slug":"como-um-travesseiro-aromatico-pode-melhorar-seu-sono-e-acalmar-a-mente-antes-de-dormir","status":"publish","type":"post","link":"https:\/\/www.em.com.br\/emfoco\/2026\/03\/04\/como-um-travesseiro-aromatico-pode-melhorar-seu-sono-e-acalmar-a-mente-antes-de-dormir\/","title":{"rendered":"Como um travesseiro arom\u00e1tico pode melhorar seu sono e acalmar a mente antes de dormir"},"content":{"rendered":"\n<p>Voc\u00ea j\u00e1 deitou exausto, com a cabe\u00e7a cheia, e pensou: <b>\u201cSe eu<\/b> s\u00f3 conseguisse desligar a mente, eu dormiria\u201d? \u00c9 nesse momento que muitas pessoas t\u00eam recorrido a solu\u00e7\u00f5es simples e naturais, como o <b>travesseiro de<\/b> ervas com flores secas de l\u00fapulo e macela dentro da fronha, criando um cheirinho suave que ajuda o corpo a desacelerar e se preparar para uma noite de descanso.<\/p>\n\n\n\n<h2 class=\"wp-block-heading\">O que \u00e9 o travesseiro de ervas e por que ele funciona como um apoio para dormir melhor<\/h2>\n\n\n\n<p>O chamado <strong>travesseiro de<\/strong> ervas \u00e9 um travesseiro comum que recebe, em seu interior ou na fronha, pequenas por\u00e7\u00f5es de <b>plantas secas<\/b> arom\u00e1ticas. No caso das flores de l\u00fapulo e macela, a ideia \u00e9 aproveitar o cheiro natural dessas plantas, que vai sendo liberado aos poucos durante a noite.<\/p>\n\n\n\n<p>Ao deitar, a cabe\u00e7a fica pr\u00f3xima \u00e0s ervas, permitindo a inala\u00e7\u00e3o constante dos compostos arom\u00e1ticos. Em vez de um efeito r\u00e1pido, o que se busca \u00e9 um apoio suave ao <b>relaxamento, deixando<\/b> o ambiente mais acolhedor e ajudando o <b>c\u00e9rebro a<\/b> entender que \u00e9 hora de descansar.<\/p>\n\n\n\n<figure class=\"wp-block-embed is-type-rich is-provider-pinterest wp-block-embed-pinterest\"><div class=\"wp-block-embed__wrapper\">\n<iframe loading=\"lazy\" title=\"O melhor rem\u00e9dio do mundo para dormir r\u00e1pido\" src=\"https:\/\/assets.pinterest.com\/ext\/embed.html?id=36591815717684866&#038;src=oembed\" height=\"899\" width=\"450\" frameborder=\"0\" scrolling=\"no\" ><\/iframe>\n<\/div><\/figure>\n\n\n\n<p>Leia tamb\u00e9m:&nbsp;<a href=\"https:\/\/www.em.com.br\/emfoco\/2026\/03\/01\/esse-ritual-noturno-simples-pode-ajudar-o-sono-a-chegar-mais-rapido\/\" target=\"_blank\" rel=\"noopener\">Esse ritual noturno simples pode ajudar o sono a chegar mais r\u00e1pido<\/a><\/p>\n\n\n\n<h2 class=\"wp-block-heading\">Como o l\u00fapulo e a macela podem ajudar o corpo a relaxar para um sono mais profundo<\/h2>\n\n\n\n<p>A <strong>flor de<\/strong> l\u00fapulo, conhecida principalmente por estar presente em bebidas fermentadas, tamb\u00e9m \u00e9 tradicionalmente associada a um efeito calmante. Em forma de travesseiro de ervas, o objetivo n\u00e3o \u00e9 o consumo, mas sim a <em>inala\u00e7\u00e3o suave e cont\u00ednua<\/em> do seu aroma delicado durante v\u00e1rias horas, funcionando como um <b>apoio natural<\/b> complementar a outros h\u00e1bitos de higiene do sono.<\/p>\n\n\n\n<p>J\u00e1 a <strong>macela (ou<\/strong> marcela) costuma ser usada em ch\u00e1s noturnos e tem um perfume leve, lembrando a camomila. No travesseiro de macela, o calor da cabe\u00e7a e da respira\u00e7\u00e3o ajuda a liberar o cheiro, e muitas pessoas descrevem essa combina\u00e7\u00e3o com l\u00fapulo como <b>reconfortante, ideal<\/b> para quem quer diminuir a agita\u00e7\u00e3o antes de dormir.<\/p>\n\n\n\n<figure class=\"wp-block-embed is-type-rich is-provider-pinterest wp-block-embed-pinterest\"><div class=\"wp-block-embed__wrapper\">\n<iframe loading=\"lazy\" title=\" \" src=\"https:\/\/assets.pinterest.com\/ext\/embed.html?id=100064422968067373&#038;src=oembed\" height=\"550\" width=\"450\" frameborder=\"0\" scrolling=\"no\" ><\/iframe>\n<\/div><\/figure>\n\n\n\n<figure class=\"wp-block-embed is-type-rich is-provider-pinterest wp-block-embed-pinterest\"><div class=\"wp-block-embed__wrapper\">\n<iframe loading=\"lazy\" title=\"Uma alegria colher este l\u00fapulo nas margens do Rio Ovelha, na nossa quinta !\u00c9 a mesma planta que me providenciou no ano passado, uma medicina incr\u00edvel e que tive o privil\u00e9gio de a partilhar com outras pessoas!Este ano, olhei para ela, bem l\u00e1 em cima e andei uns dias a pensar em como a iria conseguir apanhar! Mas \u00e0s vezes pensamos demais e agimos pouco, foi o caso.Quando l\u00e1 cheguei e comecei a desentran\u00e7ar o l\u00fapulo, me dediquei a ela, j\u00e1 desceu e me presenteou com as suas flora maravilhos...\" src=\"https:\/\/assets.pinterest.com\/ext\/embed.html?id=544302304985116587&#038;src=oembed\" height=\"899\" width=\"450\" frameborder=\"0\" scrolling=\"no\" ><\/iframe>\n<\/div><\/figure>\n\n\n\n<h2 class=\"wp-block-heading\">O travesseiro de ervas realmente ajuda a dormir melhor e com mais qualidade<\/h2>\n\n\n\n<p>A ideia de que o travesseiro de ervas com l\u00fapulo e macela contribui para um sono mais profundo est\u00e1 ligada \u00e0 inala\u00e7\u00e3o desses aromas como parte de um ritual noturno. O cheiro suave ajuda a criar uma sensa\u00e7\u00e3o de aconchego que, em um quarto escuro e silencioso, favorece o desligar gradual da mente e pode complementar t\u00e9cnicas como <b>respira\u00e7\u00e3o profunda<\/b> e pequenos alongamentos.<\/p>\n\n\n\n<p>O efeito, por\u00e9m, varia de pessoa para pessoa e depende muito da rotina: n\u00edvel de estresse, uso de telas antes de dormir, cafe\u00edna e condi\u00e7\u00f5es de sa\u00fade influenciam bastante. Por isso, o travesseiro de ervas funciona melhor quando integrado a uma boa <strong>higiene do<\/strong> sono, e n\u00e3o como \u00fanica estrat\u00e9gia, podendo se juntar a h\u00e1bitos como leitura leve, medita\u00e7\u00e3o guiada e redu\u00e7\u00e3o de <b>luzes artificiais<\/b> \u00e0 noite.<\/p>\n\n\n\n<p>P\u00e1ra voc\u00ea que quer mais dicas, separamos um v\u00eddeo do canal da <a href=\"https:\/\/www.youtube.com\/@DraMarianaNeurologista\" target=\"_blank\" rel=\"noreferrer noopener\">Dra. Mariana Neurologista<\/a> com mais cuidados para higiene do sono:<\/p>\n\n\n\n<figure class=\"wp-block-embed is-type-video is-provider-youtube wp-block-embed-youtube wp-embed-aspect-16-9 wp-has-aspect-ratio\"><div class=\"wp-block-embed__wrapper\">\n<div class=\"jeg_video_container jeg_video_content\"><iframe loading=\"lazy\" title=\"Higiene do Sono: Dicas para todas as pessoas dormirem bem !\" width=\"500\" height=\"281\" src=\"https:\/\/www.youtube.com\/embed\/rCQwOSPM_hk?start=66&#038;feature=oembed\" frameborder=\"0\" allow=\"accelerometer; autoplay; clipboard-write; encrypted-media; gyroscope; picture-in-picture; web-share\" referrerpolicy=\"strict-origin-when-cross-origin\" allowfullscreen><\/iframe><\/div>\n<\/div><\/figure>\n\n\n\n<h2 class=\"wp-block-heading\">Quais h\u00e1bitos simples potencializam o uso do travesseiro de l\u00fapulo e macela<\/h2>\n\n\n\n<p>Para que o travesseiro de ervas realmente fa\u00e7a diferen\u00e7a, ele precisa entrar em uma rotina noturna mais organizada. Vale encar\u00e1-lo como um pequeno ritual de <b>autocuidado, e<\/b> n\u00e3o como uma solu\u00e7\u00e3o milagrosa que vai apagar todas as preocupa\u00e7\u00f5es de um dia para o outro.<\/p>\n\n\n\n<p>Alguns h\u00e1bitos f\u00e1ceis de aplicar no dia a dia podem tornar o uso do travesseiro ainda mais eficiente e prazeroso:<\/p>\n\n\n\n<ul class=\"wp-block-list\">\n<li><b>Manter hor\u00e1rio<\/b> regular para dormir e acordar, inclusive nos fins de semana.<\/li>\n\n\n\n<li><b>Evitar luz<\/b> intensa e telas de celular ou computador pouco antes de deitar.<\/li>\n\n\n\n<li><b>Reduzir cafe\u00edna,<\/b> \u00e1lcool e refei\u00e7\u00f5es pesadas \u00e0 noite sempre que poss\u00edvel.<\/li>\n\n\n\n<li><b>Criar um<\/b> ambiente silencioso, confort\u00e1vel e arejado no quarto.<\/li>\n\n\n\n<li><b>Usar o<\/b> travesseiro de l\u00fapulo e macela como toque final do ritual de sono.<\/li>\n<\/ul>\n\n\n\n<figure class=\"wp-block-embed is-type-rich is-provider-pinterest wp-block-embed-pinterest\"><div class=\"wp-block-embed__wrapper\">\n<iframe loading=\"lazy\" title=\"Ter uma excelente noite de sono \u00e9 primordial para o bem-estar f\u00edsico e mental\ud83d\ude42\ud83e\udd17 Ch\u00e1\/sono\/f\u00edsico\/saude\/fitness\" src=\"https:\/\/assets.pinterest.com\/ext\/embed.html?id=32088216094896125&#038;src=oembed\" height=\"495\" width=\"450\" frameborder=\"0\" scrolling=\"no\" ><\/iframe>\n<\/div><\/figure>\n\n\n\n<h2 class=\"wp-block-heading\">Como montar e usar um travesseiro de l\u00fapulo e macela de forma pr\u00e1tica e segura<\/h2>\n\n\n\n<p>Para preparar um <strong>travesseiro de<\/strong> l\u00fapulo e macela, o ideal \u00e9 usar flores bem secas, evitando qualquer umidade que possa favorecer fungos. Voc\u00ea pode guardar as flores em um pote fechado, em local fresco e escuro, at\u00e9 o momento de montar o travesseiro, sempre verificando se o <b>aroma permanece<\/b> agrad\u00e1vel e se n\u00e3o h\u00e1 sinais de mofo.<\/p>\n\n\n\n<p>Muita gente prefere colocar as ervas em um saquinho de tecido fino, como algod\u00e3o, e inserir dentro da fronha. Assim, o aroma passa com facilidade, mas as flores n\u00e3o ficam soltas, evitando contato direto com o rosto e facilitando a <b>troca quando<\/b> o cheiro ficar fraco, o que costuma acontecer ap\u00f3s algumas semanas de uso cont\u00ednuo.<\/p>\n","protected":false},"excerpt":{"rendered":"<p>Voc\u00ea j\u00e1 deitou exausto, com a cabe\u00e7a cheia, e pensou: \u201cSe eu s\u00f3 conseguisse desligar a mente, eu dormiria\u201d? \u00c9 nesse momento que muitas pessoas t\u00eam recorrido a solu\u00e7\u00f5es simples e naturais, como o travesseiro de ervas com flores secas de l\u00fapulo e macela dentro da fronha, criando um cheirinho suave que ajuda o corpo [&hellip;]<\/p>\n","protected":false},"author":9,"featured_media":176951,"comment_status":"open","ping_status":"open","sticky":false,"template":"","format":"standard","meta":{"jnews-multi-image_gallery":[],"jnews_single_post":{"format":"standard"},"jnews_primary_category":[],"jnews_social_meta":[],"jnews_override_counter":[],"footnotes":""},"categories":[8691,8819,1],"tags":[5950,2125,11104],"class_list":["post-176797","post","type-post","status-publish","format-standard","has-post-thumbnail","hentry","category-bem-estar","category-curiosidades","category-noticias","tag-dormir","tag-ervas","tag-travesseiro"],"yoast_head":"<!-- This site is optimized with the Yoast SEO plugin v23.8 - https:\/\/yoast.com\/wordpress\/plugins\/seo\/ -->\n<title>Como um travesseiro arom\u00e1tico pode melhorar seu sono e acalmar a mente antes de dormir - Estado de Minas - Em foco<\/title>\n<meta name=\"description\" content=\"Aprenda como o travesseiro de l\u00fapulo e macela ajuda a relaxar a mente e melhora a qualidade do seu sono naturalmente\" \/>\n<meta name=\"robots\" content=\"index, follow, max-snippet:-1, max-image-preview:large, max-video-preview:-1\" \/>\n<link rel=\"canonical\" href=\"https:\/\/www.em.com.br\/emfoco\/2026\/03\/04\/como-um-travesseiro-aromatico-pode-melhorar-seu-sono-e-acalmar-a-mente-antes-de-dormir\/\" \/>\n<meta property=\"og:locale\" content=\"pt_BR\" \/>\n<meta property=\"og:type\" content=\"article\" \/>\n<meta property=\"og:title\" content=\"Como um travesseiro arom\u00e1tico pode melhorar seu sono e acalmar a mente antes de dormir - Estado de Minas - Em foco\" \/>\n<meta property=\"og:description\" content=\"Aprenda como o travesseiro de l\u00fapulo e macela ajuda a relaxar a mente e melhora a qualidade do seu sono naturalmente\" \/>\n<meta property=\"og:url\" content=\"https:\/\/www.em.com.br\/emfoco\/2026\/03\/04\/como-um-travesseiro-aromatico-pode-melhorar-seu-sono-e-acalmar-a-mente-antes-de-dormir\/\" \/>\n<meta property=\"og:site_name\" content=\"Estado de Minas - Em foco\" \/>\n<meta property=\"article:published_time\" content=\"2026-03-04T23:05:19+00:00\" \/>\n<meta property=\"article:modified_time\" content=\"2026-03-03T21:08:41+00:00\" \/>\n<meta property=\"og:image\" content=\"https:\/\/www.em.com.br\/emfoco\/wp-content\/uploads\/2026\/03\/dormindo_1772571308944.jpg\" \/>\n\t<meta property=\"og:image:width\" content=\"1280\" \/>\n\t<meta property=\"og:image:height\" content=\"720\" \/>\n\t<meta property=\"og:image:type\" content=\"image\/jpeg\" \/>\n<meta name=\"author\" content=\"Daniely Cardoso\" \/>\n<meta name=\"twitter:card\" content=\"summary_large_image\" \/>\n<meta name=\"twitter:label1\" content=\"Escrito por\" \/>\n\t<meta name=\"twitter:data1\" content=\"Daniely Cardoso\" \/>\n\t<meta name=\"twitter:label2\" content=\"Est. tempo de leitura\" \/>\n\t<meta name=\"twitter:data2\" content=\"5 minutos\" \/>\n<!-- \/ Yoast SEO plugin. -->","yoast_head_json":{"title":"Como um travesseiro arom\u00e1tico pode melhorar seu sono e acalmar a mente antes de dormir - Estado de Minas - Em foco","description":"Aprenda como o travesseiro de l\u00fapulo e macela ajuda a relaxar a mente e melhora a qualidade do seu sono naturalmente","robots":{"index":"index","follow":"follow","max-snippet":"max-snippet:-1","max-image-preview":"max-image-preview:large","max-video-preview":"max-video-preview:-1"},"canonical":"https:\/\/www.em.com.br\/emfoco\/2026\/03\/04\/como-um-travesseiro-aromatico-pode-melhorar-seu-sono-e-acalmar-a-mente-antes-de-dormir\/","og_locale":"pt_BR","og_type":"article","og_title":"Como um travesseiro arom\u00e1tico pode melhorar seu sono e acalmar a mente antes de dormir - Estado de Minas - Em foco","og_description":"Aprenda como o travesseiro de l\u00fapulo e macela ajuda a relaxar a mente e melhora a qualidade do seu sono naturalmente","og_url":"https:\/\/www.em.com.br\/emfoco\/2026\/03\/04\/como-um-travesseiro-aromatico-pode-melhorar-seu-sono-e-acalmar-a-mente-antes-de-dormir\/","og_site_name":"Estado de Minas - Em foco","article_published_time":"2026-03-04T23:05:19+00:00","article_modified_time":"2026-03-03T21:08:41+00:00","og_image":[{"width":1280,"height":720,"url":"https:\/\/www.em.com.br\/emfoco\/wp-content\/uploads\/2026\/03\/dormindo_1772571308944.jpg","type":"image\/jpeg"}],"author":"Daniely Cardoso","twitter_card":"summary_large_image","twitter_misc":{"Escrito por":"Daniely Cardoso","Est. tempo de leitura":"5 minutos"},"schema":{"@context":"https:\/\/schema.org","@graph":[{"@type":"WebPage","@id":"https:\/\/www.em.com.br\/emfoco\/2026\/03\/04\/como-um-travesseiro-aromatico-pode-melhorar-seu-sono-e-acalmar-a-mente-antes-de-dormir\/","url":"https:\/\/www.em.com.br\/emfoco\/2026\/03\/04\/como-um-travesseiro-aromatico-pode-melhorar-seu-sono-e-acalmar-a-mente-antes-de-dormir\/","name":"Como um travesseiro arom\u00e1tico pode melhorar seu sono e acalmar a mente antes de dormir - Estado de Minas - Em foco","isPartOf":{"@id":"https:\/\/www.em.com.br\/emfoco\/#website"},"primaryImageOfPage":{"@id":"https:\/\/www.em.com.br\/emfoco\/2026\/03\/04\/como-um-travesseiro-aromatico-pode-melhorar-seu-sono-e-acalmar-a-mente-antes-de-dormir\/#primaryimage"},"image":{"@id":"https:\/\/www.em.com.br\/emfoco\/2026\/03\/04\/como-um-travesseiro-aromatico-pode-melhorar-seu-sono-e-acalmar-a-mente-antes-de-dormir\/#primaryimage"},"thumbnailUrl":"https:\/\/www.em.com.br\/emfoco\/wp-content\/uploads\/2026\/03\/dormindo_1772571308944.jpg","datePublished":"2026-03-04T23:05:19+00:00","dateModified":"2026-03-03T21:08:41+00:00","author":{"@id":"https:\/\/www.em.com.br\/emfoco\/#\/schema\/person\/0a8186d72f2c3a5c6276d90b41f271a0"},"description":"Aprenda como o travesseiro de l\u00fapulo e macela ajuda a relaxar a mente e melhora a qualidade do seu sono naturalmente","breadcrumb":{"@id":"https:\/\/www.em.com.br\/emfoco\/2026\/03\/04\/como-um-travesseiro-aromatico-pode-melhorar-seu-sono-e-acalmar-a-mente-antes-de-dormir\/#breadcrumb"},"inLanguage":"pt-BR","potentialAction":[{"@type":"ReadAction","target":["https:\/\/www.em.com.br\/emfoco\/2026\/03\/04\/como-um-travesseiro-aromatico-pode-melhorar-seu-sono-e-acalmar-a-mente-antes-de-dormir\/"]}]},{"@type":"ImageObject","inLanguage":"pt-BR","@id":"https:\/\/www.em.com.br\/emfoco\/2026\/03\/04\/como-um-travesseiro-aromatico-pode-melhorar-seu-sono-e-acalmar-a-mente-antes-de-dormir\/#primaryimage","url":"https:\/\/www.em.com.br\/emfoco\/wp-content\/uploads\/2026\/03\/dormindo_1772571308944.jpg","contentUrl":"https:\/\/www.em.com.br\/emfoco\/wp-content\/uploads\/2026\/03\/dormindo_1772571308944.jpg","width":1280,"height":720,"caption":"O chamado travesseiro de ervas \u00e9 um travesseiro comum que recebe, em seu interior ou na fronha - Cr\u00e9ditos: depositphotos.com \/ Milkos"},{"@type":"BreadcrumbList","@id":"https:\/\/www.em.com.br\/emfoco\/2026\/03\/04\/como-um-travesseiro-aromatico-pode-melhorar-seu-sono-e-acalmar-a-mente-antes-de-dormir\/#breadcrumb","itemListElement":[{"@type":"ListItem","position":1,"name":"In\u00edcio","item":"https:\/\/www.em.com.br\/emfoco\/"},{"@type":"ListItem","position":2,"name":"Como um travesseiro arom\u00e1tico pode melhorar seu sono e acalmar a mente antes de dormir"}]},{"@type":"WebSite","@id":"https:\/\/www.em.com.br\/emfoco\/#website","url":"https:\/\/www.em.com.br\/emfoco\/","name":"Estado de Minas - Em foco","description":"Acompanhe as \u00faltimas not\u00edcias e fique bem informado sobre tudo o que acontece em Minas Gerais, Brasil e no mundo.","potentialAction":[{"@type":"SearchAction","target":{"@type":"EntryPoint","urlTemplate":"https:\/\/www.em.com.br\/emfoco\/?s={search_term_string}"},"query-input":{"@type":"PropertyValueSpecification","valueRequired":true,"valueName":"search_term_string"}}],"inLanguage":"pt-BR"},{"@type":"Person","@id":"https:\/\/www.em.com.br\/emfoco\/#\/schema\/person\/0a8186d72f2c3a5c6276d90b41f271a0","name":"Daniely Cardoso","image":{"@type":"ImageObject","inLanguage":"pt-BR","@id":"https:\/\/www.em.com.br\/emfoco\/#\/schema\/person\/image\/","url":"https:\/\/secure.gravatar.com\/avatar\/4b80ddbd124d1f071b626d52d62e5dff?s=96&d=mm&r=g","contentUrl":"https:\/\/secure.gravatar.com\/avatar\/4b80ddbd124d1f071b626d52d62e5dff?s=96&d=mm&r=g","caption":"Daniely Cardoso"},"url":"https:\/\/www.em.com.br\/emfoco\/author\/danielymyth\/"}]}},"_links":{"self":[{"href":"https:\/\/www.em.com.br\/emfoco\/wp-json\/wp\/v2\/posts\/176797","targetHints":{"allow":["GET"]}}],"collection":[{"href":"https:\/\/www.em.com.br\/emfoco\/wp-json\/wp\/v2\/posts"}],"about":[{"href":"https:\/\/www.em.com.br\/emfoco\/wp-json\/wp\/v2\/types\/post"}],"author":[{"embeddable":true,"href":"https:\/\/www.em.com.br\/emfoco\/wp-json\/wp\/v2\/users\/9"}],"replies":[{"embeddable":true,"href":"https:\/\/www.em.com.br\/emfoco\/wp-json\/wp\/v2\/comments?post=176797"}],"version-history":[{"count":3,"href":"https:\/\/www.em.com.br\/emfoco\/wp-json\/wp\/v2\/posts\/176797\/revisions"}],"predecessor-version":[{"id":176973,"href":"https:\/\/www.em.com.br\/emfoco\/wp-json\/wp\/v2\/posts\/176797\/revisions\/176973"}],"wp:featuredmedia":[{"embeddable":true,"href":"https:\/\/www.em.com.br\/emfoco\/wp-json\/wp\/v2\/media\/176951"}],"wp:attachment":[{"href":"https:\/\/www.em.com.br\/emfoco\/wp-json\/wp\/v2\/media?parent=176797"}],"wp:term":[{"taxonomy":"category","embeddable":true,"href":"https:\/\/www.em.com.br\/emfoco\/wp-json\/wp\/v2\/categories?post=176797"},{"taxonomy":"post_tag","embeddable":true,"href":"https:\/\/www.em.com.br\/emfoco\/wp-json\/wp\/v2\/tags?post=176797"}],"curies":[{"name":"wp","href":"https:\/\/api.w.org\/{rel}","templated":true}]}}