{"id":176796,"date":"2026-03-04T19:45:14","date_gmt":"2026-03-04T22:45:14","guid":{"rendered":"https:\/\/www.em.com.br\/emfoco\/?p=176796"},"modified":"2026-03-03T17:51:07","modified_gmt":"2026-03-03T20:51:07","slug":"misterio-em-utah-a-arvore-de-6-mil-toneladas-que-se-renova-sem-nunca-recomecar-do-zero","status":"publish","type":"post","link":"https:\/\/www.em.com.br\/emfoco\/2026\/03\/04\/misterio-em-utah-a-arvore-de-6-mil-toneladas-que-se-renova-sem-nunca-recomecar-do-zero\/","title":{"rendered":"Mist\u00e9rio em Utah: a \u00e1rvore de 6 mil toneladas que se renova sem nunca recome\u00e7ar do zero"},"content":{"rendered":"\n<p>Imagine caminhar por uma \u201cfloresta\u201d e descobrir que, na verdade, todas aquelas milhares de \u00e1rvores s\u00e3o um \u00fanico ser vivo gigantesco escondido sob a terra. \u00c9 isso que acontece com o <b>Pando<\/b>, em Utah, nos Estados Unidos: o que parece um bosque comum de <b>\u00e1lamos tremedores<\/b> \u00e9, na verdade, um s\u00f3 organismo que se espalha por dezenas de hectares por meio de um sistema de ra\u00edzes compartilhado, considerado um dos mais antigos e pesados do planeta.<\/p>\n\n\n\n<h2 class=\"wp-block-heading\">O que \u00e9 o Pando e por que ele intriga a ci\u00eancia<\/h2>\n\n\n\n<p>O nome <strong>Pando<\/strong> vem do latim e significa \u201ceu espalho\u201d, uma descri\u00e7\u00e3o perfeita para esse organismo que se estende silenciosamente pelo subsolo. Em vez de muitas <b>\u00e1rvores diferentes<\/b>, o Pando \u00e9 um \u00fanico indiv\u00edduo formado por milhares de troncos de <em>Populus tremuloides<\/em>, todos geneticamente id\u00eanticos e ligados a uma mesma raiz-m\u00e3e.<\/p>\n\n\n\n<p>Pesquisas indicam que o Pando ocupa cerca de 43 hectares e re\u00fane em torno de 47 mil troncos vis\u00edveis, formando um \u201ctapete vivo\u201d impressionante. Com peso estimado em mais de 6 mil <b>toneladas<\/b> e idade aproximada de 80 mil anos, ele desafia a nossa no\u00e7\u00e3o de o que \u00e9 um <b>indiv\u00edduo<\/b> e de quanto tempo a vida pode durar.<\/p>\n\n\n\n<figure class=\"wp-block-embed is-type-rich is-provider-pinterest wp-block-embed-pinterest\"><div class=\"wp-block-embed__wrapper\">\n<iframe loading=\"lazy\" title=\"The Under-The-Radar Destination in Utah With the Most Beautiful Fall Foliage in the State\" src=\"https:\/\/assets.pinterest.com\/ext\/embed.html?id=134896951332932109&#038;src=oembed\" height=\"775\" width=\"450\" frameborder=\"0\" scrolling=\"no\" ><\/iframe>\n<\/div><\/figure>\n\n\n\n<p>Leai tamb\u00e9m:&nbsp;<a href=\"https:\/\/www.em.com.br\/emfoco\/2026\/02\/28\/atencao-no-quintal-ratos-usam-arvores-como-ponte-para-invadir-sua-casa\/\" target=\"_blank\" rel=\"noopener\">Aten\u00e7\u00e3o no quintal: ratos usam \u00e1rvores como ponte para invadir sua casa<\/a><\/p>\n\n\n\n<h2 class=\"wp-block-heading\">Como funciona a floresta de uma \u00e1rvore s\u00f3 do Pando<\/h2>\n\n\n\n<p>Em vez de depender apenas de sementes, o Pando cresce por <b>clonagem natural<\/b>: novos troncos brotam diretamente de sua raiz subterr\u00e2nea j\u00e1 estabelecida. Cada tronco \u00e9 como um \u201cgalho que surgiu do ch\u00e3o\u201d, mas todos fazem parte do mesmo organismo, compartilhando o mesmo <b>DNA<\/b> e a mesma base de nutrientes.<\/p>\n\n\n\n<p>Os troncos vivem, em m\u00e9dia, entre 80 e 150 anos, secam, caem e abrem espa\u00e7o para novos brotos em outros pontos da raiz. Assim, o Pando se renova sem nunca \u201crecome\u00e7ar do zero\u201d, mantendo sua <b>continuidade<\/b> ao longo de milhares de anos e atravessando mudan\u00e7as clim\u00e1ticas, per\u00edodos de seca e transforma\u00e7\u00f5es da <b>paisagem<\/b> ao redor.<\/p>\n\n\n<div class=\"wp-block-image\">\n<figure class=\"aligncenter size-large\"><img loading=\"lazy\" decoding=\"async\" width=\"1024\" height=\"576\" src=\"https:\/\/www.em.com.br\/emfoco\/wp-content\/uploads\/2026\/03\/utah-floresta_1772571015160-1024x576.jpg\" alt=\"\" class=\"wp-image-176944\" srcset=\"https:\/\/www.em.com.br\/emfoco\/wp-content\/uploads\/2026\/03\/utah-floresta_1772571015160-1024x576.jpg 1024w, https:\/\/www.em.com.br\/emfoco\/wp-content\/uploads\/2026\/03\/utah-floresta_1772571015160-300x169.jpg 300w, https:\/\/www.em.com.br\/emfoco\/wp-content\/uploads\/2026\/03\/utah-floresta_1772571015160-768x432.jpg 768w, https:\/\/www.em.com.br\/emfoco\/wp-content\/uploads\/2026\/03\/utah-floresta_1772571015160-750x422.jpg 750w, https:\/\/www.em.com.br\/emfoco\/wp-content\/uploads\/2026\/03\/utah-floresta_1772571015160-1140x641.jpg 1140w, https:\/\/www.em.com.br\/emfoco\/wp-content\/uploads\/2026\/03\/utah-floresta_1772571015160.jpg 1280w\" sizes=\"auto, (max-width: 1024px) 100vw, 1024px\" \/><figcaption class=\"wp-element-caption\">Os troncos vivem, em m\u00e9dia, entre 80 e 150 anos, secam, caem e abrem espa\u00e7o para novos brotos em outros pontos da raiz &#8211; Cr\u00e9ditos: depositphotos.com \/ chrisfinch99<\/figcaption><\/figure><\/div>\n\n\n<h2 class=\"wp-block-heading\">Por que o Pando \u00e9 t\u00e3o importante para o meio ambiente<\/h2>\n\n\n\n<p>Al\u00e9m de curioso, o Pando \u00e9 uma pe\u00e7a-chave para o equil\u00edbrio da regi\u00e3o onde est\u00e1. Suas ra\u00edzes ajudam a segurar o <b>solo<\/b>, diminuindo a eros\u00e3o em um ambiente relativamente seco, enquanto a copa dos troncos cria sombra, abrigo e um <b>microclima<\/b> mais ameno para muitas outras formas de vida.<\/p>\n\n\n\n<p>Entre galhos, folhas e ra\u00edzes, essa \u201cfloresta de uma \u00e1rvore s\u00f3\u201d serve de casa para aves, insetos, pequenos mam\u00edferos, fungos e in\u00fameras plantas menores. Ao mesmo tempo, funciona como um grande reservat\u00f3rio de <strong>carbono<\/strong>, ajudando a reter parte do di\u00f3xido de carbono da atmosfera em um momento em que o aquecimento <b>global<\/b> \u00e9 uma das maiores preocupa\u00e7\u00f5es do planeta.<\/p>\n\n\n\n<p>Para voc\u00ea que gosta de curiosidades, separmaos um v\u00eddeo do canal da<a href=\"https:\/\/www.youtube.com\/@VersadabyVaneCosta\" target=\"_blank\" rel=\"noreferrer noopener\"> Vane Costa <\/a>com a hist\u00f3ria por tr\u00e1s do pando:<\/p>\n\n\n\n<figure class=\"wp-block-embed is-type-video is-provider-youtube wp-block-embed-youtube wp-embed-aspect-16-9 wp-has-aspect-ratio\"><div class=\"wp-block-embed__wrapper\">\n<div class=\"jeg_video_container jeg_video_content\"><iframe loading=\"lazy\" title=\"Vem o conhecer o Pando! O gigante de uma \u00e1rvore s\u00f3!\" width=\"500\" height=\"281\" src=\"https:\/\/www.youtube.com\/embed\/KdPstJ0oqDE?feature=oembed\" frameborder=\"0\" allow=\"accelerometer; autoplay; clipboard-write; encrypted-media; gyroscope; picture-in-picture; web-share\" referrerpolicy=\"strict-origin-when-cross-origin\" allowfullscreen><\/iframe><\/div>\n<\/div><\/figure>\n\n\n\n<h2 class=\"wp-block-heading\">Quais amea\u00e7as o Pando enfrenta atualmente<\/h2>\n\n\n\n<p>Apesar de ter atravessado mil\u00eanios, o Pando vem mostrando sinais de cansa\u00e7o em algumas \u00e1reas, principalmente pela dificuldade de regenerar troncos mais jovens. Um dos problemas \u00e9 o pastoreio intenso de cervos e alces, que adoram se alimentar justamente dos brotos novos que garantem o <b>futuro<\/b> do organismo.<\/p>\n\n\n\n<p>Somam-se a isso as mudan\u00e7as clim\u00e1ticas e altera\u00e7\u00f5es no regime natural de queimadas, muitas vezes causadas pela a\u00e7\u00e3o humana. Para enfrentar essas amea\u00e7as, pesquisadores e gestores ambientais testam estrat\u00e9gias como cercar partes da \u00e1rea, monitorar o crescimento por sat\u00e9lite e repensar o manejo do <b>fogo<\/b> e do uso do <b>solo<\/b> ao redor.<\/p>\n\n\n\n<ul class=\"wp-block-list\">\n<li><b>Controle<\/b> de herb\u00edvoros em setores mais fr\u00e1geis do organismo.<\/li>\n\n\n\n<li>Monitoramento constante com <b>imagens<\/b>, medi\u00e7\u00f5es e visitas de campo.<\/li>\n\n\n\n<li>Avalia\u00e7\u00e3o de pr\u00e1ticas de manejo do fogo e de atividades <b>humanas<\/b> locais.<\/li>\n<\/ul>\n\n\n\n<figure class=\"wp-block-embed is-type-rich is-provider-pinterest wp-block-embed-pinterest\"><div class=\"wp-block-embed__wrapper\">\n<iframe loading=\"lazy\" title=\"An Autumn drive in Utah \ud83c\udf42\" src=\"https:\/\/assets.pinterest.com\/ext\/embed.html?id=25895766604769785&#038;src=oembed\" height=\"899\" width=\"450\" frameborder=\"0\" scrolling=\"no\" ><\/iframe>\n<\/div><\/figure>\n\n\n\n<h2 class=\"wp-block-heading\">O que o Pando revela sobre o tempo e a vida na Terra<\/h2>\n\n\n\n<p>A hist\u00f3ria do Pando \u00e9 como um fio cont\u00ednuo atravessando milhares de anos, enquanto tudo ao seu redor muda: clima, animais, vegeta\u00e7\u00e3o e at\u00e9 a presen\u00e7a humana. Em cerca de 80 mil anos, esse sistema radicular se manteve vivo gra\u00e7as a uma sequ\u00eancia ininterrupta de brota\u00e7\u00f5es, resistindo a per\u00edodos frios, secos e <b>quentes<\/b>.<\/p>\n\n\n\n<p>Para a ci\u00eancia, o Pando \u00e9 um \u201carquivo vivo\u201d que mostra como um \u00fanico organismo pode responder a transforma\u00e7\u00f5es lentas e duradouras no ambiente. Para quem visita o local, ele se torna um s\u00edmbolo de <b>continuidade<\/b> e interdepend\u00eancia, lembrando que a preserva\u00e7\u00e3o dessa floresta de uma \u00e1rvore s\u00f3 depende de entender seus limites e reduzir as press\u00f5es sobre ela para que novas gera\u00e7\u00f5es de <b>troncos<\/b> continuem a surgir.<\/p>\n","protected":false},"excerpt":{"rendered":"<p>Imagine caminhar por uma \u201cfloresta\u201d e descobrir que, na verdade, todas aquelas milhares de \u00e1rvores s\u00e3o um \u00fanico ser vivo gigantesco escondido sob a terra. \u00c9 isso que acontece com o Pando, em Utah, nos Estados Unidos: o que parece um bosque comum de \u00e1lamos tremedores \u00e9, na verdade, um s\u00f3 organismo que se espalha [&hellip;]<\/p>\n","protected":false},"author":9,"featured_media":176942,"comment_status":"open","ping_status":"open","sticky":false,"template":"","format":"standard","meta":{"jnews-multi-image_gallery":[],"jnews_single_post":{"format":"standard"},"jnews_primary_category":[],"jnews_social_meta":[],"jnews_override_counter":[],"footnotes":""},"categories":[8691,8819,1],"tags":[25558,25559,25560],"class_list":["post-176796","post","type-post","status-publish","format-standard","has-post-thumbnail","hentry","category-bem-estar","category-curiosidades","category-noticias","tag-floresta-de-uma-arvore","tag-organismo-gigante","tag-utah"],"yoast_head":"<!-- This site is optimized with the Yoast SEO plugin v23.8 - https:\/\/yoast.com\/wordpress\/plugins\/seo\/ -->\n<title>Mist\u00e9rio em Utah: a \u00e1rvore de 6 mil toneladas que se renova sem nunca recome\u00e7ar do zero - Estado de Minas - Em foco<\/title>\n<meta name=\"description\" content=\"Descubra o Pando, o organismo vivo mais pesado do mundo que forma uma floresta inteira a partir de uma \u00fanica raiz\" \/>\n<meta name=\"robots\" content=\"index, follow, max-snippet:-1, max-image-preview:large, max-video-preview:-1\" \/>\n<link rel=\"canonical\" href=\"https:\/\/www.em.com.br\/emfoco\/2026\/03\/04\/misterio-em-utah-a-arvore-de-6-mil-toneladas-que-se-renova-sem-nunca-recomecar-do-zero\/\" \/>\n<meta property=\"og:locale\" content=\"pt_BR\" \/>\n<meta property=\"og:type\" content=\"article\" \/>\n<meta property=\"og:title\" content=\"Mist\u00e9rio em Utah: a \u00e1rvore de 6 mil toneladas que se renova sem nunca recome\u00e7ar do zero - Estado de Minas - Em foco\" \/>\n<meta property=\"og:description\" content=\"Descubra o Pando, o organismo vivo mais pesado do mundo que forma uma floresta inteira a partir de uma \u00fanica raiz\" \/>\n<meta property=\"og:url\" content=\"https:\/\/www.em.com.br\/emfoco\/2026\/03\/04\/misterio-em-utah-a-arvore-de-6-mil-toneladas-que-se-renova-sem-nunca-recomecar-do-zero\/\" \/>\n<meta property=\"og:site_name\" content=\"Estado de Minas - Em foco\" \/>\n<meta property=\"article:published_time\" content=\"2026-03-04T22:45:14+00:00\" \/>\n<meta property=\"article:modified_time\" content=\"2026-03-03T20:51:07+00:00\" \/>\n<meta property=\"og:image\" content=\"https:\/\/www.em.com.br\/emfoco\/wp-content\/uploads\/2026\/03\/utah-floresta_1772570932912.jpg\" \/>\n\t<meta property=\"og:image:width\" content=\"1280\" \/>\n\t<meta property=\"og:image:height\" content=\"720\" \/>\n\t<meta property=\"og:image:type\" content=\"image\/jpeg\" \/>\n<meta name=\"author\" content=\"Daniely Cardoso\" \/>\n<meta name=\"twitter:card\" content=\"summary_large_image\" \/>\n<meta name=\"twitter:label1\" content=\"Escrito por\" \/>\n\t<meta name=\"twitter:data1\" content=\"Daniely Cardoso\" \/>\n\t<meta name=\"twitter:label2\" content=\"Est. tempo de leitura\" \/>\n\t<meta name=\"twitter:data2\" content=\"5 minutos\" \/>\n<!-- \/ Yoast SEO plugin. -->","yoast_head_json":{"title":"Mist\u00e9rio em Utah: a \u00e1rvore de 6 mil toneladas que se renova sem nunca recome\u00e7ar do zero - Estado de Minas - Em foco","description":"Descubra o Pando, o organismo vivo mais pesado do mundo que forma uma floresta inteira a partir de uma \u00fanica raiz","robots":{"index":"index","follow":"follow","max-snippet":"max-snippet:-1","max-image-preview":"max-image-preview:large","max-video-preview":"max-video-preview:-1"},"canonical":"https:\/\/www.em.com.br\/emfoco\/2026\/03\/04\/misterio-em-utah-a-arvore-de-6-mil-toneladas-que-se-renova-sem-nunca-recomecar-do-zero\/","og_locale":"pt_BR","og_type":"article","og_title":"Mist\u00e9rio em Utah: a \u00e1rvore de 6 mil toneladas que se renova sem nunca recome\u00e7ar do zero - Estado de Minas - Em foco","og_description":"Descubra o Pando, o organismo vivo mais pesado do mundo que forma uma floresta inteira a partir de uma \u00fanica raiz","og_url":"https:\/\/www.em.com.br\/emfoco\/2026\/03\/04\/misterio-em-utah-a-arvore-de-6-mil-toneladas-que-se-renova-sem-nunca-recomecar-do-zero\/","og_site_name":"Estado de Minas - Em foco","article_published_time":"2026-03-04T22:45:14+00:00","article_modified_time":"2026-03-03T20:51:07+00:00","og_image":[{"width":1280,"height":720,"url":"https:\/\/www.em.com.br\/emfoco\/wp-content\/uploads\/2026\/03\/utah-floresta_1772570932912.jpg","type":"image\/jpeg"}],"author":"Daniely Cardoso","twitter_card":"summary_large_image","twitter_misc":{"Escrito por":"Daniely Cardoso","Est. tempo de leitura":"5 minutos"},"schema":{"@context":"https:\/\/schema.org","@graph":[{"@type":"WebPage","@id":"https:\/\/www.em.com.br\/emfoco\/2026\/03\/04\/misterio-em-utah-a-arvore-de-6-mil-toneladas-que-se-renova-sem-nunca-recomecar-do-zero\/","url":"https:\/\/www.em.com.br\/emfoco\/2026\/03\/04\/misterio-em-utah-a-arvore-de-6-mil-toneladas-que-se-renova-sem-nunca-recomecar-do-zero\/","name":"Mist\u00e9rio em Utah: a \u00e1rvore de 6 mil toneladas que se renova sem nunca recome\u00e7ar do zero - Estado de Minas - Em foco","isPartOf":{"@id":"https:\/\/www.em.com.br\/emfoco\/#website"},"primaryImageOfPage":{"@id":"https:\/\/www.em.com.br\/emfoco\/2026\/03\/04\/misterio-em-utah-a-arvore-de-6-mil-toneladas-que-se-renova-sem-nunca-recomecar-do-zero\/#primaryimage"},"image":{"@id":"https:\/\/www.em.com.br\/emfoco\/2026\/03\/04\/misterio-em-utah-a-arvore-de-6-mil-toneladas-que-se-renova-sem-nunca-recomecar-do-zero\/#primaryimage"},"thumbnailUrl":"https:\/\/www.em.com.br\/emfoco\/wp-content\/uploads\/2026\/03\/utah-floresta_1772570932912.jpg","datePublished":"2026-03-04T22:45:14+00:00","dateModified":"2026-03-03T20:51:07+00:00","author":{"@id":"https:\/\/www.em.com.br\/emfoco\/#\/schema\/person\/0a8186d72f2c3a5c6276d90b41f271a0"},"description":"Descubra o Pando, o organismo vivo mais pesado do mundo que forma uma floresta inteira a partir de uma \u00fanica raiz","breadcrumb":{"@id":"https:\/\/www.em.com.br\/emfoco\/2026\/03\/04\/misterio-em-utah-a-arvore-de-6-mil-toneladas-que-se-renova-sem-nunca-recomecar-do-zero\/#breadcrumb"},"inLanguage":"pt-BR","potentialAction":[{"@type":"ReadAction","target":["https:\/\/www.em.com.br\/emfoco\/2026\/03\/04\/misterio-em-utah-a-arvore-de-6-mil-toneladas-que-se-renova-sem-nunca-recomecar-do-zero\/"]}]},{"@type":"ImageObject","inLanguage":"pt-BR","@id":"https:\/\/www.em.com.br\/emfoco\/2026\/03\/04\/misterio-em-utah-a-arvore-de-6-mil-toneladas-que-se-renova-sem-nunca-recomecar-do-zero\/#primaryimage","url":"https:\/\/www.em.com.br\/emfoco\/wp-content\/uploads\/2026\/03\/utah-floresta_1772570932912.jpg","contentUrl":"https:\/\/www.em.com.br\/emfoco\/wp-content\/uploads\/2026\/03\/utah-floresta_1772570932912.jpg","width":1280,"height":720,"caption":"Pesquisas indicam que o Pando ocupa cerca de 43 hectares e re\u00fane em torno de 47 mil troncos vis\u00edveis - Cr\u00e9ditos: depositphotos.com \/ kamchatka"},{"@type":"BreadcrumbList","@id":"https:\/\/www.em.com.br\/emfoco\/2026\/03\/04\/misterio-em-utah-a-arvore-de-6-mil-toneladas-que-se-renova-sem-nunca-recomecar-do-zero\/#breadcrumb","itemListElement":[{"@type":"ListItem","position":1,"name":"In\u00edcio","item":"https:\/\/www.em.com.br\/emfoco\/"},{"@type":"ListItem","position":2,"name":"Mist\u00e9rio em Utah: a \u00e1rvore de 6 mil toneladas que se renova sem nunca recome\u00e7ar do zero"}]},{"@type":"WebSite","@id":"https:\/\/www.em.com.br\/emfoco\/#website","url":"https:\/\/www.em.com.br\/emfoco\/","name":"Estado de Minas - Em foco","description":"Acompanhe as \u00faltimas not\u00edcias e fique bem informado sobre tudo o que acontece em Minas Gerais, Brasil e no mundo.","potentialAction":[{"@type":"SearchAction","target":{"@type":"EntryPoint","urlTemplate":"https:\/\/www.em.com.br\/emfoco\/?s={search_term_string}"},"query-input":{"@type":"PropertyValueSpecification","valueRequired":true,"valueName":"search_term_string"}}],"inLanguage":"pt-BR"},{"@type":"Person","@id":"https:\/\/www.em.com.br\/emfoco\/#\/schema\/person\/0a8186d72f2c3a5c6276d90b41f271a0","name":"Daniely Cardoso","image":{"@type":"ImageObject","inLanguage":"pt-BR","@id":"https:\/\/www.em.com.br\/emfoco\/#\/schema\/person\/image\/","url":"https:\/\/secure.gravatar.com\/avatar\/4b80ddbd124d1f071b626d52d62e5dff?s=96&d=mm&r=g","contentUrl":"https:\/\/secure.gravatar.com\/avatar\/4b80ddbd124d1f071b626d52d62e5dff?s=96&d=mm&r=g","caption":"Daniely Cardoso"},"url":"https:\/\/www.em.com.br\/emfoco\/author\/danielymyth\/"}]}},"_links":{"self":[{"href":"https:\/\/www.em.com.br\/emfoco\/wp-json\/wp\/v2\/posts\/176796","targetHints":{"allow":["GET"]}}],"collection":[{"href":"https:\/\/www.em.com.br\/emfoco\/wp-json\/wp\/v2\/posts"}],"about":[{"href":"https:\/\/www.em.com.br\/emfoco\/wp-json\/wp\/v2\/types\/post"}],"author":[{"embeddable":true,"href":"https:\/\/www.em.com.br\/emfoco\/wp-json\/wp\/v2\/users\/9"}],"replies":[{"embeddable":true,"href":"https:\/\/www.em.com.br\/emfoco\/wp-json\/wp\/v2\/comments?post=176796"}],"version-history":[{"count":2,"href":"https:\/\/www.em.com.br\/emfoco\/wp-json\/wp\/v2\/posts\/176796\/revisions"}],"predecessor-version":[{"id":176946,"href":"https:\/\/www.em.com.br\/emfoco\/wp-json\/wp\/v2\/posts\/176796\/revisions\/176946"}],"wp:featuredmedia":[{"embeddable":true,"href":"https:\/\/www.em.com.br\/emfoco\/wp-json\/wp\/v2\/media\/176942"}],"wp:attachment":[{"href":"https:\/\/www.em.com.br\/emfoco\/wp-json\/wp\/v2\/media?parent=176796"}],"wp:term":[{"taxonomy":"category","embeddable":true,"href":"https:\/\/www.em.com.br\/emfoco\/wp-json\/wp\/v2\/categories?post=176796"},{"taxonomy":"post_tag","embeddable":true,"href":"https:\/\/www.em.com.br\/emfoco\/wp-json\/wp\/v2\/tags?post=176796"}],"curies":[{"name":"wp","href":"https:\/\/api.w.org\/{rel}","templated":true}]}}