{"id":176795,"date":"2026-03-04T19:15:10","date_gmt":"2026-03-04T22:15:10","guid":{"rendered":"https:\/\/www.em.com.br\/emfoco\/?p=176795"},"modified":"2026-03-03T17:45:30","modified_gmt":"2026-03-03T20:45:30","slug":"elegancia-natural-como-usar-linho-no-dia-a-dia-sem-abrir-mao-de-conforto-e-sofisticacao","status":"publish","type":"post","link":"https:\/\/www.em.com.br\/emfoco\/2026\/03\/04\/elegancia-natural-como-usar-linho-no-dia-a-dia-sem-abrir-mao-de-conforto-e-sofisticacao\/","title":{"rendered":"Eleg\u00e2ncia natural: como usar linho no dia a dia sem abrir m\u00e3o de conforto e sofistica\u00e7\u00e3o"},"content":{"rendered":"\n<p>Voc\u00ea j\u00e1 reparou como algumas <b>mulheres<\/b> parecem sempre frescas e elegantes, mesmo naquele calor que faz a gente querer morar no <b>ar-condicionado<\/b>? Muitas delas t\u00eam um segredo em comum no guarda-roupa: o linho sustent\u00e1vel, que deixou de ser \u201co tecido que amassa demais\u201d para virar s\u00edmbolo de conforto, leveza e um jeito mais consciente de se vestir, especialmente em cidades <b>quentes<\/b> do Brasil.<\/p>\n\n\n\n<h2 class=\"wp-block-heading\">O que torna o linho sustent\u00e1vel diferente dos outros tecidos<\/h2>\n\n\n\n<p>Quando falamos em <b>linho<\/b> sustent\u00e1vel, n\u00e3o \u00e9 s\u00f3 sobre moda, \u00e9 sobre como essa fibra nasce e chega at\u00e9 o seu <b>corpo<\/b>. O linho vem do caule da planta do flax, que precisa de menos \u00e1gua que o algod\u00e3o convencional e, em muitos casos, demanda menos <b>defensivos<\/b> qu\u00edmicos, dependendo do tipo de cultivo.<\/p>\n\n\n\n<p>Outro ponto importante \u00e9 que pe\u00e7as de <b>linho<\/b> duram muito tempo quando bem cuidadas, o que evita compras constantes e desperd\u00edcio. Algumas marcas j\u00e1 trabalham com certifica\u00e7\u00f5es, <b>rastreabilidade<\/b> e misturas com fibras recicladas ou algod\u00e3o org\u00e2nico, aproximando o tecido de um consumo mais respons\u00e1vel e alinhado \u00e0 ideia de \u201ccomprar menos e <b>melhor<\/b>\u201d.<\/p>\n\n\n\n<figure class=\"wp-block-embed is-type-rich is-provider-pinterest wp-block-embed-pinterest\"><div class=\"wp-block-embed__wrapper\">\n<iframe loading=\"lazy\" title=\"O\u00a0Vestido Vanessa\u00a0\u00e9 a escolha perfeita para mulheres que desejam unir estilo e conforto em um s\u00f3 look. Com um tecido misto de\u00a070% Viscose e 30% Linho e forro em malha, esta pe\u00e7a \u00e9 leve e fresca, ideal para diversas ocasi\u00f5es.  Modelo midi\u00a0com fenda lateral que garante liberdade de movimento e um charme especial.  com cava francesa, proporcionando um caimento impec\u00e1vel.   Decote cava francesa e detalhe de pesponto nas al\u00e7as para um toque sofisticado.  Acompanha\u00a0faixa do pr\u00f3prio tecido pespontad...\" src=\"https:\/\/assets.pinterest.com\/ext\/embed.html?id=68749732115&#038;src=oembed\" height=\"899\" width=\"450\" frameborder=\"0\" scrolling=\"no\" ><\/iframe>\n<\/div><\/figure>\n\n\n\n<p>Leia tamb\u00e9m:&nbsp;&nbsp;<a href=\"https:\/\/www.em.com.br\/emfoco\/2026\/02\/26\/moda-verao-2026-as-tendencias-que-unem-glamour-retro-frescor-do-oceano-e-estilo-artesanal\/\" target=\"_blank\" rel=\"noopener\">Moda ver\u00e3o 2026: as tend\u00eancias que unem glamour retr\u00f4, frescor do oceano e estilo artesanal<\/a><\/p>\n\n\n\n<h2 class=\"wp-block-heading\">Por que o amassado do linho virou s\u00edmbolo de status e estilo<\/h2>\n\n\n\n<p>Aquele amassado natural, que antes fazia muita gente torcer o nariz, hoje \u00e9 visto como parte do <b>charme<\/b> do linho. Em vez de parecer desleixo, o enrugado suave comunica uma eleg\u00e2ncia descomplicada, conectada a estilos como <em>resort wear<\/em>, <b>slow<\/b> fashion e um visual minimalista que valoriza o tecido, n\u00e3o o excesso de <b>informa\u00e7\u00e3o<\/b>.<\/p>\n\n\n\n<p>Como o linho aparece bastante em hot\u00e9is de luxo, restaurantes de praia sofisticados e cole\u00e7\u00f5es de marcas premium, ele acabou ganhando esse ar de \u201cluxo discreto\u201d. Na pr\u00e1tica, vestir um vestido ou conjunto de <b>linho<\/b> no dia a dia \u00e9 quase como trazer um pouco da sensa\u00e7\u00e3o de f\u00e9rias para a rotina <b>urbana<\/b>, sem exagero e sem <b>rigidez<\/b>.<\/p>\n\n\n\n<figure class=\"wp-block-embed is-type-rich is-provider-pinterest wp-block-embed-pinterest\"><div class=\"wp-block-embed__wrapper\">\n<iframe loading=\"lazy\" title=\"Vestido 100% linho 540$\" src=\"https:\/\/assets.pinterest.com\/ext\/embed.html?id=68748838051&#038;src=oembed\" height=\"899\" width=\"450\" frameborder=\"0\" scrolling=\"no\" ><\/iframe>\n<\/div><\/figure>\n\n\n\n<h2 class=\"wp-block-heading\">Como o linho sustent\u00e1vel ajuda mulheres em climas tropicais<\/h2>\n\n\n\n<p>Quem enfrenta sol forte, umidade alta, tr\u00e2nsito e longos trajetos sabe o quanto o tecido faz diferen\u00e7a no <b>humor<\/b> ao longo do dia. O <b>linho<\/b> sustent\u00e1vel deixa o ar circular melhor, absorve a umidade do suor e seca r\u00e1pido, ajudando a manter o corpo mais fresco, mesmo quando a temperatura n\u00e3o <b>colabora<\/b>.<\/p>\n\n\n\n<p>Com a gramatura certa, ele \u00e9 leve sem ser transparente e funciona bem em roupas para trabalhar, estudar ou curtir o fim de semana. Vestidos midi, <b>macac\u00f5es<\/b>, camisas amplas e pantalonas de linho permitem movimento, respiram bem e evitam aquela sensa\u00e7\u00e3o de roupa colando no <b>corpo<\/b> em dias muito <b>quentes<\/b>. Se voc\u00ea gosta de moda, separamos esse v\u00eddeo da <a href=\"https:\/\/www.youtube.com\/@lidianestambassi2871\" target=\"_blank\" rel=\"noreferrer noopener\">Lidiane Stambassi<\/a> mostrando como usar linho:<\/p>\n\n\n\n<figure class=\"wp-block-embed is-type-video is-provider-youtube wp-block-embed-youtube wp-embed-aspect-16-9 wp-has-aspect-ratio\"><div class=\"wp-block-embed__wrapper\">\n<div class=\"jeg_video_container jeg_video_content\"><iframe loading=\"lazy\" title=\"COMO USAR ROUPAS DE LINHO COM ESTILO\" width=\"500\" height=\"281\" src=\"https:\/\/www.youtube.com\/embed\/C1Fz5R4D2V4?feature=oembed\" frameborder=\"0\" allow=\"accelerometer; autoplay; clipboard-write; encrypted-media; gyroscope; picture-in-picture; web-share\" referrerpolicy=\"strict-origin-when-cross-origin\" allowfullscreen><\/iframe><\/div>\n<\/div><\/figure>\n\n\n\n<h2 class=\"wp-block-heading\">Como incorporar o linho sustent\u00e1vel ao guarda-roupa no dia a dia<\/h2>\n\n\n\n<p>Se voc\u00ea quer testar o linho sem mudar todo o guarda-roupa, comece por pe\u00e7as-chave e vers\u00e1teis. Uma camisa de <b>linho<\/b> neutra, por exemplo, pode ir ao escrit\u00f3rio com cal\u00e7a de alfaiataria e, no fim de semana, acompanhar um shorts de cintura alta ou uma saia fluida, apenas trocando os <b>acess\u00f3rios<\/b>.<\/p>\n\n\n\n<p>Para deixar o uso do linho ainda mais pr\u00e1tico e menos trabalhoso na rotina, algumas escolhas ajudam bastante:<\/p>\n\n\n\n<ul class=\"wp-block-list\">\n<li><b>Misturas<\/b> de fibras: linho com viscose ou algod\u00e3o costuma amassar menos e continua <b>fresco<\/b>.<\/li>\n\n\n\n<li><b>Cortes<\/b> estruturados: blazers, coletes e cal\u00e7as bem modeladas equilibram o ar <b>despojado<\/b>.<\/li>\n\n\n\n<li><b>Cuidados<\/b> simples: lavagem suave, secagem \u00e0 sombra e cabides preservam o <b>caimento<\/b>.<\/li>\n\n\n\n<li><b>Amassado<\/b> intencional: passar s\u00f3 gola, punhos ou barra j\u00e1 garante um visual <b>organizado<\/b>.<\/li>\n<\/ul>\n\n\n\n<figure class=\"wp-block-embed is-type-rich is-provider-pinterest wp-block-embed-pinterest\"><div class=\"wp-block-embed__wrapper\">\n<iframe loading=\"lazy\" title=\" \" src=\"https:\/\/assets.pinterest.com\/ext\/embed.html?id=61783826134459729&#038;src=oembed\" height=\"924\" width=\"450\" frameborder=\"0\" scrolling=\"no\" ><\/iframe>\n<\/div><\/figure>\n\n\n\n<h2 class=\"wp-block-heading\">O futuro do linho sustent\u00e1vel e a nova ideia de eleg\u00e2ncia natural<\/h2>\n\n\n\n<p>A popularidade do <b>linho<\/b> sustent\u00e1vel mostra que a ideia de eleg\u00e2ncia est\u00e1 mudando. Em vez de roupas sempre milimetricamente passadas, ganha espa\u00e7o um visual alinhado ao <b>clima<\/b> real, ao corre-corre di\u00e1rio e a escolhas que pesam menos para o planeta, sem abrir m\u00e3o de <b>beleza<\/b> e personalidade.<\/p>\n\n\n\n<p>Com avan\u00e7os nas formas de cultivo e tratamento da fibra, a tend\u00eancia \u00e9 que o linho se torne mais acess\u00edvel e apare\u00e7a em diferentes faixas de pre\u00e7o. O amassado, antes motivo de rejei\u00e7\u00e3o, agora \u00e9 quase uma assinatura: um sinal de que a pe\u00e7a foi feita para ser <b>vivida<\/b>, acompanhando a rotina com conforto, autenticidade e um cuidado mais gentil com o <b>mundo<\/b>.<\/p>\n","protected":false},"excerpt":{"rendered":"<p>Voc\u00ea j\u00e1 reparou como algumas mulheres parecem sempre frescas e elegantes, mesmo naquele calor que faz a gente querer morar no ar-condicionado? Muitas delas t\u00eam um segredo em comum no guarda-roupa: o linho sustent\u00e1vel, que deixou de ser \u201co tecido que amassa demais\u201d para virar s\u00edmbolo de conforto, leveza e um jeito mais consciente de [&hellip;]<\/p>\n","protected":false},"author":9,"featured_media":163817,"comment_status":"open","ping_status":"open","sticky":false,"template":"","format":"standard","meta":{"jnews-multi-image_gallery":[],"jnews_single_post":{"format":"standard"},"jnews_primary_category":[],"jnews_social_meta":[],"jnews_override_counter":[],"footnotes":""},"categories":[8691,8819,1],"tags":[25557,4977,9446,1920],"class_list":["post-176795","post","type-post","status-publish","format-standard","has-post-thumbnail","hentry","category-bem-estar","category-curiosidades","category-noticias","tag-linho-sustentavel","tag-moda","tag-roupa","tag-tendencia"],"yoast_head":"<!-- This site is optimized with the Yoast SEO plugin v23.8 - https:\/\/yoast.com\/wordpress\/plugins\/seo\/ -->\n<title>Eleg\u00e2ncia natural: como usar linho no dia a dia sem abrir m\u00e3o de conforto e sofistica\u00e7\u00e3o - Estado de Minas - Em foco<\/title>\n<meta name=\"description\" content=\"Linho sustent\u00e1vel: descubra como unir conforto, frescor e eleg\u00e2ncia em roupas pr\u00e1ticas e conscientes para o dia a dia.\" \/>\n<meta name=\"robots\" content=\"index, follow, max-snippet:-1, max-image-preview:large, max-video-preview:-1\" \/>\n<link rel=\"canonical\" href=\"https:\/\/www.em.com.br\/emfoco\/2026\/03\/04\/elegancia-natural-como-usar-linho-no-dia-a-dia-sem-abrir-mao-de-conforto-e-sofisticacao\/\" \/>\n<meta property=\"og:locale\" content=\"pt_BR\" \/>\n<meta property=\"og:type\" content=\"article\" \/>\n<meta property=\"og:title\" content=\"Eleg\u00e2ncia natural: como usar linho no dia a dia sem abrir m\u00e3o de conforto e sofistica\u00e7\u00e3o - Estado de Minas - Em foco\" \/>\n<meta property=\"og:description\" content=\"Linho sustent\u00e1vel: descubra como unir conforto, frescor e eleg\u00e2ncia em roupas pr\u00e1ticas e conscientes para o dia a dia.\" \/>\n<meta property=\"og:url\" content=\"https:\/\/www.em.com.br\/emfoco\/2026\/03\/04\/elegancia-natural-como-usar-linho-no-dia-a-dia-sem-abrir-mao-de-conforto-e-sofisticacao\/\" \/>\n<meta property=\"og:site_name\" content=\"Estado de Minas - Em foco\" \/>\n<meta property=\"article:published_time\" content=\"2026-03-04T22:15:10+00:00\" \/>\n<meta property=\"article:modified_time\" content=\"2026-03-03T20:45:30+00:00\" \/>\n<meta property=\"og:image\" content=\"https:\/\/www.em.com.br\/emfoco\/wp-content\/uploads\/2026\/02\/Gemini_Generated_Image_fimtmbfimtmbfimt-1.png\" \/>\n\t<meta property=\"og:image:width\" content=\"1280\" \/>\n\t<meta property=\"og:image:height\" content=\"720\" \/>\n\t<meta property=\"og:image:type\" content=\"image\/png\" \/>\n<meta name=\"author\" content=\"Daniely Cardoso\" \/>\n<meta name=\"twitter:card\" content=\"summary_large_image\" \/>\n<meta name=\"twitter:label1\" content=\"Escrito por\" \/>\n\t<meta name=\"twitter:data1\" content=\"Daniely Cardoso\" \/>\n\t<meta name=\"twitter:label2\" content=\"Est. tempo de leitura\" \/>\n\t<meta name=\"twitter:data2\" content=\"5 minutos\" \/>\n<!-- \/ Yoast SEO plugin. -->","yoast_head_json":{"title":"Eleg\u00e2ncia natural: como usar linho no dia a dia sem abrir m\u00e3o de conforto e sofistica\u00e7\u00e3o - Estado de Minas - Em foco","description":"Linho sustent\u00e1vel: descubra como unir conforto, frescor e eleg\u00e2ncia em roupas pr\u00e1ticas e conscientes para o dia a dia.","robots":{"index":"index","follow":"follow","max-snippet":"max-snippet:-1","max-image-preview":"max-image-preview:large","max-video-preview":"max-video-preview:-1"},"canonical":"https:\/\/www.em.com.br\/emfoco\/2026\/03\/04\/elegancia-natural-como-usar-linho-no-dia-a-dia-sem-abrir-mao-de-conforto-e-sofisticacao\/","og_locale":"pt_BR","og_type":"article","og_title":"Eleg\u00e2ncia natural: como usar linho no dia a dia sem abrir m\u00e3o de conforto e sofistica\u00e7\u00e3o - Estado de Minas - Em foco","og_description":"Linho sustent\u00e1vel: descubra como unir conforto, frescor e eleg\u00e2ncia em roupas pr\u00e1ticas e conscientes para o dia a dia.","og_url":"https:\/\/www.em.com.br\/emfoco\/2026\/03\/04\/elegancia-natural-como-usar-linho-no-dia-a-dia-sem-abrir-mao-de-conforto-e-sofisticacao\/","og_site_name":"Estado de Minas - Em foco","article_published_time":"2026-03-04T22:15:10+00:00","article_modified_time":"2026-03-03T20:45:30+00:00","og_image":[{"width":1280,"height":720,"url":"https:\/\/www.em.com.br\/emfoco\/wp-content\/uploads\/2026\/02\/Gemini_Generated_Image_fimtmbfimtmbfimt-1.png","type":"image\/png"}],"author":"Daniely Cardoso","twitter_card":"summary_large_image","twitter_misc":{"Escrito por":"Daniely Cardoso","Est. tempo de leitura":"5 minutos"},"schema":{"@context":"https:\/\/schema.org","@graph":[{"@type":"WebPage","@id":"https:\/\/www.em.com.br\/emfoco\/2026\/03\/04\/elegancia-natural-como-usar-linho-no-dia-a-dia-sem-abrir-mao-de-conforto-e-sofisticacao\/","url":"https:\/\/www.em.com.br\/emfoco\/2026\/03\/04\/elegancia-natural-como-usar-linho-no-dia-a-dia-sem-abrir-mao-de-conforto-e-sofisticacao\/","name":"Eleg\u00e2ncia natural: como usar linho no dia a dia sem abrir m\u00e3o de conforto e sofistica\u00e7\u00e3o - Estado de Minas - Em foco","isPartOf":{"@id":"https:\/\/www.em.com.br\/emfoco\/#website"},"primaryImageOfPage":{"@id":"https:\/\/www.em.com.br\/emfoco\/2026\/03\/04\/elegancia-natural-como-usar-linho-no-dia-a-dia-sem-abrir-mao-de-conforto-e-sofisticacao\/#primaryimage"},"image":{"@id":"https:\/\/www.em.com.br\/emfoco\/2026\/03\/04\/elegancia-natural-como-usar-linho-no-dia-a-dia-sem-abrir-mao-de-conforto-e-sofisticacao\/#primaryimage"},"thumbnailUrl":"https:\/\/www.em.com.br\/emfoco\/wp-content\/uploads\/2026\/02\/Gemini_Generated_Image_fimtmbfimtmbfimt-1.png","datePublished":"2026-03-04T22:15:10+00:00","dateModified":"2026-03-03T20:45:30+00:00","author":{"@id":"https:\/\/www.em.com.br\/emfoco\/#\/schema\/person\/0a8186d72f2c3a5c6276d90b41f271a0"},"description":"Linho sustent\u00e1vel: descubra como unir conforto, frescor e eleg\u00e2ncia em roupas pr\u00e1ticas e conscientes para o dia a dia.","breadcrumb":{"@id":"https:\/\/www.em.com.br\/emfoco\/2026\/03\/04\/elegancia-natural-como-usar-linho-no-dia-a-dia-sem-abrir-mao-de-conforto-e-sofisticacao\/#breadcrumb"},"inLanguage":"pt-BR","potentialAction":[{"@type":"ReadAction","target":["https:\/\/www.em.com.br\/emfoco\/2026\/03\/04\/elegancia-natural-como-usar-linho-no-dia-a-dia-sem-abrir-mao-de-conforto-e-sofisticacao\/"]}]},{"@type":"ImageObject","inLanguage":"pt-BR","@id":"https:\/\/www.em.com.br\/emfoco\/2026\/03\/04\/elegancia-natural-como-usar-linho-no-dia-a-dia-sem-abrir-mao-de-conforto-e-sofisticacao\/#primaryimage","url":"https:\/\/www.em.com.br\/emfoco\/wp-content\/uploads\/2026\/02\/Gemini_Generated_Image_fimtmbfimtmbfimt-1.png","contentUrl":"https:\/\/www.em.com.br\/emfoco\/wp-content\/uploads\/2026\/02\/Gemini_Generated_Image_fimtmbfimtmbfimt-1.png","width":1280,"height":720,"caption":"A proporcionalidade tamb\u00e9m faz diferen\u00e7a no visual"},{"@type":"BreadcrumbList","@id":"https:\/\/www.em.com.br\/emfoco\/2026\/03\/04\/elegancia-natural-como-usar-linho-no-dia-a-dia-sem-abrir-mao-de-conforto-e-sofisticacao\/#breadcrumb","itemListElement":[{"@type":"ListItem","position":1,"name":"In\u00edcio","item":"https:\/\/www.em.com.br\/emfoco\/"},{"@type":"ListItem","position":2,"name":"Eleg\u00e2ncia natural: como usar linho no dia a dia sem abrir m\u00e3o de conforto e sofistica\u00e7\u00e3o"}]},{"@type":"WebSite","@id":"https:\/\/www.em.com.br\/emfoco\/#website","url":"https:\/\/www.em.com.br\/emfoco\/","name":"Estado de Minas - Em foco","description":"Acompanhe as \u00faltimas not\u00edcias e fique bem informado sobre tudo o que acontece em Minas Gerais, Brasil e no mundo.","potentialAction":[{"@type":"SearchAction","target":{"@type":"EntryPoint","urlTemplate":"https:\/\/www.em.com.br\/emfoco\/?s={search_term_string}"},"query-input":{"@type":"PropertyValueSpecification","valueRequired":true,"valueName":"search_term_string"}}],"inLanguage":"pt-BR"},{"@type":"Person","@id":"https:\/\/www.em.com.br\/emfoco\/#\/schema\/person\/0a8186d72f2c3a5c6276d90b41f271a0","name":"Daniely Cardoso","image":{"@type":"ImageObject","inLanguage":"pt-BR","@id":"https:\/\/www.em.com.br\/emfoco\/#\/schema\/person\/image\/","url":"https:\/\/secure.gravatar.com\/avatar\/4b80ddbd124d1f071b626d52d62e5dff?s=96&d=mm&r=g","contentUrl":"https:\/\/secure.gravatar.com\/avatar\/4b80ddbd124d1f071b626d52d62e5dff?s=96&d=mm&r=g","caption":"Daniely Cardoso"},"url":"https:\/\/www.em.com.br\/emfoco\/author\/danielymyth\/"}]}},"_links":{"self":[{"href":"https:\/\/www.em.com.br\/emfoco\/wp-json\/wp\/v2\/posts\/176795","targetHints":{"allow":["GET"]}}],"collection":[{"href":"https:\/\/www.em.com.br\/emfoco\/wp-json\/wp\/v2\/posts"}],"about":[{"href":"https:\/\/www.em.com.br\/emfoco\/wp-json\/wp\/v2\/types\/post"}],"author":[{"embeddable":true,"href":"https:\/\/www.em.com.br\/emfoco\/wp-json\/wp\/v2\/users\/9"}],"replies":[{"embeddable":true,"href":"https:\/\/www.em.com.br\/emfoco\/wp-json\/wp\/v2\/comments?post=176795"}],"version-history":[{"count":2,"href":"https:\/\/www.em.com.br\/emfoco\/wp-json\/wp\/v2\/posts\/176795\/revisions"}],"predecessor-version":[{"id":176937,"href":"https:\/\/www.em.com.br\/emfoco\/wp-json\/wp\/v2\/posts\/176795\/revisions\/176937"}],"wp:featuredmedia":[{"embeddable":true,"href":"https:\/\/www.em.com.br\/emfoco\/wp-json\/wp\/v2\/media\/163817"}],"wp:attachment":[{"href":"https:\/\/www.em.com.br\/emfoco\/wp-json\/wp\/v2\/media?parent=176795"}],"wp:term":[{"taxonomy":"category","embeddable":true,"href":"https:\/\/www.em.com.br\/emfoco\/wp-json\/wp\/v2\/categories?post=176795"},{"taxonomy":"post_tag","embeddable":true,"href":"https:\/\/www.em.com.br\/emfoco\/wp-json\/wp\/v2\/tags?post=176795"}],"curies":[{"name":"wp","href":"https:\/\/api.w.org\/{rel}","templated":true}]}}