{"id":176792,"date":"2026-03-04T17:35:49","date_gmt":"2026-03-04T20:35:49","guid":{"rendered":"https:\/\/www.em.com.br\/emfoco\/?p=176792"},"modified":"2026-03-03T18:03:52","modified_gmt":"2026-03-03T21:03:52","slug":"plantas-e-carrapatos-saiba-como-a-umidade-e-a-falta-de-sol-favorecem-a-infestacao-no-seu-jardim","status":"publish","type":"post","link":"https:\/\/www.em.com.br\/emfoco\/2026\/03\/04\/plantas-e-carrapatos-saiba-como-a-umidade-e-a-falta-de-sol-favorecem-a-infestacao-no-seu-jardim\/","title":{"rendered":"Plantas e carrapatos: saiba como a umidade e a falta de sol favorecem a infesta\u00e7\u00e3o no seu jardim"},"content":{"rendered":"\n<p>Em um dia de calor, \u00e9 comum imaginar um quintal cheio de sombra, flores e aquele ar mais fresquinho para relaxar com a fam\u00edlia e os pets. Mas, no meio desse cen\u00e1rio agrad\u00e1vel, algumas <b>plantas<\/b> e jeitos de organizar o <b>jardim<\/b> podem acabar abrindo as portas para os carrapatos, que representam risco para crian\u00e7as, adultos e animais dom\u00e9sticos.<\/p>\n\n\n\n<h2 class=\"wp-block-heading\">Quais esp\u00e9cies de plantas favorecem carrapatos no jardim<\/h2>\n\n\n\n<p>A palavra-chave principal aqui \u00e9 <strong>plantas que atraem carrapatos<\/strong>, usada para falar de esp\u00e9cies e formas de cultivo que criam ambientes \u00famidos, sombreados e com pouca circula\u00e7\u00e3o de ar. Mais do que o nome da planta, o que pesa mesmo \u00e9 o jeito como o <b>jardim<\/b> \u00e9 cuidado: quando a vegeta\u00e7\u00e3o fica muito alta, fechada ou abandonada, o quintal vira um <b>esconderijo<\/b> perfeito para esses parasitas. Em regi\u00f5es com clima mais quente, esse tipo de ambiente se torna ainda mais <b>prop\u00edcio<\/b> para o desenvolvimento dos carrapatos.<\/p>\n\n\n\n<p>Alguns exemplos de vegeta\u00e7\u00e3o que merecem aten\u00e7\u00e3o especial por contribu\u00edrem para esse tipo de ambiente s\u00e3o:<\/p>\n\n\n\n<ul class=\"wp-block-list\">\n<li><strong>Gramados muito altos e densos<\/strong>: a <b>grama<\/b> cresce, tampa o solo e mant\u00e9m a umidade, facilitando a perman\u00eancia de carrapatos nas pontas das folhas, prontos para subir em animais e <b>pessoas<\/b>.&nbsp;<\/li>\n\n\n\n<li><strong>Plantas rasteiras de forra\u00e7\u00e3o<\/strong>: esp\u00e9cies como <b>heras<\/b> e folhagens que formam \u201ctapetes\u201d criam camadas de folhas sobrepostas, mantendo o ch\u00e3o \u00famido e pouco ventilado.<\/li>\n\n\n\n<li><strong>Arbustos baixos e muito fechados<\/strong>: moitas <b>compactas<\/b>, pr\u00f3ximas ao solo, impedem que o sol e o vento cheguem \u00e0 terra, o que favorece a sobreviv\u00eancia das larvas.<\/li>\n\n\n\n<li><strong>Arbustos com frutas silvestres<\/strong>: ao atrair gamb\u00e1s, roedores e aves, aumentam a probabilidade de entrada de carrapatos no quintal, j\u00e1 que esses animais podem carregar o parasita no corpo.<\/li>\n<\/ul>\n\n\n<div class=\"wp-block-image\">\n<figure class=\"aligncenter size-large\"><img loading=\"lazy\" decoding=\"async\" width=\"1024\" height=\"576\" src=\"https:\/\/www.em.com.br\/emfoco\/wp-content\/uploads\/2026\/03\/carrapato_1772570231392-1024x576.jpg\" alt=\"\" class=\"wp-image-176930\" srcset=\"https:\/\/www.em.com.br\/emfoco\/wp-content\/uploads\/2026\/03\/carrapato_1772570231392-1024x576.jpg 1024w, https:\/\/www.em.com.br\/emfoco\/wp-content\/uploads\/2026\/03\/carrapato_1772570231392-300x169.jpg 300w, https:\/\/www.em.com.br\/emfoco\/wp-content\/uploads\/2026\/03\/carrapato_1772570231392-768x432.jpg 768w, https:\/\/www.em.com.br\/emfoco\/wp-content\/uploads\/2026\/03\/carrapato_1772570231392-750x422.jpg 750w, https:\/\/www.em.com.br\/emfoco\/wp-content\/uploads\/2026\/03\/carrapato_1772570231392-1140x641.jpg 1140w, https:\/\/www.em.com.br\/emfoco\/wp-content\/uploads\/2026\/03\/carrapato_1772570231392.jpg 1280w\" sizes=\"auto, (max-width: 1024px) 100vw, 1024px\" \/><figcaption class=\"wp-element-caption\">A palavra-chave principal aqui \u00e9 plantas que atraem carrapatos, usada para falar de esp\u00e9cies &#8211; Cr\u00e9ditos: depositphotos.com \/ Ondreicka1010<\/figcaption><\/figure><\/div>\n\n\n<p>Leia tamb\u00e9m:&nbsp;<a href=\"https:\/\/www.em.com.br\/emfoco\/2026\/03\/02\/o-que-acontece-com-sua-mente-quando-voce-cria-um-jardim-dentro-de-casa-surpreende-ate-quem-nao-gosta-de-plantas\/\" target=\"_blank\" rel=\"noopener\">O que acontece com sua mente quando voc\u00ea cria um jardim dentro de casa surpreende at\u00e9 quem n\u00e3o gosta de plantas<\/a><\/p>\n\n\n\n<h2 class=\"wp-block-heading\">Como identificar plantas que atraem carrapatos no quintal<\/h2>\n\n\n\n<p>Para reconhecer <strong>plantas que atraem carrapatos<\/strong>, vale olhar mais para o ambiente do que apenas para o nome das esp\u00e9cies. Em qualquer regi\u00e3o do Brasil, \u00e1reas muito <b>fechadas<\/b>, \u00famidas, com pouca luz direta do sol e pouca ventila\u00e7\u00e3o tendem a ser mais problem\u00e1ticas, especialmente em casas pr\u00f3ximas a terrenos baldios, ch\u00e1caras, \u00e1reas rurais ou de <b>mata<\/b>. Observar a presen\u00e7a de pequenos animais silvestres e pontos de sombra constante tamb\u00e9m ajuda a identificar zonas de <b>risco<\/b> no quintal.<\/p>\n\n\n\n<p>Alguns sinais simples ajudam a perceber se o espa\u00e7o externo pode estar se tornando um ponto de abrigo para esses parasitas e se \u00e9 hora de ajustar o paisagismo e a rotina de <b>cuidados<\/b>. Avaliar a frequ\u00eancia de poda, a quantidade de folhas acumuladas e a circula\u00e7\u00e3o de ar entre as plantas permite entender se o <b>jardim<\/b> est\u00e1 equilibrado ou se est\u00e1 oferecendo condi\u00e7\u00f5es ideais para a perman\u00eancia de <b>carrapatos<\/b>.<\/p>\n\n\n\n<p>Para voc\u00ea que quer acabar com essas pragas, separamos um v\u00eddeo do canal <a href=\"https:\/\/www.youtube.com\/@ensinadog\" target=\"_blank\" rel=\"noreferrer noopener\">Rovian Ramos<\/a> com dicas de plantas para se livrar de carrapatos e pulgas:<\/p>\n\n\n\n<figure class=\"wp-block-embed is-type-video is-provider-youtube wp-block-embed-youtube wp-embed-aspect-16-9 wp-has-aspect-ratio\"><div class=\"wp-block-embed__wrapper\">\n<div class=\"jeg_video_container jeg_video_content\"><iframe loading=\"lazy\" title=\"2 plantas \u274cACABAR COM PULGAS E CARRAPATOS! | C\u00e3es e gatos\" width=\"500\" height=\"281\" src=\"https:\/\/www.youtube.com\/embed\/7ptyg4s1toY?feature=oembed\" frameborder=\"0\" allow=\"accelerometer; autoplay; clipboard-write; encrypted-media; gyroscope; picture-in-picture; web-share\" referrerpolicy=\"strict-origin-when-cross-origin\" allowfullscreen><\/iframe><\/div>\n<\/div><\/figure>\n\n\n\n<h2 class=\"wp-block-heading\">Quais cuidados ajudam a afastar carrapatos das plantas<\/h2>\n\n\n\n<p>O controle de <strong>plantas que atraem carrapatos<\/strong> passa por uma mistura de boa higiene, manejo da vegeta\u00e7\u00e3o e escolha de esp\u00e9cies estrat\u00e9gicas. A ideia \u00e9 transformar o <b>quintal<\/b> em um lugar menos confort\u00e1vel para o parasita, sem abrir m\u00e3o da sombra agrad\u00e1vel, das flores e do uso di\u00e1rio da \u00e1rea externa por toda a <b>fam\u00edlia<\/b>. Em alguns casos, pode ser necess\u00e1rio combinar essas medidas com orienta\u00e7\u00f5es de um profissional sobre produtos espec\u00edficos e <b>tratamentos<\/b> para o ambiente.<\/p>\n\n\n\n<p>Entre os cuidados simples que podem ser adotados na rotina, alguns se destacam e fazem bastante diferen\u00e7a na redu\u00e7\u00e3o da umidade e dos esconderijos no <b>jardim<\/b>. Podas regulares, rega em hor\u00e1rios adequados e manuten\u00e7\u00e3o de caminhos limpos ao redor das \u00e1reas de lazer e dos canis ajudam a criar um ambiente mais <b>arejado<\/b>. Al\u00e9m disso, verificar periodicamente o entorno do terreno, como muros e \u00e1reas vizinhas, colabora para um controle mais <b>eficaz<\/b>.<\/p>\n","protected":false},"excerpt":{"rendered":"<p>Em um dia de calor, \u00e9 comum imaginar um quintal cheio de sombra, flores e aquele ar mais fresquinho para relaxar com a fam\u00edlia e os pets. Mas, no meio desse cen\u00e1rio agrad\u00e1vel, algumas plantas e jeitos de organizar o jardim podem acabar abrindo as portas para os carrapatos, que representam risco para crian\u00e7as, adultos [&hellip;]<\/p>\n","protected":false},"author":9,"featured_media":176965,"comment_status":"open","ping_status":"open","sticky":false,"template":"","format":"standard","meta":{"jnews-multi-image_gallery":[],"jnews_single_post":{"format":"standard"},"jnews_primary_category":[],"jnews_social_meta":[],"jnews_override_counter":[],"footnotes":""},"categories":[8691,8819,1],"tags":[9933,3325,3324],"class_list":["post-176792","post","type-post","status-publish","format-standard","has-post-thumbnail","hentry","category-bem-estar","category-curiosidades","category-noticias","tag-carrapatos","tag-jardim","tag-plantas"],"yoast_head":"<!-- This site is optimized with the Yoast SEO plugin v23.8 - https:\/\/yoast.com\/wordpress\/plugins\/seo\/ -->\n<title>Plantas e carrapatos: saiba como a umidade e a falta de sol favorecem a infesta\u00e7\u00e3o no seu jardim - Estado de Minas - Em foco<\/title>\n<meta name=\"description\" content=\"Aprenda a identificar plantas que atraem carrapatos e saiba como cuidar do seu quintal para evitar infesta\u00e7\u00f5es agora\" \/>\n<meta name=\"robots\" content=\"index, follow, max-snippet:-1, max-image-preview:large, max-video-preview:-1\" \/>\n<link rel=\"canonical\" href=\"https:\/\/www.em.com.br\/emfoco\/2026\/03\/04\/plantas-e-carrapatos-saiba-como-a-umidade-e-a-falta-de-sol-favorecem-a-infestacao-no-seu-jardim\/\" \/>\n<meta property=\"og:locale\" content=\"pt_BR\" \/>\n<meta property=\"og:type\" content=\"article\" \/>\n<meta property=\"og:title\" content=\"Plantas e carrapatos: saiba como a umidade e a falta de sol favorecem a infesta\u00e7\u00e3o no seu jardim - Estado de Minas - Em foco\" \/>\n<meta property=\"og:description\" content=\"Aprenda a identificar plantas que atraem carrapatos e saiba como cuidar do seu quintal para evitar infesta\u00e7\u00f5es agora\" \/>\n<meta property=\"og:url\" content=\"https:\/\/www.em.com.br\/emfoco\/2026\/03\/04\/plantas-e-carrapatos-saiba-como-a-umidade-e-a-falta-de-sol-favorecem-a-infestacao-no-seu-jardim\/\" \/>\n<meta property=\"og:site_name\" content=\"Estado de Minas - Em foco\" \/>\n<meta property=\"article:published_time\" content=\"2026-03-04T20:35:49+00:00\" \/>\n<meta property=\"article:modified_time\" content=\"2026-03-03T21:03:52+00:00\" \/>\n<meta property=\"og:image\" content=\"https:\/\/www.em.com.br\/emfoco\/wp-content\/uploads\/2026\/03\/Gemini_Generated_Image_jedwaljedwaljedw-2.png\" \/>\n\t<meta property=\"og:image:width\" content=\"1280\" \/>\n\t<meta property=\"og:image:height\" content=\"720\" \/>\n\t<meta property=\"og:image:type\" content=\"image\/png\" \/>\n<meta name=\"author\" content=\"Daniely Cardoso\" \/>\n<meta name=\"twitter:card\" content=\"summary_large_image\" \/>\n<meta name=\"twitter:label1\" content=\"Escrito por\" \/>\n\t<meta name=\"twitter:data1\" content=\"Daniely Cardoso\" \/>\n\t<meta name=\"twitter:label2\" content=\"Est. tempo de leitura\" \/>\n\t<meta name=\"twitter:data2\" content=\"5 minutos\" \/>\n<!-- \/ Yoast SEO plugin. -->","yoast_head_json":{"title":"Plantas e carrapatos: saiba como a umidade e a falta de sol favorecem a infesta\u00e7\u00e3o no seu jardim - Estado de Minas - Em foco","description":"Aprenda a identificar plantas que atraem carrapatos e saiba como cuidar do seu quintal para evitar infesta\u00e7\u00f5es agora","robots":{"index":"index","follow":"follow","max-snippet":"max-snippet:-1","max-image-preview":"max-image-preview:large","max-video-preview":"max-video-preview:-1"},"canonical":"https:\/\/www.em.com.br\/emfoco\/2026\/03\/04\/plantas-e-carrapatos-saiba-como-a-umidade-e-a-falta-de-sol-favorecem-a-infestacao-no-seu-jardim\/","og_locale":"pt_BR","og_type":"article","og_title":"Plantas e carrapatos: saiba como a umidade e a falta de sol favorecem a infesta\u00e7\u00e3o no seu jardim - Estado de Minas - Em foco","og_description":"Aprenda a identificar plantas que atraem carrapatos e saiba como cuidar do seu quintal para evitar infesta\u00e7\u00f5es agora","og_url":"https:\/\/www.em.com.br\/emfoco\/2026\/03\/04\/plantas-e-carrapatos-saiba-como-a-umidade-e-a-falta-de-sol-favorecem-a-infestacao-no-seu-jardim\/","og_site_name":"Estado de Minas - Em foco","article_published_time":"2026-03-04T20:35:49+00:00","article_modified_time":"2026-03-03T21:03:52+00:00","og_image":[{"width":1280,"height":720,"url":"https:\/\/www.em.com.br\/emfoco\/wp-content\/uploads\/2026\/03\/Gemini_Generated_Image_jedwaljedwaljedw-2.png","type":"image\/png"}],"author":"Daniely Cardoso","twitter_card":"summary_large_image","twitter_misc":{"Escrito por":"Daniely Cardoso","Est. tempo de leitura":"5 minutos"},"schema":{"@context":"https:\/\/schema.org","@graph":[{"@type":"WebPage","@id":"https:\/\/www.em.com.br\/emfoco\/2026\/03\/04\/plantas-e-carrapatos-saiba-como-a-umidade-e-a-falta-de-sol-favorecem-a-infestacao-no-seu-jardim\/","url":"https:\/\/www.em.com.br\/emfoco\/2026\/03\/04\/plantas-e-carrapatos-saiba-como-a-umidade-e-a-falta-de-sol-favorecem-a-infestacao-no-seu-jardim\/","name":"Plantas e carrapatos: saiba como a umidade e a falta de sol favorecem a infesta\u00e7\u00e3o no seu jardim - Estado de Minas - Em foco","isPartOf":{"@id":"https:\/\/www.em.com.br\/emfoco\/#website"},"primaryImageOfPage":{"@id":"https:\/\/www.em.com.br\/emfoco\/2026\/03\/04\/plantas-e-carrapatos-saiba-como-a-umidade-e-a-falta-de-sol-favorecem-a-infestacao-no-seu-jardim\/#primaryimage"},"image":{"@id":"https:\/\/www.em.com.br\/emfoco\/2026\/03\/04\/plantas-e-carrapatos-saiba-como-a-umidade-e-a-falta-de-sol-favorecem-a-infestacao-no-seu-jardim\/#primaryimage"},"thumbnailUrl":"https:\/\/www.em.com.br\/emfoco\/wp-content\/uploads\/2026\/03\/Gemini_Generated_Image_jedwaljedwaljedw-2.png","datePublished":"2026-03-04T20:35:49+00:00","dateModified":"2026-03-03T21:03:52+00:00","author":{"@id":"https:\/\/www.em.com.br\/emfoco\/#\/schema\/person\/0a8186d72f2c3a5c6276d90b41f271a0"},"description":"Aprenda a identificar plantas que atraem carrapatos e saiba como cuidar do seu quintal para evitar infesta\u00e7\u00f5es agora","breadcrumb":{"@id":"https:\/\/www.em.com.br\/emfoco\/2026\/03\/04\/plantas-e-carrapatos-saiba-como-a-umidade-e-a-falta-de-sol-favorecem-a-infestacao-no-seu-jardim\/#breadcrumb"},"inLanguage":"pt-BR","potentialAction":[{"@type":"ReadAction","target":["https:\/\/www.em.com.br\/emfoco\/2026\/03\/04\/plantas-e-carrapatos-saiba-como-a-umidade-e-a-falta-de-sol-favorecem-a-infestacao-no-seu-jardim\/"]}]},{"@type":"ImageObject","inLanguage":"pt-BR","@id":"https:\/\/www.em.com.br\/emfoco\/2026\/03\/04\/plantas-e-carrapatos-saiba-como-a-umidade-e-a-falta-de-sol-favorecem-a-infestacao-no-seu-jardim\/#primaryimage","url":"https:\/\/www.em.com.br\/emfoco\/wp-content\/uploads\/2026\/03\/Gemini_Generated_Image_jedwaljedwaljedw-2.png","contentUrl":"https:\/\/www.em.com.br\/emfoco\/wp-content\/uploads\/2026\/03\/Gemini_Generated_Image_jedwaljedwaljedw-2.png","width":1280,"height":720,"caption":"Para reconhecer plantas que atraem carrapatos, vale olhar mais para o ambiente do que apenas para o nome das esp\u00e9cies"},{"@type":"BreadcrumbList","@id":"https:\/\/www.em.com.br\/emfoco\/2026\/03\/04\/plantas-e-carrapatos-saiba-como-a-umidade-e-a-falta-de-sol-favorecem-a-infestacao-no-seu-jardim\/#breadcrumb","itemListElement":[{"@type":"ListItem","position":1,"name":"In\u00edcio","item":"https:\/\/www.em.com.br\/emfoco\/"},{"@type":"ListItem","position":2,"name":"Plantas e carrapatos: saiba como a umidade e a falta de sol favorecem a infesta\u00e7\u00e3o no seu jardim"}]},{"@type":"WebSite","@id":"https:\/\/www.em.com.br\/emfoco\/#website","url":"https:\/\/www.em.com.br\/emfoco\/","name":"Estado de Minas - Em foco","description":"Acompanhe as \u00faltimas not\u00edcias e fique bem informado sobre tudo o que acontece em Minas Gerais, Brasil e no mundo.","potentialAction":[{"@type":"SearchAction","target":{"@type":"EntryPoint","urlTemplate":"https:\/\/www.em.com.br\/emfoco\/?s={search_term_string}"},"query-input":{"@type":"PropertyValueSpecification","valueRequired":true,"valueName":"search_term_string"}}],"inLanguage":"pt-BR"},{"@type":"Person","@id":"https:\/\/www.em.com.br\/emfoco\/#\/schema\/person\/0a8186d72f2c3a5c6276d90b41f271a0","name":"Daniely Cardoso","image":{"@type":"ImageObject","inLanguage":"pt-BR","@id":"https:\/\/www.em.com.br\/emfoco\/#\/schema\/person\/image\/","url":"https:\/\/secure.gravatar.com\/avatar\/4b80ddbd124d1f071b626d52d62e5dff?s=96&d=mm&r=g","contentUrl":"https:\/\/secure.gravatar.com\/avatar\/4b80ddbd124d1f071b626d52d62e5dff?s=96&d=mm&r=g","caption":"Daniely Cardoso"},"url":"https:\/\/www.em.com.br\/emfoco\/author\/danielymyth\/"}]}},"_links":{"self":[{"href":"https:\/\/www.em.com.br\/emfoco\/wp-json\/wp\/v2\/posts\/176792","targetHints":{"allow":["GET"]}}],"collection":[{"href":"https:\/\/www.em.com.br\/emfoco\/wp-json\/wp\/v2\/posts"}],"about":[{"href":"https:\/\/www.em.com.br\/emfoco\/wp-json\/wp\/v2\/types\/post"}],"author":[{"embeddable":true,"href":"https:\/\/www.em.com.br\/emfoco\/wp-json\/wp\/v2\/users\/9"}],"replies":[{"embeddable":true,"href":"https:\/\/www.em.com.br\/emfoco\/wp-json\/wp\/v2\/comments?post=176792"}],"version-history":[{"count":3,"href":"https:\/\/www.em.com.br\/emfoco\/wp-json\/wp\/v2\/posts\/176792\/revisions"}],"predecessor-version":[{"id":176966,"href":"https:\/\/www.em.com.br\/emfoco\/wp-json\/wp\/v2\/posts\/176792\/revisions\/176966"}],"wp:featuredmedia":[{"embeddable":true,"href":"https:\/\/www.em.com.br\/emfoco\/wp-json\/wp\/v2\/media\/176965"}],"wp:attachment":[{"href":"https:\/\/www.em.com.br\/emfoco\/wp-json\/wp\/v2\/media?parent=176792"}],"wp:term":[{"taxonomy":"category","embeddable":true,"href":"https:\/\/www.em.com.br\/emfoco\/wp-json\/wp\/v2\/categories?post=176792"},{"taxonomy":"post_tag","embeddable":true,"href":"https:\/\/www.em.com.br\/emfoco\/wp-json\/wp\/v2\/tags?post=176792"}],"curies":[{"name":"wp","href":"https:\/\/api.w.org\/{rel}","templated":true}]}}