{"id":176785,"date":"2026-03-04T15:25:00","date_gmt":"2026-03-04T18:25:00","guid":{"rendered":"https:\/\/www.em.com.br\/emfoco\/?p=176785"},"modified":"2026-03-03T17:54:03","modified_gmt":"2026-03-03T20:54:03","slug":"a-ordem-certa-de-usar-serum-hidratante-oleo-e-protetor-para-cada-tipo-de-pele","status":"publish","type":"post","link":"https:\/\/www.em.com.br\/emfoco\/2026\/03\/04\/a-ordem-certa-de-usar-serum-hidratante-oleo-e-protetor-para-cada-tipo-de-pele\/","title":{"rendered":"A ordem certa de usar s\u00e9rum, hidratante, \u00f3leo e protetor para cada tipo de pele"},"content":{"rendered":"\n<p>Voc\u00ea j\u00e1 ficou em d\u00favida sobre a ordem certa de passar <b>s\u00e9rum<\/b>, hidratante, <b>\u00f3leo<\/b> e protetor solar, com medo de \u201cpesar\u201d a pele ou jogar <b>dinheiro<\/b> fora? Hoje, s\u00e9runs e \u00f3leos faciais deixaram de ser coisa de rotina complicada e viraram aliados do dia a dia, ajudando a hidratar melhor, deixar o tom mais uniforme e refor\u00e7ar a barreira natural da pele \u2014 desde que usados na medida certa e na sequ\u00eancia correta.<\/p>\n\n\n\n<h2 class=\"wp-block-heading\">O que s\u00e3o s\u00e9runs e \u00f3leos faciais e para que eles servem na rotina?<\/h2>\n\n\n\n<p>O <strong>s\u00e9rum<\/strong> facial \u00e9 um produto bem leve, geralmente aquoso ou em gel, com alta concentra\u00e7\u00e3o de <b>ativos<\/b> como \u00e1cido hialur\u00f4nico, vitamina C, niacinamida ou pept\u00eddeos. Por ter textura fina e quase nada oleosa, espalha f\u00e1cil, \u00e9 absorvido r\u00e1pido e foca em fun\u00e7\u00f5es espec\u00edficas, como clarear <b>manchas<\/b>, suavizar linhas ou controlar a oleosidade.<\/p>\n\n\n\n<p>J\u00e1 o <strong>\u00f3leo<\/strong> facial \u00e9 feito a partir de \u00f3leos vegetais, sint\u00e9ticos ou mistos e tem fun\u00e7\u00e3o principalmente emoliente e <b>nutritiva<\/b>. Ele ajuda a segurar a hidrata\u00e7\u00e3o, melhora o vi\u00e7o, reduz a sensa\u00e7\u00e3o de ressecamento e pode refor\u00e7ar a barreira de <b>prote\u00e7\u00e3o<\/b> da pele, sendo um \u00f3timo refor\u00e7o em climas secos ou frios.<\/p>\n\n\n\n<figure class=\"wp-block-embed is-type-rich is-provider-pinterest wp-block-embed-pinterest\"><div class=\"wp-block-embed__wrapper\">\n<iframe loading=\"lazy\" title=\" \" src=\"https:\/\/assets.pinterest.com\/ext\/embed.html?id=6333255724220987&#038;src=oembed\" height=\"663\" width=\"450\" frameborder=\"0\" scrolling=\"no\" ><\/iframe>\n<\/div><\/figure>\n\n\n\n<p>Leia tamb\u00e9m:&nbsp;<a href=\"https:\/\/www.em.com.br\/emfoco\/2026\/03\/03\/pele-de-vidro-depois-dos-40-como-substituir-a-base-pesada-por-serum-com-cor\/\" target=\"_blank\" rel=\"noopener\">Pele de vidro depois dos 40: como substituir a base pesada por s\u00e9rum com cor<\/a><\/p>\n\n\n\n<h2 class=\"wp-block-heading\">Como montar uma rotina simples com s\u00e9runs e \u00f3leos no dia a dia<\/h2>\n\n\n\n<p>Para usar <b>s\u00e9runs<\/b> e \u00f3leos faciais sem complicar, vale seguir uma regra pr\u00e1tica: produtos mais leves primeiro, depois os mais <b>densos<\/b>. Assim, ap\u00f3s a limpeza do rosto, a rotina b\u00e1sica funciona bem tanto de manh\u00e3 quanto \u00e0 noite, com pequenas adapta\u00e7\u00f5es conforme o tipo de <b>pele<\/b> e o clima.<\/p>\n\n\n\n<figure class=\"wp-block-embed is-type-rich is-provider-pinterest wp-block-embed-pinterest\"><div class=\"wp-block-embed__wrapper\">\n<iframe loading=\"lazy\" title=\"O \u00d3leo de Coco \u00e9 reconhecido na est\u00e9tica por ser um potente hidratante que atua na manuten\u00e7\u00e3o da hidrata\u00e7\u00e3o natural da pele, aumentando a elasticidade dos tecidos e recuperando a textura uniforme. Siga @lauraluccadicas\" src=\"https:\/\/assets.pinterest.com\/ext\/embed.html?id=30188259996706704&#038;src=oembed\" height=\"899\" width=\"450\" frameborder=\"0\" scrolling=\"no\" ><\/iframe>\n<\/div><\/figure>\n\n\n\n<p>A seguir, um exemplo de sequ\u00eancia que pode ser ajustada de acordo com a sua realidade, tempo dispon\u00edvel e prefer\u00eancia de <b>textura<\/b>:<\/p>\n\n\n\n<ol class=\"wp-block-list\">\n<li><strong>Limpeza:<\/strong> lavar o rosto com um <b>sabonete<\/b> adequado ao tipo de pele (seca, mista, oleosa ou <b>sens\u00edvel<\/b>).<\/li>\n\n\n\n<li><strong>Tonifica\u00e7\u00e3o (opcional):<\/strong> aplicar <b>t\u00f4nico<\/b> ou lo\u00e7\u00e3o equilibrante para auxiliar no pH e preparar a <b>pele<\/b>.<\/li>\n\n\n\n<li><strong>S\u00e9rum facial:<\/strong> usar 2 a 4 <b>gotas<\/b>, espalhando com suavidade at\u00e9 completa <b>absor\u00e7\u00e3o<\/b>.<\/li>\n\n\n\n<li><strong>Hidratante:<\/strong> aplicar um creme ou gel <b>hidratante<\/b> compat\u00edvel com os demais <b>produtos<\/b>.<\/li>\n\n\n\n<li><strong>\u00d3leo facial:<\/strong> finalizar com poucas <b>gotas<\/b>, pressionando levemente sobre a pele, principalmente \u00e0 <b>noite<\/b>.<\/li>\n\n\n\n<li><strong>Protetor solar (apenas de dia):<\/strong> aplicar ap\u00f3s a etapa de hidrata\u00e7\u00e3o ou <b>\u00f3leo<\/b>, de acordo com a <b>textura<\/b> escolhida.<\/li>\n<\/ol>\n\n\n\n<p>No dia, muita gente prefere usar apenas o <b>s\u00e9rum<\/b> e o hidratante antes do protetor solar, deixando o \u00f3leo para a <b>noite<\/b>. J\u00e1 em peles mais secas, o \u00f3leo pode entrar tamb\u00e9m na rotina diurna, em pequenas quantidades e com f\u00f3rmulas de r\u00e1pida <b>absor\u00e7\u00e3o<\/b> para n\u00e3o incomodar.<\/p>\n\n\n\n<p>Para voc\u00ea que gosta de se cuidar, separamos um v\u00eddeo do canal <a href=\"https:\/\/www.youtube.com\/@BelezaFrescaSkincare\" target=\"_blank\" rel=\"noreferrer noopener\">Beleza Fresca <\/a>com dicas de \u00f3leo para sua pele:<\/p>\n\n\n\n<figure class=\"wp-block-embed is-type-video is-provider-youtube wp-block-embed-youtube wp-embed-aspect-16-9 wp-has-aspect-ratio\"><div class=\"wp-block-embed__wrapper\">\n<div class=\"jeg_video_container jeg_video_content\"><iframe loading=\"lazy\" title=\"Como usar \u00d3LEO VEGETAL no rosto: tenha uma pele mais Bonita e Saud\u00e1vel com \u00d3leo\" width=\"500\" height=\"281\" src=\"https:\/\/www.youtube.com\/embed\/Dq3C3iA8IkI?start=1&#038;feature=oembed\" frameborder=\"0\" allow=\"accelerometer; autoplay; clipboard-write; encrypted-media; gyroscope; picture-in-picture; web-share\" referrerpolicy=\"strict-origin-when-cross-origin\" allowfullscreen><\/iframe><\/div>\n<\/div><\/figure>\n\n\n\n<h2 class=\"wp-block-heading\">Como ajustar o uso de s\u00e9runs e \u00f3leos para cada tipo de pele<\/h2>\n\n\n\n<p>A forma de usar s\u00e9runs e <b>\u00f3leos<\/b> muda bastante de acordo com o tipo de pele e com o quanto ela \u00e9 <b>sens\u00edvel<\/b>. Em peles oleosas ou acneicas, vale priorizar <strong>s\u00e9runs<\/strong> leves, n\u00e3o comedog\u00eanicos, com ativos como niacinamida ou \u00e1cido salic\u00edlico encapsulado, deixando os \u00f3leos apenas quando forem espec\u00edficos para esse perfil e em gotas bem <b>controladas<\/b>.<\/p>\n\n\n\n<p>J\u00e1 a <b>pele<\/b> seca costuma se dar melhor com a combina\u00e7\u00e3o de s\u00e9rum hidratante e \u00f3leo nutritivo, principalmente \u00e0 noite. A pele mista pode usar <b>s\u00e9rum<\/b> no rosto todo e aplicar \u00f3leo s\u00f3 nas \u00e1reas mais ressecadas, como laterais do rosto e regi\u00e3o ao redor da <b>boca<\/b>. Em peles sens\u00edveis, \u00e9 essencial ir devagar, escolhendo f\u00f3rmulas mais simples e introduzindo um produto por vez.<\/p>\n\n\n\n<figure class=\"wp-block-embed is-type-rich is-provider-pinterest wp-block-embed-pinterest\"><div class=\"wp-block-embed__wrapper\">\n<iframe loading=\"lazy\" title=\"\u00d3LEO CORPORAL | \u00d3leo corporal, Cremes para o corpo, Tratamentos de pele\" src=\"https:\/\/assets.pinterest.com\/ext\/embed.html?id=1337074886660837&#038;src=oembed\" height=\"899\" width=\"450\" frameborder=\"0\" scrolling=\"no\" ><\/iframe>\n<\/div><\/figure>\n\n\n\n<h2 class=\"wp-block-heading\">Quais cuidados e combina\u00e7\u00f5es tornam o uso de s\u00e9runs e \u00f3leos mais seguro?<\/h2>\n\n\n\n<p>Quando voc\u00ea inclui novos s\u00e9runs e \u00f3leos na rotina, \u00e9 importante observar como a <b>pele<\/b> reage nas primeiras semanas. Vermelhid\u00e3o forte, ard\u00eancia que n\u00e3o melhora ou aumento significativo de <b>cravos<\/b> e espinhas podem indicar excesso de produto, f\u00f3rmula muito pesada ou algum ativo que n\u00e3o combinou com a sua <b>pele<\/b>.<\/p>\n\n\n\n<p>Tamb\u00e9m vale prestar aten\u00e7\u00e3o \u00e0s <b>combina\u00e7\u00f5es<\/b>: s\u00e9runs com \u00e1cidos esfoliantes (como glic\u00f3lico ou retinoides) deixam a pele mais sens\u00edvel ao sol e exigem protetor solar di\u00e1rio e bem aplicado. \u00d3leos muito <b>densos<\/b>, somados a hidratantes grossos, podem criar uma sensa\u00e7\u00e3o pegajosa, especialmente em dias quentes.<\/p>\n","protected":false},"excerpt":{"rendered":"<p>Voc\u00ea j\u00e1 ficou em d\u00favida sobre a ordem certa de passar s\u00e9rum, hidratante, \u00f3leo e protetor solar, com medo de \u201cpesar\u201d a pele ou jogar dinheiro fora? Hoje, s\u00e9runs e \u00f3leos faciais deixaram de ser coisa de rotina complicada e viraram aliados do dia a dia, ajudando a hidratar melhor, deixar o tom mais uniforme [&hellip;]<\/p>\n","protected":false},"author":9,"featured_media":176925,"comment_status":"open","ping_status":"open","sticky":false,"template":"","format":"standard","meta":{"jnews-multi-image_gallery":[],"jnews_single_post":{"format":"standard"},"jnews_primary_category":[],"jnews_social_meta":[],"jnews_override_counter":[],"footnotes":""},"categories":[8691,8819,1],"tags":[22121,2616,18935,25555],"class_list":["post-176785","post","type-post","status-publish","format-standard","has-post-thumbnail","hentry","category-bem-estar","category-curiosidades","category-noticias","tag-auto-cuidado","tag-beleza","tag-oleo-facial","tag-seruns"],"yoast_head":"<!-- This site is optimized with the Yoast SEO plugin v23.8 - https:\/\/yoast.com\/wordpress\/plugins\/seo\/ -->\n<title>A ordem certa de usar s\u00e9rum, hidratante, \u00f3leo e protetor para cada tipo de pele - Estado de Minas - Em foco<\/title>\n<meta name=\"description\" content=\"Aprenda a ordem correta de usar s\u00e9rum e \u00f3leo facial para hidratar, clarear manchas e renovar o vi\u00e7o da sua pele hoje\" \/>\n<meta name=\"robots\" content=\"index, follow, max-snippet:-1, max-image-preview:large, max-video-preview:-1\" \/>\n<link rel=\"canonical\" href=\"https:\/\/www.em.com.br\/emfoco\/2026\/03\/04\/a-ordem-certa-de-usar-serum-hidratante-oleo-e-protetor-para-cada-tipo-de-pele\/\" \/>\n<meta property=\"og:locale\" content=\"pt_BR\" \/>\n<meta property=\"og:type\" content=\"article\" \/>\n<meta property=\"og:title\" content=\"A ordem certa de usar s\u00e9rum, hidratante, \u00f3leo e protetor para cada tipo de pele - Estado de Minas - Em foco\" \/>\n<meta property=\"og:description\" content=\"Aprenda a ordem correta de usar s\u00e9rum e \u00f3leo facial para hidratar, clarear manchas e renovar o vi\u00e7o da sua pele hoje\" \/>\n<meta property=\"og:url\" content=\"https:\/\/www.em.com.br\/emfoco\/2026\/03\/04\/a-ordem-certa-de-usar-serum-hidratante-oleo-e-protetor-para-cada-tipo-de-pele\/\" \/>\n<meta property=\"og:site_name\" content=\"Estado de Minas - Em foco\" \/>\n<meta property=\"article:published_time\" content=\"2026-03-04T18:25:00+00:00\" \/>\n<meta property=\"article:modified_time\" content=\"2026-03-03T20:54:03+00:00\" \/>\n<meta property=\"og:image\" content=\"https:\/\/www.em.com.br\/emfoco\/wp-content\/uploads\/2026\/03\/oleo-pele_1772569984869.jpg\" \/>\n\t<meta property=\"og:image:width\" content=\"1280\" \/>\n\t<meta property=\"og:image:height\" content=\"720\" \/>\n\t<meta property=\"og:image:type\" content=\"image\/jpeg\" \/>\n<meta name=\"author\" content=\"Daniely Cardoso\" \/>\n<meta name=\"twitter:card\" content=\"summary_large_image\" \/>\n<meta name=\"twitter:label1\" content=\"Escrito por\" \/>\n\t<meta name=\"twitter:data1\" content=\"Daniely Cardoso\" \/>\n\t<meta name=\"twitter:label2\" content=\"Est. tempo de leitura\" \/>\n\t<meta name=\"twitter:data2\" content=\"5 minutos\" \/>\n<!-- \/ Yoast SEO plugin. -->","yoast_head_json":{"title":"A ordem certa de usar s\u00e9rum, hidratante, \u00f3leo e protetor para cada tipo de pele - Estado de Minas - Em foco","description":"Aprenda a ordem correta de usar s\u00e9rum e \u00f3leo facial para hidratar, clarear manchas e renovar o vi\u00e7o da sua pele hoje","robots":{"index":"index","follow":"follow","max-snippet":"max-snippet:-1","max-image-preview":"max-image-preview:large","max-video-preview":"max-video-preview:-1"},"canonical":"https:\/\/www.em.com.br\/emfoco\/2026\/03\/04\/a-ordem-certa-de-usar-serum-hidratante-oleo-e-protetor-para-cada-tipo-de-pele\/","og_locale":"pt_BR","og_type":"article","og_title":"A ordem certa de usar s\u00e9rum, hidratante, \u00f3leo e protetor para cada tipo de pele - Estado de Minas - Em foco","og_description":"Aprenda a ordem correta de usar s\u00e9rum e \u00f3leo facial para hidratar, clarear manchas e renovar o vi\u00e7o da sua pele hoje","og_url":"https:\/\/www.em.com.br\/emfoco\/2026\/03\/04\/a-ordem-certa-de-usar-serum-hidratante-oleo-e-protetor-para-cada-tipo-de-pele\/","og_site_name":"Estado de Minas - Em foco","article_published_time":"2026-03-04T18:25:00+00:00","article_modified_time":"2026-03-03T20:54:03+00:00","og_image":[{"width":1280,"height":720,"url":"https:\/\/www.em.com.br\/emfoco\/wp-content\/uploads\/2026\/03\/oleo-pele_1772569984869.jpg","type":"image\/jpeg"}],"author":"Daniely Cardoso","twitter_card":"summary_large_image","twitter_misc":{"Escrito por":"Daniely Cardoso","Est. tempo de leitura":"5 minutos"},"schema":{"@context":"https:\/\/schema.org","@graph":[{"@type":"WebPage","@id":"https:\/\/www.em.com.br\/emfoco\/2026\/03\/04\/a-ordem-certa-de-usar-serum-hidratante-oleo-e-protetor-para-cada-tipo-de-pele\/","url":"https:\/\/www.em.com.br\/emfoco\/2026\/03\/04\/a-ordem-certa-de-usar-serum-hidratante-oleo-e-protetor-para-cada-tipo-de-pele\/","name":"A ordem certa de usar s\u00e9rum, hidratante, \u00f3leo e protetor para cada tipo de pele - Estado de Minas - Em foco","isPartOf":{"@id":"https:\/\/www.em.com.br\/emfoco\/#website"},"primaryImageOfPage":{"@id":"https:\/\/www.em.com.br\/emfoco\/2026\/03\/04\/a-ordem-certa-de-usar-serum-hidratante-oleo-e-protetor-para-cada-tipo-de-pele\/#primaryimage"},"image":{"@id":"https:\/\/www.em.com.br\/emfoco\/2026\/03\/04\/a-ordem-certa-de-usar-serum-hidratante-oleo-e-protetor-para-cada-tipo-de-pele\/#primaryimage"},"thumbnailUrl":"https:\/\/www.em.com.br\/emfoco\/wp-content\/uploads\/2026\/03\/oleo-pele_1772569984869.jpg","datePublished":"2026-03-04T18:25:00+00:00","dateModified":"2026-03-03T20:54:03+00:00","author":{"@id":"https:\/\/www.em.com.br\/emfoco\/#\/schema\/person\/0a8186d72f2c3a5c6276d90b41f271a0"},"description":"Aprenda a ordem correta de usar s\u00e9rum e \u00f3leo facial para hidratar, clarear manchas e renovar o vi\u00e7o da sua pele hoje","breadcrumb":{"@id":"https:\/\/www.em.com.br\/emfoco\/2026\/03\/04\/a-ordem-certa-de-usar-serum-hidratante-oleo-e-protetor-para-cada-tipo-de-pele\/#breadcrumb"},"inLanguage":"pt-BR","potentialAction":[{"@type":"ReadAction","target":["https:\/\/www.em.com.br\/emfoco\/2026\/03\/04\/a-ordem-certa-de-usar-serum-hidratante-oleo-e-protetor-para-cada-tipo-de-pele\/"]}]},{"@type":"ImageObject","inLanguage":"pt-BR","@id":"https:\/\/www.em.com.br\/emfoco\/2026\/03\/04\/a-ordem-certa-de-usar-serum-hidratante-oleo-e-protetor-para-cada-tipo-de-pele\/#primaryimage","url":"https:\/\/www.em.com.br\/emfoco\/wp-content\/uploads\/2026\/03\/oleo-pele_1772569984869.jpg","contentUrl":"https:\/\/www.em.com.br\/emfoco\/wp-content\/uploads\/2026\/03\/oleo-pele_1772569984869.jpg","width":1280,"height":720,"caption":"O s\u00e9rum facial \u00e9 um produto bem leve, geralmente aquoso ou em gel, com alta concentra\u00e7\u00e3o de ativos como \u00e1cido hialur\u00f4nico - Cr\u00e9ditos: depositphotos.com \/ IgorVetushko"},{"@type":"BreadcrumbList","@id":"https:\/\/www.em.com.br\/emfoco\/2026\/03\/04\/a-ordem-certa-de-usar-serum-hidratante-oleo-e-protetor-para-cada-tipo-de-pele\/#breadcrumb","itemListElement":[{"@type":"ListItem","position":1,"name":"In\u00edcio","item":"https:\/\/www.em.com.br\/emfoco\/"},{"@type":"ListItem","position":2,"name":"A ordem certa de usar s\u00e9rum, hidratante, \u00f3leo e protetor para cada tipo de pele"}]},{"@type":"WebSite","@id":"https:\/\/www.em.com.br\/emfoco\/#website","url":"https:\/\/www.em.com.br\/emfoco\/","name":"Estado de Minas - Em foco","description":"Acompanhe as \u00faltimas not\u00edcias e fique bem informado sobre tudo o que acontece em Minas Gerais, Brasil e no mundo.","potentialAction":[{"@type":"SearchAction","target":{"@type":"EntryPoint","urlTemplate":"https:\/\/www.em.com.br\/emfoco\/?s={search_term_string}"},"query-input":{"@type":"PropertyValueSpecification","valueRequired":true,"valueName":"search_term_string"}}],"inLanguage":"pt-BR"},{"@type":"Person","@id":"https:\/\/www.em.com.br\/emfoco\/#\/schema\/person\/0a8186d72f2c3a5c6276d90b41f271a0","name":"Daniely Cardoso","image":{"@type":"ImageObject","inLanguage":"pt-BR","@id":"https:\/\/www.em.com.br\/emfoco\/#\/schema\/person\/image\/","url":"https:\/\/secure.gravatar.com\/avatar\/4b80ddbd124d1f071b626d52d62e5dff?s=96&d=mm&r=g","contentUrl":"https:\/\/secure.gravatar.com\/avatar\/4b80ddbd124d1f071b626d52d62e5dff?s=96&d=mm&r=g","caption":"Daniely Cardoso"},"url":"https:\/\/www.em.com.br\/emfoco\/author\/danielymyth\/"}]}},"_links":{"self":[{"href":"https:\/\/www.em.com.br\/emfoco\/wp-json\/wp\/v2\/posts\/176785","targetHints":{"allow":["GET"]}}],"collection":[{"href":"https:\/\/www.em.com.br\/emfoco\/wp-json\/wp\/v2\/posts"}],"about":[{"href":"https:\/\/www.em.com.br\/emfoco\/wp-json\/wp\/v2\/types\/post"}],"author":[{"embeddable":true,"href":"https:\/\/www.em.com.br\/emfoco\/wp-json\/wp\/v2\/users\/9"}],"replies":[{"embeddable":true,"href":"https:\/\/www.em.com.br\/emfoco\/wp-json\/wp\/v2\/comments?post=176785"}],"version-history":[{"count":3,"href":"https:\/\/www.em.com.br\/emfoco\/wp-json\/wp\/v2\/posts\/176785\/revisions"}],"predecessor-version":[{"id":176950,"href":"https:\/\/www.em.com.br\/emfoco\/wp-json\/wp\/v2\/posts\/176785\/revisions\/176950"}],"wp:featuredmedia":[{"embeddable":true,"href":"https:\/\/www.em.com.br\/emfoco\/wp-json\/wp\/v2\/media\/176925"}],"wp:attachment":[{"href":"https:\/\/www.em.com.br\/emfoco\/wp-json\/wp\/v2\/media?parent=176785"}],"wp:term":[{"taxonomy":"category","embeddable":true,"href":"https:\/\/www.em.com.br\/emfoco\/wp-json\/wp\/v2\/categories?post=176785"},{"taxonomy":"post_tag","embeddable":true,"href":"https:\/\/www.em.com.br\/emfoco\/wp-json\/wp\/v2\/tags?post=176785"}],"curies":[{"name":"wp","href":"https:\/\/api.w.org\/{rel}","templated":true}]}}