{"id":176783,"date":"2026-03-04T15:45:00","date_gmt":"2026-03-04T18:45:00","guid":{"rendered":"https:\/\/www.em.com.br\/emfoco\/?p=176783"},"modified":"2026-03-03T17:56:53","modified_gmt":"2026-03-03T20:56:53","slug":"como-ter-pes-e-rosto-mais-suaves-usando-apenas-um-oleo-artesanal-feito-em-casa","status":"publish","type":"post","link":"https:\/\/www.em.com.br\/emfoco\/2026\/03\/04\/como-ter-pes-e-rosto-mais-suaves-usando-apenas-um-oleo-artesanal-feito-em-casa\/","title":{"rendered":"Como ter p\u00e9s e rosto mais suaves usando apenas um \u00f3leo artesanal feito em casa"},"content":{"rendered":"\n<p>Voc\u00ea j\u00e1 imaginou usar um <b>\u00f3leo simples<\/b>, feito em casa, para cuidar das <b>rachaduras dos p\u00e9s<\/b> e ainda dar uma forcinha nas linhas de express\u00e3o do rosto? \u00c9 exatamente essa a proposta do chamado \u201cBotox natural da cal\u00eandula\u201d: um \u00f3leo artesanal, de preparo f\u00e1cil, para quem busca um cuidado mais leve, natural e sem f\u00f3rmulas cheias de nomes complicados.<\/p>\n\n\n\n<h2 class=\"wp-block-heading\">O que \u00e9 o Botox natural de cal\u00eandula e como ele pode ajudar na rotina de cuidados?<\/h2>\n\n\n\n<p>A express\u00e3o <b>Botox natural<\/b> de cal\u00eandula \u00e9 apenas um apelido carinhoso para um <b>\u00f3leo vegetal<\/b> feito com flores de cal\u00eandula deixadas em infus\u00e3o. Ele n\u00e3o substitui o Botox tradicional de cl\u00ednica, mas pode ser um \u00f3timo aliado para hidratar a pele, suavizar a apar\u00eancia de linhas finas e ajudar em \u00e1reas bem ressecadas, como calcanhares rachados.<\/p>\n\n\n\n<p>A <b>cal\u00eandula \u00e9<\/b> conhecida h\u00e1 muito tempo por suas poss\u00edveis a\u00e7\u00f5es <b>calmantes e<\/b> regeneradoras na pele. Quando as p\u00e9talas ficam mergulhadas em um \u00f3leo, como azeite de oliva, \u00f3leo de girassol ou de am\u00eandoas doces, parte dos seus compostos passa para o \u00f3leo, deixando-o mais nutritivo e delicadamente arom\u00e1tico.<\/p>\n\n\n\n<figure class=\"wp-block-embed is-type-rich is-provider-pinterest wp-block-embed-pinterest\"><div class=\"wp-block-embed__wrapper\">\n<iframe loading=\"lazy\" title=\"Shedding for glowy Aprilskin calendula peel serum #aprilskin #glowyskin #calendula \ud83d\udcf8jasminnlily_\" src=\"https:\/\/assets.pinterest.com\/ext\/embed.html?id=1034279870689432779&#038;src=oembed\" height=\"899\" width=\"450\" frameborder=\"0\" scrolling=\"no\" ><\/iframe>\n<\/div><\/figure>\n\n\n\n<p>Leia tamb\u00e9m:&nbsp;<a href=\"https:\/\/www.em.com.br\/emfoco\/2025\/08\/17\/como-plantar-calendulas-e-deixar-o-jardim-mais-colorido-e-protegido\/\" target=\"_blank\" rel=\"noopener\">Como plantar cal\u00eandulas e deixar o jardim mais colorido e protegido<\/a><\/p>\n\n\n\n<h2 class=\"wp-block-heading\">Como o \u00f3leo de cal\u00eandula age na pele do rosto e do corpo?<\/h2>\n\n\n\n<p>Ao usar o <b>\u00f3leo de<\/b> cal\u00eandula com frequ\u00eancia, muitas pessoas percebem a <b>pele mais<\/b> macia, com menos sensa\u00e7\u00e3o de aspereza e um aspecto mais uniforme. Isso acontece porque o \u00f3leo ajuda a fortalecer a barreira de prote\u00e7\u00e3o da pele, reduzindo o ressecamento e deixando-a mais flex\u00edvel.<\/p>\n\n\n\n<p>Ele \u00e9 especialmente \u00fatil em regi\u00f5es que sofrem muito <b>atrito e<\/b> ressecam f\u00e1cil, como p\u00e9s, joelhos e m\u00e3os. No rosto, o uso \u00e9 mais delicado: em pequenas quantidades, pode ajudar a dar aquele toque de <b>vi\u00e7o e<\/b> suavizar o visual das linhas finas, sem prometer milagres.<\/p>\n\n\n\n<figure class=\"wp-block-embed is-type-rich is-provider-pinterest wp-block-embed-pinterest\"><div class=\"wp-block-embed__wrapper\">\n<iframe loading=\"lazy\" title=\"FRANCISCOMARCOSDOSSANTOS | Perfil social\" src=\"https:\/\/assets.pinterest.com\/ext\/embed.html?id=298082069108512737&#038;src=oembed\" height=\"775\" width=\"450\" frameborder=\"0\" scrolling=\"no\" ><\/iframe>\n<\/div><\/figure>\n\n\n\n<h2 class=\"wp-block-heading\">Como fazer o \u00f3leo de infus\u00e3o solar de cal\u00eandula em casa passo a passo<\/h2>\n\n\n\n<p>Preparar o <b>\u00f3leo de<\/b> cal\u00eandula por infus\u00e3o solar \u00e9 simples e pode ser um momento gostoso de <b>autocuidado e<\/b> conex\u00e3o com a pr\u00f3pria rotina. O segredo \u00e9 caprichar na higiene, escolher bem os ingredientes e respeitar o tempo de descanso ao sol, sem pressa.<\/p>\n\n\n\n<ol class=\"wp-block-list\">\n<li><strong>Selecionar e secar as flores de cal\u00eandula: <\/strong>Dar prefer\u00eancia a <b>flores org\u00e2nicas<\/b>, sem agrot\u00f3xicos. Lavar rapidamente, se necess\u00e1rio, e deixar secar completamente em local arejado e \u00e0 <b>sombra, evitando<\/b> umidade excessiva.\u00a0<\/li>\n\n\n\n<li><strong>Escolher o \u00f3leo vegetal de base: <\/strong><b>\u00d3leo de<\/b> girassol, azeite de oliva extravirgem ou \u00f3leo de am\u00eandoas doces s\u00e3o op\u00e7\u00f5es frequentes. Optar por \u00f3leos <b>prensados a<\/b> frio e de boa proced\u00eancia.<\/li>\n\n\n\n<li><strong>Montar o frasco para infus\u00e3o solar: <\/strong>Usar um frasco de <b>vidro limpo<\/b> e bem seco, preferencialmente esterilizado. Preencher cerca de metade do <b>frasco com<\/b> flores secas de cal\u00eandula.<\/li>\n\n\n\n<li><strong>Realizar a infus\u00e3o ao sol <\/strong>Colocar o frasco em local com boa incid\u00eancia de <b>luz indireta<\/b> ou sol suave. Manter a infus\u00e3o de 2 a 4 semanas, agitando delicadamente o <b>frasco uma<\/b> vez ao dia.<\/li>\n\n\n\n<li><strong>Coar e armazenar o \u00f3leo de cal\u00eandula: <\/strong>Ap\u00f3s o tempo de infus\u00e3o, coar o conte\u00fado com pano de algod\u00e3o <b>limpo ou<\/b> filtro fino. Transferir o \u00f3leo para um frasco de vidro \u00e2mbar ou <b>escuro, bem<\/b> fechado.<\/li>\n<\/ol>\n\n\n\n<p>Para voc\u00ea que gosta de se cuidar, separamos um v\u00eddeo do canal do <a href=\"https:\/\/www.youtube.com\/@DrAlainDutra\" target=\"_blank\" rel=\"noreferrer noopener\">Dr. Alain Dutra<\/a> com dicas para usar a calendula no corpo:<\/p>\n\n\n\n<figure class=\"wp-block-embed is-type-video is-provider-youtube wp-block-embed-youtube wp-embed-aspect-16-9 wp-has-aspect-ratio\"><div class=\"wp-block-embed__wrapper\">\n<div class=\"jeg_video_container jeg_video_content\"><iframe loading=\"lazy\" title=\"Cal\u00eandula \u00e9 bom para qu\u00ea? Sete Poderosos Benef\u00edcios\" width=\"500\" height=\"281\" src=\"https:\/\/www.youtube.com\/embed\/aDdqezq-naU?start=87&#038;feature=oembed\" frameborder=\"0\" allow=\"accelerometer; autoplay; clipboard-write; encrypted-media; gyroscope; picture-in-picture; web-share\" referrerpolicy=\"strict-origin-when-cross-origin\" allowfullscreen><\/iframe><\/div>\n<\/div><\/figure>\n\n\n\n<h2 class=\"wp-block-heading\">Como usar o Botox natural de cal\u00eandula nos p\u00e9s e no rosto de forma segura<\/h2>\n\n\n\n<p>Na pr\u00e1tica, o <b>\u00f3leo de<\/b> cal\u00eandula para rachaduras nos p\u00e9s funciona como um \u201ccuringa\u201d de <b>hidrata\u00e7\u00e3o profunda<\/b>. J\u00e1 no rosto, o ideal \u00e9 ir aos poucos, usando quantidades pequenas para n\u00e3o pesar, principalmente em peles oleosas ou mistas.<\/p>\n\n\n\n<ul class=\"wp-block-list\">\n<li>Nos p\u00e9s: aplicar ap\u00f3s lavar e secar bem, focando nas \u00e1reas mais ressecadas e, se quiser, usar meias de <b>algod\u00e3o \u00e0<\/b> noite para potencializar o efeito.<\/li>\n\n\n\n<li>No rosto: sempre fazer um teste em pequena \u00e1rea antes, aplicar de 1 a 3 gotas nas <b>linhas finas<\/b>, de prefer\u00eancia \u00e0 noite, e ajustar a frequ\u00eancia conforme a rea\u00e7\u00e3o da pele.<\/li>\n<\/ul>\n\n\n\n<p>Al\u00e9m disso, esse \u00f3leo n\u00e3o paralisa <b>m\u00fasculos nem<\/b> substitui tratamentos m\u00e9dicos ou est\u00e9ticos. Ele atua principalmente na hidrata\u00e7\u00e3o e na apar\u00eancia de <b>maciez da<\/b> pele. Em rachaduras muito profundas, sinais de infec\u00e7\u00e3o ou doen\u00e7as de pele, o melhor caminho \u00e9 buscar orienta\u00e7\u00e3o profissional antes de apostar apenas em receitas caseiras.<\/p>\n","protected":false},"excerpt":{"rendered":"<p>Voc\u00ea j\u00e1 imaginou usar um \u00f3leo simples, feito em casa, para cuidar das rachaduras dos p\u00e9s e ainda dar uma forcinha nas linhas de express\u00e3o do rosto? \u00c9 exatamente essa a proposta do chamado \u201cBotox natural da cal\u00eandula\u201d: um \u00f3leo artesanal, de preparo f\u00e1cil, para quem busca um cuidado mais leve, natural e sem f\u00f3rmulas [&hellip;]<\/p>\n","protected":false},"author":9,"featured_media":176913,"comment_status":"open","ping_status":"open","sticky":false,"template":"","format":"standard","meta":{"jnews-multi-image_gallery":[],"jnews_single_post":{"format":"standard"},"jnews_primary_category":[],"jnews_social_meta":[],"jnews_override_counter":[],"footnotes":""},"categories":[8691,8819,1],"tags":[21408,13272,25552],"class_list":["post-176783","post","type-post","status-publish","format-standard","has-post-thumbnail","hentry","category-bem-estar","category-curiosidades","category-noticias","tag-botox-natural","tag-calendula","tag-oleo-de-infusao"],"yoast_head":"<!-- This site is optimized with the Yoast SEO plugin v23.8 - https:\/\/yoast.com\/wordpress\/plugins\/seo\/ -->\n<title>Como ter p\u00e9s e rosto mais suaves usando apenas um \u00f3leo artesanal feito em casa - Estado de Minas - Em foco<\/title>\n<meta name=\"description\" content=\"Descubra como fazer o Botox natural de cal\u00eandula para suavizar rugas e tratar p\u00e9s rachados de forma simples hoje\" \/>\n<meta name=\"robots\" content=\"index, follow, max-snippet:-1, max-image-preview:large, max-video-preview:-1\" \/>\n<link rel=\"canonical\" href=\"https:\/\/www.em.com.br\/emfoco\/2026\/03\/04\/como-ter-pes-e-rosto-mais-suaves-usando-apenas-um-oleo-artesanal-feito-em-casa\/\" \/>\n<meta property=\"og:locale\" content=\"pt_BR\" \/>\n<meta property=\"og:type\" content=\"article\" \/>\n<meta property=\"og:title\" content=\"Como ter p\u00e9s e rosto mais suaves usando apenas um \u00f3leo artesanal feito em casa - Estado de Minas - Em foco\" \/>\n<meta property=\"og:description\" content=\"Descubra como fazer o Botox natural de cal\u00eandula para suavizar rugas e tratar p\u00e9s rachados de forma simples hoje\" \/>\n<meta property=\"og:url\" content=\"https:\/\/www.em.com.br\/emfoco\/2026\/03\/04\/como-ter-pes-e-rosto-mais-suaves-usando-apenas-um-oleo-artesanal-feito-em-casa\/\" \/>\n<meta property=\"og:site_name\" content=\"Estado de Minas - Em foco\" \/>\n<meta property=\"article:published_time\" content=\"2026-03-04T18:45:00+00:00\" \/>\n<meta property=\"article:modified_time\" content=\"2026-03-03T20:56:53+00:00\" \/>\n<meta property=\"og:image\" content=\"https:\/\/www.em.com.br\/emfoco\/wp-content\/uploads\/2026\/03\/calendula-_1772569291757.jpg\" \/>\n\t<meta property=\"og:image:width\" content=\"1280\" \/>\n\t<meta property=\"og:image:height\" content=\"720\" \/>\n\t<meta property=\"og:image:type\" content=\"image\/jpeg\" \/>\n<meta name=\"author\" content=\"Daniely Cardoso\" \/>\n<meta name=\"twitter:card\" content=\"summary_large_image\" \/>\n<meta name=\"twitter:label1\" content=\"Escrito por\" \/>\n\t<meta name=\"twitter:data1\" content=\"Daniely Cardoso\" \/>\n\t<meta name=\"twitter:label2\" content=\"Est. tempo de leitura\" \/>\n\t<meta name=\"twitter:data2\" content=\"5 minutos\" \/>\n<!-- \/ Yoast SEO plugin. -->","yoast_head_json":{"title":"Como ter p\u00e9s e rosto mais suaves usando apenas um \u00f3leo artesanal feito em casa - Estado de Minas - Em foco","description":"Descubra como fazer o Botox natural de cal\u00eandula para suavizar rugas e tratar p\u00e9s rachados de forma simples hoje","robots":{"index":"index","follow":"follow","max-snippet":"max-snippet:-1","max-image-preview":"max-image-preview:large","max-video-preview":"max-video-preview:-1"},"canonical":"https:\/\/www.em.com.br\/emfoco\/2026\/03\/04\/como-ter-pes-e-rosto-mais-suaves-usando-apenas-um-oleo-artesanal-feito-em-casa\/","og_locale":"pt_BR","og_type":"article","og_title":"Como ter p\u00e9s e rosto mais suaves usando apenas um \u00f3leo artesanal feito em casa - Estado de Minas - Em foco","og_description":"Descubra como fazer o Botox natural de cal\u00eandula para suavizar rugas e tratar p\u00e9s rachados de forma simples hoje","og_url":"https:\/\/www.em.com.br\/emfoco\/2026\/03\/04\/como-ter-pes-e-rosto-mais-suaves-usando-apenas-um-oleo-artesanal-feito-em-casa\/","og_site_name":"Estado de Minas - Em foco","article_published_time":"2026-03-04T18:45:00+00:00","article_modified_time":"2026-03-03T20:56:53+00:00","og_image":[{"width":1280,"height":720,"url":"https:\/\/www.em.com.br\/emfoco\/wp-content\/uploads\/2026\/03\/calendula-_1772569291757.jpg","type":"image\/jpeg"}],"author":"Daniely Cardoso","twitter_card":"summary_large_image","twitter_misc":{"Escrito por":"Daniely Cardoso","Est. tempo de leitura":"5 minutos"},"schema":{"@context":"https:\/\/schema.org","@graph":[{"@type":"WebPage","@id":"https:\/\/www.em.com.br\/emfoco\/2026\/03\/04\/como-ter-pes-e-rosto-mais-suaves-usando-apenas-um-oleo-artesanal-feito-em-casa\/","url":"https:\/\/www.em.com.br\/emfoco\/2026\/03\/04\/como-ter-pes-e-rosto-mais-suaves-usando-apenas-um-oleo-artesanal-feito-em-casa\/","name":"Como ter p\u00e9s e rosto mais suaves usando apenas um \u00f3leo artesanal feito em casa - Estado de Minas - Em foco","isPartOf":{"@id":"https:\/\/www.em.com.br\/emfoco\/#website"},"primaryImageOfPage":{"@id":"https:\/\/www.em.com.br\/emfoco\/2026\/03\/04\/como-ter-pes-e-rosto-mais-suaves-usando-apenas-um-oleo-artesanal-feito-em-casa\/#primaryimage"},"image":{"@id":"https:\/\/www.em.com.br\/emfoco\/2026\/03\/04\/como-ter-pes-e-rosto-mais-suaves-usando-apenas-um-oleo-artesanal-feito-em-casa\/#primaryimage"},"thumbnailUrl":"https:\/\/www.em.com.br\/emfoco\/wp-content\/uploads\/2026\/03\/calendula-_1772569291757.jpg","datePublished":"2026-03-04T18:45:00+00:00","dateModified":"2026-03-03T20:56:53+00:00","author":{"@id":"https:\/\/www.em.com.br\/emfoco\/#\/schema\/person\/0a8186d72f2c3a5c6276d90b41f271a0"},"description":"Descubra como fazer o Botox natural de cal\u00eandula para suavizar rugas e tratar p\u00e9s rachados de forma simples hoje","breadcrumb":{"@id":"https:\/\/www.em.com.br\/emfoco\/2026\/03\/04\/como-ter-pes-e-rosto-mais-suaves-usando-apenas-um-oleo-artesanal-feito-em-casa\/#breadcrumb"},"inLanguage":"pt-BR","potentialAction":[{"@type":"ReadAction","target":["https:\/\/www.em.com.br\/emfoco\/2026\/03\/04\/como-ter-pes-e-rosto-mais-suaves-usando-apenas-um-oleo-artesanal-feito-em-casa\/"]}]},{"@type":"ImageObject","inLanguage":"pt-BR","@id":"https:\/\/www.em.com.br\/emfoco\/2026\/03\/04\/como-ter-pes-e-rosto-mais-suaves-usando-apenas-um-oleo-artesanal-feito-em-casa\/#primaryimage","url":"https:\/\/www.em.com.br\/emfoco\/wp-content\/uploads\/2026\/03\/calendula-_1772569291757.jpg","contentUrl":"https:\/\/www.em.com.br\/emfoco\/wp-content\/uploads\/2026\/03\/calendula-_1772569291757.jpg","width":1280,"height":720,"caption":"A cal\u00eandula \u00e9 conhecida h\u00e1 muito tempo por suas poss\u00edveis a\u00e7\u00f5es calmantes e regeneradoras na pele - Cr\u00e9ditos: depositphotos.com \/ Lio22"},{"@type":"BreadcrumbList","@id":"https:\/\/www.em.com.br\/emfoco\/2026\/03\/04\/como-ter-pes-e-rosto-mais-suaves-usando-apenas-um-oleo-artesanal-feito-em-casa\/#breadcrumb","itemListElement":[{"@type":"ListItem","position":1,"name":"In\u00edcio","item":"https:\/\/www.em.com.br\/emfoco\/"},{"@type":"ListItem","position":2,"name":"Como ter p\u00e9s e rosto mais suaves usando apenas um \u00f3leo artesanal feito em casa"}]},{"@type":"WebSite","@id":"https:\/\/www.em.com.br\/emfoco\/#website","url":"https:\/\/www.em.com.br\/emfoco\/","name":"Estado de Minas - Em foco","description":"Acompanhe as \u00faltimas not\u00edcias e fique bem informado sobre tudo o que acontece em Minas Gerais, Brasil e no mundo.","potentialAction":[{"@type":"SearchAction","target":{"@type":"EntryPoint","urlTemplate":"https:\/\/www.em.com.br\/emfoco\/?s={search_term_string}"},"query-input":{"@type":"PropertyValueSpecification","valueRequired":true,"valueName":"search_term_string"}}],"inLanguage":"pt-BR"},{"@type":"Person","@id":"https:\/\/www.em.com.br\/emfoco\/#\/schema\/person\/0a8186d72f2c3a5c6276d90b41f271a0","name":"Daniely Cardoso","image":{"@type":"ImageObject","inLanguage":"pt-BR","@id":"https:\/\/www.em.com.br\/emfoco\/#\/schema\/person\/image\/","url":"https:\/\/secure.gravatar.com\/avatar\/4b80ddbd124d1f071b626d52d62e5dff?s=96&d=mm&r=g","contentUrl":"https:\/\/secure.gravatar.com\/avatar\/4b80ddbd124d1f071b626d52d62e5dff?s=96&d=mm&r=g","caption":"Daniely Cardoso"},"url":"https:\/\/www.em.com.br\/emfoco\/author\/danielymyth\/"}]}},"_links":{"self":[{"href":"https:\/\/www.em.com.br\/emfoco\/wp-json\/wp\/v2\/posts\/176783","targetHints":{"allow":["GET"]}}],"collection":[{"href":"https:\/\/www.em.com.br\/emfoco\/wp-json\/wp\/v2\/posts"}],"about":[{"href":"https:\/\/www.em.com.br\/emfoco\/wp-json\/wp\/v2\/types\/post"}],"author":[{"embeddable":true,"href":"https:\/\/www.em.com.br\/emfoco\/wp-json\/wp\/v2\/users\/9"}],"replies":[{"embeddable":true,"href":"https:\/\/www.em.com.br\/emfoco\/wp-json\/wp\/v2\/comments?post=176783"}],"version-history":[{"count":3,"href":"https:\/\/www.em.com.br\/emfoco\/wp-json\/wp\/v2\/posts\/176783\/revisions"}],"predecessor-version":[{"id":176954,"href":"https:\/\/www.em.com.br\/emfoco\/wp-json\/wp\/v2\/posts\/176783\/revisions\/176954"}],"wp:featuredmedia":[{"embeddable":true,"href":"https:\/\/www.em.com.br\/emfoco\/wp-json\/wp\/v2\/media\/176913"}],"wp:attachment":[{"href":"https:\/\/www.em.com.br\/emfoco\/wp-json\/wp\/v2\/media?parent=176783"}],"wp:term":[{"taxonomy":"category","embeddable":true,"href":"https:\/\/www.em.com.br\/emfoco\/wp-json\/wp\/v2\/categories?post=176783"},{"taxonomy":"post_tag","embeddable":true,"href":"https:\/\/www.em.com.br\/emfoco\/wp-json\/wp\/v2\/tags?post=176783"}],"curies":[{"name":"wp","href":"https:\/\/api.w.org\/{rel}","templated":true}]}}