{"id":176780,"date":"2026-03-04T13:25:27","date_gmt":"2026-03-04T16:25:27","guid":{"rendered":"https:\/\/www.em.com.br\/emfoco\/?p=176780"},"modified":"2026-03-03T17:50:31","modified_gmt":"2026-03-03T20:50:31","slug":"a-arvore-perfeita-para-quem-quer-sombra-frutos-frescos-e-que-nao-levanta-o-piso-do-quintal","status":"publish","type":"post","link":"https:\/\/www.em.com.br\/emfoco\/2026\/03\/04\/a-arvore-perfeita-para-quem-quer-sombra-frutos-frescos-e-que-nao-levanta-o-piso-do-quintal\/","title":{"rendered":"A \u00e1rvore perfeita para quem quer sombra, frutos frescos e que n\u00e3o levanta o piso do quintal"},"content":{"rendered":"\n<p>Imagine abrir a porta do fundo de casa em um fim de tarde de ver\u00e3o e encontrar uma <b>ameixeira carregada<\/b> de frutos, fazendo sombra gostosa sem quebrar piso, cal\u00e7ada ou cano. \u00c9 exatamente por isso que, em 2026, muita gente que mora em \u00e1reas <b>urbanas come\u00e7ou<\/b> a olhar para a <strong>ameixeira<\/strong> como uma grande aliada: ela d\u00e1 flores, frutos, ajuda a refrescar o ambiente e, ainda por cima, costuma ter ra\u00edzes menos agressivas e um porte que combina bem com quintais compactos.<\/p>\n\n\n\n<h2 class=\"wp-block-heading\">Ameixeira \u00e9 uma boa \u00e1rvore para quintais pequenos<\/h2>\n\n\n\n<p>A <strong>ameixeira (Prunus domestica)<\/strong> \u00e9 considerada uma <b>\u00e1rvore de<\/b> pequeno a m\u00e9dio porte, normalmente ficando entre 3 e 6 metros de altura quando bem cuidada. Esse tamanho intermedi\u00e1rio permite o plantio em <b>quintais estreitos<\/b>, \u00e1reas laterais da casa e at\u00e9 em cal\u00e7adas, desde que se mantenha uma dist\u00e2ncia segura de muros, constru\u00e7\u00f5es e fia\u00e7\u00f5es.<\/p>\n\n\n\n<p>A copa pode ser moldada com <b>podas simples<\/b>, ficando mais arredondada para fazer sombra ou mais aberta para destacar o visual. Outro ponto importante \u00e9 o sistema de ra\u00edzes: a ameixeira tende a desenvolver <strong>ra\u00edzes mais profundas<\/strong> e verticais, o que reduz o risco de levantar piso ou rachar cal\u00e7adas quando plantada em solo adequado e com espa\u00e7amento correto.<\/p>\n\n\n\n<figure class=\"wp-block-embed is-type-rich is-provider-pinterest wp-block-embed-pinterest\"><div class=\"wp-block-embed__wrapper\">\n<iframe loading=\"lazy\" title=\"horta \/ plantar ameixa \/ cultivo \/ jardim \/ ameixa \/ terra\" src=\"https:\/\/assets.pinterest.com\/ext\/embed.html?id=1073756736141595595&#038;src=oembed\" height=\"899\" width=\"450\" frameborder=\"0\" scrolling=\"no\" ><\/iframe>\n<\/div><\/figure>\n\n\n\n<p>Leia tamb\u00e9m:&nbsp;<a href=\"https:\/\/www.em.com.br\/emfoco\/2026\/02\/28\/atencao-no-quintal-ratos-usam-arvores-como-ponte-para-invadir-sua-casa\/\" target=\"_blank\" rel=\"noopener\">Aten\u00e7\u00e3o no quintal: ratos usam \u00e1rvores como ponte para invadir sua casa<\/a><\/p>\n\n\n\n<h2 class=\"wp-block-heading\">Como a ameixeira se adapta \u00e0 \u00e1gua e ao clima<\/h2>\n\n\n\n<p>Em muitas cidades brasileiras, per\u00edodos de estiagem e restri\u00e7\u00f5es de uso de \u00e1gua j\u00e1 fazem parte da rotina, e isso acaba influenciando a escolha das \u00e1rvores. A <strong>ameixeira resistente<\/strong> \u00e0 seca se destaca porque, depois dos primeiros anos de forma\u00e7\u00e3o, consegue se virar melhor sozinha, explorando camadas mais <b>profundas do<\/b> solo.<\/p>\n\n\n\n<p>Nos dois primeiros ciclos, \u00e9 importante manter uma <b>irriga\u00e7\u00e3o regular<\/b> para garantir bom enraizamento e crescimento saud\u00e1vel. Em dias muito quentes, especialmente na <strong>fase de frutifica\u00e7\u00e3o<\/strong>, vale caprichar um pouco mais na \u00e1gua para obter ameixas maiores e mais suculentas. Fora dessa fase, em regi\u00f5es com chuvas minimamente regulares, muitas plantas se mant\u00eam apenas com a <b>\u00e1gua da<\/b> chuva.<\/p>\n\n\n\n<figure class=\"wp-block-embed is-type-rich is-provider-pinterest wp-block-embed-pinterest\"><div class=\"wp-block-embed__wrapper\">\n<iframe loading=\"lazy\" title=\" \" src=\"https:\/\/assets.pinterest.com\/ext\/embed.html?id=49821139624349611&#038;src=oembed\" height=\"899\" width=\"450\" frameborder=\"0\" scrolling=\"no\" ><\/iframe>\n<\/div><\/figure>\n\n\n\n<h2 class=\"wp-block-heading\">Como usar a ameixeira no paisagismo e no conforto da casa<\/h2>\n\n\n\n<p>Al\u00e9m da parte pr\u00e1tica, a <strong>ameixeira para jardim<\/strong> traz um charme especial para o quintal ao marcar bem as esta\u00e7\u00f5es do ano. Por ser uma esp\u00e9cie caducif\u00f3lia, perde as folhas no inverno, deixando mais luz entrar em \u00e1reas que costumam ficar frias nessa \u00e9poca. Na primavera, surge coberta de <b>flores brancas<\/b> ou levemente rosadas, atraindo <b>abelhas e<\/b> outros polinizadores.<\/p>\n\n\n\n<p>No ver\u00e3o, as flores d\u00e3o lugar \u00e0s ameixas, que costumam amadurecer do fim da primavera ao in\u00edcio do outono, dependendo da regi\u00e3o. Colher <strong>ameixa fresca<\/strong> no quintal permite consumir o fruto bem maduro, mais doce e arom\u00e1tico, algo dif\u00edcil em produtos colhidos verdes para transporte. Para muitas fam\u00edlias, isso \u00e9 um incentivo natural para incluir mais <b>frutas na<\/b> alimenta\u00e7\u00e3o do dia a dia.<\/p>\n\n\n\n<p>Para voc\u00ea que gosta de plantar, separamos um v\u00eddeo do canal <a href=\"https:\/\/www.youtube.com\/@quemplantacolhe\" target=\"_blank\" rel=\"noreferrer noopener\">Quem planta colhe, com Evelin<\/a> com dicas para conseguir germinar a ameixa:<\/p>\n\n\n\n<figure class=\"wp-block-embed is-type-video is-provider-youtube wp-block-embed-youtube wp-embed-aspect-16-9 wp-has-aspect-ratio\"><div class=\"wp-block-embed__wrapper\">\n<div class=\"jeg_video_container jeg_video_content\"><iframe loading=\"lazy\" title=\"AMEIXA, como consegui germinar a semente com sucesso! #FiqueEmCasa plante #comigo #quemplantacolhebr\" width=\"500\" height=\"281\" src=\"https:\/\/www.youtube.com\/embed\/tYSFrqSNGkY?start=39&#038;feature=oembed\" frameborder=\"0\" allow=\"accelerometer; autoplay; clipboard-write; encrypted-media; gyroscope; picture-in-picture; web-share\" referrerpolicy=\"strict-origin-when-cross-origin\" allowfullscreen><\/iframe><\/div>\n<\/div><\/figure>\n\n\n\n<h2 class=\"wp-block-heading\">Quais s\u00e3o os principais benef\u00edcios nutricionais da ameixa<\/h2>\n\n\n\n<p>No prato, a ameixa conquista pelo <b>sabor e<\/b> pelo valor nutricional. Na vers\u00e3o fresca, costuma ter de 40 a 50 kcal por 100 g, com teor moderado de carboidratos, al\u00e9m de fibras, vitaminas e minerais. Entre os micronutrientes mais presentes est\u00e3o <strong>vitamina C<\/strong>, vitaminas do complexo B, pot\u00e1ssio, ferro e f\u00f3sforo, al\u00e9m de compostos com a\u00e7\u00e3o antioxidante que ajudam a cuidar do corpo por dentro.<\/p>\n\n\n\n<ul class=\"wp-block-list\">\n<li><strong>Sa\u00fade intestinal<\/strong>, gra\u00e7as \u00e0s fibras que <b>auxiliam o<\/b> funcionamento;<\/li>\n\n\n\n<li><strong>Melhor aproveitamento<\/strong> de energia, por conta das <b>vitaminas do<\/b> complexo B;<\/li>\n\n\n\n<li><strong>A\u00e7\u00e3o antioxidante<\/strong>, ajudando a neutralizar <b>radicais livres<\/b>;<\/li>\n\n\n\n<li><strong>Apoio ao<\/strong> equil\u00edbrio glic\u00eamico, quando consumida com modera\u00e7\u00e3o em uma <b>alimenta\u00e7\u00e3o organizada<\/b>.<\/li>\n<\/ul>\n\n\n\n<figure class=\"wp-block-embed is-type-rich is-provider-pinterest wp-block-embed-pinterest\"><div class=\"wp-block-embed__wrapper\">\n<iframe loading=\"lazy\" title=\" \" src=\"https:\/\/assets.pinterest.com\/ext\/embed.html?id=633387435689230&#038;src=oembed\" height=\"699\" width=\"450\" frameborder=\"0\" scrolling=\"no\" ><\/iframe>\n<\/div><\/figure>\n\n\n\n<h2 class=\"wp-block-heading\">Como cuidar de uma ameixeira em espa\u00e7o reduzido<\/h2>\n\n\n\n<p>Para aproveitar ao m\u00e1ximo uma <strong>ameixeira em<\/strong> quintal pequeno, alguns cuidados simples de manejo fazem bastante diferen\u00e7a. Escolher bem o local \u00e9 o primeiro passo: d\u00ea prefer\u00eancia a \u00e1reas com bastante sol direto, afastadas alguns metros de <b>muros e<\/b> estruturas r\u00edgidas, de acordo com o porte da variedade escolhida.<\/p>\n\n\n\n<p>O ideal \u00e9 usar <b>solo bem<\/b> drenado, enriquecido com mat\u00e9ria org\u00e2nica, evitando encharcamento, que favorece doen\u00e7as de raiz. Podas regulares ajudam a tirar galhos secos ou doentes e ramos voltados para dentro da copa, melhorando a ventila\u00e7\u00e3o e facilitando a colheita. Aduba\u00e7\u00f5es peri\u00f3dicas, seguindo orienta\u00e7\u00e3o t\u00e9cnica ou r\u00f3tulo do produto, e o <b>monitoramento de<\/b> pragas completam o cuidado. Com aten\u00e7\u00e3o a esses pontos, a ameixeira tende a se manter funcional, bonita e produtiva, unindo paisagismo e alimento no pr\u00f3prio quintal.<\/p>\n","protected":false},"excerpt":{"rendered":"<p>Imagine abrir a porta do fundo de casa em um fim de tarde de ver\u00e3o e encontrar uma ameixeira carregada de frutos, fazendo sombra gostosa sem quebrar piso, cal\u00e7ada ou cano. \u00c9 exatamente por isso que, em 2026, muita gente que mora em \u00e1reas urbanas come\u00e7ou a olhar para a ameixeira como uma grande aliada: [&hellip;]<\/p>\n","protected":false},"author":9,"featured_media":176879,"comment_status":"open","ping_status":"open","sticky":false,"template":"","format":"standard","meta":{"jnews-multi-image_gallery":[],"jnews_single_post":{"format":"standard"},"jnews_primary_category":[],"jnews_social_meta":[],"jnews_override_counter":[],"footnotes":""},"categories":[8691,8819,1],"tags":[8595,7701,3325],"class_list":["post-176780","post","type-post","status-publish","format-standard","has-post-thumbnail","hentry","category-bem-estar","category-curiosidades","category-noticias","tag-ameixa","tag-como-plantar","tag-jardim"],"yoast_head":"<!-- This site is optimized with the Yoast SEO plugin v23.8 - https:\/\/yoast.com\/wordpress\/plugins\/seo\/ -->\n<title>A \u00e1rvore perfeita para quem quer sombra, frutos frescos e que n\u00e3o levanta o piso do quintal - Estado de Minas - Em foco<\/title>\n<meta name=\"description\" content=\"Descubra como cultivar ameixeira em quintais pequenos para ter sombra fresca e frutas suculentas com facilidade hoje\" \/>\n<meta name=\"robots\" content=\"index, follow, max-snippet:-1, max-image-preview:large, max-video-preview:-1\" \/>\n<link rel=\"canonical\" href=\"https:\/\/www.em.com.br\/emfoco\/2026\/03\/04\/a-arvore-perfeita-para-quem-quer-sombra-frutos-frescos-e-que-nao-levanta-o-piso-do-quintal\/\" \/>\n<meta property=\"og:locale\" content=\"pt_BR\" \/>\n<meta property=\"og:type\" content=\"article\" \/>\n<meta property=\"og:title\" content=\"A \u00e1rvore perfeita para quem quer sombra, frutos frescos e que n\u00e3o levanta o piso do quintal - Estado de Minas - Em foco\" \/>\n<meta property=\"og:description\" content=\"Descubra como cultivar ameixeira em quintais pequenos para ter sombra fresca e frutas suculentas com facilidade hoje\" \/>\n<meta property=\"og:url\" content=\"https:\/\/www.em.com.br\/emfoco\/2026\/03\/04\/a-arvore-perfeita-para-quem-quer-sombra-frutos-frescos-e-que-nao-levanta-o-piso-do-quintal\/\" \/>\n<meta property=\"og:site_name\" content=\"Estado de Minas - Em foco\" \/>\n<meta property=\"article:published_time\" content=\"2026-03-04T16:25:27+00:00\" \/>\n<meta property=\"article:modified_time\" content=\"2026-03-03T20:50:31+00:00\" \/>\n<meta property=\"og:image\" content=\"https:\/\/www.em.com.br\/emfoco\/wp-content\/uploads\/2026\/03\/ameixa-planta_1772568202987.jpg\" \/>\n\t<meta property=\"og:image:width\" content=\"1280\" \/>\n\t<meta property=\"og:image:height\" content=\"720\" \/>\n\t<meta property=\"og:image:type\" content=\"image\/jpeg\" \/>\n<meta name=\"author\" content=\"Daniely Cardoso\" \/>\n<meta name=\"twitter:card\" content=\"summary_large_image\" \/>\n<meta name=\"twitter:label1\" content=\"Escrito por\" \/>\n\t<meta name=\"twitter:data1\" content=\"Daniely Cardoso\" \/>\n\t<meta name=\"twitter:label2\" content=\"Est. tempo de leitura\" \/>\n\t<meta name=\"twitter:data2\" content=\"5 minutos\" \/>\n<!-- \/ Yoast SEO plugin. -->","yoast_head_json":{"title":"A \u00e1rvore perfeita para quem quer sombra, frutos frescos e que n\u00e3o levanta o piso do quintal - Estado de Minas - Em foco","description":"Descubra como cultivar ameixeira em quintais pequenos para ter sombra fresca e frutas suculentas com facilidade hoje","robots":{"index":"index","follow":"follow","max-snippet":"max-snippet:-1","max-image-preview":"max-image-preview:large","max-video-preview":"max-video-preview:-1"},"canonical":"https:\/\/www.em.com.br\/emfoco\/2026\/03\/04\/a-arvore-perfeita-para-quem-quer-sombra-frutos-frescos-e-que-nao-levanta-o-piso-do-quintal\/","og_locale":"pt_BR","og_type":"article","og_title":"A \u00e1rvore perfeita para quem quer sombra, frutos frescos e que n\u00e3o levanta o piso do quintal - Estado de Minas - Em foco","og_description":"Descubra como cultivar ameixeira em quintais pequenos para ter sombra fresca e frutas suculentas com facilidade hoje","og_url":"https:\/\/www.em.com.br\/emfoco\/2026\/03\/04\/a-arvore-perfeita-para-quem-quer-sombra-frutos-frescos-e-que-nao-levanta-o-piso-do-quintal\/","og_site_name":"Estado de Minas - Em foco","article_published_time":"2026-03-04T16:25:27+00:00","article_modified_time":"2026-03-03T20:50:31+00:00","og_image":[{"width":1280,"height":720,"url":"https:\/\/www.em.com.br\/emfoco\/wp-content\/uploads\/2026\/03\/ameixa-planta_1772568202987.jpg","type":"image\/jpeg"}],"author":"Daniely Cardoso","twitter_card":"summary_large_image","twitter_misc":{"Escrito por":"Daniely Cardoso","Est. tempo de leitura":"5 minutos"},"schema":{"@context":"https:\/\/schema.org","@graph":[{"@type":"WebPage","@id":"https:\/\/www.em.com.br\/emfoco\/2026\/03\/04\/a-arvore-perfeita-para-quem-quer-sombra-frutos-frescos-e-que-nao-levanta-o-piso-do-quintal\/","url":"https:\/\/www.em.com.br\/emfoco\/2026\/03\/04\/a-arvore-perfeita-para-quem-quer-sombra-frutos-frescos-e-que-nao-levanta-o-piso-do-quintal\/","name":"A \u00e1rvore perfeita para quem quer sombra, frutos frescos e que n\u00e3o levanta o piso do quintal - Estado de Minas - Em foco","isPartOf":{"@id":"https:\/\/www.em.com.br\/emfoco\/#website"},"primaryImageOfPage":{"@id":"https:\/\/www.em.com.br\/emfoco\/2026\/03\/04\/a-arvore-perfeita-para-quem-quer-sombra-frutos-frescos-e-que-nao-levanta-o-piso-do-quintal\/#primaryimage"},"image":{"@id":"https:\/\/www.em.com.br\/emfoco\/2026\/03\/04\/a-arvore-perfeita-para-quem-quer-sombra-frutos-frescos-e-que-nao-levanta-o-piso-do-quintal\/#primaryimage"},"thumbnailUrl":"https:\/\/www.em.com.br\/emfoco\/wp-content\/uploads\/2026\/03\/ameixa-planta_1772568202987.jpg","datePublished":"2026-03-04T16:25:27+00:00","dateModified":"2026-03-03T20:50:31+00:00","author":{"@id":"https:\/\/www.em.com.br\/emfoco\/#\/schema\/person\/0a8186d72f2c3a5c6276d90b41f271a0"},"description":"Descubra como cultivar ameixeira em quintais pequenos para ter sombra fresca e frutas suculentas com facilidade hoje","breadcrumb":{"@id":"https:\/\/www.em.com.br\/emfoco\/2026\/03\/04\/a-arvore-perfeita-para-quem-quer-sombra-frutos-frescos-e-que-nao-levanta-o-piso-do-quintal\/#breadcrumb"},"inLanguage":"pt-BR","potentialAction":[{"@type":"ReadAction","target":["https:\/\/www.em.com.br\/emfoco\/2026\/03\/04\/a-arvore-perfeita-para-quem-quer-sombra-frutos-frescos-e-que-nao-levanta-o-piso-do-quintal\/"]}]},{"@type":"ImageObject","inLanguage":"pt-BR","@id":"https:\/\/www.em.com.br\/emfoco\/2026\/03\/04\/a-arvore-perfeita-para-quem-quer-sombra-frutos-frescos-e-que-nao-levanta-o-piso-do-quintal\/#primaryimage","url":"https:\/\/www.em.com.br\/emfoco\/wp-content\/uploads\/2026\/03\/ameixa-planta_1772568202987.jpg","contentUrl":"https:\/\/www.em.com.br\/emfoco\/wp-content\/uploads\/2026\/03\/ameixa-planta_1772568202987.jpg","width":1280,"height":720,"caption":"A copa pode ser moldada com podas simples, ficando mais arredondada para fazer sombra ou mais aberta para destacar o visual. - Cr\u00e9ditos: depositphotos.com \/ igorr1"},{"@type":"BreadcrumbList","@id":"https:\/\/www.em.com.br\/emfoco\/2026\/03\/04\/a-arvore-perfeita-para-quem-quer-sombra-frutos-frescos-e-que-nao-levanta-o-piso-do-quintal\/#breadcrumb","itemListElement":[{"@type":"ListItem","position":1,"name":"In\u00edcio","item":"https:\/\/www.em.com.br\/emfoco\/"},{"@type":"ListItem","position":2,"name":"A \u00e1rvore perfeita para quem quer sombra, frutos frescos e que n\u00e3o levanta o piso do quintal"}]},{"@type":"WebSite","@id":"https:\/\/www.em.com.br\/emfoco\/#website","url":"https:\/\/www.em.com.br\/emfoco\/","name":"Estado de Minas - Em foco","description":"Acompanhe as \u00faltimas not\u00edcias e fique bem informado sobre tudo o que acontece em Minas Gerais, Brasil e no mundo.","potentialAction":[{"@type":"SearchAction","target":{"@type":"EntryPoint","urlTemplate":"https:\/\/www.em.com.br\/emfoco\/?s={search_term_string}"},"query-input":{"@type":"PropertyValueSpecification","valueRequired":true,"valueName":"search_term_string"}}],"inLanguage":"pt-BR"},{"@type":"Person","@id":"https:\/\/www.em.com.br\/emfoco\/#\/schema\/person\/0a8186d72f2c3a5c6276d90b41f271a0","name":"Daniely Cardoso","image":{"@type":"ImageObject","inLanguage":"pt-BR","@id":"https:\/\/www.em.com.br\/emfoco\/#\/schema\/person\/image\/","url":"https:\/\/secure.gravatar.com\/avatar\/4b80ddbd124d1f071b626d52d62e5dff?s=96&d=mm&r=g","contentUrl":"https:\/\/secure.gravatar.com\/avatar\/4b80ddbd124d1f071b626d52d62e5dff?s=96&d=mm&r=g","caption":"Daniely Cardoso"},"url":"https:\/\/www.em.com.br\/emfoco\/author\/danielymyth\/"}]}},"_links":{"self":[{"href":"https:\/\/www.em.com.br\/emfoco\/wp-json\/wp\/v2\/posts\/176780","targetHints":{"allow":["GET"]}}],"collection":[{"href":"https:\/\/www.em.com.br\/emfoco\/wp-json\/wp\/v2\/posts"}],"about":[{"href":"https:\/\/www.em.com.br\/emfoco\/wp-json\/wp\/v2\/types\/post"}],"author":[{"embeddable":true,"href":"https:\/\/www.em.com.br\/emfoco\/wp-json\/wp\/v2\/users\/9"}],"replies":[{"embeddable":true,"href":"https:\/\/www.em.com.br\/emfoco\/wp-json\/wp\/v2\/comments?post=176780"}],"version-history":[{"count":3,"href":"https:\/\/www.em.com.br\/emfoco\/wp-json\/wp\/v2\/posts\/176780\/revisions"}],"predecessor-version":[{"id":176945,"href":"https:\/\/www.em.com.br\/emfoco\/wp-json\/wp\/v2\/posts\/176780\/revisions\/176945"}],"wp:featuredmedia":[{"embeddable":true,"href":"https:\/\/www.em.com.br\/emfoco\/wp-json\/wp\/v2\/media\/176879"}],"wp:attachment":[{"href":"https:\/\/www.em.com.br\/emfoco\/wp-json\/wp\/v2\/media?parent=176780"}],"wp:term":[{"taxonomy":"category","embeddable":true,"href":"https:\/\/www.em.com.br\/emfoco\/wp-json\/wp\/v2\/categories?post=176780"},{"taxonomy":"post_tag","embeddable":true,"href":"https:\/\/www.em.com.br\/emfoco\/wp-json\/wp\/v2\/tags?post=176780"}],"curies":[{"name":"wp","href":"https:\/\/api.w.org\/{rel}","templated":true}]}}