{"id":176681,"date":"2026-03-06T07:45:00","date_gmt":"2026-03-06T10:45:00","guid":{"rendered":"https:\/\/www.em.com.br\/emfoco\/?p=176681"},"modified":"2026-03-03T16:55:24","modified_gmt":"2026-03-03T19:55:24","slug":"aposentados-enfrentam-a-maior-mudanca-do-inss-com-novas-regras-de-descontos-e-biometria","status":"publish","type":"post","link":"https:\/\/www.em.com.br\/emfoco\/2026\/03\/06\/aposentados-enfrentam-a-maior-mudanca-do-inss-com-novas-regras-de-descontos-e-biometria\/","title":{"rendered":"Aposentados enfrentam a maior mudan\u00e7a do INSS com novas regras de descontos e biometria"},"content":{"rendered":"\n<p>As <strong>mudan\u00e7as no INSS<\/strong> publicadas no Di\u00e1rio Oficial alteram regras do consignado, pro\u00edbem descontos associativos autom\u00e1ticos e tornam a biometria obrigat\u00f3ria. As medidas afetam aposentados e pensionistas e j\u00e1 geram d\u00favidas sobre prazos e direitos.<\/p>\n\n\n\n<h2 class=\"wp-block-heading\">O que muda com a nova lei de descontos associativos?<\/h2>\n\n\n\n<p>A <strong><a href=\"https:\/\/www2.camara.leg.br\/legin\/fed\/lei\/2026\/lei-15327-6-janeiro-2026-798630-publicacaooriginal-177702-pl.html\" target=\"_blank\" rel=\"noreferrer noopener\">Lei 15.327\/2026<\/a><\/strong> pro\u00edbe descontos autom\u00e1ticos de associa\u00e7\u00f5es e sindicatos na folha de pagamento sem autoriza\u00e7\u00e3o expressa do aposentado. A regra busca frear cobran\u00e7as indevidas que vinham sendo registradas nos benef\u00edcios.<\/p>\n\n\n\n<p>Em caso de irregularidade, a entidade deve devolver o <strong>valor integral em at\u00e9 30 dias<\/strong> ap\u00f3s notifica\u00e7\u00e3o administrativa. No entanto, especialistas alertam que aceitar a devolu\u00e7\u00e3o pelo INSS pode impedir pedido de danos morais na Justi\u00e7a.<\/p>\n\n\n\n<figure class=\"wp-block-image size-large\"><img loading=\"lazy\" decoding=\"async\" width=\"1024\" height=\"576\" src=\"https:\/\/www.em.com.br\/emfoco\/wp-content\/uploads\/2026\/03\/11-5-1024x576.jpg\" alt=\"Aposentados enfrentam a maior mudan\u00e7a do INSS com novas regras de descontos e biometria\" class=\"wp-image-176856\" srcset=\"https:\/\/www.em.com.br\/emfoco\/wp-content\/uploads\/2026\/03\/11-5-1024x576.jpg 1024w, https:\/\/www.em.com.br\/emfoco\/wp-content\/uploads\/2026\/03\/11-5-300x169.jpg 300w, https:\/\/www.em.com.br\/emfoco\/wp-content\/uploads\/2026\/03\/11-5-768x432.jpg 768w, https:\/\/www.em.com.br\/emfoco\/wp-content\/uploads\/2026\/03\/11-5-750x422.jpg 750w, https:\/\/www.em.com.br\/emfoco\/wp-content\/uploads\/2026\/03\/11-5-1140x641.jpg 1140w, https:\/\/www.em.com.br\/emfoco\/wp-content\/uploads\/2026\/03\/11-5.jpg 1280w\" sizes=\"auto, (max-width: 1024px) 100vw, 1024px\" \/><figcaption class=\"wp-element-caption\">Entidades devem devolver valores indevidos em at\u00e9 trinta dias ap\u00f3s notifica\u00e7\u00e3o<\/figcaption><\/figure>\n\n\n\n<h2 class=\"wp-block-heading\">Quais s\u00e3o os prazos e cuidados para contestar descontos?<\/h2>\n\n\n\n<p>Descontos indevidos podem ser questionados pelo aplicativo ou telefone 135. O prazo administrativo para solicitar ressarcimento foi fixado at\u00e9 <strong>20 de mar\u00e7o de 2026<\/strong>, conforme orienta\u00e7\u00e3o divulgada.<\/p>\n\n\n\n<ul class=\"wp-block-list\">\n<li><strong>Devolu\u00e7\u00e3o administrativa<\/strong> garante reembolso simples em at\u00e9 30 dias.<\/li>\n\n\n\n<li><strong>A\u00e7\u00e3o judicial<\/strong> pode permitir restitui\u00e7\u00e3o em dobro e indeniza\u00e7\u00e3o por danos morais.<\/li>\n\n\n\n<li><strong>Prazo limite<\/strong> para contesta\u00e7\u00e3o administrativa vai at\u00e9 20 de mar\u00e7o de 2026.<\/li>\n<\/ul>\n\n\n\n<h2 class=\"wp-block-heading\">Por que as parcelas do consignado aumentaram?<\/h2>\n\n\n\n<p>Segurados relataram aumento nas parcelas do <strong>cart\u00e3o de <a href=\"https:\/\/www.em.com.br\/emfoco\/2025\/08\/29\/trabalhadores-de-carteira-assinada-ganham-acesso-a-credito-consignado\/\" target=\"_blank\" rel=\"noreferrer noopener\">cr\u00e9dito consignado<\/a><\/strong>. A principal causa \u00e9 a eleva\u00e7\u00e3o da Taxa Selic, que chegou a 15% ao ano, elevando o custo do cr\u00e9dito mesmo em contratos ativos.<\/p>\n\n\n\n<p>A regra de devolu\u00e7\u00e3o em 30 dias s\u00f3 vale para contratos firmados ap\u00f3s <strong>6 de janeiro de 2026<\/strong>. Nos contratos antigos com juros abusivos, a orienta\u00e7\u00e3o \u00e9 buscar revis\u00e3o judicial para apurar eventual irregularidade.<\/p>\n\n\n\n<figure class=\"wp-block-image size-large\"><img loading=\"lazy\" decoding=\"async\" width=\"1024\" height=\"576\" src=\"https:\/\/www.em.com.br\/emfoco\/wp-content\/uploads\/2026\/03\/10-5-1024x576.jpg\" alt=\"Aposentados enfrentam a maior mudan\u00e7a do INSS com novas regras de descontos e biometria\" class=\"wp-image-176855\" srcset=\"https:\/\/www.em.com.br\/emfoco\/wp-content\/uploads\/2026\/03\/10-5-1024x576.jpg 1024w, https:\/\/www.em.com.br\/emfoco\/wp-content\/uploads\/2026\/03\/10-5-300x169.jpg 300w, https:\/\/www.em.com.br\/emfoco\/wp-content\/uploads\/2026\/03\/10-5-768x432.jpg 768w, https:\/\/www.em.com.br\/emfoco\/wp-content\/uploads\/2026\/03\/10-5-750x422.jpg 750w, https:\/\/www.em.com.br\/emfoco\/wp-content\/uploads\/2026\/03\/10-5-1140x641.jpg 1140w, https:\/\/www.em.com.br\/emfoco\/wp-content\/uploads\/2026\/03\/10-5.jpg 1280w\" sizes=\"auto, (max-width: 1024px) 100vw, 1024px\" \/><figcaption class=\"wp-element-caption\">A alta da Taxa Selic elevou o custo das parcelas do consignado<\/figcaption><\/figure>\n\n\n\n<h2 class=\"wp-block-heading\">Como ficam as novas exig\u00eancias de biometria?<\/h2>\n\n\n\n<p>O INSS refor\u00e7ar\u00e1 o controle contra fraudes com exig\u00eancia de <strong>biometria obrigat\u00f3ria<\/strong> em novos pedidos de benef\u00edcio a partir de 1\u00ba de maio de 2026. A medida vale para quem n\u00e3o possuir registro biom\u00e9trico anterior.<\/p>\n\n\n\n<ul class=\"wp-block-list\">\n<li><strong>Novos segurados<\/strong> dever\u00e3o apresentar biometria ou emitir a Carteira de Identidade Nacional.<\/li>\n\n\n\n<li><strong>Benefici\u00e1rios atuais<\/strong> passar\u00e3o por recadastramento biom\u00e9trico obrigat\u00f3rio a partir de 2027.<\/li>\n\n\n\n<li><strong>Desbloqueio de consignado<\/strong> j\u00e1 exige valida\u00e7\u00e3o biom\u00e9trica para novos empr\u00e9stimos.<\/li>\n<\/ul>\n\n\n\n<p>O objetivo \u00e9 reduzir fraudes em benef\u00edcios e empr\u00e9stimos, ampliando a seguran\u00e7a digital do sistema previdenci\u00e1rio.<\/p>\n\n\n\n<h2 class=\"wp-block-heading\">Pode haver suspens\u00e3o dos consignados por 180 dias?<\/h2>\n\n\n\n<p>H\u00e1 expectativa de aprova\u00e7\u00e3o de uma <strong>suspens\u00e3o tempor\u00e1ria dos consignados por seis meses<\/strong>, impulsionada por investiga\u00e7\u00f5es da CPMI que apuram irregularidades envolvendo institui\u00e7\u00f5es financeiras.<\/p>\n\n\n\n<p>Se confirmada, a medida pode oferecer f\u00f4lego financeiro aos aposentados enquanto o Congresso analisa den\u00fancias sobre opera\u00e7\u00f5es de cr\u00e9dito. O cen\u00e1rio ainda depende de tramita\u00e7\u00e3o legislativa e vota\u00e7\u00e3o final.<\/p>\n","protected":false},"excerpt":{"rendered":"<p>As mudan\u00e7as no INSS publicadas no Di\u00e1rio Oficial alteram regras do consignado, pro\u00edbem descontos associativos autom\u00e1ticos e tornam a biometria obrigat\u00f3ria. As medidas afetam aposentados e pensionistas e j\u00e1 geram d\u00favidas sobre prazos e direitos. O que muda com a nova lei de descontos associativos? A Lei 15.327\/2026 pro\u00edbe descontos autom\u00e1ticos de associa\u00e7\u00f5es e sindicatos [&hellip;]<\/p>\n","protected":false},"author":13,"featured_media":176857,"comment_status":"open","ping_status":"open","sticky":false,"template":"","format":"standard","meta":{"jnews-multi-image_gallery":[],"jnews_single_post":{"format":"standard"},"jnews_primary_category":[],"jnews_social_meta":[],"jnews_override_counter":[],"footnotes":""},"categories":[28],"tags":[23997,3532,174],"class_list":["post-176681","post","type-post","status-publish","format-standard","has-post-thumbnail","hentry","category-economia","tag-biometria-do-inss","tag-consignado","tag-inss"],"yoast_head":"<!-- This site is optimized with the Yoast SEO plugin v23.8 - https:\/\/yoast.com\/wordpress\/plugins\/seo\/ -->\n<title>Aposentados enfrentam a maior mudan\u00e7a do INSS com novas regras de descontos e biometria - Estado de Minas - Em foco<\/title>\n<meta name=\"description\" content=\"Mudan\u00e7as no INSS alteram consignado e pro\u00edbem descontos sem autoriza\u00e7\u00e3o. Aposentados buscam entender prazos e direitos antes das novas regras.\" \/>\n<meta name=\"robots\" content=\"index, follow, max-snippet:-1, max-image-preview:large, max-video-preview:-1\" \/>\n<link rel=\"canonical\" href=\"https:\/\/www.em.com.br\/emfoco\/2026\/03\/06\/aposentados-enfrentam-a-maior-mudanca-do-inss-com-novas-regras-de-descontos-e-biometria\/\" \/>\n<meta property=\"og:locale\" content=\"pt_BR\" \/>\n<meta property=\"og:type\" content=\"article\" \/>\n<meta property=\"og:title\" content=\"Aposentados enfrentam a maior mudan\u00e7a do INSS com novas regras de descontos e biometria - Estado de Minas - Em foco\" \/>\n<meta property=\"og:description\" content=\"Mudan\u00e7as no INSS alteram consignado e pro\u00edbem descontos sem autoriza\u00e7\u00e3o. Aposentados buscam entender prazos e direitos antes das novas regras.\" \/>\n<meta property=\"og:url\" content=\"https:\/\/www.em.com.br\/emfoco\/2026\/03\/06\/aposentados-enfrentam-a-maior-mudanca-do-inss-com-novas-regras-de-descontos-e-biometria\/\" \/>\n<meta property=\"og:site_name\" content=\"Estado de Minas - Em foco\" \/>\n<meta property=\"article:published_time\" content=\"2026-03-06T10:45:00+00:00\" \/>\n<meta property=\"article:modified_time\" content=\"2026-03-03T19:55:24+00:00\" \/>\n<meta property=\"og:image\" content=\"https:\/\/www.em.com.br\/emfoco\/wp-content\/uploads\/2026\/03\/12-3.jpg\" \/>\n\t<meta property=\"og:image:width\" content=\"1280\" \/>\n\t<meta property=\"og:image:height\" content=\"720\" \/>\n\t<meta property=\"og:image:type\" content=\"image\/jpeg\" \/>\n<meta name=\"author\" content=\"Gabriel Martins\" \/>\n<meta name=\"twitter:card\" content=\"summary_large_image\" \/>\n<meta name=\"twitter:label1\" content=\"Escrito por\" \/>\n\t<meta name=\"twitter:data1\" content=\"Gabriel Martins\" \/>\n\t<meta name=\"twitter:label2\" content=\"Est. tempo de leitura\" \/>\n\t<meta name=\"twitter:data2\" content=\"3 minutos\" \/>\n<!-- \/ Yoast SEO plugin. -->","yoast_head_json":{"title":"Aposentados enfrentam a maior mudan\u00e7a do INSS com novas regras de descontos e biometria - Estado de Minas - Em foco","description":"Mudan\u00e7as no INSS alteram consignado e pro\u00edbem descontos sem autoriza\u00e7\u00e3o. Aposentados buscam entender prazos e direitos antes das novas regras.","robots":{"index":"index","follow":"follow","max-snippet":"max-snippet:-1","max-image-preview":"max-image-preview:large","max-video-preview":"max-video-preview:-1"},"canonical":"https:\/\/www.em.com.br\/emfoco\/2026\/03\/06\/aposentados-enfrentam-a-maior-mudanca-do-inss-com-novas-regras-de-descontos-e-biometria\/","og_locale":"pt_BR","og_type":"article","og_title":"Aposentados enfrentam a maior mudan\u00e7a do INSS com novas regras de descontos e biometria - Estado de Minas - Em foco","og_description":"Mudan\u00e7as no INSS alteram consignado e pro\u00edbem descontos sem autoriza\u00e7\u00e3o. Aposentados buscam entender prazos e direitos antes das novas regras.","og_url":"https:\/\/www.em.com.br\/emfoco\/2026\/03\/06\/aposentados-enfrentam-a-maior-mudanca-do-inss-com-novas-regras-de-descontos-e-biometria\/","og_site_name":"Estado de Minas - Em foco","article_published_time":"2026-03-06T10:45:00+00:00","article_modified_time":"2026-03-03T19:55:24+00:00","og_image":[{"width":1280,"height":720,"url":"https:\/\/www.em.com.br\/emfoco\/wp-content\/uploads\/2026\/03\/12-3.jpg","type":"image\/jpeg"}],"author":"Gabriel Martins","twitter_card":"summary_large_image","twitter_misc":{"Escrito por":"Gabriel Martins","Est. tempo de leitura":"3 minutos"},"schema":{"@context":"https:\/\/schema.org","@graph":[{"@type":"WebPage","@id":"https:\/\/www.em.com.br\/emfoco\/2026\/03\/06\/aposentados-enfrentam-a-maior-mudanca-do-inss-com-novas-regras-de-descontos-e-biometria\/","url":"https:\/\/www.em.com.br\/emfoco\/2026\/03\/06\/aposentados-enfrentam-a-maior-mudanca-do-inss-com-novas-regras-de-descontos-e-biometria\/","name":"Aposentados enfrentam a maior mudan\u00e7a do INSS com novas regras de descontos e biometria - Estado de Minas - Em foco","isPartOf":{"@id":"https:\/\/www.em.com.br\/emfoco\/#website"},"primaryImageOfPage":{"@id":"https:\/\/www.em.com.br\/emfoco\/2026\/03\/06\/aposentados-enfrentam-a-maior-mudanca-do-inss-com-novas-regras-de-descontos-e-biometria\/#primaryimage"},"image":{"@id":"https:\/\/www.em.com.br\/emfoco\/2026\/03\/06\/aposentados-enfrentam-a-maior-mudanca-do-inss-com-novas-regras-de-descontos-e-biometria\/#primaryimage"},"thumbnailUrl":"https:\/\/www.em.com.br\/emfoco\/wp-content\/uploads\/2026\/03\/12-3.jpg","datePublished":"2026-03-06T10:45:00+00:00","dateModified":"2026-03-03T19:55:24+00:00","author":{"@id":"https:\/\/www.em.com.br\/emfoco\/#\/schema\/person\/1c9ddeab18b98abeffef834667bcf08a"},"description":"Mudan\u00e7as no INSS alteram consignado e pro\u00edbem descontos sem autoriza\u00e7\u00e3o. Aposentados buscam entender prazos e direitos antes das novas regras.","breadcrumb":{"@id":"https:\/\/www.em.com.br\/emfoco\/2026\/03\/06\/aposentados-enfrentam-a-maior-mudanca-do-inss-com-novas-regras-de-descontos-e-biometria\/#breadcrumb"},"inLanguage":"pt-BR","potentialAction":[{"@type":"ReadAction","target":["https:\/\/www.em.com.br\/emfoco\/2026\/03\/06\/aposentados-enfrentam-a-maior-mudanca-do-inss-com-novas-regras-de-descontos-e-biometria\/"]}]},{"@type":"ImageObject","inLanguage":"pt-BR","@id":"https:\/\/www.em.com.br\/emfoco\/2026\/03\/06\/aposentados-enfrentam-a-maior-mudanca-do-inss-com-novas-regras-de-descontos-e-biometria\/#primaryimage","url":"https:\/\/www.em.com.br\/emfoco\/wp-content\/uploads\/2026\/03\/12-3.jpg","contentUrl":"https:\/\/www.em.com.br\/emfoco\/wp-content\/uploads\/2026\/03\/12-3.jpg","width":1280,"height":720,"caption":"Novas regras do INSS pro\u00edbem descontos autom\u00e1ticos sem autoriza\u00e7\u00e3o do aposentado"},{"@type":"BreadcrumbList","@id":"https:\/\/www.em.com.br\/emfoco\/2026\/03\/06\/aposentados-enfrentam-a-maior-mudanca-do-inss-com-novas-regras-de-descontos-e-biometria\/#breadcrumb","itemListElement":[{"@type":"ListItem","position":1,"name":"In\u00edcio","item":"https:\/\/www.em.com.br\/emfoco\/"},{"@type":"ListItem","position":2,"name":"Aposentados enfrentam a maior mudan\u00e7a do INSS com novas regras de descontos e biometria"}]},{"@type":"WebSite","@id":"https:\/\/www.em.com.br\/emfoco\/#website","url":"https:\/\/www.em.com.br\/emfoco\/","name":"Estado de Minas - Em foco","description":"Acompanhe as \u00faltimas not\u00edcias e fique bem informado sobre tudo o que acontece em Minas Gerais, Brasil e no mundo.","potentialAction":[{"@type":"SearchAction","target":{"@type":"EntryPoint","urlTemplate":"https:\/\/www.em.com.br\/emfoco\/?s={search_term_string}"},"query-input":{"@type":"PropertyValueSpecification","valueRequired":true,"valueName":"search_term_string"}}],"inLanguage":"pt-BR"},{"@type":"Person","@id":"https:\/\/www.em.com.br\/emfoco\/#\/schema\/person\/1c9ddeab18b98abeffef834667bcf08a","name":"Gabriel Martins","image":{"@type":"ImageObject","inLanguage":"pt-BR","@id":"https:\/\/www.em.com.br\/emfoco\/#\/schema\/person\/image\/","url":"https:\/\/secure.gravatar.com\/avatar\/f0f1e2efdfd88f1ad2cb08c5c2731e50?s=96&d=mm&r=g","contentUrl":"https:\/\/secure.gravatar.com\/avatar\/f0f1e2efdfd88f1ad2cb08c5c2731e50?s=96&d=mm&r=g","caption":"Gabriel Martins"},"sameAs":["https:\/\/www.em.com.br\/emfoco\/"],"url":"https:\/\/www.em.com.br\/emfoco\/author\/gabrielmartinsmyth\/"}]}},"_links":{"self":[{"href":"https:\/\/www.em.com.br\/emfoco\/wp-json\/wp\/v2\/posts\/176681","targetHints":{"allow":["GET"]}}],"collection":[{"href":"https:\/\/www.em.com.br\/emfoco\/wp-json\/wp\/v2\/posts"}],"about":[{"href":"https:\/\/www.em.com.br\/emfoco\/wp-json\/wp\/v2\/types\/post"}],"author":[{"embeddable":true,"href":"https:\/\/www.em.com.br\/emfoco\/wp-json\/wp\/v2\/users\/13"}],"replies":[{"embeddable":true,"href":"https:\/\/www.em.com.br\/emfoco\/wp-json\/wp\/v2\/comments?post=176681"}],"version-history":[{"count":2,"href":"https:\/\/www.em.com.br\/emfoco\/wp-json\/wp\/v2\/posts\/176681\/revisions"}],"predecessor-version":[{"id":176864,"href":"https:\/\/www.em.com.br\/emfoco\/wp-json\/wp\/v2\/posts\/176681\/revisions\/176864"}],"wp:featuredmedia":[{"embeddable":true,"href":"https:\/\/www.em.com.br\/emfoco\/wp-json\/wp\/v2\/media\/176857"}],"wp:attachment":[{"href":"https:\/\/www.em.com.br\/emfoco\/wp-json\/wp\/v2\/media?parent=176681"}],"wp:term":[{"taxonomy":"category","embeddable":true,"href":"https:\/\/www.em.com.br\/emfoco\/wp-json\/wp\/v2\/categories?post=176681"},{"taxonomy":"post_tag","embeddable":true,"href":"https:\/\/www.em.com.br\/emfoco\/wp-json\/wp\/v2\/tags?post=176681"}],"curies":[{"name":"wp","href":"https:\/\/api.w.org\/{rel}","templated":true}]}}