{"id":176680,"date":"2026-03-06T21:45:00","date_gmt":"2026-03-07T00:45:00","guid":{"rendered":"https:\/\/www.em.com.br\/emfoco\/?p=176680"},"modified":"2026-03-03T17:13:47","modified_gmt":"2026-03-03T20:13:47","slug":"novo-calendario-do-pis-pasep-2026-surpreende-trabalhadores-e-libera-reforco-de-renda-para-quem-atuou-com-carteira-em-2024","status":"publish","type":"post","link":"https:\/\/www.em.com.br\/emfoco\/2026\/03\/06\/novo-calendario-do-pis-pasep-2026-surpreende-trabalhadores-e-libera-reforco-de-renda-para-quem-atuou-com-carteira-em-2024\/","title":{"rendered":"Novo calend\u00e1rio do PIS Pasep 2026 surpreende trabalhadores e libera refor\u00e7o de renda para quem atuou com carteira em 2024"},"content":{"rendered":"\n<p>O <strong>abono PIS Pasep 2026<\/strong> j\u00e1 tem calend\u00e1rio aprovado e come\u00e7a a ser pago nos pr\u00f3ximos dias. Ao todo, 26,9 milh\u00f5es de trabalhadores devem receber R$ 33,5 bilh\u00f5es, conforme regras ligadas ao ano-base 2024 e crit\u00e9rios de renda.<\/p>\n\n\n\n<h2 class=\"wp-block-heading\">Quem tem direito ao abono salarial em 2026?<\/h2>\n\n\n\n<p>O benef\u00edcio \u00e9 destinado a quem trabalhou com <strong><a href=\"https:\/\/www.em.com.br\/emfoco\/2026\/03\/03\/quem-ja-trabalhou-com-carteira-assinada-tem-direito-a-esse-beneficio-em-2026\/\" target=\"_blank\" rel=\"noreferrer noopener\">carteira assinada<\/a><\/strong> por pelo menos 30 dias em 2024 e recebeu, em m\u00e9dia, at\u00e9 dois sal\u00e1rios m\u00ednimos mensais. Tamb\u00e9m \u00e9 exigido cadastro no programa h\u00e1 pelo menos cinco anos.<\/p>\n\n\n\n<p>O valor \u00e9 proporcional ao n\u00famero de meses trabalhados no ano-base. Quem atuou durante os 12 meses recebe um <strong>sal\u00e1rio m\u00ednimo integral<\/strong>, enquanto per\u00edodos menores garantem pagamento calculado de forma proporcional.<\/p>\n\n\n\n<figure class=\"wp-block-image size-large\"><img loading=\"lazy\" decoding=\"async\" width=\"1024\" height=\"576\" src=\"https:\/\/www.em.com.br\/emfoco\/wp-content\/uploads\/2026\/03\/2-12-1024x576.jpg\" alt=\"Novo calend\u00e1rio do PIS Pasep 2026 surpreende trabalhadores e libera refor\u00e7o de renda para quem atuou com carteira em 2024\" class=\"wp-image-176901\" srcset=\"https:\/\/www.em.com.br\/emfoco\/wp-content\/uploads\/2026\/03\/2-12-1024x576.jpg 1024w, https:\/\/www.em.com.br\/emfoco\/wp-content\/uploads\/2026\/03\/2-12-300x169.jpg 300w, https:\/\/www.em.com.br\/emfoco\/wp-content\/uploads\/2026\/03\/2-12-768x432.jpg 768w, https:\/\/www.em.com.br\/emfoco\/wp-content\/uploads\/2026\/03\/2-12-750x422.jpg 750w, https:\/\/www.em.com.br\/emfoco\/wp-content\/uploads\/2026\/03\/2-12-1140x641.jpg 1140w, https:\/\/www.em.com.br\/emfoco\/wp-content\/uploads\/2026\/03\/2-12.jpg 1280w\" sizes=\"auto, (max-width: 1024px) 100vw, 1024px\" \/><figcaption class=\"wp-element-caption\">Recebe o abono quem trabalhou trinta dias com carteira em 2024<\/figcaption><\/figure>\n\n\n\n<h2 class=\"wp-block-heading\">Qual \u00e9 o calend\u00e1rio de pagamento do PIS Pasep 2026?<\/h2>\n\n\n\n<p>O pagamento ocorre em seis lotes conforme o m\u00eas de nascimento do trabalhador. A organiza\u00e7\u00e3o por grupos facilita o planejamento financeiro, como mostra o cronograma oficial abaixo.<\/p>\n\n\n\n<table style=\"width:100%; border-collapse:collapse; font-family:Arial, sans-serif; text-align:center;\"> <thead> <tr style=\"background-color:#0a3d62; color:#ffffff;\"> <th style=\"padding:12px; border:1px solid #dddddd;\">M\u00eas de Nascimento<\/th> <th style=\"padding:12px; border:1px solid #dddddd;\">Data de Pagamento<\/th> <\/tr> <\/thead> <tbody> <tr style=\"background-color:#f1f6fb;\"> <td style=\"padding:10px; border:1px solid #dddddd;\"><strong>Janeiro<\/strong><\/td> <td style=\"padding:10px; border:1px solid #dddddd;\">15 de fevereiro<\/td> <\/tr> <tr style=\"background-color:#ffffff;\"> <td style=\"padding:10px; border:1px solid #dddddd;\"><strong>Fevereiro<\/strong><\/td> <td style=\"padding:10px; border:1px solid #dddddd;\">15 de mar\u00e7o<\/td> <\/tr> <tr style=\"background-color:#f1f6fb;\"> <td style=\"padding:10px; border:1px solid #dddddd;\"><strong>Mar\u00e7o e Abril<\/strong><\/td> <td style=\"padding:10px; border:1px solid #dddddd;\">15 de abril<\/td> <\/tr> <tr style=\"background-color:#ffffff;\"> <td style=\"padding:10px; border:1px solid #dddddd;\"><strong>Maio e Junho<\/strong><\/td> <td style=\"padding:10px; border:1px solid #dddddd;\">15 de maio<\/td> <\/tr> <tr style=\"background-color:#f1f6fb;\"> <td style=\"padding:10px; border:1px solid #dddddd;\"><strong>Julho e Agosto<\/strong><\/td> <td style=\"padding:10px; border:1px solid #dddddd;\">15 de junho<\/td> <\/tr> <tr style=\"background-color:#ffffff;\"> <td style=\"padding:10px; border:1px solid #dddddd;\"><strong>Setembro e Outubro<\/strong><\/td> <td style=\"padding:10px; border:1px solid #dddddd;\">15 de julho<\/td> <\/tr> <tr style=\"background-color:#f1f6fb;\"> <td style=\"padding:10px; border:1px solid #dddddd;\"><strong>Novembro e Dezembro<\/strong><\/td> <td style=\"padding:10px; border:1px solid #dddddd;\">15 de agosto<\/td> <\/tr> <\/tbody> <\/table>\n\n\n\n<h2 class=\"wp-block-heading\">Quanto cada trabalhador pode receber em 2026?<\/h2>\n\n\n\n<p>O valor do <strong>abono salarial<\/strong> varia de R$ 135,08 a R$ 1.621, conforme a quantidade de meses trabalhados em 2024. O c\u00e1lculo considera a divis\u00e3o do sal\u00e1rio m\u00ednimo por 12 e multiplica pelo n\u00famero de meses com v\u00ednculo formal.<\/p>\n\n\n\n<p>No total, ser\u00e3o liberados R$ 33,5 bilh\u00f5es para 26,9 milh\u00f5es de benefici\u00e1rios. A libera\u00e7\u00e3o injeta recursos na economia e funciona como <strong>refor\u00e7o de renda<\/strong> para trabalhadores do setor privado e servidores p\u00fablicos.<\/p>\n\n\n\n<figure class=\"wp-block-image size-large\"><img loading=\"lazy\" decoding=\"async\" width=\"1024\" height=\"576\" src=\"https:\/\/www.em.com.br\/emfoco\/wp-content\/uploads\/2026\/03\/1-14-1024x576.jpg\" alt=\"Novo calend\u00e1rio do PIS Pasep 2026 surpreende trabalhadores e libera refor\u00e7o de renda para quem atuou com carteira em 2024\" class=\"wp-image-176900\" srcset=\"https:\/\/www.em.com.br\/emfoco\/wp-content\/uploads\/2026\/03\/1-14-1024x576.jpg 1024w, https:\/\/www.em.com.br\/emfoco\/wp-content\/uploads\/2026\/03\/1-14-300x169.jpg 300w, https:\/\/www.em.com.br\/emfoco\/wp-content\/uploads\/2026\/03\/1-14-768x432.jpg 768w, https:\/\/www.em.com.br\/emfoco\/wp-content\/uploads\/2026\/03\/1-14-750x422.jpg 750w, https:\/\/www.em.com.br\/emfoco\/wp-content\/uploads\/2026\/03\/1-14-1140x641.jpg 1140w, https:\/\/www.em.com.br\/emfoco\/wp-content\/uploads\/2026\/03\/1-14.jpg 1280w\" sizes=\"auto, (max-width: 1024px) 100vw, 1024px\" \/><figcaption class=\"wp-element-caption\">Vinte e seis milh\u00f5es de brasileiros receber\u00e3o o benef\u00edcio este ano<\/figcaption><\/figure>\n\n\n\n<h2 class=\"wp-block-heading\">Como consultar o benef\u00edcio e at\u00e9 quando sacar?<\/h2>\n\n\n\n<p>A consulta ao direito, valor e banco respons\u00e1vel pelo pagamento come\u00e7a em 5 de fevereiro. O trabalhador pode verificar as informa\u00e7\u00f5es pelos canais oficiais, como detalhado a seguir.<\/p>\n\n\n\n<ul class=\"wp-block-list\">\n<li><strong>Carteira de Trabalho Digital<\/strong> e <strong>Portal Emprega Brasil<\/strong> informam valor, banco e situa\u00e7\u00e3o do benef\u00edcio.<\/li>\n\n\n\n<li><strong>Telefone 158<\/strong> permite atendimento gratuito para esclarecer d\u00favidas sobre crit\u00e9rios e calend\u00e1rio.<\/li>\n\n\n\n<li>O saque fica dispon\u00edvel at\u00e9 <strong>30 de dezembro de 2026<\/strong>, prazo final para retirada do valor.<\/li>\n<\/ul>\n\n\n\n<h2 class=\"wp-block-heading\">O que muda no teto de renda at\u00e9 2035?<\/h2>\n\n\n\n<p>A partir de 2026, o teto de renda para receber o benef\u00edcio anual passa a ser corrigido pela <strong><a href=\"https:\/\/www.bcb.gov.br\/controleinflacao\/oqueinflacao\" target=\"_blank\" rel=\"noreferrer noopener\">infla\u00e7\u00e3o<\/a><\/strong>, e n\u00e3o mais pelo sal\u00e1rio m\u00ednimo. A mudan\u00e7a altera gradualmente o p\u00fablico eleg\u00edvel ao programa.<\/p>\n\n\n\n<p>Segundo regra de transi\u00e7\u00e3o aprovada pelo Congresso, at\u00e9 2035 o abono ficar\u00e1 restrito a quem recebe at\u00e9 <strong>1,5 sal\u00e1rio m\u00ednimo<\/strong>. Isso reduz progressivamente o n\u00famero de benefici\u00e1rios e exige aten\u00e7\u00e3o \u00e0s novas exig\u00eancias.<\/p>\n","protected":false},"excerpt":{"rendered":"<p>O abono PIS Pasep 2026 j\u00e1 tem calend\u00e1rio aprovado e come\u00e7a a ser pago nos pr\u00f3ximos dias. Ao todo, 26,9 milh\u00f5es de trabalhadores devem receber R$ 33,5 bilh\u00f5es, conforme regras ligadas ao ano-base 2024 e crit\u00e9rios de renda. Quem tem direito ao abono salarial em 2026? O benef\u00edcio \u00e9 destinado a quem trabalhou com carteira [&hellip;]<\/p>\n","protected":false},"author":13,"featured_media":176903,"comment_status":"open","ping_status":"open","sticky":false,"template":"","format":"standard","meta":{"jnews-multi-image_gallery":[],"jnews_single_post":{"format":"standard"},"jnews_primary_category":[],"jnews_social_meta":[],"jnews_override_counter":[],"footnotes":""},"categories":[28],"tags":[292,658,3380],"class_list":["post-176680","post","type-post","status-publish","format-standard","has-post-thumbnail","hentry","category-economia","tag-abono-salarial","tag-pagamentos","tag-pis-pasep"],"yoast_head":"<!-- This site is optimized with the Yoast SEO plugin v23.8 - https:\/\/yoast.com\/wordpress\/plugins\/seo\/ -->\n<title>Novo calend\u00e1rio do PIS Pasep 2026 surpreende trabalhadores e libera refor\u00e7o de renda para quem atuou com carteira em 2024 - Estado de Minas - Em foco<\/title>\n<meta name=\"description\" content=\"O PIS Pasep 2026 come\u00e7a a ser pago e milh\u00f5es de trabalhadores poder\u00e3o consultar datas, valores e direito ao abono ainda neste in\u00edcio de ano.\" \/>\n<meta name=\"robots\" content=\"index, follow, max-snippet:-1, max-image-preview:large, max-video-preview:-1\" \/>\n<link rel=\"canonical\" href=\"https:\/\/www.em.com.br\/emfoco\/2026\/03\/06\/novo-calendario-do-pis-pasep-2026-surpreende-trabalhadores-e-libera-reforco-de-renda-para-quem-atuou-com-carteira-em-2024\/\" \/>\n<meta property=\"og:locale\" content=\"pt_BR\" \/>\n<meta property=\"og:type\" content=\"article\" \/>\n<meta property=\"og:title\" content=\"Novo calend\u00e1rio do PIS Pasep 2026 surpreende trabalhadores e libera refor\u00e7o de renda para quem atuou com carteira em 2024 - Estado de Minas - Em foco\" \/>\n<meta property=\"og:description\" content=\"O PIS Pasep 2026 come\u00e7a a ser pago e milh\u00f5es de trabalhadores poder\u00e3o consultar datas, valores e direito ao abono ainda neste in\u00edcio de ano.\" \/>\n<meta property=\"og:url\" content=\"https:\/\/www.em.com.br\/emfoco\/2026\/03\/06\/novo-calendario-do-pis-pasep-2026-surpreende-trabalhadores-e-libera-reforco-de-renda-para-quem-atuou-com-carteira-em-2024\/\" \/>\n<meta property=\"og:site_name\" content=\"Estado de Minas - Em foco\" \/>\n<meta property=\"article:published_time\" content=\"2026-03-07T00:45:00+00:00\" \/>\n<meta property=\"article:modified_time\" content=\"2026-03-03T20:13:47+00:00\" \/>\n<meta property=\"og:image\" content=\"https:\/\/www.em.com.br\/emfoco\/wp-content\/uploads\/2026\/03\/4-12.jpg\" \/>\n\t<meta property=\"og:image:width\" content=\"1280\" \/>\n\t<meta property=\"og:image:height\" content=\"720\" \/>\n\t<meta property=\"og:image:type\" content=\"image\/jpeg\" \/>\n<meta name=\"author\" content=\"Gabriel Martins\" \/>\n<meta name=\"twitter:card\" content=\"summary_large_image\" \/>\n<meta name=\"twitter:label1\" content=\"Escrito por\" \/>\n\t<meta name=\"twitter:data1\" content=\"Gabriel Martins\" \/>\n\t<meta name=\"twitter:label2\" content=\"Est. tempo de leitura\" \/>\n\t<meta name=\"twitter:data2\" content=\"4 minutos\" \/>\n<!-- \/ Yoast SEO plugin. -->","yoast_head_json":{"title":"Novo calend\u00e1rio do PIS Pasep 2026 surpreende trabalhadores e libera refor\u00e7o de renda para quem atuou com carteira em 2024 - Estado de Minas - Em foco","description":"O PIS Pasep 2026 come\u00e7a a ser pago e milh\u00f5es de trabalhadores poder\u00e3o consultar datas, valores e direito ao abono ainda neste in\u00edcio de ano.","robots":{"index":"index","follow":"follow","max-snippet":"max-snippet:-1","max-image-preview":"max-image-preview:large","max-video-preview":"max-video-preview:-1"},"canonical":"https:\/\/www.em.com.br\/emfoco\/2026\/03\/06\/novo-calendario-do-pis-pasep-2026-surpreende-trabalhadores-e-libera-reforco-de-renda-para-quem-atuou-com-carteira-em-2024\/","og_locale":"pt_BR","og_type":"article","og_title":"Novo calend\u00e1rio do PIS Pasep 2026 surpreende trabalhadores e libera refor\u00e7o de renda para quem atuou com carteira em 2024 - Estado de Minas - Em foco","og_description":"O PIS Pasep 2026 come\u00e7a a ser pago e milh\u00f5es de trabalhadores poder\u00e3o consultar datas, valores e direito ao abono ainda neste in\u00edcio de ano.","og_url":"https:\/\/www.em.com.br\/emfoco\/2026\/03\/06\/novo-calendario-do-pis-pasep-2026-surpreende-trabalhadores-e-libera-reforco-de-renda-para-quem-atuou-com-carteira-em-2024\/","og_site_name":"Estado de Minas - Em foco","article_published_time":"2026-03-07T00:45:00+00:00","article_modified_time":"2026-03-03T20:13:47+00:00","og_image":[{"width":1280,"height":720,"url":"https:\/\/www.em.com.br\/emfoco\/wp-content\/uploads\/2026\/03\/4-12.jpg","type":"image\/jpeg"}],"author":"Gabriel Martins","twitter_card":"summary_large_image","twitter_misc":{"Escrito por":"Gabriel Martins","Est. tempo de leitura":"4 minutos"},"schema":{"@context":"https:\/\/schema.org","@graph":[{"@type":"WebPage","@id":"https:\/\/www.em.com.br\/emfoco\/2026\/03\/06\/novo-calendario-do-pis-pasep-2026-surpreende-trabalhadores-e-libera-reforco-de-renda-para-quem-atuou-com-carteira-em-2024\/","url":"https:\/\/www.em.com.br\/emfoco\/2026\/03\/06\/novo-calendario-do-pis-pasep-2026-surpreende-trabalhadores-e-libera-reforco-de-renda-para-quem-atuou-com-carteira-em-2024\/","name":"Novo calend\u00e1rio do PIS Pasep 2026 surpreende trabalhadores e libera refor\u00e7o de renda para quem atuou com carteira em 2024 - Estado de Minas - Em foco","isPartOf":{"@id":"https:\/\/www.em.com.br\/emfoco\/#website"},"primaryImageOfPage":{"@id":"https:\/\/www.em.com.br\/emfoco\/2026\/03\/06\/novo-calendario-do-pis-pasep-2026-surpreende-trabalhadores-e-libera-reforco-de-renda-para-quem-atuou-com-carteira-em-2024\/#primaryimage"},"image":{"@id":"https:\/\/www.em.com.br\/emfoco\/2026\/03\/06\/novo-calendario-do-pis-pasep-2026-surpreende-trabalhadores-e-libera-reforco-de-renda-para-quem-atuou-com-carteira-em-2024\/#primaryimage"},"thumbnailUrl":"https:\/\/www.em.com.br\/emfoco\/wp-content\/uploads\/2026\/03\/4-12.jpg","datePublished":"2026-03-07T00:45:00+00:00","dateModified":"2026-03-03T20:13:47+00:00","author":{"@id":"https:\/\/www.em.com.br\/emfoco\/#\/schema\/person\/1c9ddeab18b98abeffef834667bcf08a"},"description":"O PIS Pasep 2026 come\u00e7a a ser pago e milh\u00f5es de trabalhadores poder\u00e3o consultar datas, valores e direito ao abono ainda neste in\u00edcio de ano.","breadcrumb":{"@id":"https:\/\/www.em.com.br\/emfoco\/2026\/03\/06\/novo-calendario-do-pis-pasep-2026-surpreende-trabalhadores-e-libera-reforco-de-renda-para-quem-atuou-com-carteira-em-2024\/#breadcrumb"},"inLanguage":"pt-BR","potentialAction":[{"@type":"ReadAction","target":["https:\/\/www.em.com.br\/emfoco\/2026\/03\/06\/novo-calendario-do-pis-pasep-2026-surpreende-trabalhadores-e-libera-reforco-de-renda-para-quem-atuou-com-carteira-em-2024\/"]}]},{"@type":"ImageObject","inLanguage":"pt-BR","@id":"https:\/\/www.em.com.br\/emfoco\/2026\/03\/06\/novo-calendario-do-pis-pasep-2026-surpreende-trabalhadores-e-libera-reforco-de-renda-para-quem-atuou-com-carteira-em-2024\/#primaryimage","url":"https:\/\/www.em.com.br\/emfoco\/wp-content\/uploads\/2026\/03\/4-12.jpg","contentUrl":"https:\/\/www.em.com.br\/emfoco\/wp-content\/uploads\/2026\/03\/4-12.jpg","width":1280,"height":720,"caption":"Calend\u00e1rio do PIS\/Pasep dois mil e vinte seis inicia pagamentos em fevereiro"},{"@type":"BreadcrumbList","@id":"https:\/\/www.em.com.br\/emfoco\/2026\/03\/06\/novo-calendario-do-pis-pasep-2026-surpreende-trabalhadores-e-libera-reforco-de-renda-para-quem-atuou-com-carteira-em-2024\/#breadcrumb","itemListElement":[{"@type":"ListItem","position":1,"name":"In\u00edcio","item":"https:\/\/www.em.com.br\/emfoco\/"},{"@type":"ListItem","position":2,"name":"Novo calend\u00e1rio do PIS Pasep 2026 surpreende trabalhadores e libera refor\u00e7o de renda para quem atuou com carteira em 2024"}]},{"@type":"WebSite","@id":"https:\/\/www.em.com.br\/emfoco\/#website","url":"https:\/\/www.em.com.br\/emfoco\/","name":"Estado de Minas - Em foco","description":"Acompanhe as \u00faltimas not\u00edcias e fique bem informado sobre tudo o que acontece em Minas Gerais, Brasil e no mundo.","potentialAction":[{"@type":"SearchAction","target":{"@type":"EntryPoint","urlTemplate":"https:\/\/www.em.com.br\/emfoco\/?s={search_term_string}"},"query-input":{"@type":"PropertyValueSpecification","valueRequired":true,"valueName":"search_term_string"}}],"inLanguage":"pt-BR"},{"@type":"Person","@id":"https:\/\/www.em.com.br\/emfoco\/#\/schema\/person\/1c9ddeab18b98abeffef834667bcf08a","name":"Gabriel Martins","image":{"@type":"ImageObject","inLanguage":"pt-BR","@id":"https:\/\/www.em.com.br\/emfoco\/#\/schema\/person\/image\/","url":"https:\/\/secure.gravatar.com\/avatar\/f0f1e2efdfd88f1ad2cb08c5c2731e50?s=96&d=mm&r=g","contentUrl":"https:\/\/secure.gravatar.com\/avatar\/f0f1e2efdfd88f1ad2cb08c5c2731e50?s=96&d=mm&r=g","caption":"Gabriel Martins"},"sameAs":["https:\/\/www.em.com.br\/emfoco\/"],"url":"https:\/\/www.em.com.br\/emfoco\/author\/gabrielmartinsmyth\/"}]}},"_links":{"self":[{"href":"https:\/\/www.em.com.br\/emfoco\/wp-json\/wp\/v2\/posts\/176680","targetHints":{"allow":["GET"]}}],"collection":[{"href":"https:\/\/www.em.com.br\/emfoco\/wp-json\/wp\/v2\/posts"}],"about":[{"href":"https:\/\/www.em.com.br\/emfoco\/wp-json\/wp\/v2\/types\/post"}],"author":[{"embeddable":true,"href":"https:\/\/www.em.com.br\/emfoco\/wp-json\/wp\/v2\/users\/13"}],"replies":[{"embeddable":true,"href":"https:\/\/www.em.com.br\/emfoco\/wp-json\/wp\/v2\/comments?post=176680"}],"version-history":[{"count":2,"href":"https:\/\/www.em.com.br\/emfoco\/wp-json\/wp\/v2\/posts\/176680\/revisions"}],"predecessor-version":[{"id":176909,"href":"https:\/\/www.em.com.br\/emfoco\/wp-json\/wp\/v2\/posts\/176680\/revisions\/176909"}],"wp:featuredmedia":[{"embeddable":true,"href":"https:\/\/www.em.com.br\/emfoco\/wp-json\/wp\/v2\/media\/176903"}],"wp:attachment":[{"href":"https:\/\/www.em.com.br\/emfoco\/wp-json\/wp\/v2\/media?parent=176680"}],"wp:term":[{"taxonomy":"category","embeddable":true,"href":"https:\/\/www.em.com.br\/emfoco\/wp-json\/wp\/v2\/categories?post=176680"},{"taxonomy":"post_tag","embeddable":true,"href":"https:\/\/www.em.com.br\/emfoco\/wp-json\/wp\/v2\/tags?post=176680"}],"curies":[{"name":"wp","href":"https:\/\/api.w.org\/{rel}","templated":true}]}}