{"id":176679,"date":"2026-03-06T20:25:00","date_gmt":"2026-03-06T23:25:00","guid":{"rendered":"https:\/\/www.em.com.br\/emfoco\/?p=176679"},"modified":"2026-03-03T17:12:37","modified_gmt":"2026-03-03T20:12:37","slug":"inss-amplia-protecao-e-mulheres-descobrem-que-podem-receber-salario-maternidade-sem-trabalhar-de-carteira-assinada","status":"publish","type":"post","link":"https:\/\/www.em.com.br\/emfoco\/2026\/03\/06\/inss-amplia-protecao-e-mulheres-descobrem-que-podem-receber-salario-maternidade-sem-trabalhar-de-carteira-assinada\/","title":{"rendered":"INSS amplia prote\u00e7\u00e3o e mulheres descobrem que podem receber sal\u00e1rio-maternidade sem trabalhar de carteira assinada"},"content":{"rendered":"\n<p>Muitas mulheres ainda acreditam que o <strong>sal\u00e1rio-maternidade<\/strong> s\u00f3 \u00e9 pago para quem tem carteira assinada. No entanto, regras atualizadas do INSS ampliaram o entendimento sobre car\u00eancia e qualidade de segurada, permitindo o benef\u00edcio mesmo sem v\u00ednculo formal.<\/p>\n\n\n\n<h2 class=\"wp-block-heading\">Quem pode receber sal\u00e1rio-maternidade sem carteira assinada?<\/h2>\n\n\n\n<p>O benef\u00edcio n\u00e3o \u00e9 exclusivo de trabalhadoras com CLT. O <strong>INSS<\/strong> reconhece o direito para contribuinte individual, MEI, segurada facultativa, empregada dom\u00e9stica, trabalhadora avulsa e segurada especial rural, desde que exista qualidade de segurada na data do parto ou ado\u00e7\u00e3o.<\/p>\n\n\n\n<p>N\u00e3o ter registro em carteira n\u00e3o significa estar fora da Previd\u00eancia. A prote\u00e7\u00e3o pode existir por <strong>contribui\u00e7\u00e3o pr\u00f3pria<\/strong> ou pela manuten\u00e7\u00e3o tempor\u00e1ria do v\u00ednculo previdenci\u00e1rio, conhecida como per\u00edodo de gra\u00e7a.<\/p>\n\n\n\n<figure class=\"wp-block-image size-large\"><img loading=\"lazy\" decoding=\"async\" width=\"1024\" height=\"576\" src=\"https:\/\/www.em.com.br\/emfoco\/wp-content\/uploads\/2026\/03\/5-11-1024x576.jpg\" alt=\"INSS amplia prote\u00e7\u00e3o e mulheres descobrem que podem receber sal\u00e1rio-maternidade sem trabalhar de carteira assinada\" class=\"wp-image-176904\" srcset=\"https:\/\/www.em.com.br\/emfoco\/wp-content\/uploads\/2026\/03\/5-11-1024x576.jpg 1024w, https:\/\/www.em.com.br\/emfoco\/wp-content\/uploads\/2026\/03\/5-11-300x169.jpg 300w, https:\/\/www.em.com.br\/emfoco\/wp-content\/uploads\/2026\/03\/5-11-768x432.jpg 768w, https:\/\/www.em.com.br\/emfoco\/wp-content\/uploads\/2026\/03\/5-11-750x422.jpg 750w, https:\/\/www.em.com.br\/emfoco\/wp-content\/uploads\/2026\/03\/5-11-1140x641.jpg 1140w, https:\/\/www.em.com.br\/emfoco\/wp-content\/uploads\/2026\/03\/5-11.jpg 1280w\" sizes=\"auto, (max-width: 1024px) 100vw, 1024px\" \/><figcaption class=\"wp-element-caption\">MEI e trabalhadoras rurais possuem direito ao benef\u00edcio previdenci\u00e1rio integral<\/figcaption><\/figure>\n\n\n\n<h2 class=\"wp-block-heading\">A car\u00eancia de 10 contribui\u00e7\u00f5es ainda \u00e9 exigida?<\/h2>\n\n\n\n<p>Muitas pessoas ainda citam a regra antiga de 10 contribui\u00e7\u00f5es para aut\u00f4nomas. Por\u00e9m, o pr\u00f3prio INSS passou a informar que a <strong>car\u00eancia est\u00e1 isenta<\/strong> para todas as categorias, desde que comprovada a qualidade de segurada.<\/p>\n\n\n\n<ul class=\"wp-block-list\">\n<li>A mudan\u00e7a decorre da aplica\u00e7\u00e3o das <strong>ADIs 2.110 e 2.111 do STF<\/strong>.<\/li>\n\n\n\n<li>Foi regulamentada pela <strong><a href=\"https:\/\/www.gov.br\/inss\/pt-br\/centrais-de-conteudo\/legislacao\/instrucao-normativa\/2025\" target=\"_blank\" rel=\"noreferrer noopener\">Instru\u00e7\u00e3o Normativa n\u00ba 188\/2025<\/a><\/strong>.<\/li>\n\n\n\n<li>A exig\u00eancia central passou a ser qualidade de segurada no momento do parto ou ado\u00e7\u00e3o.<\/li>\n<\/ul>\n\n\n\n<h2 class=\"wp-block-heading\">Uma \u00fanica contribui\u00e7\u00e3o antes do parto pode garantir o direito?<\/h2>\n\n\n\n<p>Com a car\u00eancia afastada, o ponto decisivo deixou de ser o n\u00famero de pagamentos e passou a ser a <strong>qualidade de segurada<\/strong> na data do evento. Em alguns casos, uma contribui\u00e7\u00e3o recente pode reativar a prote\u00e7\u00e3o previdenci\u00e1ria.<\/p>\n\n\n\n<p>Entretanto, contribui\u00e7\u00f5es com c\u00f3digo inadequado, inconsist\u00eancias no <a href=\"https:\/\/www.em.com.br\/emfoco\/2025\/12\/22\/com-salario-falso-de-r-48-mil-no-cnis-trabalhador-perde-beneficio-e-justica-condena-inss\/\" target=\"_blank\" rel=\"noreferrer noopener\"><strong>CNIS<\/strong> <\/a>ou aus\u00eancia de comprova\u00e7\u00e3o de atividade podem impedir o reconhecimento do direito. Cada situa\u00e7\u00e3o depende da an\u00e1lise individual do cadastro.<\/p>\n\n\n\n<figure class=\"wp-block-image size-large\"><img loading=\"lazy\" decoding=\"async\" width=\"1024\" height=\"576\" src=\"https:\/\/www.em.com.br\/emfoco\/wp-content\/uploads\/2026\/03\/3-12-1024x576.jpg\" alt=\"INSS amplia prote\u00e7\u00e3o e mulheres descobrem que podem receber sal\u00e1rio-maternidade sem trabalhar de carteira assinada\" class=\"wp-image-176902\" srcset=\"https:\/\/www.em.com.br\/emfoco\/wp-content\/uploads\/2026\/03\/3-12-1024x576.jpg 1024w, https:\/\/www.em.com.br\/emfoco\/wp-content\/uploads\/2026\/03\/3-12-300x169.jpg 300w, https:\/\/www.em.com.br\/emfoco\/wp-content\/uploads\/2026\/03\/3-12-768x432.jpg 768w, https:\/\/www.em.com.br\/emfoco\/wp-content\/uploads\/2026\/03\/3-12-750x422.jpg 750w, https:\/\/www.em.com.br\/emfoco\/wp-content\/uploads\/2026\/03\/3-12-1140x641.jpg 1140w, https:\/\/www.em.com.br\/emfoco\/wp-content\/uploads\/2026\/03\/3-12.jpg 1280w\" sizes=\"auto, (max-width: 1024px) 100vw, 1024px\" \/><figcaption class=\"wp-element-caption\">Uma contribui\u00e7\u00e3o recente pode reativar a prote\u00e7\u00e3o para a futura m\u00e3e<\/figcaption><\/figure>\n\n\n\n<h2 class=\"wp-block-heading\">Qual \u00e9 o valor do sal\u00e1rio-maternidade em 2026?<\/h2>\n\n\n\n<p>N\u00e3o existe um valor fixo \u00fanico. O c\u00e1lculo depende da categoria da segurada e das informa\u00e7\u00f5es registradas no <strong>Cadastro Nacional de Informa\u00e7\u00f5es Sociais<\/strong>. O benef\u00edcio segue regras espec\u00edficas conforme o tipo de v\u00ednculo.<\/p>\n\n\n\n<ul class=\"wp-block-list\">\n<li>Empregada com carteira recebe valor equivalente \u00e0 <strong>remunera\u00e7\u00e3o mensal integral<\/strong>, limitado ao teto.<\/li>\n\n\n\n<li>Para contribuintes individuais e MEI, o valor considera a <strong>m\u00e9dia das contribui\u00e7\u00f5es<\/strong>.<\/li>\n\n\n\n<li>Em 2026, o teto previdenci\u00e1rio foi reajustado para <strong>R$ 8.475,55<\/strong>.<\/li>\n<\/ul>\n\n\n\n<h2 class=\"wp-block-heading\">Como pedir sal\u00e1rio-maternidade pelo Meu INSS?<\/h2>\n\n\n\n<p>O pedido \u00e9 feito de forma totalmente digital pelo <strong>Meu INSS<\/strong>, via site ou aplicativo vinculado ao Gov.br. N\u00e3o \u00e9 necess\u00e1rio comparecer presencialmente, salvo se houver exig\u00eancia documental.<\/p>\n\n\n\n<p>Ap\u00f3s login com CPF, a segurada deve selecionar \u201cNovo Pedido\u201d, escolher a modalidade correta e anexar documentos como <strong>certid\u00e3o de nascimento<\/strong> ou atestado m\u00e9dico. O prazo m\u00e9dio de an\u00e1lise varia entre 30 e 45 dias.<\/p>\n","protected":false},"excerpt":{"rendered":"<p>Muitas mulheres ainda acreditam que o sal\u00e1rio-maternidade s\u00f3 \u00e9 pago para quem tem carteira assinada. No entanto, regras atualizadas do INSS ampliaram o entendimento sobre car\u00eancia e qualidade de segurada, permitindo o benef\u00edcio mesmo sem v\u00ednculo formal. Quem pode receber sal\u00e1rio-maternidade sem carteira assinada? O benef\u00edcio n\u00e3o \u00e9 exclusivo de trabalhadoras com CLT. O INSS [&hellip;]<\/p>\n","protected":false},"author":13,"featured_media":176905,"comment_status":"open","ping_status":"open","sticky":false,"template":"","format":"standard","meta":{"jnews-multi-image_gallery":[],"jnews_single_post":{"format":"standard"},"jnews_primary_category":[],"jnews_social_meta":[],"jnews_override_counter":[],"footnotes":""},"categories":[28],"tags":[1052,174,12371],"class_list":["post-176679","post","type-post","status-publish","format-standard","has-post-thumbnail","hentry","category-economia","tag-clt","tag-inss","tag-salario-maternidade-2"],"yoast_head":"<!-- This site is optimized with the Yoast SEO plugin v23.8 - https:\/\/yoast.com\/wordpress\/plugins\/seo\/ -->\n<title>INSS amplia prote\u00e7\u00e3o e mulheres descobrem que podem receber sal\u00e1rio-maternidade sem trabalhar de carteira assinada - Estado de Minas - Em foco<\/title>\n<meta name=\"description\" content=\"Muitas mulheres sem carteira podem receber sal\u00e1rio-maternidade ap\u00f3s novas regras do INSS que ampliaram a prote\u00e7\u00e3o e facilitaram o acesso.\" \/>\n<meta name=\"robots\" content=\"index, follow, max-snippet:-1, max-image-preview:large, max-video-preview:-1\" \/>\n<link rel=\"canonical\" href=\"https:\/\/www.em.com.br\/emfoco\/2026\/03\/06\/inss-amplia-protecao-e-mulheres-descobrem-que-podem-receber-salario-maternidade-sem-trabalhar-de-carteira-assinada\/\" \/>\n<meta property=\"og:locale\" content=\"pt_BR\" \/>\n<meta property=\"og:type\" content=\"article\" \/>\n<meta property=\"og:title\" content=\"INSS amplia prote\u00e7\u00e3o e mulheres descobrem que podem receber sal\u00e1rio-maternidade sem trabalhar de carteira assinada - Estado de Minas - Em foco\" \/>\n<meta property=\"og:description\" content=\"Muitas mulheres sem carteira podem receber sal\u00e1rio-maternidade ap\u00f3s novas regras do INSS que ampliaram a prote\u00e7\u00e3o e facilitaram o acesso.\" \/>\n<meta property=\"og:url\" content=\"https:\/\/www.em.com.br\/emfoco\/2026\/03\/06\/inss-amplia-protecao-e-mulheres-descobrem-que-podem-receber-salario-maternidade-sem-trabalhar-de-carteira-assinada\/\" \/>\n<meta property=\"og:site_name\" content=\"Estado de Minas - Em foco\" \/>\n<meta property=\"article:published_time\" content=\"2026-03-06T23:25:00+00:00\" \/>\n<meta property=\"article:modified_time\" content=\"2026-03-03T20:12:37+00:00\" \/>\n<meta property=\"og:image\" content=\"https:\/\/www.em.com.br\/emfoco\/wp-content\/uploads\/2026\/03\/6-11.jpg\" \/>\n\t<meta property=\"og:image:width\" content=\"1280\" \/>\n\t<meta property=\"og:image:height\" content=\"720\" \/>\n\t<meta property=\"og:image:type\" content=\"image\/jpeg\" \/>\n<meta name=\"author\" content=\"Gabriel Martins\" \/>\n<meta name=\"twitter:card\" content=\"summary_large_image\" \/>\n<meta name=\"twitter:label1\" content=\"Escrito por\" \/>\n\t<meta name=\"twitter:data1\" content=\"Gabriel Martins\" \/>\n\t<meta name=\"twitter:label2\" content=\"Est. tempo de leitura\" \/>\n\t<meta name=\"twitter:data2\" content=\"3 minutos\" \/>\n<!-- \/ Yoast SEO plugin. -->","yoast_head_json":{"title":"INSS amplia prote\u00e7\u00e3o e mulheres descobrem que podem receber sal\u00e1rio-maternidade sem trabalhar de carteira assinada - Estado de Minas - Em foco","description":"Muitas mulheres sem carteira podem receber sal\u00e1rio-maternidade ap\u00f3s novas regras do INSS que ampliaram a prote\u00e7\u00e3o e facilitaram o acesso.","robots":{"index":"index","follow":"follow","max-snippet":"max-snippet:-1","max-image-preview":"max-image-preview:large","max-video-preview":"max-video-preview:-1"},"canonical":"https:\/\/www.em.com.br\/emfoco\/2026\/03\/06\/inss-amplia-protecao-e-mulheres-descobrem-que-podem-receber-salario-maternidade-sem-trabalhar-de-carteira-assinada\/","og_locale":"pt_BR","og_type":"article","og_title":"INSS amplia prote\u00e7\u00e3o e mulheres descobrem que podem receber sal\u00e1rio-maternidade sem trabalhar de carteira assinada - Estado de Minas - Em foco","og_description":"Muitas mulheres sem carteira podem receber sal\u00e1rio-maternidade ap\u00f3s novas regras do INSS que ampliaram a prote\u00e7\u00e3o e facilitaram o acesso.","og_url":"https:\/\/www.em.com.br\/emfoco\/2026\/03\/06\/inss-amplia-protecao-e-mulheres-descobrem-que-podem-receber-salario-maternidade-sem-trabalhar-de-carteira-assinada\/","og_site_name":"Estado de Minas - Em foco","article_published_time":"2026-03-06T23:25:00+00:00","article_modified_time":"2026-03-03T20:12:37+00:00","og_image":[{"width":1280,"height":720,"url":"https:\/\/www.em.com.br\/emfoco\/wp-content\/uploads\/2026\/03\/6-11.jpg","type":"image\/jpeg"}],"author":"Gabriel Martins","twitter_card":"summary_large_image","twitter_misc":{"Escrito por":"Gabriel Martins","Est. tempo de leitura":"3 minutos"},"schema":{"@context":"https:\/\/schema.org","@graph":[{"@type":"WebPage","@id":"https:\/\/www.em.com.br\/emfoco\/2026\/03\/06\/inss-amplia-protecao-e-mulheres-descobrem-que-podem-receber-salario-maternidade-sem-trabalhar-de-carteira-assinada\/","url":"https:\/\/www.em.com.br\/emfoco\/2026\/03\/06\/inss-amplia-protecao-e-mulheres-descobrem-que-podem-receber-salario-maternidade-sem-trabalhar-de-carteira-assinada\/","name":"INSS amplia prote\u00e7\u00e3o e mulheres descobrem que podem receber sal\u00e1rio-maternidade sem trabalhar de carteira assinada - Estado de Minas - Em foco","isPartOf":{"@id":"https:\/\/www.em.com.br\/emfoco\/#website"},"primaryImageOfPage":{"@id":"https:\/\/www.em.com.br\/emfoco\/2026\/03\/06\/inss-amplia-protecao-e-mulheres-descobrem-que-podem-receber-salario-maternidade-sem-trabalhar-de-carteira-assinada\/#primaryimage"},"image":{"@id":"https:\/\/www.em.com.br\/emfoco\/2026\/03\/06\/inss-amplia-protecao-e-mulheres-descobrem-que-podem-receber-salario-maternidade-sem-trabalhar-de-carteira-assinada\/#primaryimage"},"thumbnailUrl":"https:\/\/www.em.com.br\/emfoco\/wp-content\/uploads\/2026\/03\/6-11.jpg","datePublished":"2026-03-06T23:25:00+00:00","dateModified":"2026-03-03T20:12:37+00:00","author":{"@id":"https:\/\/www.em.com.br\/emfoco\/#\/schema\/person\/1c9ddeab18b98abeffef834667bcf08a"},"description":"Muitas mulheres sem carteira podem receber sal\u00e1rio-maternidade ap\u00f3s novas regras do INSS que ampliaram a prote\u00e7\u00e3o e facilitaram o acesso.","breadcrumb":{"@id":"https:\/\/www.em.com.br\/emfoco\/2026\/03\/06\/inss-amplia-protecao-e-mulheres-descobrem-que-podem-receber-salario-maternidade-sem-trabalhar-de-carteira-assinada\/#breadcrumb"},"inLanguage":"pt-BR","potentialAction":[{"@type":"ReadAction","target":["https:\/\/www.em.com.br\/emfoco\/2026\/03\/06\/inss-amplia-protecao-e-mulheres-descobrem-que-podem-receber-salario-maternidade-sem-trabalhar-de-carteira-assinada\/"]}]},{"@type":"ImageObject","inLanguage":"pt-BR","@id":"https:\/\/www.em.com.br\/emfoco\/2026\/03\/06\/inss-amplia-protecao-e-mulheres-descobrem-que-podem-receber-salario-maternidade-sem-trabalhar-de-carteira-assinada\/#primaryimage","url":"https:\/\/www.em.com.br\/emfoco\/wp-content\/uploads\/2026\/03\/6-11.jpg","contentUrl":"https:\/\/www.em.com.br\/emfoco\/wp-content\/uploads\/2026\/03\/6-11.jpg","width":1280,"height":720,"caption":"Regras atualizadas do INSS garantem sal\u00e1rio-maternidade mesmo sem v\u00ednculo formal"},{"@type":"BreadcrumbList","@id":"https:\/\/www.em.com.br\/emfoco\/2026\/03\/06\/inss-amplia-protecao-e-mulheres-descobrem-que-podem-receber-salario-maternidade-sem-trabalhar-de-carteira-assinada\/#breadcrumb","itemListElement":[{"@type":"ListItem","position":1,"name":"In\u00edcio","item":"https:\/\/www.em.com.br\/emfoco\/"},{"@type":"ListItem","position":2,"name":"INSS amplia prote\u00e7\u00e3o e mulheres descobrem que podem receber sal\u00e1rio-maternidade sem trabalhar de carteira assinada"}]},{"@type":"WebSite","@id":"https:\/\/www.em.com.br\/emfoco\/#website","url":"https:\/\/www.em.com.br\/emfoco\/","name":"Estado de Minas - Em foco","description":"Acompanhe as \u00faltimas not\u00edcias e fique bem informado sobre tudo o que acontece em Minas Gerais, Brasil e no mundo.","potentialAction":[{"@type":"SearchAction","target":{"@type":"EntryPoint","urlTemplate":"https:\/\/www.em.com.br\/emfoco\/?s={search_term_string}"},"query-input":{"@type":"PropertyValueSpecification","valueRequired":true,"valueName":"search_term_string"}}],"inLanguage":"pt-BR"},{"@type":"Person","@id":"https:\/\/www.em.com.br\/emfoco\/#\/schema\/person\/1c9ddeab18b98abeffef834667bcf08a","name":"Gabriel Martins","image":{"@type":"ImageObject","inLanguage":"pt-BR","@id":"https:\/\/www.em.com.br\/emfoco\/#\/schema\/person\/image\/","url":"https:\/\/secure.gravatar.com\/avatar\/f0f1e2efdfd88f1ad2cb08c5c2731e50?s=96&d=mm&r=g","contentUrl":"https:\/\/secure.gravatar.com\/avatar\/f0f1e2efdfd88f1ad2cb08c5c2731e50?s=96&d=mm&r=g","caption":"Gabriel Martins"},"sameAs":["https:\/\/www.em.com.br\/emfoco\/"],"url":"https:\/\/www.em.com.br\/emfoco\/author\/gabrielmartinsmyth\/"}]}},"_links":{"self":[{"href":"https:\/\/www.em.com.br\/emfoco\/wp-json\/wp\/v2\/posts\/176679","targetHints":{"allow":["GET"]}}],"collection":[{"href":"https:\/\/www.em.com.br\/emfoco\/wp-json\/wp\/v2\/posts"}],"about":[{"href":"https:\/\/www.em.com.br\/emfoco\/wp-json\/wp\/v2\/types\/post"}],"author":[{"embeddable":true,"href":"https:\/\/www.em.com.br\/emfoco\/wp-json\/wp\/v2\/users\/13"}],"replies":[{"embeddable":true,"href":"https:\/\/www.em.com.br\/emfoco\/wp-json\/wp\/v2\/comments?post=176679"}],"version-history":[{"count":2,"href":"https:\/\/www.em.com.br\/emfoco\/wp-json\/wp\/v2\/posts\/176679\/revisions"}],"predecessor-version":[{"id":176908,"href":"https:\/\/www.em.com.br\/emfoco\/wp-json\/wp\/v2\/posts\/176679\/revisions\/176908"}],"wp:featuredmedia":[{"embeddable":true,"href":"https:\/\/www.em.com.br\/emfoco\/wp-json\/wp\/v2\/media\/176905"}],"wp:attachment":[{"href":"https:\/\/www.em.com.br\/emfoco\/wp-json\/wp\/v2\/media?parent=176679"}],"wp:term":[{"taxonomy":"category","embeddable":true,"href":"https:\/\/www.em.com.br\/emfoco\/wp-json\/wp\/v2\/categories?post=176679"},{"taxonomy":"post_tag","embeddable":true,"href":"https:\/\/www.em.com.br\/emfoco\/wp-json\/wp\/v2\/tags?post=176679"}],"curies":[{"name":"wp","href":"https:\/\/api.w.org\/{rel}","templated":true}]}}