{"id":176676,"date":"2026-03-06T16:15:00","date_gmt":"2026-03-06T19:15:00","guid":{"rendered":"https:\/\/www.em.com.br\/emfoco\/?p=176676"},"modified":"2026-03-03T17:06:08","modified_gmt":"2026-03-03T20:06:08","slug":"homem-pensou-ter-encontrado-uma-pepita-de-ouro-e-guardou-a-pedra-por-anos-ele-mal-sabia-que-estava-guardando-um-pedaco-do-sistema-solar","status":"publish","type":"post","link":"https:\/\/www.em.com.br\/emfoco\/2026\/03\/06\/homem-pensou-ter-encontrado-uma-pepita-de-ouro-e-guardou-a-pedra-por-anos-ele-mal-sabia-que-estava-guardando-um-pedaco-do-sistema-solar\/","title":{"rendered":"Homem pensou ter encontrado uma pepita de ouro e guardou a pedra por anos: ele mal sabia que estava guardando um peda\u00e7o do Sistema Solar"},"content":{"rendered":"\n<p>Um homem encontrou o que acreditava ser ouro, mas a rocha guardada por anos era um <strong>meteorito<\/strong> de 17 quilos e 4,6 bilh\u00f5es de anos. O fragmento raro revelou pistas valiosas sobre a forma\u00e7\u00e3o do sistema solar primitivo.<\/p>\n\n\n\n<h2 class=\"wp-block-heading\">Como a pedra foi descoberta e por que parecia ouro?<\/h2>\n\n\n\n<p>Em 2015, David Hole explorava o Parque Regional de Maryborough, na Austr\u00e1lia, quando encontrou uma rocha pesada e avermelhada usando um detector de metais. Ele acreditou ter achado uma <strong>pepita de ouro<\/strong>, comum na regi\u00e3o marcada pela corrida do ouro.<\/p>\n\n\n\n<p>A pedra, por\u00e9m, resistiu a martelos, serras e at\u00e9 tentativas qu\u00edmicas. Sem conseguir quebr\u00e1-la, ele a guardou por anos at\u00e9 lev\u00e1-la ao <strong><a href=\"https:\/\/museumsvictoria.com.au\/melbournemuseum\/\" target=\"_blank\" rel=\"noreferrer noopener\">Museu de Melbourne<\/a><\/strong>, onde especialistas perceberam que n\u00e3o se tratava de um mineral comum.<\/p>\n\n\n\n<figure class=\"wp-block-image size-large\"><img loading=\"lazy\" decoding=\"async\" width=\"1024\" height=\"576\" src=\"https:\/\/www.em.com.br\/emfoco\/wp-content\/uploads\/2026\/03\/9-6-1024x576.jpg\" alt=\"Homem pensou ter encontrado uma pepita de ouro e guardou a pedra por anos: ele mal sabia que estava guardando um peda\u00e7o do Sistema Solar\" class=\"wp-image-176889\" srcset=\"https:\/\/www.em.com.br\/emfoco\/wp-content\/uploads\/2026\/03\/9-6-1024x576.jpg 1024w, https:\/\/www.em.com.br\/emfoco\/wp-content\/uploads\/2026\/03\/9-6-300x169.jpg 300w, https:\/\/www.em.com.br\/emfoco\/wp-content\/uploads\/2026\/03\/9-6-768x432.jpg 768w, https:\/\/www.em.com.br\/emfoco\/wp-content\/uploads\/2026\/03\/9-6-750x422.jpg 750w, https:\/\/www.em.com.br\/emfoco\/wp-content\/uploads\/2026\/03\/9-6-1140x641.jpg 1140w, https:\/\/www.em.com.br\/emfoco\/wp-content\/uploads\/2026\/03\/9-6.jpg 1280w\" sizes=\"auto, (max-width: 1024px) 100vw, 1024px\" \/><figcaption class=\"wp-element-caption\">A pedra resistiu a martelos e serras antes de ser analisada<\/figcaption><\/figure>\n\n\n\n<h2 class=\"wp-block-heading\">Quais caracter\u00edsticas revelaram que era um meteorito raro?<\/h2>\n\n\n\n<p>A confirma\u00e7\u00e3o veio ap\u00f3s o corte com serra diamantada, que revelou estruturas internas t\u00edpicas de origem espacial. Entre os principais ind\u00edcios observados pelos ge\u00f3logos estavam os seguintes elementos:<\/p>\n\n\n\n<ul class=\"wp-block-list\">\n<li><strong>C\u00f4ndrulos milim\u00e9tricos<\/strong>: pequenas esferas minerais formadas na nebulosa solar primitiva, antes da consolida\u00e7\u00e3o dos planetas.<\/li>\n\n\n\n<li><strong>Matriz recristalizada<\/strong>: sinal de metamorfismo interno causado por aquecimento e colis\u00f5es no in\u00edcio do sistema solar.<\/li>\n\n\n\n<li><strong>Alta presen\u00e7a de ferro e n\u00edquel<\/strong>: composi\u00e7\u00e3o comum em meteoritos do tipo condrito ordin\u00e1rio.<\/li>\n<\/ul>\n\n\n\n<h2 class=\"wp-block-heading\">O que significa ser um condrito H5?<\/h2>\n\n\n\n<p>A an\u00e1lise classificou a rocha como um <strong>condrito ordin\u00e1rio H5<\/strong>, tipo abundante em ferro e n\u00edquel. O \u201cH\u201d indica alto teor met\u00e1lico, enquanto o n\u00famero 5 aponta um grau significativo de transforma\u00e7\u00e3o t\u00e9rmica ao longo de bilh\u00f5es de anos.<\/p>\n\n\n\n<p>Com cerca de 39 por 14 por 14 cent\u00edmetros e 17 quilos, o fragmento tem idade estimada em <strong>4,6 bilh\u00f5es de anos<\/strong>. Isso significa que ele se formou praticamente junto com o nascimento do sistema solar.<\/p>\n\n\n\n<figure class=\"wp-block-image size-large\"><img loading=\"lazy\" decoding=\"async\" width=\"1024\" height=\"576\" src=\"https:\/\/www.em.com.br\/emfoco\/wp-content\/uploads\/2026\/03\/8-6-1024x576.jpg\" alt=\"Homem pensou ter encontrado uma pepita de ouro e guardou a pedra por anos: ele mal sabia que estava guardando um peda\u00e7o do Sistema Solar\" class=\"wp-image-176888\" srcset=\"https:\/\/www.em.com.br\/emfoco\/wp-content\/uploads\/2026\/03\/8-6-1024x576.jpg 1024w, https:\/\/www.em.com.br\/emfoco\/wp-content\/uploads\/2026\/03\/8-6-300x169.jpg 300w, https:\/\/www.em.com.br\/emfoco\/wp-content\/uploads\/2026\/03\/8-6-768x432.jpg 768w, https:\/\/www.em.com.br\/emfoco\/wp-content\/uploads\/2026\/03\/8-6-750x422.jpg 750w, https:\/\/www.em.com.br\/emfoco\/wp-content\/uploads\/2026\/03\/8-6-1140x641.jpg 1140w, https:\/\/www.em.com.br\/emfoco\/wp-content\/uploads\/2026\/03\/8-6.jpg 1280w\" sizes=\"auto, (max-width: 1024px) 100vw, 1024px\" \/><figcaption class=\"wp-element-caption\">O fragmento espacial possui idade estimada em quatro bilh\u00f5es de anos<\/figcaption><\/figure>\n\n\n\n<h2 class=\"wp-block-heading\">Por que meteoritos s\u00e3o t\u00e3o valiosos para a ci\u00eancia?<\/h2>\n\n\n\n<p>Segundo especialistas, meteoritos funcionam como arquivos naturais do passado c\u00f3smico. Eles preservam informa\u00e7\u00f5es qu\u00edmicas e estruturais imposs\u00edveis de observar diretamente hoje, como processos ocorridos antes da forma\u00e7\u00e3o completa da Terra.<\/p>\n\n\n\n<ul class=\"wp-block-list\">\n<li><strong>Registro do in\u00edcio do sistema solar<\/strong>: revelam como poeira e metal se uniram para formar planetas.<\/li>\n\n\n\n<li><strong>Hist\u00f3rico de colis\u00f5es espaciais<\/strong>: mostram marcas de impactos e aquecimento primitivo.<\/li>\n\n\n\n<li><strong>Composi\u00e7\u00e3o qu\u00edmica original<\/strong>: ajudam cientistas a entender a distribui\u00e7\u00e3o de elementos no espa\u00e7o primitivo.<\/li>\n<\/ul>\n\n\n\n<h2 class=\"wp-block-heading\">Por que o achado foi considerado t\u00e3o raro?<\/h2>\n\n\n\n<p>Diferente do ouro, que brilha e chama aten\u00e7\u00e3o imediata, um <strong>fragmento espacial<\/strong> pode parecer apenas uma pedra comum. Essa apar\u00eancia discreta explica por que muitos meteoritos passam despercebidos por anos.<\/p>\n\n\n\n<p>No caso de Maryborough, a rocha se revelou mais rara que uma pepita. O chamado <strong><a href=\"https:\/\/www.em.com.br\/emfoco\/2026\/02\/22\/homem-guardou-por-anos-uma-pedra-achando-que-era-ouro-ate-descobrir-que-tinha-em-maos-um-meteorito-raro-de-46-bilhoes-de-anos\/\" target=\"_blank\" rel=\"noreferrer noopener\">meteorito <\/a>Maryborough<\/strong> tornou-se uma pe\u00e7a cient\u00edfica de alto valor, oferecendo uma janela concreta para os primeiros momentos da hist\u00f3ria do sistema solar.<\/p>\n","protected":false},"excerpt":{"rendered":"<p>Um homem encontrou o que acreditava ser ouro, mas a rocha guardada por anos era um meteorito de 17 quilos e 4,6 bilh\u00f5es de anos. O fragmento raro revelou pistas valiosas sobre a forma\u00e7\u00e3o do sistema solar primitivo. Como a pedra foi descoberta e por que parecia ouro? Em 2015, David Hole explorava o Parque [&hellip;]<\/p>\n","protected":false},"author":13,"featured_media":176887,"comment_status":"open","ping_status":"open","sticky":false,"template":"","format":"standard","meta":{"jnews-multi-image_gallery":[],"jnews_single_post":{"format":"standard"},"jnews_primary_category":[],"jnews_social_meta":[],"jnews_override_counter":[],"footnotes":""},"categories":[8819],"tags":[25535,1704,22071],"class_list":["post-176676","post","type-post","status-publish","format-standard","has-post-thumbnail","hentry","category-curiosidades","tag-condrito","tag-meteorito","tag-pedra-rara"],"yoast_head":"<!-- This site is optimized with the Yoast SEO plugin v23.8 - https:\/\/yoast.com\/wordpress\/plugins\/seo\/ -->\n<title>Homem pensou ter encontrado uma pepita de ouro e guardou a pedra por anos: ele mal sabia que estava guardando um peda\u00e7o do Sistema Solar - Estado de Minas - Em foco<\/title>\n<meta name=\"description\" content=\"Um homem guardou por anos o que pensava ser ouro e descobriu um meteorito raro com pistas valiosas sobre o in\u00edcio do sistema solar.\" \/>\n<meta name=\"robots\" content=\"index, follow, max-snippet:-1, max-image-preview:large, max-video-preview:-1\" \/>\n<link rel=\"canonical\" href=\"https:\/\/www.em.com.br\/emfoco\/2026\/03\/06\/homem-pensou-ter-encontrado-uma-pepita-de-ouro-e-guardou-a-pedra-por-anos-ele-mal-sabia-que-estava-guardando-um-pedaco-do-sistema-solar\/\" \/>\n<meta property=\"og:locale\" content=\"pt_BR\" \/>\n<meta property=\"og:type\" content=\"article\" \/>\n<meta property=\"og:title\" content=\"Homem pensou ter encontrado uma pepita de ouro e guardou a pedra por anos: ele mal sabia que estava guardando um peda\u00e7o do Sistema Solar - Estado de Minas - Em foco\" \/>\n<meta property=\"og:description\" content=\"Um homem guardou por anos o que pensava ser ouro e descobriu um meteorito raro com pistas valiosas sobre o in\u00edcio do sistema solar.\" \/>\n<meta property=\"og:url\" content=\"https:\/\/www.em.com.br\/emfoco\/2026\/03\/06\/homem-pensou-ter-encontrado-uma-pepita-de-ouro-e-guardou-a-pedra-por-anos-ele-mal-sabia-que-estava-guardando-um-pedaco-do-sistema-solar\/\" \/>\n<meta property=\"og:site_name\" content=\"Estado de Minas - Em foco\" \/>\n<meta property=\"article:published_time\" content=\"2026-03-06T19:15:00+00:00\" \/>\n<meta property=\"article:modified_time\" content=\"2026-03-03T20:06:08+00:00\" \/>\n<meta property=\"og:image\" content=\"https:\/\/www.em.com.br\/emfoco\/wp-content\/uploads\/2026\/03\/7-6.jpg\" \/>\n\t<meta property=\"og:image:width\" content=\"1280\" \/>\n\t<meta property=\"og:image:height\" content=\"720\" \/>\n\t<meta property=\"og:image:type\" content=\"image\/jpeg\" \/>\n<meta name=\"author\" content=\"Gabriel Martins\" \/>\n<meta name=\"twitter:card\" content=\"summary_large_image\" \/>\n<meta name=\"twitter:label1\" content=\"Escrito por\" \/>\n\t<meta name=\"twitter:data1\" content=\"Gabriel Martins\" \/>\n\t<meta name=\"twitter:label2\" content=\"Est. tempo de leitura\" \/>\n\t<meta name=\"twitter:data2\" content=\"4 minutos\" \/>\n<!-- \/ Yoast SEO plugin. -->","yoast_head_json":{"title":"Homem pensou ter encontrado uma pepita de ouro e guardou a pedra por anos: ele mal sabia que estava guardando um peda\u00e7o do Sistema Solar - Estado de Minas - Em foco","description":"Um homem guardou por anos o que pensava ser ouro e descobriu um meteorito raro com pistas valiosas sobre o in\u00edcio do sistema solar.","robots":{"index":"index","follow":"follow","max-snippet":"max-snippet:-1","max-image-preview":"max-image-preview:large","max-video-preview":"max-video-preview:-1"},"canonical":"https:\/\/www.em.com.br\/emfoco\/2026\/03\/06\/homem-pensou-ter-encontrado-uma-pepita-de-ouro-e-guardou-a-pedra-por-anos-ele-mal-sabia-que-estava-guardando-um-pedaco-do-sistema-solar\/","og_locale":"pt_BR","og_type":"article","og_title":"Homem pensou ter encontrado uma pepita de ouro e guardou a pedra por anos: ele mal sabia que estava guardando um peda\u00e7o do Sistema Solar - Estado de Minas - Em foco","og_description":"Um homem guardou por anos o que pensava ser ouro e descobriu um meteorito raro com pistas valiosas sobre o in\u00edcio do sistema solar.","og_url":"https:\/\/www.em.com.br\/emfoco\/2026\/03\/06\/homem-pensou-ter-encontrado-uma-pepita-de-ouro-e-guardou-a-pedra-por-anos-ele-mal-sabia-que-estava-guardando-um-pedaco-do-sistema-solar\/","og_site_name":"Estado de Minas - Em foco","article_published_time":"2026-03-06T19:15:00+00:00","article_modified_time":"2026-03-03T20:06:08+00:00","og_image":[{"width":1280,"height":720,"url":"https:\/\/www.em.com.br\/emfoco\/wp-content\/uploads\/2026\/03\/7-6.jpg","type":"image\/jpeg"}],"author":"Gabriel Martins","twitter_card":"summary_large_image","twitter_misc":{"Escrito por":"Gabriel Martins","Est. tempo de leitura":"4 minutos"},"schema":{"@context":"https:\/\/schema.org","@graph":[{"@type":"WebPage","@id":"https:\/\/www.em.com.br\/emfoco\/2026\/03\/06\/homem-pensou-ter-encontrado-uma-pepita-de-ouro-e-guardou-a-pedra-por-anos-ele-mal-sabia-que-estava-guardando-um-pedaco-do-sistema-solar\/","url":"https:\/\/www.em.com.br\/emfoco\/2026\/03\/06\/homem-pensou-ter-encontrado-uma-pepita-de-ouro-e-guardou-a-pedra-por-anos-ele-mal-sabia-que-estava-guardando-um-pedaco-do-sistema-solar\/","name":"Homem pensou ter encontrado uma pepita de ouro e guardou a pedra por anos: ele mal sabia que estava guardando um peda\u00e7o do Sistema Solar - Estado de Minas - Em foco","isPartOf":{"@id":"https:\/\/www.em.com.br\/emfoco\/#website"},"primaryImageOfPage":{"@id":"https:\/\/www.em.com.br\/emfoco\/2026\/03\/06\/homem-pensou-ter-encontrado-uma-pepita-de-ouro-e-guardou-a-pedra-por-anos-ele-mal-sabia-que-estava-guardando-um-pedaco-do-sistema-solar\/#primaryimage"},"image":{"@id":"https:\/\/www.em.com.br\/emfoco\/2026\/03\/06\/homem-pensou-ter-encontrado-uma-pepita-de-ouro-e-guardou-a-pedra-por-anos-ele-mal-sabia-que-estava-guardando-um-pedaco-do-sistema-solar\/#primaryimage"},"thumbnailUrl":"https:\/\/www.em.com.br\/emfoco\/wp-content\/uploads\/2026\/03\/7-6.jpg","datePublished":"2026-03-06T19:15:00+00:00","dateModified":"2026-03-03T20:06:08+00:00","author":{"@id":"https:\/\/www.em.com.br\/emfoco\/#\/schema\/person\/1c9ddeab18b98abeffef834667bcf08a"},"description":"Um homem guardou por anos o que pensava ser ouro e descobriu um meteorito raro com pistas valiosas sobre o in\u00edcio do sistema solar.","breadcrumb":{"@id":"https:\/\/www.em.com.br\/emfoco\/2026\/03\/06\/homem-pensou-ter-encontrado-uma-pepita-de-ouro-e-guardou-a-pedra-por-anos-ele-mal-sabia-que-estava-guardando-um-pedaco-do-sistema-solar\/#breadcrumb"},"inLanguage":"pt-BR","potentialAction":[{"@type":"ReadAction","target":["https:\/\/www.em.com.br\/emfoco\/2026\/03\/06\/homem-pensou-ter-encontrado-uma-pepita-de-ouro-e-guardou-a-pedra-por-anos-ele-mal-sabia-que-estava-guardando-um-pedaco-do-sistema-solar\/"]}]},{"@type":"ImageObject","inLanguage":"pt-BR","@id":"https:\/\/www.em.com.br\/emfoco\/2026\/03\/06\/homem-pensou-ter-encontrado-uma-pepita-de-ouro-e-guardou-a-pedra-por-anos-ele-mal-sabia-que-estava-guardando-um-pedaco-do-sistema-solar\/#primaryimage","url":"https:\/\/www.em.com.br\/emfoco\/wp-content\/uploads\/2026\/03\/7-6.jpg","contentUrl":"https:\/\/www.em.com.br\/emfoco\/wp-content\/uploads\/2026\/03\/7-6.jpg","width":1280,"height":720,"caption":"Rocha rara encontrada na Austr\u00e1lia revela segredos da forma\u00e7\u00e3o do universo"},{"@type":"BreadcrumbList","@id":"https:\/\/www.em.com.br\/emfoco\/2026\/03\/06\/homem-pensou-ter-encontrado-uma-pepita-de-ouro-e-guardou-a-pedra-por-anos-ele-mal-sabia-que-estava-guardando-um-pedaco-do-sistema-solar\/#breadcrumb","itemListElement":[{"@type":"ListItem","position":1,"name":"In\u00edcio","item":"https:\/\/www.em.com.br\/emfoco\/"},{"@type":"ListItem","position":2,"name":"Homem pensou ter encontrado uma pepita de ouro e guardou a pedra por anos: ele mal sabia que estava guardando um peda\u00e7o do Sistema Solar"}]},{"@type":"WebSite","@id":"https:\/\/www.em.com.br\/emfoco\/#website","url":"https:\/\/www.em.com.br\/emfoco\/","name":"Estado de Minas - Em foco","description":"Acompanhe as \u00faltimas not\u00edcias e fique bem informado sobre tudo o que acontece em Minas Gerais, Brasil e no mundo.","potentialAction":[{"@type":"SearchAction","target":{"@type":"EntryPoint","urlTemplate":"https:\/\/www.em.com.br\/emfoco\/?s={search_term_string}"},"query-input":{"@type":"PropertyValueSpecification","valueRequired":true,"valueName":"search_term_string"}}],"inLanguage":"pt-BR"},{"@type":"Person","@id":"https:\/\/www.em.com.br\/emfoco\/#\/schema\/person\/1c9ddeab18b98abeffef834667bcf08a","name":"Gabriel Martins","image":{"@type":"ImageObject","inLanguage":"pt-BR","@id":"https:\/\/www.em.com.br\/emfoco\/#\/schema\/person\/image\/","url":"https:\/\/secure.gravatar.com\/avatar\/f0f1e2efdfd88f1ad2cb08c5c2731e50?s=96&d=mm&r=g","contentUrl":"https:\/\/secure.gravatar.com\/avatar\/f0f1e2efdfd88f1ad2cb08c5c2731e50?s=96&d=mm&r=g","caption":"Gabriel Martins"},"sameAs":["https:\/\/www.em.com.br\/emfoco\/"],"url":"https:\/\/www.em.com.br\/emfoco\/author\/gabrielmartinsmyth\/"}]}},"_links":{"self":[{"href":"https:\/\/www.em.com.br\/emfoco\/wp-json\/wp\/v2\/posts\/176676","targetHints":{"allow":["GET"]}}],"collection":[{"href":"https:\/\/www.em.com.br\/emfoco\/wp-json\/wp\/v2\/posts"}],"about":[{"href":"https:\/\/www.em.com.br\/emfoco\/wp-json\/wp\/v2\/types\/post"}],"author":[{"embeddable":true,"href":"https:\/\/www.em.com.br\/emfoco\/wp-json\/wp\/v2\/users\/13"}],"replies":[{"embeddable":true,"href":"https:\/\/www.em.com.br\/emfoco\/wp-json\/wp\/v2\/comments?post=176676"}],"version-history":[{"count":2,"href":"https:\/\/www.em.com.br\/emfoco\/wp-json\/wp\/v2\/posts\/176676\/revisions"}],"predecessor-version":[{"id":176895,"href":"https:\/\/www.em.com.br\/emfoco\/wp-json\/wp\/v2\/posts\/176676\/revisions\/176895"}],"wp:featuredmedia":[{"embeddable":true,"href":"https:\/\/www.em.com.br\/emfoco\/wp-json\/wp\/v2\/media\/176887"}],"wp:attachment":[{"href":"https:\/\/www.em.com.br\/emfoco\/wp-json\/wp\/v2\/media?parent=176676"}],"wp:term":[{"taxonomy":"category","embeddable":true,"href":"https:\/\/www.em.com.br\/emfoco\/wp-json\/wp\/v2\/categories?post=176676"},{"taxonomy":"post_tag","embeddable":true,"href":"https:\/\/www.em.com.br\/emfoco\/wp-json\/wp\/v2\/tags?post=176676"}],"curies":[{"name":"wp","href":"https:\/\/api.w.org\/{rel}","templated":true}]}}