{"id":176674,"date":"2026-03-06T13:35:00","date_gmt":"2026-03-06T16:35:00","guid":{"rendered":"https:\/\/www.em.com.br\/emfoco\/?p=176674"},"modified":"2026-03-03T16:58:42","modified_gmt":"2026-03-03T19:58:42","slug":"a-lei-deixa-evidente-a-instalacao-de-pergola-no-terraco-depende-de-aprovacao-se-houver-impacto-visual-no-edificio","status":"publish","type":"post","link":"https:\/\/www.em.com.br\/emfoco\/2026\/03\/06\/a-lei-deixa-evidente-a-instalacao-de-pergola-no-terraco-depende-de-aprovacao-se-houver-impacto-visual-no-edificio\/","title":{"rendered":"A Lei deixa evidente: a instala\u00e7\u00e3o de p\u00e9rgola no terra\u00e7o depende de aprova\u00e7\u00e3o se houver impacto visual no edif\u00edcio"},"content":{"rendered":"\n<p>A <strong>Lei da Propriedade Horizontal<\/strong> deixa claro que instalar p\u00e9rgola no terra\u00e7o nem sempre \u00e9 decis\u00e3o individual. Mesmo sendo \u00e1rea privativa, a obra pode depender de aprova\u00e7\u00e3o da comunidade se afetar fachada, estrutura ou est\u00e9tica do edif\u00edcio.<\/p>\n\n\n\n<h2 class=\"wp-block-heading\">Preciso de autoriza\u00e7\u00e3o para instalar p\u00e9rgola no terra\u00e7o?<\/h2>\n\n\n\n<p>O <strong><a href=\"http:\/\/www.planalto.gov.br\/ccivil_03\/Leis\/L4591.htm\" target=\"_blank\" rel=\"noreferrer noopener\">artigo 7.1 da Lei da Propriedade Horizontal<\/a><\/strong> permite obras internas, desde que n\u00e3o prejudiquem a seguran\u00e7a, a estrutura ou a configura\u00e7\u00e3o externa do pr\u00e9dio. Quando a instala\u00e7\u00e3o altera a apar\u00eancia vis\u00edvel do im\u00f3vel, a regra muda.<\/p>\n\n\n\n<p>Mesmo que o terra\u00e7o seja de uso exclusivo, a <strong>fachada e os elementos estruturais<\/strong> s\u00e3o considerados partes comuns, conforme o artigo 396 do C\u00f3digo Civil. Por isso, qualquer modifica\u00e7\u00e3o que impacte esses componentes pode exigir aprova\u00e7\u00e3o formal em assembleia.<\/p>\n\n\n\n<figure class=\"wp-block-image size-large\"><img loading=\"lazy\" decoding=\"async\" width=\"1024\" height=\"576\" src=\"https:\/\/www.em.com.br\/emfoco\/wp-content\/uploads\/2026\/03\/2-10-1024x576.jpg\" alt=\"A Lei deixa evidente: a instala\u00e7\u00e3o de p\u00e9rgola no terra\u00e7o depende de aprova\u00e7\u00e3o se houver impacto visual no edif\u00edcio\" class=\"wp-image-176847\" srcset=\"https:\/\/www.em.com.br\/emfoco\/wp-content\/uploads\/2026\/03\/2-10-1024x576.jpg 1024w, https:\/\/www.em.com.br\/emfoco\/wp-content\/uploads\/2026\/03\/2-10-300x169.jpg 300w, https:\/\/www.em.com.br\/emfoco\/wp-content\/uploads\/2026\/03\/2-10-768x432.jpg 768w, https:\/\/www.em.com.br\/emfoco\/wp-content\/uploads\/2026\/03\/2-10-750x422.jpg 750w, https:\/\/www.em.com.br\/emfoco\/wp-content\/uploads\/2026\/03\/2-10-1140x641.jpg 1140w, https:\/\/www.em.com.br\/emfoco\/wp-content\/uploads\/2026\/03\/2-10.jpg 1280w\" sizes=\"auto, (max-width: 1024px) 100vw, 1024px\" \/><figcaption class=\"wp-element-caption\">Obras que alteram a est\u00e9tica externa dependem de aprova\u00e7\u00e3o formal da comunidade<\/figcaption><\/figure>\n\n\n\n<h2 class=\"wp-block-heading\">Em quais situa\u00e7\u00f5es a comunidade pode exigir aprova\u00e7\u00e3o?<\/h2>\n\n\n\n<p>A necessidade de autoriza\u00e7\u00e3o surge quando a estrutura interfere em elementos comuns ou altera o padr\u00e3o visual do pr\u00e9dio. Nessas hip\u00f3teses, a decis\u00e3o deve ser votada em reuni\u00e3o, especialmente quando h\u00e1 impacto coletivo, como nos casos abaixo.<\/p>\n\n\n\n<ul class=\"wp-block-list\">\n<li><strong>Fixa\u00e7\u00e3o na fachada ou estrutura<\/strong>: quando a p\u00e9rgola \u00e9 ancorada em paredes externas, vigas ou lajes que pertencem \u00e0 coletividade.<\/li>\n\n\n\n<li><strong>Altera\u00e7\u00e3o da est\u00e9tica do edif\u00edcio<\/strong>: mudan\u00e7a de cor, material ou formato que quebre o padr\u00e3o arquitet\u00f4nico definido.<\/li>\n\n\n\n<li><strong>Proje\u00e7\u00e3o al\u00e9m do per\u00edmetro do terra\u00e7o<\/strong>: estruturas que avan\u00e7am visualmente para fora da linha original do im\u00f3vel.<\/li>\n<\/ul>\n\n\n\n<h2 class=\"wp-block-heading\">Qual maioria \u00e9 necess\u00e1ria para aprovar a instala\u00e7\u00e3o?<\/h2>\n\n\n\n<p>O <strong>artigo 17.4 da Lei da Propriedade Horizontal<\/strong> determina que inova\u00e7\u00f5es ou altera\u00e7\u00f5es que afetem elementos comuns exigem voto favor\u00e1vel de tr\u00eas quintos dos propriet\u00e1rios, representando tamb\u00e9m tr\u00eas quintos das quotas de participa\u00e7\u00e3o.<\/p>\n\n\n\n<p>Isso significa que apenas comunicar o s\u00edndico n\u00e3o \u00e9 suficiente. A <strong>delibera\u00e7\u00e3o em assembleia<\/strong> deve respeitar o qu\u00f3rum legal, sob pena de a obra ser considerada irregular, mesmo que n\u00e3o haja oposi\u00e7\u00e3o imediata de vizinhos.<\/p>\n\n\n\n<figure class=\"wp-block-image size-large\"><img loading=\"lazy\" decoding=\"async\" width=\"1024\" height=\"576\" src=\"https:\/\/www.em.com.br\/emfoco\/wp-content\/uploads\/2026\/03\/1-12-1024x576.jpg\" alt=\"A Lei deixa evidente: a instala\u00e7\u00e3o de p\u00e9rgola no terra\u00e7o depende de aprova\u00e7\u00e3o se houver impacto visual no edif\u00edcio\" class=\"wp-image-176846\" srcset=\"https:\/\/www.em.com.br\/emfoco\/wp-content\/uploads\/2026\/03\/1-12-1024x576.jpg 1024w, https:\/\/www.em.com.br\/emfoco\/wp-content\/uploads\/2026\/03\/1-12-300x169.jpg 300w, https:\/\/www.em.com.br\/emfoco\/wp-content\/uploads\/2026\/03\/1-12-768x432.jpg 768w, https:\/\/www.em.com.br\/emfoco\/wp-content\/uploads\/2026\/03\/1-12-750x422.jpg 750w, https:\/\/www.em.com.br\/emfoco\/wp-content\/uploads\/2026\/03\/1-12-1140x641.jpg 1140w, https:\/\/www.em.com.br\/emfoco\/wp-content\/uploads\/2026\/03\/1-12.jpg 1280w\" sizes=\"auto, (max-width: 1024px) 100vw, 1024px\" \/><figcaption class=\"wp-element-caption\">Inova\u00e7\u00f5es em \u00e1reas comuns exigem voto favor\u00e1vel de tr\u00eas quintos dos propriet\u00e1rios<\/figcaption><\/figure>\n\n\n\n<h2 class=\"wp-block-heading\">Regras internas e normas municipais tamb\u00e9m influenciam?<\/h2>\n\n\n\n<p>Al\u00e9m da legisla\u00e7\u00e3o nacional, muitos pr\u00e9dios possuem regulamento interno com crit\u00e9rios espec\u00edficos sobre toldos e coberturas. Tamb\u00e9m podem existir exig\u00eancias municipais, principalmente em \u00e1reas hist\u00f3ricas, como nos pontos a seguir.<\/p>\n\n\n\n<ul class=\"wp-block-list\">\n<li><strong>Padroniza\u00e7\u00e3o de cores e materiais<\/strong>: alguns condom\u00ednios exigem modelos espec\u00edficos para manter a harmonia visual.<\/li>\n\n\n\n<li><strong>Limita\u00e7\u00f5es em zonas protegidas<\/strong>: prefeituras podem impor restri\u00e7\u00f5es est\u00e9ticas em im\u00f3veis situados em \u00e1reas de interesse cultural.<\/li>\n\n\n\n<li><strong>Possibilidade de san\u00e7\u00f5es administrativas<\/strong>: instala\u00e7\u00f5es irregulares podem gerar multa e ordem de retirada pela autoridade local.<\/li>\n<\/ul>\n\n\n\n<h2 class=\"wp-block-heading\">O que acontece se a p\u00e9rgola for instalada sem permiss\u00e3o?<\/h2>\n\n\n\n<p>Se a comunidade entender que houve viola\u00e7\u00e3o das normas, poder\u00e1 exigir a <strong>remo\u00e7\u00e3o da estrutura<\/strong> e a restaura\u00e7\u00e3o ao estado original. Caso existam danos ou riscos estruturais, a situa\u00e7\u00e3o pode evoluir para <strong><a href=\"https:\/\/www.em.com.br\/emfoco\/2026\/01\/31\/usucapiao-extrajudicial-cresce-em-2026-e-permite-escritura-definitiva-em-cartorio-sem-precisar-de-acao-judicial-ou-disputa-com-herdeiros\/\" target=\"_blank\" rel=\"noreferrer noopener\">disputa judicial<\/a><\/strong>.<\/p>\n\n\n\n<p>O propriet\u00e1rio, por sua vez, pode contestar a decis\u00e3o se considerar que houve <strong>abuso de direito<\/strong> ou interpreta\u00e7\u00e3o excessiva das regras. Cada caso deve ser analisado conforme o impacto real da obra e as normas aplic\u00e1veis ao edif\u00edcio.<\/p>\n","protected":false},"excerpt":{"rendered":"<p>A Lei da Propriedade Horizontal deixa claro que instalar p\u00e9rgola no terra\u00e7o nem sempre \u00e9 decis\u00e3o individual. Mesmo sendo \u00e1rea privativa, a obra pode depender de aprova\u00e7\u00e3o da comunidade se afetar fachada, estrutura ou est\u00e9tica do edif\u00edcio. Preciso de autoriza\u00e7\u00e3o para instalar p\u00e9rgola no terra\u00e7o? O artigo 7.1 da Lei da Propriedade Horizontal permite obras [&hellip;]<\/p>\n","protected":false},"author":13,"featured_media":176848,"comment_status":"open","ping_status":"open","sticky":false,"template":"","format":"standard","meta":{"jnews-multi-image_gallery":[],"jnews_single_post":{"format":"standard"},"jnews_primary_category":[],"jnews_social_meta":[],"jnews_override_counter":[],"footnotes":""},"categories":[8819],"tags":[8949,20938,25532],"class_list":["post-176674","post","type-post","status-publish","format-standard","has-post-thumbnail","hentry","category-curiosidades","tag-construcao","tag-lei-da-propriedade-horizontal","tag-pergola-no-terraco"],"yoast_head":"<!-- This site is optimized with the Yoast SEO plugin v23.8 - https:\/\/yoast.com\/wordpress\/plugins\/seo\/ -->\n<title>A Lei deixa evidente: a instala\u00e7\u00e3o de p\u00e9rgola no terra\u00e7o depende de aprova\u00e7\u00e3o se houver impacto visual no edif\u00edcio - Estado de Minas - Em foco<\/title>\n<meta name=\"description\" content=\"Instalar p\u00e9rgola no terra\u00e7o pode exigir autoriza\u00e7\u00e3o do pr\u00e9dio quando altera fachada ou estrutura. A lei define quando a obra precisa de aval.\" \/>\n<meta name=\"robots\" content=\"index, follow, max-snippet:-1, max-image-preview:large, max-video-preview:-1\" \/>\n<link rel=\"canonical\" href=\"https:\/\/www.em.com.br\/emfoco\/2026\/03\/06\/a-lei-deixa-evidente-a-instalacao-de-pergola-no-terraco-depende-de-aprovacao-se-houver-impacto-visual-no-edificio\/\" \/>\n<meta property=\"og:locale\" content=\"pt_BR\" \/>\n<meta property=\"og:type\" content=\"article\" \/>\n<meta property=\"og:title\" content=\"A Lei deixa evidente: a instala\u00e7\u00e3o de p\u00e9rgola no terra\u00e7o depende de aprova\u00e7\u00e3o se houver impacto visual no edif\u00edcio - Estado de Minas - Em foco\" \/>\n<meta property=\"og:description\" content=\"Instalar p\u00e9rgola no terra\u00e7o pode exigir autoriza\u00e7\u00e3o do pr\u00e9dio quando altera fachada ou estrutura. A lei define quando a obra precisa de aval.\" \/>\n<meta property=\"og:url\" content=\"https:\/\/www.em.com.br\/emfoco\/2026\/03\/06\/a-lei-deixa-evidente-a-instalacao-de-pergola-no-terraco-depende-de-aprovacao-se-houver-impacto-visual-no-edificio\/\" \/>\n<meta property=\"og:site_name\" content=\"Estado de Minas - Em foco\" \/>\n<meta property=\"article:published_time\" content=\"2026-03-06T16:35:00+00:00\" \/>\n<meta property=\"article:modified_time\" content=\"2026-03-03T19:58:42+00:00\" \/>\n<meta property=\"og:image\" content=\"https:\/\/www.em.com.br\/emfoco\/wp-content\/uploads\/2026\/03\/3-10.jpg\" \/>\n\t<meta property=\"og:image:width\" content=\"1280\" \/>\n\t<meta property=\"og:image:height\" content=\"720\" \/>\n\t<meta property=\"og:image:type\" content=\"image\/jpeg\" \/>\n<meta name=\"author\" content=\"Gabriel Martins\" \/>\n<meta name=\"twitter:card\" content=\"summary_large_image\" \/>\n<meta name=\"twitter:label1\" content=\"Escrito por\" \/>\n\t<meta name=\"twitter:data1\" content=\"Gabriel Martins\" \/>\n\t<meta name=\"twitter:label2\" content=\"Est. tempo de leitura\" \/>\n\t<meta name=\"twitter:data2\" content=\"4 minutos\" \/>\n<!-- \/ Yoast SEO plugin. -->","yoast_head_json":{"title":"A Lei deixa evidente: a instala\u00e7\u00e3o de p\u00e9rgola no terra\u00e7o depende de aprova\u00e7\u00e3o se houver impacto visual no edif\u00edcio - Estado de Minas - Em foco","description":"Instalar p\u00e9rgola no terra\u00e7o pode exigir autoriza\u00e7\u00e3o do pr\u00e9dio quando altera fachada ou estrutura. A lei define quando a obra precisa de aval.","robots":{"index":"index","follow":"follow","max-snippet":"max-snippet:-1","max-image-preview":"max-image-preview:large","max-video-preview":"max-video-preview:-1"},"canonical":"https:\/\/www.em.com.br\/emfoco\/2026\/03\/06\/a-lei-deixa-evidente-a-instalacao-de-pergola-no-terraco-depende-de-aprovacao-se-houver-impacto-visual-no-edificio\/","og_locale":"pt_BR","og_type":"article","og_title":"A Lei deixa evidente: a instala\u00e7\u00e3o de p\u00e9rgola no terra\u00e7o depende de aprova\u00e7\u00e3o se houver impacto visual no edif\u00edcio - Estado de Minas - Em foco","og_description":"Instalar p\u00e9rgola no terra\u00e7o pode exigir autoriza\u00e7\u00e3o do pr\u00e9dio quando altera fachada ou estrutura. A lei define quando a obra precisa de aval.","og_url":"https:\/\/www.em.com.br\/emfoco\/2026\/03\/06\/a-lei-deixa-evidente-a-instalacao-de-pergola-no-terraco-depende-de-aprovacao-se-houver-impacto-visual-no-edificio\/","og_site_name":"Estado de Minas - Em foco","article_published_time":"2026-03-06T16:35:00+00:00","article_modified_time":"2026-03-03T19:58:42+00:00","og_image":[{"width":1280,"height":720,"url":"https:\/\/www.em.com.br\/emfoco\/wp-content\/uploads\/2026\/03\/3-10.jpg","type":"image\/jpeg"}],"author":"Gabriel Martins","twitter_card":"summary_large_image","twitter_misc":{"Escrito por":"Gabriel Martins","Est. tempo de leitura":"4 minutos"},"schema":{"@context":"https:\/\/schema.org","@graph":[{"@type":"WebPage","@id":"https:\/\/www.em.com.br\/emfoco\/2026\/03\/06\/a-lei-deixa-evidente-a-instalacao-de-pergola-no-terraco-depende-de-aprovacao-se-houver-impacto-visual-no-edificio\/","url":"https:\/\/www.em.com.br\/emfoco\/2026\/03\/06\/a-lei-deixa-evidente-a-instalacao-de-pergola-no-terraco-depende-de-aprovacao-se-houver-impacto-visual-no-edificio\/","name":"A Lei deixa evidente: a instala\u00e7\u00e3o de p\u00e9rgola no terra\u00e7o depende de aprova\u00e7\u00e3o se houver impacto visual no edif\u00edcio - Estado de Minas - Em foco","isPartOf":{"@id":"https:\/\/www.em.com.br\/emfoco\/#website"},"primaryImageOfPage":{"@id":"https:\/\/www.em.com.br\/emfoco\/2026\/03\/06\/a-lei-deixa-evidente-a-instalacao-de-pergola-no-terraco-depende-de-aprovacao-se-houver-impacto-visual-no-edificio\/#primaryimage"},"image":{"@id":"https:\/\/www.em.com.br\/emfoco\/2026\/03\/06\/a-lei-deixa-evidente-a-instalacao-de-pergola-no-terraco-depende-de-aprovacao-se-houver-impacto-visual-no-edificio\/#primaryimage"},"thumbnailUrl":"https:\/\/www.em.com.br\/emfoco\/wp-content\/uploads\/2026\/03\/3-10.jpg","datePublished":"2026-03-06T16:35:00+00:00","dateModified":"2026-03-03T19:58:42+00:00","author":{"@id":"https:\/\/www.em.com.br\/emfoco\/#\/schema\/person\/1c9ddeab18b98abeffef834667bcf08a"},"description":"Instalar p\u00e9rgola no terra\u00e7o pode exigir autoriza\u00e7\u00e3o do pr\u00e9dio quando altera fachada ou estrutura. A lei define quando a obra precisa de aval.","breadcrumb":{"@id":"https:\/\/www.em.com.br\/emfoco\/2026\/03\/06\/a-lei-deixa-evidente-a-instalacao-de-pergola-no-terraco-depende-de-aprovacao-se-houver-impacto-visual-no-edificio\/#breadcrumb"},"inLanguage":"pt-BR","potentialAction":[{"@type":"ReadAction","target":["https:\/\/www.em.com.br\/emfoco\/2026\/03\/06\/a-lei-deixa-evidente-a-instalacao-de-pergola-no-terraco-depende-de-aprovacao-se-houver-impacto-visual-no-edificio\/"]}]},{"@type":"ImageObject","inLanguage":"pt-BR","@id":"https:\/\/www.em.com.br\/emfoco\/2026\/03\/06\/a-lei-deixa-evidente-a-instalacao-de-pergola-no-terraco-depende-de-aprovacao-se-houver-impacto-visual-no-edificio\/#primaryimage","url":"https:\/\/www.em.com.br\/emfoco\/wp-content\/uploads\/2026\/03\/3-10.jpg","contentUrl":"https:\/\/www.em.com.br\/emfoco\/wp-content\/uploads\/2026\/03\/3-10.jpg","width":1280,"height":720,"caption":"A instala\u00e7\u00e3o de p\u00e9rgolas em terra\u00e7os privativos exige observ\u00e2ncia \u00e0s normas condominiais"},{"@type":"BreadcrumbList","@id":"https:\/\/www.em.com.br\/emfoco\/2026\/03\/06\/a-lei-deixa-evidente-a-instalacao-de-pergola-no-terraco-depende-de-aprovacao-se-houver-impacto-visual-no-edificio\/#breadcrumb","itemListElement":[{"@type":"ListItem","position":1,"name":"In\u00edcio","item":"https:\/\/www.em.com.br\/emfoco\/"},{"@type":"ListItem","position":2,"name":"A Lei deixa evidente: a instala\u00e7\u00e3o de p\u00e9rgola no terra\u00e7o depende de aprova\u00e7\u00e3o se houver impacto visual no edif\u00edcio"}]},{"@type":"WebSite","@id":"https:\/\/www.em.com.br\/emfoco\/#website","url":"https:\/\/www.em.com.br\/emfoco\/","name":"Estado de Minas - Em foco","description":"Acompanhe as \u00faltimas not\u00edcias e fique bem informado sobre tudo o que acontece em Minas Gerais, Brasil e no mundo.","potentialAction":[{"@type":"SearchAction","target":{"@type":"EntryPoint","urlTemplate":"https:\/\/www.em.com.br\/emfoco\/?s={search_term_string}"},"query-input":{"@type":"PropertyValueSpecification","valueRequired":true,"valueName":"search_term_string"}}],"inLanguage":"pt-BR"},{"@type":"Person","@id":"https:\/\/www.em.com.br\/emfoco\/#\/schema\/person\/1c9ddeab18b98abeffef834667bcf08a","name":"Gabriel Martins","image":{"@type":"ImageObject","inLanguage":"pt-BR","@id":"https:\/\/www.em.com.br\/emfoco\/#\/schema\/person\/image\/","url":"https:\/\/secure.gravatar.com\/avatar\/f0f1e2efdfd88f1ad2cb08c5c2731e50?s=96&d=mm&r=g","contentUrl":"https:\/\/secure.gravatar.com\/avatar\/f0f1e2efdfd88f1ad2cb08c5c2731e50?s=96&d=mm&r=g","caption":"Gabriel Martins"},"sameAs":["https:\/\/www.em.com.br\/emfoco\/"],"url":"https:\/\/www.em.com.br\/emfoco\/author\/gabrielmartinsmyth\/"}]}},"_links":{"self":[{"href":"https:\/\/www.em.com.br\/emfoco\/wp-json\/wp\/v2\/posts\/176674","targetHints":{"allow":["GET"]}}],"collection":[{"href":"https:\/\/www.em.com.br\/emfoco\/wp-json\/wp\/v2\/posts"}],"about":[{"href":"https:\/\/www.em.com.br\/emfoco\/wp-json\/wp\/v2\/types\/post"}],"author":[{"embeddable":true,"href":"https:\/\/www.em.com.br\/emfoco\/wp-json\/wp\/v2\/users\/13"}],"replies":[{"embeddable":true,"href":"https:\/\/www.em.com.br\/emfoco\/wp-json\/wp\/v2\/comments?post=176674"}],"version-history":[{"count":2,"href":"https:\/\/www.em.com.br\/emfoco\/wp-json\/wp\/v2\/posts\/176674\/revisions"}],"predecessor-version":[{"id":176874,"href":"https:\/\/www.em.com.br\/emfoco\/wp-json\/wp\/v2\/posts\/176674\/revisions\/176874"}],"wp:featuredmedia":[{"embeddable":true,"href":"https:\/\/www.em.com.br\/emfoco\/wp-json\/wp\/v2\/media\/176848"}],"wp:attachment":[{"href":"https:\/\/www.em.com.br\/emfoco\/wp-json\/wp\/v2\/media?parent=176674"}],"wp:term":[{"taxonomy":"category","embeddable":true,"href":"https:\/\/www.em.com.br\/emfoco\/wp-json\/wp\/v2\/categories?post=176674"},{"taxonomy":"post_tag","embeddable":true,"href":"https:\/\/www.em.com.br\/emfoco\/wp-json\/wp\/v2\/tags?post=176674"}],"curies":[{"name":"wp","href":"https:\/\/api.w.org\/{rel}","templated":true}]}}