{"id":176673,"date":"2026-03-06T11:55:00","date_gmt":"2026-03-06T14:55:00","guid":{"rendered":"https:\/\/www.em.com.br\/emfoco\/?p=176673"},"modified":"2026-03-03T16:57:34","modified_gmt":"2026-03-03T19:57:34","slug":"aposentados-entram-em-alerta-com-bloqueio-automatico-do-inss-que-pode-travar-credito-sem-aviso","status":"publish","type":"post","link":"https:\/\/www.em.com.br\/emfoco\/2026\/03\/06\/aposentados-entram-em-alerta-com-bloqueio-automatico-do-inss-que-pode-travar-credito-sem-aviso\/","title":{"rendered":"Aposentados entram em alerta com bloqueio autom\u00e1tico do INSS que pode travar cr\u00e9dito sem aviso"},"content":{"rendered":"\n<p>As novas regras sobre <strong>empr\u00e9stimos consignados do INSS<\/strong> mudaram o acesso ao cr\u00e9dito para aposentados e pensionistas. A Defensoria P\u00fablica da Uni\u00e3o recomenda suspens\u00e3o autom\u00e1tica de descontos e bloqueio preventivo para conter fraudes que podem atingir quase 2 milh\u00f5es de contratos.<\/p>\n\n\n\n<h2 class=\"wp-block-heading\">O que a DPU recomenda para combater fraudes?<\/h2>\n\n\n\n<p>A <strong>Defensoria P\u00fablica da Uni\u00e3o<\/strong> orientou o <strong><a href=\"https:\/\/meu.inss.gov.br\/\" target=\"_blank\" rel=\"noreferrer noopener\">INSS<\/a><\/strong> a adotar medidas em at\u00e9 30 a 90 dias para proteger benefici\u00e1rios. A principal proposta \u00e9 suspender automaticamente descontos quando houver contesta\u00e7\u00e3o formal do segurado.<\/p>\n\n\n\n<p>Tamb\u00e9m foi sugerido o <strong>bloqueio preventivo da margem consign\u00e1vel<\/strong> sempre que um contrato for contestado. A estimativa aponta quase 2 milh\u00f5es de contratos com ind\u00edcios de irregularidades ou aus\u00eancia de autoriza\u00e7\u00e3o expressa.<\/p>\n\n\n\n<figure class=\"wp-block-image size-large\"><img loading=\"lazy\" decoding=\"async\" width=\"1024\" height=\"576\" src=\"https:\/\/www.em.com.br\/emfoco\/wp-content\/uploads\/2026\/03\/5-9-1024x576.jpg\" alt=\"Aposentados entram em alerta com bloqueio autom\u00e1tico do INSS que pode travar cr\u00e9dito sem aviso\" class=\"wp-image-176850\" srcset=\"https:\/\/www.em.com.br\/emfoco\/wp-content\/uploads\/2026\/03\/5-9-1024x576.jpg 1024w, https:\/\/www.em.com.br\/emfoco\/wp-content\/uploads\/2026\/03\/5-9-300x169.jpg 300w, https:\/\/www.em.com.br\/emfoco\/wp-content\/uploads\/2026\/03\/5-9-768x432.jpg 768w, https:\/\/www.em.com.br\/emfoco\/wp-content\/uploads\/2026\/03\/5-9-750x422.jpg 750w, https:\/\/www.em.com.br\/emfoco\/wp-content\/uploads\/2026\/03\/5-9-1140x641.jpg 1140w, https:\/\/www.em.com.br\/emfoco\/wp-content\/uploads\/2026\/03\/5-9.jpg 1280w\" sizes=\"auto, (max-width: 1024px) 100vw, 1024px\" \/><figcaption class=\"wp-element-caption\">Especialistas sugerem o bloqueio preventivo da margem sempre que houver irregularidade<\/figcaption><\/figure>\n\n\n\n<h2 class=\"wp-block-heading\">Como funciona a nova regra de bloqueio permanente?<\/h2>\n\n\n\n<p>Desde dezembro de 2025, o INSS implantou um sistema de prote\u00e7\u00e3o que trava automaticamente todos os benef\u00edcios para novos empr\u00e9stimos. A contrata\u00e7\u00e3o passou a exigir manifesta\u00e7\u00e3o ativa do titular, como detalhado a seguir.<\/p>\n\n\n\n<ul class=\"wp-block-list\">\n<li><strong>Travamento permanente<\/strong> de todos os benef\u00edcios para novas averba\u00e7\u00f5es.<\/li>\n\n\n\n<li><strong>Desbloqueio mensal obrigat\u00f3rio<\/strong> pelo Meu INSS sempre que o segurado quiser contratar cr\u00e9dito.<\/li>\n\n\n\n<li><strong>Autentica\u00e7\u00e3o biom\u00e9trica<\/strong> exigida para validar cada opera\u00e7\u00e3o financeira.<\/li>\n<\/ul>\n\n\n\n<h2 class=\"wp-block-heading\">Quais projetos de lei podem endurecer ainda mais as regras?<\/h2>\n\n\n\n<p>O <strong>Projeto de Lei 1546\/2024<\/strong>, ainda pendente de san\u00e7\u00e3o, prev\u00ea que o desbloqueio n\u00e3o poder\u00e1 ocorrer por telefone ou procura\u00e7\u00e3o, reduzindo brechas usadas por intermedi\u00e1rios e golpistas.<\/p>\n\n\n\n<p>A contesta\u00e7\u00e3o de contratos dever\u00e1 ser feita exclusivamente pelo <strong><a href=\"https:\/\/www.em.com.br\/emfoco\/2026\/02\/19\/beneficiarios-do-inss-entram-em-alerta-apos-revelacao-de-r-63-bilhoes-descontados-confira-se-seu-nome-esta-na-lista\/\" target=\"_blank\" rel=\"noreferrer noopener\">Meu INSS<\/a> ou presencialmente<\/strong>. A margem consign\u00e1vel permanece em 45%, sendo 35% para empr\u00e9stimo, 5% para cart\u00e3o consignado e 5% para cart\u00e3o benef\u00edcio.<\/p>\n\n\n\n<figure class=\"wp-block-image size-large\"><img loading=\"lazy\" decoding=\"async\" width=\"1024\" height=\"576\" src=\"https:\/\/www.em.com.br\/emfoco\/wp-content\/uploads\/2026\/03\/4-10-1024x576.jpg\" alt=\"Aposentados entram em alerta com bloqueio autom\u00e1tico do INSS que pode travar cr\u00e9dito sem aviso\" class=\"wp-image-176849\" srcset=\"https:\/\/www.em.com.br\/emfoco\/wp-content\/uploads\/2026\/03\/4-10-1024x576.jpg 1024w, https:\/\/www.em.com.br\/emfoco\/wp-content\/uploads\/2026\/03\/4-10-300x169.jpg 300w, https:\/\/www.em.com.br\/emfoco\/wp-content\/uploads\/2026\/03\/4-10-768x432.jpg 768w, https:\/\/www.em.com.br\/emfoco\/wp-content\/uploads\/2026\/03\/4-10-750x422.jpg 750w, https:\/\/www.em.com.br\/emfoco\/wp-content\/uploads\/2026\/03\/4-10-1140x641.jpg 1140w, https:\/\/www.em.com.br\/emfoco\/wp-content\/uploads\/2026\/03\/4-10.jpg 1280w\" sizes=\"auto, (max-width: 1024px) 100vw, 1024px\" \/><figcaption class=\"wp-element-caption\">Projeto de lei pro\u00edbe o desbloqueio de cr\u00e9dito por telefone ou procura\u00e7\u00e3o<\/figcaption><\/figure>\n\n\n\n<h2 class=\"wp-block-heading\">O que muda para quem j\u00e1 tem empr\u00e9stimo ativo?<\/h2>\n\n\n\n<p>Benefici\u00e1rios que identificarem descontos suspeitos podem registrar contesta\u00e7\u00e3o formal. A recomenda\u00e7\u00e3o da DPU \u00e9 que a suspens\u00e3o seja imediata, sem exig\u00eancia inicial de boletim de ocorr\u00eancia ou documentos adicionais.<\/p>\n\n\n\n<ul class=\"wp-block-list\">\n<li><strong>Seguro prestamista<\/strong> embutido indevidamente pode ser objeto de devolu\u00e7\u00e3o ou abatimento.<\/li>\n\n\n\n<li><strong>Contratos sob investiga\u00e7\u00e3o<\/strong> devem ter margem bloqueada at\u00e9 conclus\u00e3o da an\u00e1lise.<\/li>\n\n\n\n<li><strong>Acompanhamento digital<\/strong> pelo Meu INSS ajuda a monitorar descontos mensais.<\/li>\n<\/ul>\n\n\n\n<p>As medidas refor\u00e7am a seguran\u00e7a e buscam reduzir fraudes no sistema previdenci\u00e1rio, exigindo confirma\u00e7\u00e3o expressa do titular antes de qualquer nova contrata\u00e7\u00e3o.<\/p>\n\n\n\n<h2 class=\"wp-block-heading\">Qual \u00e9 o impacto dessas mudan\u00e7as para aposentados?<\/h2>\n\n\n\n<p>O novo modelo prioriza <strong>seguran\u00e7a e controle individual<\/strong>, mas exige aten\u00e7\u00e3o redobrada dos segurados ao uso do aplicativo oficial. Cada desbloqueio mensal depender\u00e1 de a\u00e7\u00e3o direta do benefici\u00e1rio.<\/p>\n\n\n\n<p>Ao combinar bloqueio permanente, autentica\u00e7\u00e3o biom\u00e9trica e recomenda\u00e7\u00e3o de suspens\u00e3o autom\u00e1tica, o INSS amplia barreiras contra fraudes e pressiona institui\u00e7\u00f5es financeiras a revisar contratos suspeitos.<\/p>\n","protected":false},"excerpt":{"rendered":"<p>As novas regras sobre empr\u00e9stimos consignados do INSS mudaram o acesso ao cr\u00e9dito para aposentados e pensionistas. A Defensoria P\u00fablica da Uni\u00e3o recomenda suspens\u00e3o autom\u00e1tica de descontos e bloqueio preventivo para conter fraudes que podem atingir quase 2 milh\u00f5es de contratos. O que a DPU recomenda para combater fraudes? A Defensoria P\u00fablica da Uni\u00e3o orientou [&hellip;]<\/p>\n","protected":false},"author":13,"featured_media":176851,"comment_status":"open","ping_status":"open","sticky":false,"template":"","format":"standard","meta":{"jnews-multi-image_gallery":[],"jnews_single_post":{"format":"standard"},"jnews_primary_category":[],"jnews_social_meta":[],"jnews_override_counter":[],"footnotes":""},"categories":[28],"tags":[256,21136,174],"class_list":["post-176673","post","type-post","status-publish","format-standard","has-post-thumbnail","hentry","category-economia","tag-beneficios","tag-emprestimos-consignados","tag-inss"],"yoast_head":"<!-- This site is optimized with the Yoast SEO plugin v23.8 - https:\/\/yoast.com\/wordpress\/plugins\/seo\/ -->\n<title>Aposentados entram em alerta com bloqueio autom\u00e1tico do INSS que pode travar cr\u00e9dito sem aviso - Estado de Minas - Em foco<\/title>\n<meta name=\"description\" content=\"Novas regras do INSS podem travar empr\u00e9stimos e suspender descontos. Aposentados precisam entender bloqueios biom\u00e9tricos e riscos de fraude.\" \/>\n<meta name=\"robots\" content=\"index, follow, max-snippet:-1, max-image-preview:large, max-video-preview:-1\" \/>\n<link rel=\"canonical\" href=\"https:\/\/www.em.com.br\/emfoco\/2026\/03\/06\/aposentados-entram-em-alerta-com-bloqueio-automatico-do-inss-que-pode-travar-credito-sem-aviso\/\" \/>\n<meta property=\"og:locale\" content=\"pt_BR\" \/>\n<meta property=\"og:type\" content=\"article\" \/>\n<meta property=\"og:title\" content=\"Aposentados entram em alerta com bloqueio autom\u00e1tico do INSS que pode travar cr\u00e9dito sem aviso - Estado de Minas - Em foco\" \/>\n<meta property=\"og:description\" content=\"Novas regras do INSS podem travar empr\u00e9stimos e suspender descontos. Aposentados precisam entender bloqueios biom\u00e9tricos e riscos de fraude.\" \/>\n<meta property=\"og:url\" content=\"https:\/\/www.em.com.br\/emfoco\/2026\/03\/06\/aposentados-entram-em-alerta-com-bloqueio-automatico-do-inss-que-pode-travar-credito-sem-aviso\/\" \/>\n<meta property=\"og:site_name\" content=\"Estado de Minas - Em foco\" \/>\n<meta property=\"article:published_time\" content=\"2026-03-06T14:55:00+00:00\" \/>\n<meta property=\"article:modified_time\" content=\"2026-03-03T19:57:34+00:00\" \/>\n<meta property=\"og:image\" content=\"https:\/\/www.em.com.br\/emfoco\/wp-content\/uploads\/2026\/03\/6-9.jpg\" \/>\n\t<meta property=\"og:image:width\" content=\"1280\" \/>\n\t<meta property=\"og:image:height\" content=\"720\" \/>\n\t<meta property=\"og:image:type\" content=\"image\/jpeg\" \/>\n<meta name=\"author\" content=\"Gabriel Martins\" \/>\n<meta name=\"twitter:card\" content=\"summary_large_image\" \/>\n<meta name=\"twitter:label1\" content=\"Escrito por\" \/>\n\t<meta name=\"twitter:data1\" content=\"Gabriel Martins\" \/>\n\t<meta name=\"twitter:label2\" content=\"Est. tempo de leitura\" \/>\n\t<meta name=\"twitter:data2\" content=\"3 minutos\" \/>\n<!-- \/ Yoast SEO plugin. -->","yoast_head_json":{"title":"Aposentados entram em alerta com bloqueio autom\u00e1tico do INSS que pode travar cr\u00e9dito sem aviso - Estado de Minas - Em foco","description":"Novas regras do INSS podem travar empr\u00e9stimos e suspender descontos. Aposentados precisam entender bloqueios biom\u00e9tricos e riscos de fraude.","robots":{"index":"index","follow":"follow","max-snippet":"max-snippet:-1","max-image-preview":"max-image-preview:large","max-video-preview":"max-video-preview:-1"},"canonical":"https:\/\/www.em.com.br\/emfoco\/2026\/03\/06\/aposentados-entram-em-alerta-com-bloqueio-automatico-do-inss-que-pode-travar-credito-sem-aviso\/","og_locale":"pt_BR","og_type":"article","og_title":"Aposentados entram em alerta com bloqueio autom\u00e1tico do INSS que pode travar cr\u00e9dito sem aviso - Estado de Minas - Em foco","og_description":"Novas regras do INSS podem travar empr\u00e9stimos e suspender descontos. Aposentados precisam entender bloqueios biom\u00e9tricos e riscos de fraude.","og_url":"https:\/\/www.em.com.br\/emfoco\/2026\/03\/06\/aposentados-entram-em-alerta-com-bloqueio-automatico-do-inss-que-pode-travar-credito-sem-aviso\/","og_site_name":"Estado de Minas - Em foco","article_published_time":"2026-03-06T14:55:00+00:00","article_modified_time":"2026-03-03T19:57:34+00:00","og_image":[{"width":1280,"height":720,"url":"https:\/\/www.em.com.br\/emfoco\/wp-content\/uploads\/2026\/03\/6-9.jpg","type":"image\/jpeg"}],"author":"Gabriel Martins","twitter_card":"summary_large_image","twitter_misc":{"Escrito por":"Gabriel Martins","Est. tempo de leitura":"3 minutos"},"schema":{"@context":"https:\/\/schema.org","@graph":[{"@type":"WebPage","@id":"https:\/\/www.em.com.br\/emfoco\/2026\/03\/06\/aposentados-entram-em-alerta-com-bloqueio-automatico-do-inss-que-pode-travar-credito-sem-aviso\/","url":"https:\/\/www.em.com.br\/emfoco\/2026\/03\/06\/aposentados-entram-em-alerta-com-bloqueio-automatico-do-inss-que-pode-travar-credito-sem-aviso\/","name":"Aposentados entram em alerta com bloqueio autom\u00e1tico do INSS que pode travar cr\u00e9dito sem aviso - Estado de Minas - Em foco","isPartOf":{"@id":"https:\/\/www.em.com.br\/emfoco\/#website"},"primaryImageOfPage":{"@id":"https:\/\/www.em.com.br\/emfoco\/2026\/03\/06\/aposentados-entram-em-alerta-com-bloqueio-automatico-do-inss-que-pode-travar-credito-sem-aviso\/#primaryimage"},"image":{"@id":"https:\/\/www.em.com.br\/emfoco\/2026\/03\/06\/aposentados-entram-em-alerta-com-bloqueio-automatico-do-inss-que-pode-travar-credito-sem-aviso\/#primaryimage"},"thumbnailUrl":"https:\/\/www.em.com.br\/emfoco\/wp-content\/uploads\/2026\/03\/6-9.jpg","datePublished":"2026-03-06T14:55:00+00:00","dateModified":"2026-03-03T19:57:34+00:00","author":{"@id":"https:\/\/www.em.com.br\/emfoco\/#\/schema\/person\/1c9ddeab18b98abeffef834667bcf08a"},"description":"Novas regras do INSS podem travar empr\u00e9stimos e suspender descontos. Aposentados precisam entender bloqueios biom\u00e9tricos e riscos de fraude.","breadcrumb":{"@id":"https:\/\/www.em.com.br\/emfoco\/2026\/03\/06\/aposentados-entram-em-alerta-com-bloqueio-automatico-do-inss-que-pode-travar-credito-sem-aviso\/#breadcrumb"},"inLanguage":"pt-BR","potentialAction":[{"@type":"ReadAction","target":["https:\/\/www.em.com.br\/emfoco\/2026\/03\/06\/aposentados-entram-em-alerta-com-bloqueio-automatico-do-inss-que-pode-travar-credito-sem-aviso\/"]}]},{"@type":"ImageObject","inLanguage":"pt-BR","@id":"https:\/\/www.em.com.br\/emfoco\/2026\/03\/06\/aposentados-entram-em-alerta-com-bloqueio-automatico-do-inss-que-pode-travar-credito-sem-aviso\/#primaryimage","url":"https:\/\/www.em.com.br\/emfoco\/wp-content\/uploads\/2026\/03\/6-9.jpg","contentUrl":"https:\/\/www.em.com.br\/emfoco\/wp-content\/uploads\/2026\/03\/6-9.jpg","width":1280,"height":720,"caption":"A Defensoria P\u00fablica recomenda suspens\u00e3o imediata de descontos em casos de contesta\u00e7\u00e3o"},{"@type":"BreadcrumbList","@id":"https:\/\/www.em.com.br\/emfoco\/2026\/03\/06\/aposentados-entram-em-alerta-com-bloqueio-automatico-do-inss-que-pode-travar-credito-sem-aviso\/#breadcrumb","itemListElement":[{"@type":"ListItem","position":1,"name":"In\u00edcio","item":"https:\/\/www.em.com.br\/emfoco\/"},{"@type":"ListItem","position":2,"name":"Aposentados entram em alerta com bloqueio autom\u00e1tico do INSS que pode travar cr\u00e9dito sem aviso"}]},{"@type":"WebSite","@id":"https:\/\/www.em.com.br\/emfoco\/#website","url":"https:\/\/www.em.com.br\/emfoco\/","name":"Estado de Minas - Em foco","description":"Acompanhe as \u00faltimas not\u00edcias e fique bem informado sobre tudo o que acontece em Minas Gerais, Brasil e no mundo.","potentialAction":[{"@type":"SearchAction","target":{"@type":"EntryPoint","urlTemplate":"https:\/\/www.em.com.br\/emfoco\/?s={search_term_string}"},"query-input":{"@type":"PropertyValueSpecification","valueRequired":true,"valueName":"search_term_string"}}],"inLanguage":"pt-BR"},{"@type":"Person","@id":"https:\/\/www.em.com.br\/emfoco\/#\/schema\/person\/1c9ddeab18b98abeffef834667bcf08a","name":"Gabriel Martins","image":{"@type":"ImageObject","inLanguage":"pt-BR","@id":"https:\/\/www.em.com.br\/emfoco\/#\/schema\/person\/image\/","url":"https:\/\/secure.gravatar.com\/avatar\/f0f1e2efdfd88f1ad2cb08c5c2731e50?s=96&d=mm&r=g","contentUrl":"https:\/\/secure.gravatar.com\/avatar\/f0f1e2efdfd88f1ad2cb08c5c2731e50?s=96&d=mm&r=g","caption":"Gabriel Martins"},"sameAs":["https:\/\/www.em.com.br\/emfoco\/"],"url":"https:\/\/www.em.com.br\/emfoco\/author\/gabrielmartinsmyth\/"}]}},"_links":{"self":[{"href":"https:\/\/www.em.com.br\/emfoco\/wp-json\/wp\/v2\/posts\/176673","targetHints":{"allow":["GET"]}}],"collection":[{"href":"https:\/\/www.em.com.br\/emfoco\/wp-json\/wp\/v2\/posts"}],"about":[{"href":"https:\/\/www.em.com.br\/emfoco\/wp-json\/wp\/v2\/types\/post"}],"author":[{"embeddable":true,"href":"https:\/\/www.em.com.br\/emfoco\/wp-json\/wp\/v2\/users\/13"}],"replies":[{"embeddable":true,"href":"https:\/\/www.em.com.br\/emfoco\/wp-json\/wp\/v2\/comments?post=176673"}],"version-history":[{"count":2,"href":"https:\/\/www.em.com.br\/emfoco\/wp-json\/wp\/v2\/posts\/176673\/revisions"}],"predecessor-version":[{"id":176872,"href":"https:\/\/www.em.com.br\/emfoco\/wp-json\/wp\/v2\/posts\/176673\/revisions\/176872"}],"wp:featuredmedia":[{"embeddable":true,"href":"https:\/\/www.em.com.br\/emfoco\/wp-json\/wp\/v2\/media\/176851"}],"wp:attachment":[{"href":"https:\/\/www.em.com.br\/emfoco\/wp-json\/wp\/v2\/media?parent=176673"}],"wp:term":[{"taxonomy":"category","embeddable":true,"href":"https:\/\/www.em.com.br\/emfoco\/wp-json\/wp\/v2\/categories?post=176673"},{"taxonomy":"post_tag","embeddable":true,"href":"https:\/\/www.em.com.br\/emfoco\/wp-json\/wp\/v2\/tags?post=176673"}],"curies":[{"name":"wp","href":"https:\/\/api.w.org\/{rel}","templated":true}]}}