{"id":176672,"date":"2026-03-06T10:15:00","date_gmt":"2026-03-06T13:15:00","guid":{"rendered":"https:\/\/www.em.com.br\/emfoco\/?p=176672"},"modified":"2026-03-03T16:56:30","modified_gmt":"2026-03-03T19:56:30","slug":"aposentados-comemoram-antecipacao-do-13o-do-inss-e-um-detalhe-pode-aumentar-seu-pagamento","status":"publish","type":"post","link":"https:\/\/www.em.com.br\/emfoco\/2026\/03\/06\/aposentados-comemoram-antecipacao-do-13o-do-inss-e-um-detalhe-pode-aumentar-seu-pagamento\/","title":{"rendered":"Aposentados comemoram antecipa\u00e7\u00e3o do 13\u00ba do INSS e um detalhe pode aumentar seu pagamento"},"content":{"rendered":"\n<p>A <strong>antecipa\u00e7\u00e3o do 13\u00ba sal\u00e1rio do INSS para 2026<\/strong> j\u00e1 gera expectativa entre aposentados e pensionistas. Com pagamento dividido em duas parcelas e sal\u00e1rio m\u00ednimo fixado em R$ 1.621,00, veja quem recebe, valores previstos e datas estimadas.<\/p>\n\n\n\n<h2 class=\"wp-block-heading\">Quem tem direito ao 13\u00ba sal\u00e1rio do INSS em 2026?<\/h2>\n\n\n\n<p>O <strong>abono anual do INSS<\/strong> \u00e9 pago a aposentados, pensionistas e segurados que recebem benef\u00edcios previdenci\u00e1rios, como aux\u00edlio-doen\u00e7a, aux\u00edlio-acidente e aux\u00edlio-reclus\u00e3o. O valor \u00e9 depositado junto ao calend\u00e1rio oficial do instituto.<\/p>\n\n\n\n<p>N\u00e3o t\u00eam direito ao benef\u00edcio quem recebe o <strong>BPC\/Loas<\/strong> ou a <strong><a href=\"https:\/\/www.gov.br\/mds\/pt-br\/acoes-e-programas\/suas\/beneficios-assistenciais\/renda-mensal-vitalicia\" target=\"_blank\" rel=\"noreferrer noopener\">Renda Mensal Vital\u00edcia<\/a><\/strong>, pois esses programas possuem natureza assistencial. Nesses casos, n\u00e3o h\u00e1 pagamento de d\u00e9cimo terceiro, mesmo com eventual antecipa\u00e7\u00e3o.<\/p>\n\n\n\n<figure class=\"wp-block-image size-large\"><img loading=\"lazy\" decoding=\"async\" width=\"1024\" height=\"576\" src=\"https:\/\/www.em.com.br\/emfoco\/wp-content\/uploads\/2026\/03\/8-5-1024x576.jpg\" alt=\"Aposentados comemoram antecipa\u00e7\u00e3o do 13\u00ba do INSS e um detalhe pode aumentar seu pagamento\" class=\"wp-image-176853\" srcset=\"https:\/\/www.em.com.br\/emfoco\/wp-content\/uploads\/2026\/03\/8-5-1024x576.jpg 1024w, https:\/\/www.em.com.br\/emfoco\/wp-content\/uploads\/2026\/03\/8-5-300x169.jpg 300w, https:\/\/www.em.com.br\/emfoco\/wp-content\/uploads\/2026\/03\/8-5-768x432.jpg 768w, https:\/\/www.em.com.br\/emfoco\/wp-content\/uploads\/2026\/03\/8-5-750x422.jpg 750w, https:\/\/www.em.com.br\/emfoco\/wp-content\/uploads\/2026\/03\/8-5-1140x641.jpg 1140w, https:\/\/www.em.com.br\/emfoco\/wp-content\/uploads\/2026\/03\/8-5.jpg 1280w\" sizes=\"auto, (max-width: 1024px) 100vw, 1024px\" \/><figcaption class=\"wp-element-caption\">Benefici\u00e1rios do BPC n\u00e3o possuem direito ao recebimento do abono anual<\/figcaption><\/figure>\n\n\n\n<h2 class=\"wp-block-heading\">Quais s\u00e3o os valores e c\u00e1lculos do 13\u00ba em 2026?<\/h2>\n\n\n\n<p>Com o <strong>sal\u00e1rio m\u00ednimo de R$ 1.621,00<\/strong>, o d\u00e9cimo terceiro ser\u00e1 dividido em duas parcelas iguais. Para quem recebe acima do piso, o c\u00e1lculo segue regra proporcional simples, conforme detalhado a seguir.<\/p>\n\n\n\n<ul class=\"wp-block-list\">\n<li><strong>Quem ganha o m\u00ednimo<\/strong>: recebe R$ 810,50 na primeira parcela e R$ 810,50 na segunda. No m\u00eas do dep\u00f3sito, o total pode chegar a R$ 2.431,50 somando benef\u00edcio mensal e parcela.<\/li>\n\n\n\n<li><strong>Quem recebe acima do piso<\/strong>: basta dividir o valor atual do benef\u00edcio por dois. Exemplo: benef\u00edcio de R$ 3.000,00 gera duas parcelas de R$ 1.500,00 cada.<\/li>\n<\/ul>\n\n\n\n<h2 class=\"wp-block-heading\">Haver\u00e1 desconto de Imposto de Renda no 13\u00ba?<\/h2>\n\n\n\n<p>Com a atualiza\u00e7\u00e3o da <strong>tabela do Imposto de Renda<\/strong>, segurados que recebem at\u00e9 cerca de R$ 5.000,00 mensais devem ficar isentos de desconto sobre o d\u00e9cimo terceiro em 2026, aumentando o valor l\u00edquido recebido.<\/p>\n\n\n\n<p>Outro ponto importante envolve o <strong><a href=\"https:\/\/www.em.com.br\/emfoco\/2025\/08\/29\/trabalhadores-de-carteira-assinada-ganham-acesso-a-credito-consignado\/\" target=\"_blank\" rel=\"noreferrer noopener\">empr\u00e9stimo consignado<\/a><\/strong>. N\u00e3o h\u00e1 desconto autom\u00e1tico sobre o valor do 13\u00ba sal\u00e1rio, pois o abono anual n\u00e3o sofre abatimento de parcelas de cr\u00e9dito contratado.<\/p>\n\n\n\n<figure class=\"wp-block-image size-large\"><img loading=\"lazy\" decoding=\"async\" width=\"1024\" height=\"576\" src=\"https:\/\/www.em.com.br\/emfoco\/wp-content\/uploads\/2026\/03\/7-5-1024x576.jpg\" alt=\"Aposentados comemoram antecipa\u00e7\u00e3o do 13\u00ba do INSS e um detalhe pode aumentar seu pagamento\" class=\"wp-image-176852\" srcset=\"https:\/\/www.em.com.br\/emfoco\/wp-content\/uploads\/2026\/03\/7-5-1024x576.jpg 1024w, https:\/\/www.em.com.br\/emfoco\/wp-content\/uploads\/2026\/03\/7-5-300x169.jpg 300w, https:\/\/www.em.com.br\/emfoco\/wp-content\/uploads\/2026\/03\/7-5-768x432.jpg 768w, https:\/\/www.em.com.br\/emfoco\/wp-content\/uploads\/2026\/03\/7-5-750x422.jpg 750w, https:\/\/www.em.com.br\/emfoco\/wp-content\/uploads\/2026\/03\/7-5-1140x641.jpg 1140w, https:\/\/www.em.com.br\/emfoco\/wp-content\/uploads\/2026\/03\/7-5.jpg 1280w\" sizes=\"auto, (max-width: 1024px) 100vw, 1024px\" \/><figcaption class=\"wp-element-caption\">Segurados que recebem at\u00e9 cinco mil reais mensais ter\u00e3o isen\u00e7\u00e3o tribut\u00e1ria<\/figcaption><\/figure>\n\n\n\n<h2 class=\"wp-block-heading\">Quais s\u00e3o as datas previstas para pagamento?<\/h2>\n\n\n\n<p>A expectativa \u00e9 de <strong>antecipa\u00e7\u00e3o do calend\u00e1rio<\/strong>, como ocorreu em anos anteriores. Os dep\u00f3sitos devem seguir o n\u00famero final do benef\u00edcio, respeitando o cronograma escalonado do INSS, conforme indicado abaixo.<\/p>\n\n\n\n<ul class=\"wp-block-list\">\n<li><strong>Primeira parcela<\/strong>: prevista entre 24 de abril e 8 de maio de 2026, conforme o d\u00edgito final do benef\u00edcio.<\/li>\n\n\n\n<li><strong>Segunda parcela<\/strong>: estimada para maio de 2026, seguindo o calend\u00e1rio tradicional de antecipa\u00e7\u00f5es.<\/li>\n\n\n\n<li><strong>Consulta oficial<\/strong>: valores e datas poder\u00e3o ser conferidos pelo aplicativo Meu INSS ou pelo extrato de pagamento.<\/li>\n<\/ul>\n\n\n\n<h2 class=\"wp-block-heading\">Quais alertas importantes o segurado deve observar?<\/h2>\n\n\n\n<p>Quem recebe por <strong>cart\u00e3o magn\u00e9tico<\/strong> precisa sacar o benef\u00edcio em at\u00e9 60 dias. Ap\u00f3s esse prazo, o valor pode ser devolvido ao INSS, exigindo solicita\u00e7\u00e3o para reativa\u00e7\u00e3o do pagamento.<\/p>\n\n\n\n<p>Segurados com conta exclusiva para benef\u00edcio t\u00eam <strong>isen\u00e7\u00e3o de tarifas banc\u00e1rias<\/strong>. Caso haja cobran\u00e7a indevida, \u00e9 poss\u00edvel contestar no banco. Se o aplicativo Meu INSS apresentar falhas, a recomenda\u00e7\u00e3o \u00e9 reinstalar a vers\u00e3o atualizada.<\/p>\n","protected":false},"excerpt":{"rendered":"<p>A antecipa\u00e7\u00e3o do 13\u00ba sal\u00e1rio do INSS para 2026 j\u00e1 gera expectativa entre aposentados e pensionistas. Com pagamento dividido em duas parcelas e sal\u00e1rio m\u00ednimo fixado em R$ 1.621,00, veja quem recebe, valores previstos e datas estimadas. Quem tem direito ao 13\u00ba sal\u00e1rio do INSS em 2026? O abono anual do INSS \u00e9 pago a [&hellip;]<\/p>\n","protected":false},"author":13,"featured_media":176854,"comment_status":"open","ping_status":"open","sticky":false,"template":"","format":"standard","meta":{"jnews-multi-image_gallery":[],"jnews_single_post":{"format":"standard"},"jnews_primary_category":[],"jnews_social_meta":[],"jnews_override_counter":[],"footnotes":""},"categories":[28],"tags":[560,4583,174],"class_list":["post-176672","post","type-post","status-publish","format-standard","has-post-thumbnail","hentry","category-economia","tag-13-salario","tag-bpc-loas","tag-inss"],"yoast_head":"<!-- This site is optimized with the Yoast SEO plugin v23.8 - https:\/\/yoast.com\/wordpress\/plugins\/seo\/ -->\n<title>Aposentados comemoram antecipa\u00e7\u00e3o do 13\u00ba do INSS e um detalhe pode aumentar seu pagamento - Estado de Minas - Em foco<\/title>\n<meta name=\"description\" content=\"O 13\u00ba do INSS em 2026 deve ser antecipado e segurados j\u00e1 acompanham valores, datas previstas e alertas importantes antes do pagamento.\" \/>\n<meta name=\"robots\" content=\"index, follow, max-snippet:-1, max-image-preview:large, max-video-preview:-1\" \/>\n<link rel=\"canonical\" href=\"https:\/\/www.em.com.br\/emfoco\/2026\/03\/06\/aposentados-comemoram-antecipacao-do-13o-do-inss-e-um-detalhe-pode-aumentar-seu-pagamento\/\" \/>\n<meta property=\"og:locale\" content=\"pt_BR\" \/>\n<meta property=\"og:type\" content=\"article\" \/>\n<meta property=\"og:title\" content=\"Aposentados comemoram antecipa\u00e7\u00e3o do 13\u00ba do INSS e um detalhe pode aumentar seu pagamento - Estado de Minas - Em foco\" \/>\n<meta property=\"og:description\" content=\"O 13\u00ba do INSS em 2026 deve ser antecipado e segurados j\u00e1 acompanham valores, datas previstas e alertas importantes antes do pagamento.\" \/>\n<meta property=\"og:url\" content=\"https:\/\/www.em.com.br\/emfoco\/2026\/03\/06\/aposentados-comemoram-antecipacao-do-13o-do-inss-e-um-detalhe-pode-aumentar-seu-pagamento\/\" \/>\n<meta property=\"og:site_name\" content=\"Estado de Minas - Em foco\" \/>\n<meta property=\"article:published_time\" content=\"2026-03-06T13:15:00+00:00\" \/>\n<meta property=\"article:modified_time\" content=\"2026-03-03T19:56:30+00:00\" \/>\n<meta property=\"og:image\" content=\"https:\/\/www.em.com.br\/emfoco\/wp-content\/uploads\/2026\/03\/9-5.jpg\" \/>\n\t<meta property=\"og:image:width\" content=\"1280\" \/>\n\t<meta property=\"og:image:height\" content=\"720\" \/>\n\t<meta property=\"og:image:type\" content=\"image\/jpeg\" \/>\n<meta name=\"author\" content=\"Gabriel Martins\" \/>\n<meta name=\"twitter:card\" content=\"summary_large_image\" \/>\n<meta name=\"twitter:label1\" content=\"Escrito por\" \/>\n\t<meta name=\"twitter:data1\" content=\"Gabriel Martins\" \/>\n\t<meta name=\"twitter:label2\" content=\"Est. tempo de leitura\" \/>\n\t<meta name=\"twitter:data2\" content=\"4 minutos\" \/>\n<!-- \/ Yoast SEO plugin. -->","yoast_head_json":{"title":"Aposentados comemoram antecipa\u00e7\u00e3o do 13\u00ba do INSS e um detalhe pode aumentar seu pagamento - Estado de Minas - Em foco","description":"O 13\u00ba do INSS em 2026 deve ser antecipado e segurados j\u00e1 acompanham valores, datas previstas e alertas importantes antes do pagamento.","robots":{"index":"index","follow":"follow","max-snippet":"max-snippet:-1","max-image-preview":"max-image-preview:large","max-video-preview":"max-video-preview:-1"},"canonical":"https:\/\/www.em.com.br\/emfoco\/2026\/03\/06\/aposentados-comemoram-antecipacao-do-13o-do-inss-e-um-detalhe-pode-aumentar-seu-pagamento\/","og_locale":"pt_BR","og_type":"article","og_title":"Aposentados comemoram antecipa\u00e7\u00e3o do 13\u00ba do INSS e um detalhe pode aumentar seu pagamento - Estado de Minas - Em foco","og_description":"O 13\u00ba do INSS em 2026 deve ser antecipado e segurados j\u00e1 acompanham valores, datas previstas e alertas importantes antes do pagamento.","og_url":"https:\/\/www.em.com.br\/emfoco\/2026\/03\/06\/aposentados-comemoram-antecipacao-do-13o-do-inss-e-um-detalhe-pode-aumentar-seu-pagamento\/","og_site_name":"Estado de Minas - Em foco","article_published_time":"2026-03-06T13:15:00+00:00","article_modified_time":"2026-03-03T19:56:30+00:00","og_image":[{"width":1280,"height":720,"url":"https:\/\/www.em.com.br\/emfoco\/wp-content\/uploads\/2026\/03\/9-5.jpg","type":"image\/jpeg"}],"author":"Gabriel Martins","twitter_card":"summary_large_image","twitter_misc":{"Escrito por":"Gabriel Martins","Est. tempo de leitura":"4 minutos"},"schema":{"@context":"https:\/\/schema.org","@graph":[{"@type":"WebPage","@id":"https:\/\/www.em.com.br\/emfoco\/2026\/03\/06\/aposentados-comemoram-antecipacao-do-13o-do-inss-e-um-detalhe-pode-aumentar-seu-pagamento\/","url":"https:\/\/www.em.com.br\/emfoco\/2026\/03\/06\/aposentados-comemoram-antecipacao-do-13o-do-inss-e-um-detalhe-pode-aumentar-seu-pagamento\/","name":"Aposentados comemoram antecipa\u00e7\u00e3o do 13\u00ba do INSS e um detalhe pode aumentar seu pagamento - Estado de Minas - Em foco","isPartOf":{"@id":"https:\/\/www.em.com.br\/emfoco\/#website"},"primaryImageOfPage":{"@id":"https:\/\/www.em.com.br\/emfoco\/2026\/03\/06\/aposentados-comemoram-antecipacao-do-13o-do-inss-e-um-detalhe-pode-aumentar-seu-pagamento\/#primaryimage"},"image":{"@id":"https:\/\/www.em.com.br\/emfoco\/2026\/03\/06\/aposentados-comemoram-antecipacao-do-13o-do-inss-e-um-detalhe-pode-aumentar-seu-pagamento\/#primaryimage"},"thumbnailUrl":"https:\/\/www.em.com.br\/emfoco\/wp-content\/uploads\/2026\/03\/9-5.jpg","datePublished":"2026-03-06T13:15:00+00:00","dateModified":"2026-03-03T19:56:30+00:00","author":{"@id":"https:\/\/www.em.com.br\/emfoco\/#\/schema\/person\/1c9ddeab18b98abeffef834667bcf08a"},"description":"O 13\u00ba do INSS em 2026 deve ser antecipado e segurados j\u00e1 acompanham valores, datas previstas e alertas importantes antes do pagamento.","breadcrumb":{"@id":"https:\/\/www.em.com.br\/emfoco\/2026\/03\/06\/aposentados-comemoram-antecipacao-do-13o-do-inss-e-um-detalhe-pode-aumentar-seu-pagamento\/#breadcrumb"},"inLanguage":"pt-BR","potentialAction":[{"@type":"ReadAction","target":["https:\/\/www.em.com.br\/emfoco\/2026\/03\/06\/aposentados-comemoram-antecipacao-do-13o-do-inss-e-um-detalhe-pode-aumentar-seu-pagamento\/"]}]},{"@type":"ImageObject","inLanguage":"pt-BR","@id":"https:\/\/www.em.com.br\/emfoco\/2026\/03\/06\/aposentados-comemoram-antecipacao-do-13o-do-inss-e-um-detalhe-pode-aumentar-seu-pagamento\/#primaryimage","url":"https:\/\/www.em.com.br\/emfoco\/wp-content\/uploads\/2026\/03\/9-5.jpg","contentUrl":"https:\/\/www.em.com.br\/emfoco\/wp-content\/uploads\/2026\/03\/9-5.jpg","width":1280,"height":720,"caption":"A antecipa\u00e7\u00e3o do d\u00e9cimo terceiro sal\u00e1rio do INSS j\u00e1 gera grande expectativa"},{"@type":"BreadcrumbList","@id":"https:\/\/www.em.com.br\/emfoco\/2026\/03\/06\/aposentados-comemoram-antecipacao-do-13o-do-inss-e-um-detalhe-pode-aumentar-seu-pagamento\/#breadcrumb","itemListElement":[{"@type":"ListItem","position":1,"name":"In\u00edcio","item":"https:\/\/www.em.com.br\/emfoco\/"},{"@type":"ListItem","position":2,"name":"Aposentados comemoram antecipa\u00e7\u00e3o do 13\u00ba do INSS e um detalhe pode aumentar seu pagamento"}]},{"@type":"WebSite","@id":"https:\/\/www.em.com.br\/emfoco\/#website","url":"https:\/\/www.em.com.br\/emfoco\/","name":"Estado de Minas - Em foco","description":"Acompanhe as \u00faltimas not\u00edcias e fique bem informado sobre tudo o que acontece em Minas Gerais, Brasil e no mundo.","potentialAction":[{"@type":"SearchAction","target":{"@type":"EntryPoint","urlTemplate":"https:\/\/www.em.com.br\/emfoco\/?s={search_term_string}"},"query-input":{"@type":"PropertyValueSpecification","valueRequired":true,"valueName":"search_term_string"}}],"inLanguage":"pt-BR"},{"@type":"Person","@id":"https:\/\/www.em.com.br\/emfoco\/#\/schema\/person\/1c9ddeab18b98abeffef834667bcf08a","name":"Gabriel Martins","image":{"@type":"ImageObject","inLanguage":"pt-BR","@id":"https:\/\/www.em.com.br\/emfoco\/#\/schema\/person\/image\/","url":"https:\/\/secure.gravatar.com\/avatar\/f0f1e2efdfd88f1ad2cb08c5c2731e50?s=96&d=mm&r=g","contentUrl":"https:\/\/secure.gravatar.com\/avatar\/f0f1e2efdfd88f1ad2cb08c5c2731e50?s=96&d=mm&r=g","caption":"Gabriel Martins"},"sameAs":["https:\/\/www.em.com.br\/emfoco\/"],"url":"https:\/\/www.em.com.br\/emfoco\/author\/gabrielmartinsmyth\/"}]}},"_links":{"self":[{"href":"https:\/\/www.em.com.br\/emfoco\/wp-json\/wp\/v2\/posts\/176672","targetHints":{"allow":["GET"]}}],"collection":[{"href":"https:\/\/www.em.com.br\/emfoco\/wp-json\/wp\/v2\/posts"}],"about":[{"href":"https:\/\/www.em.com.br\/emfoco\/wp-json\/wp\/v2\/types\/post"}],"author":[{"embeddable":true,"href":"https:\/\/www.em.com.br\/emfoco\/wp-json\/wp\/v2\/users\/13"}],"replies":[{"embeddable":true,"href":"https:\/\/www.em.com.br\/emfoco\/wp-json\/wp\/v2\/comments?post=176672"}],"version-history":[{"count":2,"href":"https:\/\/www.em.com.br\/emfoco\/wp-json\/wp\/v2\/posts\/176672\/revisions"}],"predecessor-version":[{"id":176870,"href":"https:\/\/www.em.com.br\/emfoco\/wp-json\/wp\/v2\/posts\/176672\/revisions\/176870"}],"wp:featuredmedia":[{"embeddable":true,"href":"https:\/\/www.em.com.br\/emfoco\/wp-json\/wp\/v2\/media\/176854"}],"wp:attachment":[{"href":"https:\/\/www.em.com.br\/emfoco\/wp-json\/wp\/v2\/media?parent=176672"}],"wp:term":[{"taxonomy":"category","embeddable":true,"href":"https:\/\/www.em.com.br\/emfoco\/wp-json\/wp\/v2\/categories?post=176672"},{"taxonomy":"post_tag","embeddable":true,"href":"https:\/\/www.em.com.br\/emfoco\/wp-json\/wp\/v2\/tags?post=176672"}],"curies":[{"name":"wp","href":"https:\/\/api.w.org\/{rel}","templated":true}]}}