{"id":176640,"date":"2026-03-05T14:05:00","date_gmt":"2026-03-05T17:05:00","guid":{"rendered":"https:\/\/www.em.com.br\/emfoco\/?p=176640"},"modified":"2026-03-03T14:11:47","modified_gmt":"2026-03-03T17:11:47","slug":"governo-analisa-financiamento-para-empresas-prejudicadas-pela-chuva-em-mg-e-o-cenario-aponta-liberacao-abaixo-de-r-1-bilhao","status":"publish","type":"post","link":"https:\/\/www.em.com.br\/emfoco\/2026\/03\/05\/governo-analisa-financiamento-para-empresas-prejudicadas-pela-chuva-em-mg-e-o-cenario-aponta-liberacao-abaixo-de-r-1-bilhao\/","title":{"rendered":"Governo analisa financiamento para empresas prejudicadas pela chuva em MG e o cen\u00e1rio aponta libera\u00e7\u00e3o abaixo de R$ 1 bilh\u00e3o"},"content":{"rendered":"\n<p>O governo federal avalia criar <strong>linha de cr\u00e9dito para empresas de Minas Gerais<\/strong> afetadas pelas chuvas. A medida, ainda em formaliza\u00e7\u00e3o, pode liberar recursos inferiores a R$ 1 bilh\u00e3o para apoiar neg\u00f3cios impactados pelos temporais.<\/p>\n\n\n\n<h2 class=\"wp-block-heading\">Como deve funcionar a linha de cr\u00e9dito emergencial?<\/h2>\n\n\n\n<p>A proposta est\u00e1 sendo estruturada pela <strong>equipe econ\u00f4mica<\/strong> e deve ser oficializada por ato normativo espec\u00edfico. A opera\u00e7\u00e3o tende a ser conduzida pela <strong><a href=\"https:\/\/www.caixa.gov.br\/\" target=\"_blank\" rel=\"noreferrer noopener\">Caixa Econ\u00f4mica Federal<\/a><\/strong>, seguindo modelo semelhante ao de programas emergenciais anteriores.<\/p>\n\n\n\n<p>A estimativa preliminar indica volume total de recursos abaixo de <strong>R$ 1 bilh\u00e3o<\/strong>. O desenho final considerar\u00e1 os preju\u00edzos registrados em cada munic\u00edpio e os impactos diretos sobre atividades comerciais e produtivas.<\/p>\n\n\n\n<figure class=\"wp-block-image size-large\"><img loading=\"lazy\" decoding=\"async\" width=\"1024\" height=\"576\" src=\"https:\/\/www.em.com.br\/emfoco\/wp-content\/uploads\/2026\/03\/11-4-1024x576.jpg\" alt=\"Governo analisa financiamento para empresas prejudicadas pela chuva em MG e o cen\u00e1rio aponta libera\u00e7\u00e3o abaixo de R$ 1 bilh\u00e3o\" class=\"wp-image-176738\" srcset=\"https:\/\/www.em.com.br\/emfoco\/wp-content\/uploads\/2026\/03\/11-4-1024x576.jpg 1024w, https:\/\/www.em.com.br\/emfoco\/wp-content\/uploads\/2026\/03\/11-4-300x169.jpg 300w, https:\/\/www.em.com.br\/emfoco\/wp-content\/uploads\/2026\/03\/11-4-768x432.jpg 768w, https:\/\/www.em.com.br\/emfoco\/wp-content\/uploads\/2026\/03\/11-4-750x422.jpg 750w, https:\/\/www.em.com.br\/emfoco\/wp-content\/uploads\/2026\/03\/11-4-1140x641.jpg 1140w, https:\/\/www.em.com.br\/emfoco\/wp-content\/uploads\/2026\/03\/11-4.jpg 1280w\" sizes=\"auto, (max-width: 1024px) 100vw, 1024px\" \/><figcaption class=\"wp-element-caption\">A opera\u00e7\u00e3o financeira ser\u00e1 provavelmente conduzida pela Caixa Econ\u00f4mica Federal<\/figcaption><\/figure>\n\n\n\n<h2 class=\"wp-block-heading\">Quais cidades foram mais impactadas pelas chuvas?<\/h2>\n\n\n\n<p>Alguns munic\u00edpios registraram danos significativos \u00e0 infraestrutura e ao com\u00e9rcio local. Entre as cidades com maior impacto est\u00e3o as seguintes.<\/p>\n\n\n\n<ul class=\"wp-block-list\">\n<li><strong>Juiz de Fora<\/strong> registrou deslizamentos em \u00e1reas de encosta, com preju\u00edzos concentrados em regi\u00f5es residenciais.<\/li>\n\n\n\n<li><strong>Ub\u00e1<\/strong> enfrentou alagamentos em \u00e1reas centrais, afetando diretamente estabelecimentos comerciais.<\/li>\n\n\n\n<li><strong>Porteirinha<\/strong> decretou situa\u00e7\u00e3o de emerg\u00eancia ap\u00f3s transbordamento e risco estrutural em zona rural.<\/li>\n<\/ul>\n\n\n\n<h2 class=\"wp-block-heading\">Que tipo de apoio financeiro pode ser oferecido?<\/h2>\n\n\n\n<p>Em situa\u00e7\u00f5es de emerg\u00eancia, linhas especiais costumam incluir <strong>capital de giro<\/strong> e condi\u00e7\u00f5es facilitadas. O objetivo \u00e9 permitir que empresas mantenham opera\u00e7\u00f5es enquanto reorganizam finan\u00e7as e infraestrutura.<\/p>\n\n\n\n<p>O apoio pode contemplar <strong>recomposi\u00e7\u00e3o de estoques<\/strong>, recupera\u00e7\u00e3o estrutural e prazos diferenciados de <strong><a href=\"https:\/\/www.em.com.br\/emfoco\/2026\/03\/02\/13o-salario-tera-novo-valor-em-2026-entenda-o-que-muda-no-pagamento-e-no-seu-bolso\/\" target=\"_blank\" rel=\"noreferrer noopener\">pagamento<\/a><\/strong>. Escrit\u00f3rios cont\u00e1beis devem preparar documenta\u00e7\u00e3o que comprove impacto econ\u00f4mico para acesso ao cr\u00e9dito.<\/p>\n\n\n\n<figure class=\"wp-block-image size-large\"><img loading=\"lazy\" decoding=\"async\" width=\"1024\" height=\"576\" src=\"https:\/\/www.em.com.br\/emfoco\/wp-content\/uploads\/2026\/03\/10-4-1024x576.jpg\" alt=\"Governo analisa financiamento para empresas prejudicadas pela chuva em MG e o cen\u00e1rio aponta libera\u00e7\u00e3o abaixo de R$ 1 bilh\u00e3o\" class=\"wp-image-176737\" srcset=\"https:\/\/www.em.com.br\/emfoco\/wp-content\/uploads\/2026\/03\/10-4-1024x576.jpg 1024w, https:\/\/www.em.com.br\/emfoco\/wp-content\/uploads\/2026\/03\/10-4-300x169.jpg 300w, https:\/\/www.em.com.br\/emfoco\/wp-content\/uploads\/2026\/03\/10-4-768x432.jpg 768w, https:\/\/www.em.com.br\/emfoco\/wp-content\/uploads\/2026\/03\/10-4-750x422.jpg 750w, https:\/\/www.em.com.br\/emfoco\/wp-content\/uploads\/2026\/03\/10-4-1140x641.jpg 1140w, https:\/\/www.em.com.br\/emfoco\/wp-content\/uploads\/2026\/03\/10-4.jpg 1280w\" sizes=\"auto, (max-width: 1024px) 100vw, 1024px\" \/><figcaption class=\"wp-element-caption\">Recursos emergenciais visam recompor estoques e garantir capital de giro imediato<\/figcaption><\/figure>\n\n\n\n<h2 class=\"wp-block-heading\">Quais documentos e crit\u00e9rios devem ser exigidos?<\/h2>\n\n\n\n<p>A contrata\u00e7\u00e3o da linha deve exigir comprova\u00e7\u00e3o de preju\u00edzo e organiza\u00e7\u00e3o cont\u00e1bil detalhada. Empresas afetadas precisar\u00e3o apresentar documenta\u00e7\u00e3o t\u00e9cnica e financeira espec\u00edfica, como indicado a seguir.<\/p>\n\n\n\n<ul class=\"wp-block-list\">\n<li><strong>Demonstra\u00e7\u00f5es cont\u00e1beis atualizadas<\/strong>, evidenciando queda de receita ou danos patrimoniais.<\/li>\n\n\n\n<li><strong>Fluxo de caixa projetado<\/strong>, demonstrando necessidade real de capital de giro.<\/li>\n\n\n\n<li><strong>Laudos ou registros oficiais<\/strong> que comprovem impacto direto das chuvas no neg\u00f3cio.<\/li>\n<\/ul>\n\n\n\n<p>A formaliza\u00e7\u00e3o das regras deve esclarecer limites individuais, encargos financeiros e prazos, exigindo an\u00e1lise t\u00e9cnica cuidadosa por parte de contadores e gestores.<\/p>\n\n\n\n<h2 class=\"wp-block-heading\">H\u00e1 outras medidas em an\u00e1lise para Minas Gerais?<\/h2>\n\n\n\n<p>Al\u00e9m do cr\u00e9dito empresarial, o governo sinalizou <strong>mecanismos de recupera\u00e7\u00e3o habitacional<\/strong>, incluindo modelo de aquisi\u00e7\u00e3o assistida para fam\u00edlias afetadas pelas enchentes e deslizamentos.<\/p>\n\n\n\n<p>O monitoramento clim\u00e1tico segue intenso no estado. A regi\u00e3o norte registrou alertas m\u00e1ximos, retirada de moradores e acompanhamento de estruturas como barragens, refor\u00e7ando a necessidade de medidas financeiras e preventivas.<\/p>\n","protected":false},"excerpt":{"rendered":"<p>O governo federal avalia criar linha de cr\u00e9dito para empresas de Minas Gerais afetadas pelas chuvas. A medida, ainda em formaliza\u00e7\u00e3o, pode liberar recursos inferiores a R$ 1 bilh\u00e3o para apoiar neg\u00f3cios impactados pelos temporais. Como deve funcionar a linha de cr\u00e9dito emergencial? A proposta est\u00e1 sendo estruturada pela equipe econ\u00f4mica e deve ser oficializada [&hellip;]<\/p>\n","protected":false},"author":13,"featured_media":176739,"comment_status":"open","ping_status":"open","sticky":false,"template":"","format":"standard","meta":{"jnews-multi-image_gallery":[],"jnews_single_post":{"format":"standard"},"jnews_primary_category":[],"jnews_social_meta":[],"jnews_override_counter":[],"footnotes":""},"categories":[28],"tags":[25522,25523,207],"class_list":["post-176640","post","type-post","status-publish","format-standard","has-post-thumbnail","hentry","category-economia","tag-chuvas-em-mg","tag-linha-de-credito","tag-minas-gerais"],"yoast_head":"<!-- This site is optimized with the Yoast SEO plugin v23.8 - https:\/\/yoast.com\/wordpress\/plugins\/seo\/ -->\n<title>Governo analisa financiamento para empresas prejudicadas pela chuva em MG e o cen\u00e1rio aponta libera\u00e7\u00e3o abaixo de R$ 1 bilh\u00e3o - Estado de Minas - Em foco<\/title>\n<meta name=\"description\" content=\"Governo avalia linha de cr\u00e9dito para empresas afetadas pelas chuvas em MG, com recursos inferiores a R$ 1 bilh\u00e3o em fase de formaliza\u00e7\u00e3o.\" \/>\n<meta name=\"robots\" content=\"index, follow, max-snippet:-1, max-image-preview:large, max-video-preview:-1\" \/>\n<link rel=\"canonical\" href=\"https:\/\/www.em.com.br\/emfoco\/2026\/03\/05\/governo-analisa-financiamento-para-empresas-prejudicadas-pela-chuva-em-mg-e-o-cenario-aponta-liberacao-abaixo-de-r-1-bilhao\/\" \/>\n<meta property=\"og:locale\" content=\"pt_BR\" \/>\n<meta property=\"og:type\" content=\"article\" \/>\n<meta property=\"og:title\" content=\"Governo analisa financiamento para empresas prejudicadas pela chuva em MG e o cen\u00e1rio aponta libera\u00e7\u00e3o abaixo de R$ 1 bilh\u00e3o - Estado de Minas - Em foco\" \/>\n<meta property=\"og:description\" content=\"Governo avalia linha de cr\u00e9dito para empresas afetadas pelas chuvas em MG, com recursos inferiores a R$ 1 bilh\u00e3o em fase de formaliza\u00e7\u00e3o.\" \/>\n<meta property=\"og:url\" content=\"https:\/\/www.em.com.br\/emfoco\/2026\/03\/05\/governo-analisa-financiamento-para-empresas-prejudicadas-pela-chuva-em-mg-e-o-cenario-aponta-liberacao-abaixo-de-r-1-bilhao\/\" \/>\n<meta property=\"og:site_name\" content=\"Estado de Minas - Em foco\" \/>\n<meta property=\"article:published_time\" content=\"2026-03-05T17:05:00+00:00\" \/>\n<meta property=\"article:modified_time\" content=\"2026-03-03T17:11:47+00:00\" \/>\n<meta property=\"og:image\" content=\"https:\/\/www.em.com.br\/emfoco\/wp-content\/uploads\/2026\/03\/12-2.jpg\" \/>\n\t<meta property=\"og:image:width\" content=\"1280\" \/>\n\t<meta property=\"og:image:height\" content=\"720\" \/>\n\t<meta property=\"og:image:type\" content=\"image\/jpeg\" \/>\n<meta name=\"author\" content=\"Gabriel Martins\" \/>\n<meta name=\"twitter:card\" content=\"summary_large_image\" \/>\n<meta name=\"twitter:label1\" content=\"Escrito por\" \/>\n\t<meta name=\"twitter:data1\" content=\"Gabriel Martins\" \/>\n\t<meta name=\"twitter:label2\" content=\"Est. tempo de leitura\" \/>\n\t<meta name=\"twitter:data2\" content=\"3 minutos\" \/>\n<!-- \/ Yoast SEO plugin. -->","yoast_head_json":{"title":"Governo analisa financiamento para empresas prejudicadas pela chuva em MG e o cen\u00e1rio aponta libera\u00e7\u00e3o abaixo de R$ 1 bilh\u00e3o - Estado de Minas - Em foco","description":"Governo avalia linha de cr\u00e9dito para empresas afetadas pelas chuvas em MG, com recursos inferiores a R$ 1 bilh\u00e3o em fase de formaliza\u00e7\u00e3o.","robots":{"index":"index","follow":"follow","max-snippet":"max-snippet:-1","max-image-preview":"max-image-preview:large","max-video-preview":"max-video-preview:-1"},"canonical":"https:\/\/www.em.com.br\/emfoco\/2026\/03\/05\/governo-analisa-financiamento-para-empresas-prejudicadas-pela-chuva-em-mg-e-o-cenario-aponta-liberacao-abaixo-de-r-1-bilhao\/","og_locale":"pt_BR","og_type":"article","og_title":"Governo analisa financiamento para empresas prejudicadas pela chuva em MG e o cen\u00e1rio aponta libera\u00e7\u00e3o abaixo de R$ 1 bilh\u00e3o - Estado de Minas - Em foco","og_description":"Governo avalia linha de cr\u00e9dito para empresas afetadas pelas chuvas em MG, com recursos inferiores a R$ 1 bilh\u00e3o em fase de formaliza\u00e7\u00e3o.","og_url":"https:\/\/www.em.com.br\/emfoco\/2026\/03\/05\/governo-analisa-financiamento-para-empresas-prejudicadas-pela-chuva-em-mg-e-o-cenario-aponta-liberacao-abaixo-de-r-1-bilhao\/","og_site_name":"Estado de Minas - Em foco","article_published_time":"2026-03-05T17:05:00+00:00","article_modified_time":"2026-03-03T17:11:47+00:00","og_image":[{"width":1280,"height":720,"url":"https:\/\/www.em.com.br\/emfoco\/wp-content\/uploads\/2026\/03\/12-2.jpg","type":"image\/jpeg"}],"author":"Gabriel Martins","twitter_card":"summary_large_image","twitter_misc":{"Escrito por":"Gabriel Martins","Est. tempo de leitura":"3 minutos"},"schema":{"@context":"https:\/\/schema.org","@graph":[{"@type":"WebPage","@id":"https:\/\/www.em.com.br\/emfoco\/2026\/03\/05\/governo-analisa-financiamento-para-empresas-prejudicadas-pela-chuva-em-mg-e-o-cenario-aponta-liberacao-abaixo-de-r-1-bilhao\/","url":"https:\/\/www.em.com.br\/emfoco\/2026\/03\/05\/governo-analisa-financiamento-para-empresas-prejudicadas-pela-chuva-em-mg-e-o-cenario-aponta-liberacao-abaixo-de-r-1-bilhao\/","name":"Governo analisa financiamento para empresas prejudicadas pela chuva em MG e o cen\u00e1rio aponta libera\u00e7\u00e3o abaixo de R$ 1 bilh\u00e3o - Estado de Minas - Em foco","isPartOf":{"@id":"https:\/\/www.em.com.br\/emfoco\/#website"},"primaryImageOfPage":{"@id":"https:\/\/www.em.com.br\/emfoco\/2026\/03\/05\/governo-analisa-financiamento-para-empresas-prejudicadas-pela-chuva-em-mg-e-o-cenario-aponta-liberacao-abaixo-de-r-1-bilhao\/#primaryimage"},"image":{"@id":"https:\/\/www.em.com.br\/emfoco\/2026\/03\/05\/governo-analisa-financiamento-para-empresas-prejudicadas-pela-chuva-em-mg-e-o-cenario-aponta-liberacao-abaixo-de-r-1-bilhao\/#primaryimage"},"thumbnailUrl":"https:\/\/www.em.com.br\/emfoco\/wp-content\/uploads\/2026\/03\/12-2.jpg","datePublished":"2026-03-05T17:05:00+00:00","dateModified":"2026-03-03T17:11:47+00:00","author":{"@id":"https:\/\/www.em.com.br\/emfoco\/#\/schema\/person\/1c9ddeab18b98abeffef834667bcf08a"},"description":"Governo avalia linha de cr\u00e9dito para empresas afetadas pelas chuvas em MG, com recursos inferiores a R$ 1 bilh\u00e3o em fase de formaliza\u00e7\u00e3o.","breadcrumb":{"@id":"https:\/\/www.em.com.br\/emfoco\/2026\/03\/05\/governo-analisa-financiamento-para-empresas-prejudicadas-pela-chuva-em-mg-e-o-cenario-aponta-liberacao-abaixo-de-r-1-bilhao\/#breadcrumb"},"inLanguage":"pt-BR","potentialAction":[{"@type":"ReadAction","target":["https:\/\/www.em.com.br\/emfoco\/2026\/03\/05\/governo-analisa-financiamento-para-empresas-prejudicadas-pela-chuva-em-mg-e-o-cenario-aponta-liberacao-abaixo-de-r-1-bilhao\/"]}]},{"@type":"ImageObject","inLanguage":"pt-BR","@id":"https:\/\/www.em.com.br\/emfoco\/2026\/03\/05\/governo-analisa-financiamento-para-empresas-prejudicadas-pela-chuva-em-mg-e-o-cenario-aponta-liberacao-abaixo-de-r-1-bilhao\/#primaryimage","url":"https:\/\/www.em.com.br\/emfoco\/wp-content\/uploads\/2026\/03\/12-2.jpg","contentUrl":"https:\/\/www.em.com.br\/emfoco\/wp-content\/uploads\/2026\/03\/12-2.jpg","width":1280,"height":720,"caption":"Governo federal planeja linha de cr\u00e9dito para empresas mineiras atingidas por chuvas"},{"@type":"BreadcrumbList","@id":"https:\/\/www.em.com.br\/emfoco\/2026\/03\/05\/governo-analisa-financiamento-para-empresas-prejudicadas-pela-chuva-em-mg-e-o-cenario-aponta-liberacao-abaixo-de-r-1-bilhao\/#breadcrumb","itemListElement":[{"@type":"ListItem","position":1,"name":"In\u00edcio","item":"https:\/\/www.em.com.br\/emfoco\/"},{"@type":"ListItem","position":2,"name":"Governo analisa financiamento para empresas prejudicadas pela chuva em MG e o cen\u00e1rio aponta libera\u00e7\u00e3o abaixo de R$ 1 bilh\u00e3o"}]},{"@type":"WebSite","@id":"https:\/\/www.em.com.br\/emfoco\/#website","url":"https:\/\/www.em.com.br\/emfoco\/","name":"Estado de Minas - Em foco","description":"Acompanhe as \u00faltimas not\u00edcias e fique bem informado sobre tudo o que acontece em Minas Gerais, Brasil e no mundo.","potentialAction":[{"@type":"SearchAction","target":{"@type":"EntryPoint","urlTemplate":"https:\/\/www.em.com.br\/emfoco\/?s={search_term_string}"},"query-input":{"@type":"PropertyValueSpecification","valueRequired":true,"valueName":"search_term_string"}}],"inLanguage":"pt-BR"},{"@type":"Person","@id":"https:\/\/www.em.com.br\/emfoco\/#\/schema\/person\/1c9ddeab18b98abeffef834667bcf08a","name":"Gabriel Martins","image":{"@type":"ImageObject","inLanguage":"pt-BR","@id":"https:\/\/www.em.com.br\/emfoco\/#\/schema\/person\/image\/","url":"https:\/\/secure.gravatar.com\/avatar\/f0f1e2efdfd88f1ad2cb08c5c2731e50?s=96&d=mm&r=g","contentUrl":"https:\/\/secure.gravatar.com\/avatar\/f0f1e2efdfd88f1ad2cb08c5c2731e50?s=96&d=mm&r=g","caption":"Gabriel Martins"},"sameAs":["https:\/\/www.em.com.br\/emfoco\/"],"url":"https:\/\/www.em.com.br\/emfoco\/author\/gabrielmartinsmyth\/"}]}},"_links":{"self":[{"href":"https:\/\/www.em.com.br\/emfoco\/wp-json\/wp\/v2\/posts\/176640","targetHints":{"allow":["GET"]}}],"collection":[{"href":"https:\/\/www.em.com.br\/emfoco\/wp-json\/wp\/v2\/posts"}],"about":[{"href":"https:\/\/www.em.com.br\/emfoco\/wp-json\/wp\/v2\/types\/post"}],"author":[{"embeddable":true,"href":"https:\/\/www.em.com.br\/emfoco\/wp-json\/wp\/v2\/users\/13"}],"replies":[{"embeddable":true,"href":"https:\/\/www.em.com.br\/emfoco\/wp-json\/wp\/v2\/comments?post=176640"}],"version-history":[{"count":2,"href":"https:\/\/www.em.com.br\/emfoco\/wp-json\/wp\/v2\/posts\/176640\/revisions"}],"predecessor-version":[{"id":176740,"href":"https:\/\/www.em.com.br\/emfoco\/wp-json\/wp\/v2\/posts\/176640\/revisions\/176740"}],"wp:featuredmedia":[{"embeddable":true,"href":"https:\/\/www.em.com.br\/emfoco\/wp-json\/wp\/v2\/media\/176739"}],"wp:attachment":[{"href":"https:\/\/www.em.com.br\/emfoco\/wp-json\/wp\/v2\/media?parent=176640"}],"wp:term":[{"taxonomy":"category","embeddable":true,"href":"https:\/\/www.em.com.br\/emfoco\/wp-json\/wp\/v2\/categories?post=176640"},{"taxonomy":"post_tag","embeddable":true,"href":"https:\/\/www.em.com.br\/emfoco\/wp-json\/wp\/v2\/tags?post=176640"}],"curies":[{"name":"wp","href":"https:\/\/api.w.org\/{rel}","templated":true}]}}