{"id":176639,"date":"2026-03-05T13:35:00","date_gmt":"2026-03-05T16:35:00","guid":{"rendered":"https:\/\/www.em.com.br\/emfoco\/?p=176639"},"modified":"2026-03-05T00:07:45","modified_gmt":"2026-03-05T03:07:45","slug":"sem-cimento-e-sem-maquinas-a-casa-que-esta-chamando-a-atencao-de-engenheiros","status":"publish","type":"post","link":"https:\/\/www.em.com.br\/emfoco\/2026\/03\/05\/sem-cimento-e-sem-maquinas-a-casa-que-esta-chamando-a-atencao-de-engenheiros\/","title":{"rendered":"Sem cimento e sem m\u00e1quinas: a casa que est\u00e1 chamando a aten\u00e7\u00e3o de engenheiros"},"content":{"rendered":"\n<p>Uma <strong>casa sem cimento<\/strong>, montada com madeira prensada e encaixes manuais, est\u00e1 chamando aten\u00e7\u00e3o por desafiar o modelo tradicional da constru\u00e7\u00e3o civil. O sistema modular reduz m\u00e1quinas pesadas e aposta em precis\u00e3o estrutural para entregar efici\u00eancia e rapidez.<\/p>\n\n\n\n<h2 class=\"wp-block-heading\">Como funciona a constru\u00e7\u00e3o sem cimento com madeira prensada?<\/h2>\n\n\n\n<p>O m\u00e9todo substitui concreto e grandes equipamentos por <strong>madeira prensada em blocos estruturais<\/strong>. As pe\u00e7as s\u00e3o organizadas como m\u00f3dulos industriais e posicionadas manualmente sobre uma base nivelada, formando uma plataforma firme que sustenta toda a edifica\u00e7\u00e3o.<\/p>\n\n\n\n<p>Diferente do padr\u00e3o baseado em caminh\u00f5es e betoneiras, a <strong>montagem manual<\/strong> ocorre pe\u00e7a por pe\u00e7a, com ajustes milim\u00e9tricos. O processo reduz etapas pesadas e reorganiza o ritmo da obra, mantendo controle t\u00e9cnico sem depender de estruturas mec\u00e2nicas robustas.<\/p>\n\n\n\n<figure class=\"wp-block-image size-large\"><img loading=\"lazy\" decoding=\"async\" width=\"1024\" height=\"576\" src=\"https:\/\/www.em.com.br\/emfoco\/wp-content\/uploads\/2026\/03\/3-7-1024x576.jpg\" alt=\"A casa constru\u00edda sem cimento e sem m\u00e1quinas pesadas est\u00e1 intrigando engenheiros e viralizando pela t\u00e9cnica incomum\" class=\"wp-image-176722\" srcset=\"https:\/\/www.em.com.br\/emfoco\/wp-content\/uploads\/2026\/03\/3-7-1024x576.jpg 1024w, https:\/\/www.em.com.br\/emfoco\/wp-content\/uploads\/2026\/03\/3-7-300x169.jpg 300w, https:\/\/www.em.com.br\/emfoco\/wp-content\/uploads\/2026\/03\/3-7-768x432.jpg 768w, https:\/\/www.em.com.br\/emfoco\/wp-content\/uploads\/2026\/03\/3-7-750x422.jpg 750w, https:\/\/www.em.com.br\/emfoco\/wp-content\/uploads\/2026\/03\/3-7-1140x641.jpg 1140w, https:\/\/www.em.com.br\/emfoco\/wp-content\/uploads\/2026\/03\/3-7.jpg 1280w\" sizes=\"auto, (max-width: 1024px) 100vw, 1024px\" \/><figcaption class=\"wp-element-caption\">Blocos industriais de madeira substituem o concreto e m\u00e1quinas pesadas na obra<\/figcaption><\/figure>\n\n\n\n<h2 class=\"wp-block-heading\">Quais etapas tornam o sistema modular eficiente?<\/h2>\n\n\n\n<p>A efici\u00eancia da constru\u00e7\u00e3o est\u00e1 na organiza\u00e7\u00e3o sequencial dos m\u00f3dulos e na precis\u00e3o dos encaixes estruturais. Cada fase substitui procedimentos tradicionais por solu\u00e7\u00f5es mais enxutas, como voc\u00ea observa nos pontos a seguir.<\/p>\n\n\n\n<ul class=\"wp-block-list\">\n<li><strong>Encaixe horizontal dos blocos<\/strong>: m\u00f3dulos s\u00e3o posicionados em linhas regulares, com aplica\u00e7\u00e3o de material de uni\u00e3o nas juntas e remo\u00e7\u00e3o imediata de excessos para garantir alinhamento uniforme.<\/li>\n\n\n\n<li><strong>Refor\u00e7os verticais internos<\/strong>: barras estruturais s\u00e3o inseridas em pontos estrat\u00e9gicos, aumentando a rigidez da parede e distribuindo melhor as cargas.<\/li>\n\n\n\n<li><strong>V\u00e3os planejados para portas e janelas<\/strong>: aberturas j\u00e1 ficam previstas na montagem, reduzindo cortes posteriores e desperd\u00edcio de material.<\/li>\n<\/ul>\n\n\n\n<h2 class=\"wp-block-heading\">Como a cobertura e o acabamento refor\u00e7am a ruptura?<\/h2>\n\n\n\n<p>Ap\u00f3s a eleva\u00e7\u00e3o das paredes, vigas e caibros de <strong><a href=\"https:\/\/www.archdaily.com.br\/br\/904149\/casas-brasileiras-20-exemplos-de-projeto-em-madeira\" target=\"_blank\" rel=\"noreferrer noopener\">estrutura de madeira<\/a><\/strong> s\u00e3o instalados manualmente para sustentar o telhado. Chapas met\u00e1licas s\u00e3o fixadas uma a uma, eliminando a necessidade de guindastes e mantendo controle total da montagem.<\/p>\n\n\n\n<p>No interior, o sistema modular recebe <strong>acabamento sobre as juntas<\/strong> e pintura clara, transformando rapidamente o espa\u00e7o em ambiente residencial. Portas e janelas s\u00e3o ajustadas nos v\u00e3os previamente definidos, mostrando integra\u00e7\u00e3o entre projeto e execu\u00e7\u00e3o.<\/p>\n\n\n\n<figure class=\"wp-block-image size-large\"><img loading=\"lazy\" decoding=\"async\" width=\"1024\" height=\"576\" src=\"https:\/\/www.em.com.br\/emfoco\/wp-content\/uploads\/2026\/03\/2-7-1024x576.jpg\" alt=\"A casa constru\u00edda sem cimento e sem m\u00e1quinas pesadas est\u00e1 intrigando engenheiros e viralizando pela t\u00e9cnica incomum\" class=\"wp-image-176721\" srcset=\"https:\/\/www.em.com.br\/emfoco\/wp-content\/uploads\/2026\/03\/2-7-1024x576.jpg 1024w, https:\/\/www.em.com.br\/emfoco\/wp-content\/uploads\/2026\/03\/2-7-300x169.jpg 300w, https:\/\/www.em.com.br\/emfoco\/wp-content\/uploads\/2026\/03\/2-7-768x432.jpg 768w, https:\/\/www.em.com.br\/emfoco\/wp-content\/uploads\/2026\/03\/2-7-750x422.jpg 750w, https:\/\/www.em.com.br\/emfoco\/wp-content\/uploads\/2026\/03\/2-7-1140x641.jpg 1140w, https:\/\/www.em.com.br\/emfoco\/wp-content\/uploads\/2026\/03\/2-7.jpg 1280w\" sizes=\"auto, (max-width: 1024px) 100vw, 1024px\" \/><figcaption class=\"wp-element-caption\">A montagem manual do telhado mant\u00e9m controle total sem aux\u00edlio de guindastes<\/figcaption><\/figure>\n\n\n\n<h2 class=\"wp-block-heading\">Quais impactos essa tecnologia pode gerar na engenharia civil?<\/h2>\n\n\n\n<p>A ado\u00e7\u00e3o de um modelo construtivo sem concreto pressiona cadeias tradicionais e pode alterar a l\u00f3gica produtiva do setor. Caso ganhe escala, o sistema modular tende a influenciar custos, prazos e processos, como indicam os pontos a seguir.<\/p>\n\n\n\n<ul class=\"wp-block-list\">\n<li><strong>Redu\u00e7\u00e3o de depend\u00eancia de equipamentos pesados<\/strong>: menos caminh\u00f5es, menos concreto e menor log\u00edstica complexa no canteiro de obras.<\/li>\n\n\n\n<li><strong>Poss\u00edvel ganho de agilidade<\/strong>: montagem manual organizada pode encurtar cronogramas em projetos compactos e residenciais.<\/li>\n\n\n\n<li><strong>Press\u00e3o sobre fornecedores tradicionais<\/strong>: materiais como <strong><a href=\"https:\/\/www.em.com.br\/emfoco\/2026\/03\/02\/o-alimento-simples-que-ajuda-a-proteger-os-ossos-apos-os-45-anos-e-ainda-combate-inflamacao-e-envelhecimento-precoce\/\" target=\"_blank\" rel=\"noreferrer noopener\">cimento <\/a><\/strong>e grandes estruturas met\u00e1licas podem perder espa\u00e7o em nichos espec\u00edficos.<\/li>\n<\/ul>\n\n\n\n<h2 class=\"wp-block-heading\">O modelo tradicional de concreto est\u00e1 amea\u00e7ado?<\/h2>\n\n\n\n<p>Embora o <strong>modelo convencional em concreto armado<\/strong> ainda domine grandes obras, solu\u00e7\u00f5es modulares ganham for\u00e7a quando entregam efici\u00eancia e controle de custos. O avan\u00e7o da madeira prensada sugere uma transi\u00e7\u00e3o gradual, n\u00e3o uma substitui\u00e7\u00e3o imediata.<\/p>\n\n\n\n<p>A engenharia civil observa o movimento com aten\u00e7\u00e3o, pois m\u00e9todos enxutos costumam provocar ajustes estrat\u00e9gicos. Se a <strong>constru\u00e7\u00e3o modular<\/strong> provar viabilidade em larga escala, empresas precisar\u00e3o rever processos para manter competitividade.<\/p>\n","protected":false},"excerpt":{"rendered":"<p>Uma casa sem cimento, montada com madeira prensada e encaixes manuais, est\u00e1 chamando aten\u00e7\u00e3o por desafiar o modelo tradicional da constru\u00e7\u00e3o civil. O sistema modular reduz m\u00e1quinas pesadas e aposta em precis\u00e3o estrutural para entregar efici\u00eancia e rapidez. Como funciona a constru\u00e7\u00e3o sem cimento com madeira prensada? O m\u00e9todo substitui concreto e grandes equipamentos por [&hellip;]<\/p>\n","protected":false},"author":13,"featured_media":176723,"comment_status":"open","ping_status":"open","sticky":false,"template":"","format":"standard","meta":{"jnews-multi-image_gallery":[],"jnews_single_post":{"format":"standard"},"jnews_primary_category":[],"jnews_social_meta":[],"jnews_override_counter":[],"footnotes":""},"categories":[8819],"tags":[247,25520,8921,25521],"class_list":["post-176639","post","type-post","status-publish","format-standard","has-post-thumbnail","hentry","category-curiosidades","tag-arquitetura","tag-casa-sem-cimento","tag-engenharia","tag-madeira-prensada"],"yoast_head":"<!-- This site is optimized with the Yoast SEO plugin v23.8 - https:\/\/yoast.com\/wordpress\/plugins\/seo\/ -->\n<title>Sem cimento e sem m\u00e1quinas: a casa que est\u00e1 chamando a aten\u00e7\u00e3o de engenheiros - Estado de Minas - Em foco<\/title>\n<meta name=\"description\" content=\"A constru\u00e7\u00e3o sem cimento, feita com madeira prensada e encaixes manuais, intriga engenheiros e desafia o modelo tradicional das obras.\" \/>\n<meta name=\"robots\" content=\"index, follow, max-snippet:-1, max-image-preview:large, max-video-preview:-1\" \/>\n<link rel=\"canonical\" href=\"https:\/\/www.em.com.br\/emfoco\/2026\/03\/05\/sem-cimento-e-sem-maquinas-a-casa-que-esta-chamando-a-atencao-de-engenheiros\/\" \/>\n<meta property=\"og:locale\" content=\"pt_BR\" \/>\n<meta property=\"og:type\" content=\"article\" \/>\n<meta property=\"og:title\" content=\"Sem cimento e sem m\u00e1quinas: a casa que est\u00e1 chamando a aten\u00e7\u00e3o de engenheiros - Estado de Minas - Em foco\" \/>\n<meta property=\"og:description\" content=\"A constru\u00e7\u00e3o sem cimento, feita com madeira prensada e encaixes manuais, intriga engenheiros e desafia o modelo tradicional das obras.\" \/>\n<meta property=\"og:url\" content=\"https:\/\/www.em.com.br\/emfoco\/2026\/03\/05\/sem-cimento-e-sem-maquinas-a-casa-que-esta-chamando-a-atencao-de-engenheiros\/\" \/>\n<meta property=\"og:site_name\" content=\"Estado de Minas - Em foco\" \/>\n<meta property=\"article:published_time\" content=\"2026-03-05T16:35:00+00:00\" \/>\n<meta property=\"article:modified_time\" content=\"2026-03-05T03:07:45+00:00\" \/>\n<meta property=\"og:image\" content=\"https:\/\/www.em.com.br\/emfoco\/wp-content\/uploads\/2026\/03\/4-7.jpg\" \/>\n\t<meta property=\"og:image:width\" content=\"1280\" \/>\n\t<meta property=\"og:image:height\" content=\"720\" \/>\n\t<meta property=\"og:image:type\" content=\"image\/jpeg\" \/>\n<meta name=\"author\" content=\"Gabriel Martins\" \/>\n<meta name=\"twitter:card\" content=\"summary_large_image\" \/>\n<meta name=\"twitter:label1\" content=\"Escrito por\" \/>\n\t<meta name=\"twitter:data1\" content=\"Gabriel Martins\" \/>\n\t<meta name=\"twitter:label2\" content=\"Est. tempo de leitura\" \/>\n\t<meta name=\"twitter:data2\" content=\"4 minutos\" \/>\n<!-- \/ Yoast SEO plugin. -->","yoast_head_json":{"title":"Sem cimento e sem m\u00e1quinas: a casa que est\u00e1 chamando a aten\u00e7\u00e3o de engenheiros - Estado de Minas - Em foco","description":"A constru\u00e7\u00e3o sem cimento, feita com madeira prensada e encaixes manuais, intriga engenheiros e desafia o modelo tradicional das obras.","robots":{"index":"index","follow":"follow","max-snippet":"max-snippet:-1","max-image-preview":"max-image-preview:large","max-video-preview":"max-video-preview:-1"},"canonical":"https:\/\/www.em.com.br\/emfoco\/2026\/03\/05\/sem-cimento-e-sem-maquinas-a-casa-que-esta-chamando-a-atencao-de-engenheiros\/","og_locale":"pt_BR","og_type":"article","og_title":"Sem cimento e sem m\u00e1quinas: a casa que est\u00e1 chamando a aten\u00e7\u00e3o de engenheiros - Estado de Minas - Em foco","og_description":"A constru\u00e7\u00e3o sem cimento, feita com madeira prensada e encaixes manuais, intriga engenheiros e desafia o modelo tradicional das obras.","og_url":"https:\/\/www.em.com.br\/emfoco\/2026\/03\/05\/sem-cimento-e-sem-maquinas-a-casa-que-esta-chamando-a-atencao-de-engenheiros\/","og_site_name":"Estado de Minas - Em foco","article_published_time":"2026-03-05T16:35:00+00:00","article_modified_time":"2026-03-05T03:07:45+00:00","og_image":[{"width":1280,"height":720,"url":"https:\/\/www.em.com.br\/emfoco\/wp-content\/uploads\/2026\/03\/4-7.jpg","type":"image\/jpeg"}],"author":"Gabriel Martins","twitter_card":"summary_large_image","twitter_misc":{"Escrito por":"Gabriel Martins","Est. tempo de leitura":"4 minutos"},"schema":{"@context":"https:\/\/schema.org","@graph":[{"@type":"WebPage","@id":"https:\/\/www.em.com.br\/emfoco\/2026\/03\/05\/sem-cimento-e-sem-maquinas-a-casa-que-esta-chamando-a-atencao-de-engenheiros\/","url":"https:\/\/www.em.com.br\/emfoco\/2026\/03\/05\/sem-cimento-e-sem-maquinas-a-casa-que-esta-chamando-a-atencao-de-engenheiros\/","name":"Sem cimento e sem m\u00e1quinas: a casa que est\u00e1 chamando a aten\u00e7\u00e3o de engenheiros - Estado de Minas - Em foco","isPartOf":{"@id":"https:\/\/www.em.com.br\/emfoco\/#website"},"primaryImageOfPage":{"@id":"https:\/\/www.em.com.br\/emfoco\/2026\/03\/05\/sem-cimento-e-sem-maquinas-a-casa-que-esta-chamando-a-atencao-de-engenheiros\/#primaryimage"},"image":{"@id":"https:\/\/www.em.com.br\/emfoco\/2026\/03\/05\/sem-cimento-e-sem-maquinas-a-casa-que-esta-chamando-a-atencao-de-engenheiros\/#primaryimage"},"thumbnailUrl":"https:\/\/www.em.com.br\/emfoco\/wp-content\/uploads\/2026\/03\/4-7.jpg","datePublished":"2026-03-05T16:35:00+00:00","dateModified":"2026-03-05T03:07:45+00:00","author":{"@id":"https:\/\/www.em.com.br\/emfoco\/#\/schema\/person\/1c9ddeab18b98abeffef834667bcf08a"},"description":"A constru\u00e7\u00e3o sem cimento, feita com madeira prensada e encaixes manuais, intriga engenheiros e desafia o modelo tradicional das obras.","breadcrumb":{"@id":"https:\/\/www.em.com.br\/emfoco\/2026\/03\/05\/sem-cimento-e-sem-maquinas-a-casa-que-esta-chamando-a-atencao-de-engenheiros\/#breadcrumb"},"inLanguage":"pt-BR","potentialAction":[{"@type":"ReadAction","target":["https:\/\/www.em.com.br\/emfoco\/2026\/03\/05\/sem-cimento-e-sem-maquinas-a-casa-que-esta-chamando-a-atencao-de-engenheiros\/"]}]},{"@type":"ImageObject","inLanguage":"pt-BR","@id":"https:\/\/www.em.com.br\/emfoco\/2026\/03\/05\/sem-cimento-e-sem-maquinas-a-casa-que-esta-chamando-a-atencao-de-engenheiros\/#primaryimage","url":"https:\/\/www.em.com.br\/emfoco\/wp-content\/uploads\/2026\/03\/4-7.jpg","contentUrl":"https:\/\/www.em.com.br\/emfoco\/wp-content\/uploads\/2026\/03\/4-7.jpg","width":1280,"height":720,"caption":"O m\u00e9todo de constru\u00e7\u00e3o modular com madeira prensada dispensa uso de cimento"},{"@type":"BreadcrumbList","@id":"https:\/\/www.em.com.br\/emfoco\/2026\/03\/05\/sem-cimento-e-sem-maquinas-a-casa-que-esta-chamando-a-atencao-de-engenheiros\/#breadcrumb","itemListElement":[{"@type":"ListItem","position":1,"name":"In\u00edcio","item":"https:\/\/www.em.com.br\/emfoco\/"},{"@type":"ListItem","position":2,"name":"Sem cimento e sem m\u00e1quinas: a casa que est\u00e1 chamando a aten\u00e7\u00e3o de engenheiros"}]},{"@type":"WebSite","@id":"https:\/\/www.em.com.br\/emfoco\/#website","url":"https:\/\/www.em.com.br\/emfoco\/","name":"Estado de Minas - Em foco","description":"Acompanhe as \u00faltimas not\u00edcias e fique bem informado sobre tudo o que acontece em Minas Gerais, Brasil e no mundo.","potentialAction":[{"@type":"SearchAction","target":{"@type":"EntryPoint","urlTemplate":"https:\/\/www.em.com.br\/emfoco\/?s={search_term_string}"},"query-input":{"@type":"PropertyValueSpecification","valueRequired":true,"valueName":"search_term_string"}}],"inLanguage":"pt-BR"},{"@type":"Person","@id":"https:\/\/www.em.com.br\/emfoco\/#\/schema\/person\/1c9ddeab18b98abeffef834667bcf08a","name":"Gabriel Martins","image":{"@type":"ImageObject","inLanguage":"pt-BR","@id":"https:\/\/www.em.com.br\/emfoco\/#\/schema\/person\/image\/","url":"https:\/\/secure.gravatar.com\/avatar\/f0f1e2efdfd88f1ad2cb08c5c2731e50?s=96&d=mm&r=g","contentUrl":"https:\/\/secure.gravatar.com\/avatar\/f0f1e2efdfd88f1ad2cb08c5c2731e50?s=96&d=mm&r=g","caption":"Gabriel Martins"},"sameAs":["https:\/\/www.em.com.br\/emfoco\/"],"url":"https:\/\/www.em.com.br\/emfoco\/author\/gabrielmartinsmyth\/"}]}},"_links":{"self":[{"href":"https:\/\/www.em.com.br\/emfoco\/wp-json\/wp\/v2\/posts\/176639","targetHints":{"allow":["GET"]}}],"collection":[{"href":"https:\/\/www.em.com.br\/emfoco\/wp-json\/wp\/v2\/posts"}],"about":[{"href":"https:\/\/www.em.com.br\/emfoco\/wp-json\/wp\/v2\/types\/post"}],"author":[{"embeddable":true,"href":"https:\/\/www.em.com.br\/emfoco\/wp-json\/wp\/v2\/users\/13"}],"replies":[{"embeddable":true,"href":"https:\/\/www.em.com.br\/emfoco\/wp-json\/wp\/v2\/comments?post=176639"}],"version-history":[{"count":4,"href":"https:\/\/www.em.com.br\/emfoco\/wp-json\/wp\/v2\/posts\/176639\/revisions"}],"predecessor-version":[{"id":177674,"href":"https:\/\/www.em.com.br\/emfoco\/wp-json\/wp\/v2\/posts\/176639\/revisions\/177674"}],"wp:featuredmedia":[{"embeddable":true,"href":"https:\/\/www.em.com.br\/emfoco\/wp-json\/wp\/v2\/media\/176723"}],"wp:attachment":[{"href":"https:\/\/www.em.com.br\/emfoco\/wp-json\/wp\/v2\/media?parent=176639"}],"wp:term":[{"taxonomy":"category","embeddable":true,"href":"https:\/\/www.em.com.br\/emfoco\/wp-json\/wp\/v2\/categories?post=176639"},{"taxonomy":"post_tag","embeddable":true,"href":"https:\/\/www.em.com.br\/emfoco\/wp-json\/wp\/v2\/tags?post=176639"}],"curies":[{"name":"wp","href":"https:\/\/api.w.org\/{rel}","templated":true}]}}