{"id":176638,"date":"2026-03-05T11:55:00","date_gmt":"2026-03-05T14:55:00","guid":{"rendered":"https:\/\/www.em.com.br\/emfoco\/?p=176638"},"modified":"2026-03-05T00:05:48","modified_gmt":"2026-03-05T03:05:48","slug":"banco-central-atualiza-regras-do-pix-entenda-o-que-muda-para-os-usuarios-agora","status":"publish","type":"post","link":"https:\/\/www.em.com.br\/emfoco\/2026\/03\/05\/banco-central-atualiza-regras-do-pix-entenda-o-que-muda-para-os-usuarios-agora\/","title":{"rendered":"Banco Central atualiza regras do Pix: entenda o que muda para os usu\u00e1rios agora"},"content":{"rendered":"\n<p>As <strong>novas regras do Pix<\/strong> j\u00e1 est\u00e3o em vigor e refor\u00e7am a seguran\u00e7a contra golpes. O Banco Central atualizou o Mecanismo Especial de Devolu\u00e7\u00e3o, ampliando o rastreamento de valores e acelerando a recupera\u00e7\u00e3o de dinheiro transferido indevidamente.<\/p>\n\n\n\n<h2 class=\"wp-block-heading\">O que mudou nas regras de seguran\u00e7a do Pix?<\/h2>\n\n\n\n<p>O <a href=\"https:\/\/www.em.com.br\/emfoco\/2026\/02\/27\/banco-central-emite-comunicado-para-quem-ainda-possui-moedas-de-50-centavos-em-casa\/\" target=\"_blank\" rel=\"noreferrer noopener\"><strong>Banco Central<\/strong> <\/a>reformulou o sistema para combater fraudes cada vez mais sofisticadas. A principal mudan\u00e7a envolve a vers\u00e3o aprimorada do Mecanismo Especial de Devolu\u00e7\u00e3o, agora obrigat\u00f3ria para todas as institui\u00e7\u00f5es que operam o Pix.<\/p>\n\n\n\n<p>A expectativa \u00e9 reduzir preju\u00edzos aos usu\u00e1rios e dificultar o uso de contas laranja. Especialistas estimam que as altera\u00e7\u00f5es podem diminuir em at\u00e9 <strong>40% os golpes bem-sucedidos<\/strong> envolvendo transfer\u00eancias instant\u00e2neas.<\/p>\n\n\n\n<figure class=\"wp-block-image size-large\"><img loading=\"lazy\" decoding=\"async\" width=\"1024\" height=\"576\" src=\"https:\/\/www.em.com.br\/emfoco\/wp-content\/uploads\/2026\/03\/5-6-1024x576.jpg\" alt=\"Novas mudan\u00e7as no Pix: novas regras j\u00e1 est\u00e3o valendo e usu\u00e1rios querem entender o que muda na seguran\u00e7a a partir de agora\" class=\"wp-image-176724\" srcset=\"https:\/\/www.em.com.br\/emfoco\/wp-content\/uploads\/2026\/03\/5-6-1024x576.jpg 1024w, https:\/\/www.em.com.br\/emfoco\/wp-content\/uploads\/2026\/03\/5-6-300x169.jpg 300w, https:\/\/www.em.com.br\/emfoco\/wp-content\/uploads\/2026\/03\/5-6-768x432.jpg 768w, https:\/\/www.em.com.br\/emfoco\/wp-content\/uploads\/2026\/03\/5-6-750x422.jpg 750w, https:\/\/www.em.com.br\/emfoco\/wp-content\/uploads\/2026\/03\/5-6-1140x641.jpg 1140w, https:\/\/www.em.com.br\/emfoco\/wp-content\/uploads\/2026\/03\/5-6.jpg 1280w\" sizes=\"auto, (max-width: 1024px) 100vw, 1024px\" \/><figcaption class=\"wp-element-caption\">Especialistas estimam queda de quarenta por cento em golpes com transfer\u00eancias<\/figcaption><\/figure>\n\n\n\n<h2 class=\"wp-block-heading\">Quais s\u00e3o as principais novidades do MED 2.0?<\/h2>\n\n\n\n<p>A nova vers\u00e3o do <strong>Mecanismo Especial de Devolu\u00e7\u00e3o<\/strong> amplia a capacidade de rastrear e bloquear recursos desviados em fraudes. O conjunto de medidas estruturais inclui os seguintes pontos.<\/p>\n\n\n\n<ul class=\"wp-block-list\">\n<li><strong>Rastreamento ampliado<\/strong> do dinheiro mesmo ap\u00f3s transfer\u00eancias sucessivas entre diferentes contas.<\/li>\n\n\n\n<li><strong>Bloqueio preventivo imediato<\/strong> de contas suspeitas, antes da conclus\u00e3o da an\u00e1lise.<\/li>\n\n\n\n<li><strong>Contesta\u00e7\u00e3o digital pelo aplicativo<\/strong>, permitindo que o usu\u00e1rio inicie o pedido sem atendimento humano.<\/li>\n<\/ul>\n\n\n\n<h2 class=\"wp-block-heading\">Quando o mecanismo de devolu\u00e7\u00e3o pode ser usado?<\/h2>\n\n\n\n<p>O <a href=\"https:\/\/www.bcb.gov.br\/meubc\/faqs\/p\/o-que-e-e-como-funciona-o-mecanismo-especial-de-devolucao-med\" target=\"_blank\" rel=\"noreferrer noopener\"><strong>MED<\/strong> <\/a>deve ser acionado exclusivamente em situa\u00e7\u00f5es de fraude, golpe, coer\u00e7\u00e3o ou erro operacional da institui\u00e7\u00e3o financeira. O mecanismo n\u00e3o se aplica a transfer\u00eancias feitas por engano pelo pr\u00f3prio usu\u00e1rio.<\/p>\n\n\n\n<p>Se a pessoa digitar a <strong>chave Pix incorreta<\/strong> ou enviar o valor voluntariamente ao destinat\u00e1rio errado, a devolu\u00e7\u00e3o autom\u00e1tica n\u00e3o \u00e9 garantida. Nesses casos, a restitui\u00e7\u00e3o depende da boa-f\u00e9 do recebedor.<\/p>\n\n\n\n<figure class=\"wp-block-image size-large\"><img loading=\"lazy\" decoding=\"async\" width=\"1024\" height=\"576\" src=\"https:\/\/www.em.com.br\/emfoco\/wp-content\/uploads\/2026\/03\/1-9-1024x576.jpg\" alt=\"Novas mudan\u00e7as no Pix: novas regras j\u00e1 est\u00e3o valendo e usu\u00e1rios querem entender o que muda na seguran\u00e7a a partir de agora\" class=\"wp-image-176720\" srcset=\"https:\/\/www.em.com.br\/emfoco\/wp-content\/uploads\/2026\/03\/1-9-1024x576.jpg 1024w, https:\/\/www.em.com.br\/emfoco\/wp-content\/uploads\/2026\/03\/1-9-300x169.jpg 300w, https:\/\/www.em.com.br\/emfoco\/wp-content\/uploads\/2026\/03\/1-9-768x432.jpg 768w, https:\/\/www.em.com.br\/emfoco\/wp-content\/uploads\/2026\/03\/1-9-750x422.jpg 750w, https:\/\/www.em.com.br\/emfoco\/wp-content\/uploads\/2026\/03\/1-9-1140x641.jpg 1140w, https:\/\/www.em.com.br\/emfoco\/wp-content\/uploads\/2026\/03\/1-9.jpg 1280w\" sizes=\"auto, (max-width: 1024px) 100vw, 1024px\" \/><figcaption class=\"wp-element-caption\">A devolu\u00e7\u00e3o autom\u00e1tica n\u00e3o se aplica a erros volunt\u00e1rios do usu\u00e1rio<\/figcaption><\/figure>\n\n\n\n<h2 class=\"wp-block-heading\">O que fazer imediatamente ao cair em um golpe?<\/h2>\n\n\n\n<p>Em caso de suspeita de fraude via Pix, a rapidez aumenta as chances de recupera\u00e7\u00e3o do valor. O procedimento segue etapas padronizadas entre os bancos, conforme o fluxo abaixo.<\/p>\n\n\n\n<ul class=\"wp-block-list\">\n<li><strong>Contestar a transa\u00e7\u00e3o imediatamente<\/strong> no aplicativo ou canal oficial da institui\u00e7\u00e3o financeira.<\/li>\n\n\n\n<li><strong>Bloqueio preventivo dos valores<\/strong> na conta suspeita enquanto ocorre a an\u00e1lise conjunta entre bancos.<\/li>\n\n\n\n<li><strong>Devolu\u00e7\u00e3o em at\u00e9 11 dias<\/strong> se a fraude for confirmada pelas institui\u00e7\u00f5es envolvidas.<\/li>\n<\/ul>\n\n\n\n<p>Com as novas regras, o sistema se torna mais integrado e rastre\u00e1vel, ampliando a prote\u00e7\u00e3o financeira dos usu\u00e1rios e reduzindo o espa\u00e7o para criminosos explorarem a agilidade do Pix.<\/p>\n","protected":false},"excerpt":{"rendered":"<p>As novas regras do Pix j\u00e1 est\u00e3o em vigor e refor\u00e7am a seguran\u00e7a contra golpes. O Banco Central atualizou o Mecanismo Especial de Devolu\u00e7\u00e3o, ampliando o rastreamento de valores e acelerando a recupera\u00e7\u00e3o de dinheiro transferido indevidamente. O que mudou nas regras de seguran\u00e7a do Pix? O Banco Central reformulou o sistema para combater fraudes [&hellip;]<\/p>\n","protected":false},"author":13,"featured_media":176725,"comment_status":"open","ping_status":"open","sticky":false,"template":"","format":"standard","meta":{"jnews-multi-image_gallery":[],"jnews_single_post":{"format":"standard"},"jnews_primary_category":[],"jnews_social_meta":[],"jnews_override_counter":[],"footnotes":""},"categories":[28],"tags":[2055,649,1514,25519],"class_list":["post-176638","post","type-post","status-publish","format-standard","has-post-thumbnail","hentry","category-economia","tag-banco-central","tag-devolucao","tag-pix","tag-regras-do-pix"],"yoast_head":"<!-- This site is optimized with the Yoast SEO plugin v23.8 - https:\/\/yoast.com\/wordpress\/plugins\/seo\/ -->\n<title>Banco Central atualiza regras do Pix: entenda o que muda para os usu\u00e1rios agora - Estado de Minas - Em foco<\/title>\n<meta name=\"description\" content=\"As novas regras do Pix refor\u00e7am a seguran\u00e7a e ampliam o rastreamento de golpes com o MED 2.0, obrigat\u00f3rio para todas as institui\u00e7\u00f5es.\" \/>\n<meta name=\"robots\" content=\"index, follow, max-snippet:-1, max-image-preview:large, max-video-preview:-1\" \/>\n<link rel=\"canonical\" href=\"https:\/\/www.em.com.br\/emfoco\/2026\/03\/05\/banco-central-atualiza-regras-do-pix-entenda-o-que-muda-para-os-usuarios-agora\/\" \/>\n<meta property=\"og:locale\" content=\"pt_BR\" \/>\n<meta property=\"og:type\" content=\"article\" \/>\n<meta property=\"og:title\" content=\"Banco Central atualiza regras do Pix: entenda o que muda para os usu\u00e1rios agora - Estado de Minas - Em foco\" \/>\n<meta property=\"og:description\" content=\"As novas regras do Pix refor\u00e7am a seguran\u00e7a e ampliam o rastreamento de golpes com o MED 2.0, obrigat\u00f3rio para todas as institui\u00e7\u00f5es.\" \/>\n<meta property=\"og:url\" content=\"https:\/\/www.em.com.br\/emfoco\/2026\/03\/05\/banco-central-atualiza-regras-do-pix-entenda-o-que-muda-para-os-usuarios-agora\/\" \/>\n<meta property=\"og:site_name\" content=\"Estado de Minas - Em foco\" \/>\n<meta property=\"article:published_time\" content=\"2026-03-05T14:55:00+00:00\" \/>\n<meta property=\"article:modified_time\" content=\"2026-03-05T03:05:48+00:00\" \/>\n<meta property=\"og:image\" content=\"https:\/\/www.em.com.br\/emfoco\/wp-content\/uploads\/2026\/03\/6-6.jpg\" \/>\n\t<meta property=\"og:image:width\" content=\"1280\" \/>\n\t<meta property=\"og:image:height\" content=\"720\" \/>\n\t<meta property=\"og:image:type\" content=\"image\/jpeg\" \/>\n<meta name=\"author\" content=\"Gabriel Martins\" \/>\n<meta name=\"twitter:card\" content=\"summary_large_image\" \/>\n<meta name=\"twitter:label1\" content=\"Escrito por\" \/>\n\t<meta name=\"twitter:data1\" content=\"Gabriel Martins\" \/>\n\t<meta name=\"twitter:label2\" content=\"Est. tempo de leitura\" \/>\n\t<meta name=\"twitter:data2\" content=\"3 minutos\" \/>\n<!-- \/ Yoast SEO plugin. -->","yoast_head_json":{"title":"Banco Central atualiza regras do Pix: entenda o que muda para os usu\u00e1rios agora - Estado de Minas - Em foco","description":"As novas regras do Pix refor\u00e7am a seguran\u00e7a e ampliam o rastreamento de golpes com o MED 2.0, obrigat\u00f3rio para todas as institui\u00e7\u00f5es.","robots":{"index":"index","follow":"follow","max-snippet":"max-snippet:-1","max-image-preview":"max-image-preview:large","max-video-preview":"max-video-preview:-1"},"canonical":"https:\/\/www.em.com.br\/emfoco\/2026\/03\/05\/banco-central-atualiza-regras-do-pix-entenda-o-que-muda-para-os-usuarios-agora\/","og_locale":"pt_BR","og_type":"article","og_title":"Banco Central atualiza regras do Pix: entenda o que muda para os usu\u00e1rios agora - Estado de Minas - Em foco","og_description":"As novas regras do Pix refor\u00e7am a seguran\u00e7a e ampliam o rastreamento de golpes com o MED 2.0, obrigat\u00f3rio para todas as institui\u00e7\u00f5es.","og_url":"https:\/\/www.em.com.br\/emfoco\/2026\/03\/05\/banco-central-atualiza-regras-do-pix-entenda-o-que-muda-para-os-usuarios-agora\/","og_site_name":"Estado de Minas - Em foco","article_published_time":"2026-03-05T14:55:00+00:00","article_modified_time":"2026-03-05T03:05:48+00:00","og_image":[{"width":1280,"height":720,"url":"https:\/\/www.em.com.br\/emfoco\/wp-content\/uploads\/2026\/03\/6-6.jpg","type":"image\/jpeg"}],"author":"Gabriel Martins","twitter_card":"summary_large_image","twitter_misc":{"Escrito por":"Gabriel Martins","Est. tempo de leitura":"3 minutos"},"schema":{"@context":"https:\/\/schema.org","@graph":[{"@type":"WebPage","@id":"https:\/\/www.em.com.br\/emfoco\/2026\/03\/05\/banco-central-atualiza-regras-do-pix-entenda-o-que-muda-para-os-usuarios-agora\/","url":"https:\/\/www.em.com.br\/emfoco\/2026\/03\/05\/banco-central-atualiza-regras-do-pix-entenda-o-que-muda-para-os-usuarios-agora\/","name":"Banco Central atualiza regras do Pix: entenda o que muda para os usu\u00e1rios agora - Estado de Minas - Em foco","isPartOf":{"@id":"https:\/\/www.em.com.br\/emfoco\/#website"},"primaryImageOfPage":{"@id":"https:\/\/www.em.com.br\/emfoco\/2026\/03\/05\/banco-central-atualiza-regras-do-pix-entenda-o-que-muda-para-os-usuarios-agora\/#primaryimage"},"image":{"@id":"https:\/\/www.em.com.br\/emfoco\/2026\/03\/05\/banco-central-atualiza-regras-do-pix-entenda-o-que-muda-para-os-usuarios-agora\/#primaryimage"},"thumbnailUrl":"https:\/\/www.em.com.br\/emfoco\/wp-content\/uploads\/2026\/03\/6-6.jpg","datePublished":"2026-03-05T14:55:00+00:00","dateModified":"2026-03-05T03:05:48+00:00","author":{"@id":"https:\/\/www.em.com.br\/emfoco\/#\/schema\/person\/1c9ddeab18b98abeffef834667bcf08a"},"description":"As novas regras do Pix refor\u00e7am a seguran\u00e7a e ampliam o rastreamento de golpes com o MED 2.0, obrigat\u00f3rio para todas as institui\u00e7\u00f5es.","breadcrumb":{"@id":"https:\/\/www.em.com.br\/emfoco\/2026\/03\/05\/banco-central-atualiza-regras-do-pix-entenda-o-que-muda-para-os-usuarios-agora\/#breadcrumb"},"inLanguage":"pt-BR","potentialAction":[{"@type":"ReadAction","target":["https:\/\/www.em.com.br\/emfoco\/2026\/03\/05\/banco-central-atualiza-regras-do-pix-entenda-o-que-muda-para-os-usuarios-agora\/"]}]},{"@type":"ImageObject","inLanguage":"pt-BR","@id":"https:\/\/www.em.com.br\/emfoco\/2026\/03\/05\/banco-central-atualiza-regras-do-pix-entenda-o-que-muda-para-os-usuarios-agora\/#primaryimage","url":"https:\/\/www.em.com.br\/emfoco\/wp-content\/uploads\/2026\/03\/6-6.jpg","contentUrl":"https:\/\/www.em.com.br\/emfoco\/wp-content\/uploads\/2026\/03\/6-6.jpg","width":1280,"height":720,"caption":"Novas regras do Banco Central aumentam a prote\u00e7\u00e3o contra golpes no Pix"},{"@type":"BreadcrumbList","@id":"https:\/\/www.em.com.br\/emfoco\/2026\/03\/05\/banco-central-atualiza-regras-do-pix-entenda-o-que-muda-para-os-usuarios-agora\/#breadcrumb","itemListElement":[{"@type":"ListItem","position":1,"name":"In\u00edcio","item":"https:\/\/www.em.com.br\/emfoco\/"},{"@type":"ListItem","position":2,"name":"Banco Central atualiza regras do Pix: entenda o que muda para os usu\u00e1rios agora"}]},{"@type":"WebSite","@id":"https:\/\/www.em.com.br\/emfoco\/#website","url":"https:\/\/www.em.com.br\/emfoco\/","name":"Estado de Minas - Em foco","description":"Acompanhe as \u00faltimas not\u00edcias e fique bem informado sobre tudo o que acontece em Minas Gerais, Brasil e no mundo.","potentialAction":[{"@type":"SearchAction","target":{"@type":"EntryPoint","urlTemplate":"https:\/\/www.em.com.br\/emfoco\/?s={search_term_string}"},"query-input":{"@type":"PropertyValueSpecification","valueRequired":true,"valueName":"search_term_string"}}],"inLanguage":"pt-BR"},{"@type":"Person","@id":"https:\/\/www.em.com.br\/emfoco\/#\/schema\/person\/1c9ddeab18b98abeffef834667bcf08a","name":"Gabriel Martins","image":{"@type":"ImageObject","inLanguage":"pt-BR","@id":"https:\/\/www.em.com.br\/emfoco\/#\/schema\/person\/image\/","url":"https:\/\/secure.gravatar.com\/avatar\/f0f1e2efdfd88f1ad2cb08c5c2731e50?s=96&d=mm&r=g","contentUrl":"https:\/\/secure.gravatar.com\/avatar\/f0f1e2efdfd88f1ad2cb08c5c2731e50?s=96&d=mm&r=g","caption":"Gabriel Martins"},"sameAs":["https:\/\/www.em.com.br\/emfoco\/"],"url":"https:\/\/www.em.com.br\/emfoco\/author\/gabrielmartinsmyth\/"}]}},"_links":{"self":[{"href":"https:\/\/www.em.com.br\/emfoco\/wp-json\/wp\/v2\/posts\/176638","targetHints":{"allow":["GET"]}}],"collection":[{"href":"https:\/\/www.em.com.br\/emfoco\/wp-json\/wp\/v2\/posts"}],"about":[{"href":"https:\/\/www.em.com.br\/emfoco\/wp-json\/wp\/v2\/types\/post"}],"author":[{"embeddable":true,"href":"https:\/\/www.em.com.br\/emfoco\/wp-json\/wp\/v2\/users\/13"}],"replies":[{"embeddable":true,"href":"https:\/\/www.em.com.br\/emfoco\/wp-json\/wp\/v2\/comments?post=176638"}],"version-history":[{"count":3,"href":"https:\/\/www.em.com.br\/emfoco\/wp-json\/wp\/v2\/posts\/176638\/revisions"}],"predecessor-version":[{"id":177671,"href":"https:\/\/www.em.com.br\/emfoco\/wp-json\/wp\/v2\/posts\/176638\/revisions\/177671"}],"wp:featuredmedia":[{"embeddable":true,"href":"https:\/\/www.em.com.br\/emfoco\/wp-json\/wp\/v2\/media\/176725"}],"wp:attachment":[{"href":"https:\/\/www.em.com.br\/emfoco\/wp-json\/wp\/v2\/media?parent=176638"}],"wp:term":[{"taxonomy":"category","embeddable":true,"href":"https:\/\/www.em.com.br\/emfoco\/wp-json\/wp\/v2\/categories?post=176638"},{"taxonomy":"post_tag","embeddable":true,"href":"https:\/\/www.em.com.br\/emfoco\/wp-json\/wp\/v2\/tags?post=176638"}],"curies":[{"name":"wp","href":"https:\/\/api.w.org\/{rel}","templated":true}]}}