{"id":176584,"date":"2026-03-03T08:30:00","date_gmt":"2026-03-03T11:30:00","guid":{"rendered":"https:\/\/www.em.com.br\/emfoco\/?p=176584"},"modified":"2026-03-03T00:36:32","modified_gmt":"2026-03-03T03:36:32","slug":"adeus-aos-shorts-jeans-essa-e-a-nova-tendencia-para-2026-e-e-muito-mais-descolada","status":"publish","type":"post","link":"https:\/\/www.em.com.br\/emfoco\/2026\/03\/03\/adeus-aos-shorts-jeans-essa-e-a-nova-tendencia-para-2026-e-e-muito-mais-descolada\/","title":{"rendered":"Adeus aos shorts jeans: essa \u00e9 a nova tend\u00eancia para 2026 e \u00e9 muito mais descolada"},"content":{"rendered":"\n<p>Os&nbsp;<strong>shorts de tecido com babados<\/strong>&nbsp;v\u00eam ganhando for\u00e7a nas ruas brasileiras como uma op\u00e7\u00e3o leve, estilosa e pr\u00e1tica para encarar o calor quase o ano todo, especialmente em capitais quentes, aparecendo tanto em produ\u00e7\u00f5es casuais quanto em looks mais arrumadinhos, acompanhando rotinas din\u00e2micas de quem busca conforto sem abrir m\u00e3o de um visual atual.<\/p>\n\n\n\n<h2 class=\"wp-block-heading\">Por que os shorts de tecido com babados est\u00e3o em alta<\/h2>\n\n\n\n<p>A popularidade dos&nbsp;<strong>shorts de tecido com babados<\/strong>&nbsp;est\u00e1 diretamente ligada \u00e0 combina\u00e7\u00e3o de frescor, mobilidade e visual delicado. O tecido fluido favorece o caimento solto no corpo, evitando inc\u00f4modos em dias de calor intenso e garantindo liberdade de movimento em trajetos longos.<\/p>\n\n\n\n<iframe loading=\"lazy\" src=\"https:\/\/assets.pinterest.com\/ext\/embed.html?id=141441244543783838\" height=\"560\" width=\"345\" frameborder=\"0\" scrolling=\"no\" ><\/iframe>\n\n\n\n<p>Com ver\u00f5es cada vez mais quentes at\u00e9 2026, materiais como algod\u00e3o, viscose, linho misto e tecidos tecnol\u00f3gicos leves ajudam a manter a pele arejada. Ao mesmo tempo, a cintura m\u00e9dia ou alta costuma valorizar a silhueta, criando uma linha visual que facilita a combina\u00e7\u00e3o com tops ajustados, camisas e blusas de diferentes texturas.<\/p>\n\n\n\n<h2 class=\"wp-block-heading\">Como usar shorts de tecido com babados em diferentes ocasi\u00f5es<\/h2>\n\n\n\n<p>O&nbsp;<strong>short de tecido com babados<\/strong>&nbsp;funciona bem em praia, parque, encontros casuais e viagens, desde que o contexto e o dress code sejam respeitados. Em roteiros de praia ou piscina, surge com biqu\u00edni ou mai\u00f4 por baixo, facilitando a transi\u00e7\u00e3o entre areia, quiosques e cal\u00e7ad\u00f5es.<\/p>\n\n\n\n<p>Em ambientes profissionais mais criativos ou com c\u00f3digo de vestimenta flex\u00edvel, ele tamb\u00e9m pode entrar no look com cores s\u00f3brias, tecidos de melhor gramatura e combina\u00e7\u00f5es com camisas lisas, blazers leves ou coletes alongados, al\u00e9m de cal\u00e7ados fechados, como mocassins e sapatilhas.<\/p>\n\n\n\n<figure class=\"wp-block-image\"><img decoding=\"async\" src=\"https:\/\/www.em.com.br\/emfoco\/wp-content\/uploads\/2025\/11\/Gemini_Generated_Image_clhv9xclhv9xclhv-1-1024x576.png\" alt=\"\"\/><\/figure>\n\n\n\n<h2 class=\"wp-block-heading\">Como combinar shorts de tecido com babados com equil\u00edbrio e estilo<\/h2>\n\n\n\n<p>Ao montar looks com&nbsp;<strong>shorts de tecido com babados<\/strong>, a principal preocupa\u00e7\u00e3o costuma ser equilibrar o volume da parte de baixo com o restante do visual. Uma estrat\u00e9gia certeira \u00e9 apostar em pe\u00e7as superiores mais ajustadas ao corpo, criando contraste entre a fluidez do short e uma parte de cima mais definida.<\/p>\n\n\n\n<p>Para facilitar a escolha no dia a dia, algumas combina\u00e7\u00f5es funcionam especialmente bem com esse tipo de short e ajudam a construir um visual pr\u00e1tico, moderno e coerente com diferentes estilos pessoais:<\/p>\n\n\n\n<ul class=\"wp-block-list\">\n<li><strong>Regata lisa ajustada<\/strong>\u00a0para destacar o caimento dos babados e manter o foco no short.<\/li>\n\n\n\n<li><strong>Cropped estruturado<\/strong>\u00a0com c\u00f3s alto, evidenciando a regi\u00e3o da cintura.<\/li>\n\n\n\n<li><strong>Camisa leve por dentro do c\u00f3s<\/strong>\u00a0para um visual alinhado, sem competir com o volume da barra.<\/li>\n\n\n\n<li><strong>Cal\u00e7ados confort\u00e1veis<\/strong>, como sand\u00e1lias rasteiras, t\u00eanis minimalistas e mules, mantendo a proposta descomplicada.<\/li>\n<\/ul>\n\n\n\n<h2 class=\"wp-block-heading\">Quais looks montar com shorts de tecido com babados no ver\u00e3o<\/h2>\n\n\n\n<p>Para quem quer praticidade, organizar ideias em roteiros simples de combina\u00e7\u00e3o facilita muito o uso do&nbsp;<strong>short de tecido com babados<\/strong>&nbsp;em diferentes momentos do dia. Assim, fica mais f\u00e1cil alternar entre clima de lazer, rotina urbana e produ\u00e7\u00f5es noturnas sem perder o conforto.<\/p>\n\n\n\n<ol class=\"wp-block-list\">\n<li><strong>Look casual de dia<\/strong>\n<ul class=\"wp-block-list\">\n<li>Short de tecido com estampa leve;<\/li>\n\n\n\n<li>Blusa regata lisa em tom neutro;<\/li>\n\n\n\n<li>Sand\u00e1lia rasteira ou chinelo mais estruturado;<\/li>\n\n\n\n<li>Bolsa pequena transversal e \u00f3culos de sol.<\/li>\n<\/ul>\n<\/li>\n\n\n\n<li><strong>Visual urbano<\/strong>\n<ul class=\"wp-block-list\">\n<li>Short em cor s\u00f3lida, como verde, azul-marinho ou preto;<\/li>\n\n\n\n<li>Camiseta de algod\u00e3o levemente ajustada;<\/li>\n\n\n\n<li>T\u00eanis casual ou slip-on;<\/li>\n\n\n\n<li>Mochila ou bolsa m\u00e9dia para o dia a dia.<\/li>\n<\/ul>\n<\/li>\n\n\n\n<li><strong>Proposta para noite<\/strong>\n<ul class=\"wp-block-list\">\n<li>Short em tecido mais encorpado e tom escuro;<\/li>\n\n\n\n<li>Cropped estruturado ou body liso;<\/li>\n\n\n\n<li>Sand\u00e1lia de salto m\u00e9dio ou bloco;<\/li>\n\n\n\n<li>Brincos discretos e bolsa de m\u00e3o.<\/li>\n<\/ul>\n<\/li>\n\n\n\n<li><strong>Clima de praia ou viagem<\/strong>\n<ul class=\"wp-block-list\">\n<li>Short leve com babados marcados;<\/li>\n\n\n\n<li>Top de biqu\u00edni ou mai\u00f4 por baixo;<\/li>\n\n\n\n<li>Camisa aberta de tecido fluido;<\/li>\n\n\n\n<li>Chinelos confort\u00e1veis e chap\u00e9u ou bon\u00e9.<\/li>\n<\/ul>\n<\/li>\n<\/ol>\n\n\n\n<figure class=\"wp-block-image\"><img decoding=\"async\" src=\"https:\/\/www.em.com.br\/emfoco\/wp-content\/uploads\/2025\/10\/Gemini_Generated_Image_vtaxtavtaxtavtax-1-1024x576.png\" alt=\"\"\/><figcaption class=\"wp-element-caption\">Os shorts de tecido que unem estilo, leveza e frescor no calor<\/figcaption><\/figure>\n\n\n\n<h2 class=\"wp-block-heading\">Por que ter shorts de tecido com babados no guarda-roupa agora<\/h2>\n\n\n\n<p>Com a escolha certa de tecido, cor e modelagem, o&nbsp;<strong>short de tecido com babados<\/strong>&nbsp;se consolida como pe\u00e7a-chave para enfrentar altas temperaturas em grandes cidades e destinos de viagem. Ele concentra conforto, leveza e estilo em um \u00fanico item, reduzindo o n\u00famero de pe\u00e7as necess\u00e1rias para montar um look vers\u00e1til e bem resolvido.<\/p>\n\n\n\n<p>Se voc\u00ea quer passar ver\u00f5es longos com mais liberdade e menos esfor\u00e7o na hora de se vestir, este \u00e9 o momento de garantir pelo menos um modelo que combine com o seu estilo. N\u00e3o espere o calor apertar: experimente agora um short de tecido com babados e sinta na pr\u00e1tica como ele pode transformar sua rotina e seus looks com urg\u00eancia, leveza e personalidade.<\/p>\n","protected":false},"excerpt":{"rendered":"<p>Os&nbsp;shorts de tecido com babados&nbsp;v\u00eam ganhando for\u00e7a nas ruas brasileiras como uma op\u00e7\u00e3o leve, estilosa e pr\u00e1tica para encarar o calor quase o ano todo, especialmente em capitais quentes, aparecendo tanto em produ\u00e7\u00f5es casuais quanto em looks mais arrumadinhos, acompanhando rotinas din\u00e2micas de quem busca conforto sem abrir m\u00e3o de um visual atual. Por que [&hellip;]<\/p>\n","protected":false},"author":11,"featured_media":153321,"comment_status":"open","ping_status":"open","sticky":false,"template":"","format":"standard","meta":{"jnews-multi-image_gallery":[],"jnews_single_post":{"format":"standard"},"jnews_primary_category":[],"jnews_social_meta":[],"jnews_override_counter":[],"footnotes":""},"categories":[8819,1],"tags":[6144,18815,4977,7420,25503,18104,1920],"class_list":["post-176584","post","type-post","status-publish","format-standard","has-post-thumbnail","hentry","category-curiosidades","category-noticias","tag-jeans","tag-look","tag-moda","tag-shorts","tag-shorts-de-tecido","tag-shorts-jeans","tag-tendencia"],"yoast_head":"<!-- This site is optimized with the Yoast SEO plugin v23.8 - https:\/\/yoast.com\/wordpress\/plugins\/seo\/ -->\n<title>Adeus aos shorts jeans: essa \u00e9 a nova tend\u00eancia para 2026 e \u00e9 muito mais descolada - Estado de Minas - Em foco<\/title>\n<meta name=\"description\" content=\"Esses shorts prometem unir conforto e estilo para o ver\u00e3o. Saiba como combinar e onde encontrar os modelos mais desejados.\" \/>\n<meta name=\"robots\" content=\"index, follow, max-snippet:-1, max-image-preview:large, max-video-preview:-1\" \/>\n<link rel=\"canonical\" href=\"https:\/\/www.em.com.br\/emfoco\/2026\/03\/03\/adeus-aos-shorts-jeans-essa-e-a-nova-tendencia-para-2026-e-e-muito-mais-descolada\/\" \/>\n<meta property=\"og:locale\" content=\"pt_BR\" \/>\n<meta property=\"og:type\" content=\"article\" \/>\n<meta property=\"og:title\" content=\"Adeus aos shorts jeans: essa \u00e9 a nova tend\u00eancia para 2026 e \u00e9 muito mais descolada - Estado de Minas - Em foco\" \/>\n<meta property=\"og:description\" content=\"Esses shorts prometem unir conforto e estilo para o ver\u00e3o. Saiba como combinar e onde encontrar os modelos mais desejados.\" \/>\n<meta property=\"og:url\" content=\"https:\/\/www.em.com.br\/emfoco\/2026\/03\/03\/adeus-aos-shorts-jeans-essa-e-a-nova-tendencia-para-2026-e-e-muito-mais-descolada\/\" \/>\n<meta property=\"og:site_name\" content=\"Estado de Minas - Em foco\" \/>\n<meta property=\"article:published_time\" content=\"2026-03-03T11:30:00+00:00\" \/>\n<meta property=\"article:modified_time\" content=\"2026-03-03T03:36:32+00:00\" \/>\n<meta property=\"og:image\" content=\"https:\/\/www.em.com.br\/emfoco\/wp-content\/uploads\/2026\/01\/Gemini_Generated_Image_5tkz2o5tkz2o5tkz-1.png\" \/>\n\t<meta property=\"og:image:width\" content=\"1280\" \/>\n\t<meta property=\"og:image:height\" content=\"720\" \/>\n\t<meta property=\"og:image:type\" content=\"image\/png\" \/>\n<meta name=\"author\" content=\"Andre\u0301 Rangel\u00a0\" \/>\n<meta name=\"twitter:card\" content=\"summary_large_image\" \/>\n<meta name=\"twitter:label1\" content=\"Escrito por\" \/>\n\t<meta name=\"twitter:data1\" content=\"Andre\u0301 Rangel\u00a0\" \/>\n\t<meta name=\"twitter:label2\" content=\"Est. tempo de leitura\" \/>\n\t<meta name=\"twitter:data2\" content=\"5 minutos\" \/>\n<!-- \/ Yoast SEO plugin. -->","yoast_head_json":{"title":"Adeus aos shorts jeans: essa \u00e9 a nova tend\u00eancia para 2026 e \u00e9 muito mais descolada - Estado de Minas - Em foco","description":"Esses shorts prometem unir conforto e estilo para o ver\u00e3o. Saiba como combinar e onde encontrar os modelos mais desejados.","robots":{"index":"index","follow":"follow","max-snippet":"max-snippet:-1","max-image-preview":"max-image-preview:large","max-video-preview":"max-video-preview:-1"},"canonical":"https:\/\/www.em.com.br\/emfoco\/2026\/03\/03\/adeus-aos-shorts-jeans-essa-e-a-nova-tendencia-para-2026-e-e-muito-mais-descolada\/","og_locale":"pt_BR","og_type":"article","og_title":"Adeus aos shorts jeans: essa \u00e9 a nova tend\u00eancia para 2026 e \u00e9 muito mais descolada - Estado de Minas - Em foco","og_description":"Esses shorts prometem unir conforto e estilo para o ver\u00e3o. Saiba como combinar e onde encontrar os modelos mais desejados.","og_url":"https:\/\/www.em.com.br\/emfoco\/2026\/03\/03\/adeus-aos-shorts-jeans-essa-e-a-nova-tendencia-para-2026-e-e-muito-mais-descolada\/","og_site_name":"Estado de Minas - Em foco","article_published_time":"2026-03-03T11:30:00+00:00","article_modified_time":"2026-03-03T03:36:32+00:00","og_image":[{"width":1280,"height":720,"url":"https:\/\/www.em.com.br\/emfoco\/wp-content\/uploads\/2026\/01\/Gemini_Generated_Image_5tkz2o5tkz2o5tkz-1.png","type":"image\/png"}],"author":"Andre\u0301 Rangel\u00a0","twitter_card":"summary_large_image","twitter_misc":{"Escrito por":"Andre\u0301 Rangel\u00a0","Est. tempo de leitura":"5 minutos"},"schema":{"@context":"https:\/\/schema.org","@graph":[{"@type":"WebPage","@id":"https:\/\/www.em.com.br\/emfoco\/2026\/03\/03\/adeus-aos-shorts-jeans-essa-e-a-nova-tendencia-para-2026-e-e-muito-mais-descolada\/","url":"https:\/\/www.em.com.br\/emfoco\/2026\/03\/03\/adeus-aos-shorts-jeans-essa-e-a-nova-tendencia-para-2026-e-e-muito-mais-descolada\/","name":"Adeus aos shorts jeans: essa \u00e9 a nova tend\u00eancia para 2026 e \u00e9 muito mais descolada - Estado de Minas - Em foco","isPartOf":{"@id":"https:\/\/www.em.com.br\/emfoco\/#website"},"primaryImageOfPage":{"@id":"https:\/\/www.em.com.br\/emfoco\/2026\/03\/03\/adeus-aos-shorts-jeans-essa-e-a-nova-tendencia-para-2026-e-e-muito-mais-descolada\/#primaryimage"},"image":{"@id":"https:\/\/www.em.com.br\/emfoco\/2026\/03\/03\/adeus-aos-shorts-jeans-essa-e-a-nova-tendencia-para-2026-e-e-muito-mais-descolada\/#primaryimage"},"thumbnailUrl":"https:\/\/www.em.com.br\/emfoco\/wp-content\/uploads\/2026\/01\/Gemini_Generated_Image_5tkz2o5tkz2o5tkz-1.png","datePublished":"2026-03-03T11:30:00+00:00","dateModified":"2026-03-03T03:36:32+00:00","author":{"@id":"https:\/\/www.em.com.br\/emfoco\/#\/schema\/person\/60eda09c1fedf0d6891f4cef4b60b8b8"},"description":"Esses shorts prometem unir conforto e estilo para o ver\u00e3o. Saiba como combinar e onde encontrar os modelos mais desejados.","breadcrumb":{"@id":"https:\/\/www.em.com.br\/emfoco\/2026\/03\/03\/adeus-aos-shorts-jeans-essa-e-a-nova-tendencia-para-2026-e-e-muito-mais-descolada\/#breadcrumb"},"inLanguage":"pt-BR","potentialAction":[{"@type":"ReadAction","target":["https:\/\/www.em.com.br\/emfoco\/2026\/03\/03\/adeus-aos-shorts-jeans-essa-e-a-nova-tendencia-para-2026-e-e-muito-mais-descolada\/"]}]},{"@type":"ImageObject","inLanguage":"pt-BR","@id":"https:\/\/www.em.com.br\/emfoco\/2026\/03\/03\/adeus-aos-shorts-jeans-essa-e-a-nova-tendencia-para-2026-e-e-muito-mais-descolada\/#primaryimage","url":"https:\/\/www.em.com.br\/emfoco\/wp-content\/uploads\/2026\/01\/Gemini_Generated_Image_5tkz2o5tkz2o5tkz-1.png","contentUrl":"https:\/\/www.em.com.br\/emfoco\/wp-content\/uploads\/2026\/01\/Gemini_Generated_Image_5tkz2o5tkz2o5tkz-1.png","width":1280,"height":720,"caption":"O modelo que est\u00e1 conquistando o arm\u00e1rio das influenciadoras"},{"@type":"BreadcrumbList","@id":"https:\/\/www.em.com.br\/emfoco\/2026\/03\/03\/adeus-aos-shorts-jeans-essa-e-a-nova-tendencia-para-2026-e-e-muito-mais-descolada\/#breadcrumb","itemListElement":[{"@type":"ListItem","position":1,"name":"In\u00edcio","item":"https:\/\/www.em.com.br\/emfoco\/"},{"@type":"ListItem","position":2,"name":"Adeus aos shorts jeans: essa \u00e9 a nova tend\u00eancia para 2026 e \u00e9 muito mais descolada"}]},{"@type":"WebSite","@id":"https:\/\/www.em.com.br\/emfoco\/#website","url":"https:\/\/www.em.com.br\/emfoco\/","name":"Estado de Minas - Em foco","description":"Acompanhe as \u00faltimas not\u00edcias e fique bem informado sobre tudo o que acontece em Minas Gerais, Brasil e no mundo.","potentialAction":[{"@type":"SearchAction","target":{"@type":"EntryPoint","urlTemplate":"https:\/\/www.em.com.br\/emfoco\/?s={search_term_string}"},"query-input":{"@type":"PropertyValueSpecification","valueRequired":true,"valueName":"search_term_string"}}],"inLanguage":"pt-BR"},{"@type":"Person","@id":"https:\/\/www.em.com.br\/emfoco\/#\/schema\/person\/60eda09c1fedf0d6891f4cef4b60b8b8","name":"Andre\u0301 Rangel\u00a0","image":{"@type":"ImageObject","inLanguage":"pt-BR","@id":"https:\/\/www.em.com.br\/emfoco\/#\/schema\/person\/image\/","url":"https:\/\/secure.gravatar.com\/avatar\/6234dc814c77c8ef6d8bba622c787efc?s=96&d=mm&r=g","contentUrl":"https:\/\/secure.gravatar.com\/avatar\/6234dc814c77c8ef6d8bba622c787efc?s=96&d=mm&r=g","caption":"Andre\u0301 Rangel\u00a0"},"url":"https:\/\/www.em.com.br\/emfoco\/author\/luizmyth\/"}]}},"_links":{"self":[{"href":"https:\/\/www.em.com.br\/emfoco\/wp-json\/wp\/v2\/posts\/176584","targetHints":{"allow":["GET"]}}],"collection":[{"href":"https:\/\/www.em.com.br\/emfoco\/wp-json\/wp\/v2\/posts"}],"about":[{"href":"https:\/\/www.em.com.br\/emfoco\/wp-json\/wp\/v2\/types\/post"}],"author":[{"embeddable":true,"href":"https:\/\/www.em.com.br\/emfoco\/wp-json\/wp\/v2\/users\/11"}],"replies":[{"embeddable":true,"href":"https:\/\/www.em.com.br\/emfoco\/wp-json\/wp\/v2\/comments?post=176584"}],"version-history":[{"count":2,"href":"https:\/\/www.em.com.br\/emfoco\/wp-json\/wp\/v2\/posts\/176584\/revisions"}],"predecessor-version":[{"id":176586,"href":"https:\/\/www.em.com.br\/emfoco\/wp-json\/wp\/v2\/posts\/176584\/revisions\/176586"}],"wp:featuredmedia":[{"embeddable":true,"href":"https:\/\/www.em.com.br\/emfoco\/wp-json\/wp\/v2\/media\/153321"}],"wp:attachment":[{"href":"https:\/\/www.em.com.br\/emfoco\/wp-json\/wp\/v2\/media?parent=176584"}],"wp:term":[{"taxonomy":"category","embeddable":true,"href":"https:\/\/www.em.com.br\/emfoco\/wp-json\/wp\/v2\/categories?post=176584"},{"taxonomy":"post_tag","embeddable":true,"href":"https:\/\/www.em.com.br\/emfoco\/wp-json\/wp\/v2\/tags?post=176584"}],"curies":[{"name":"wp","href":"https:\/\/api.w.org\/{rel}","templated":true}]}}