{"id":17657,"date":"2025-02-08T07:20:09","date_gmt":"2025-02-08T10:20:09","guid":{"rendered":"https:\/\/www.em.com.br\/emfoco\/?p=17657"},"modified":"2025-02-07T23:20:21","modified_gmt":"2025-02-08T02:20:21","slug":"calendario-bolsa-familia-fevereiro-2025-2","status":"publish","type":"post","link":"https:\/\/www.em.com.br\/emfoco\/2025\/02\/08\/calendario-bolsa-familia-fevereiro-2025-2\/","title":{"rendered":"Bolsa Fam\u00edlia 2025 emite comunicado para todos os NIS em fevereiro"},"content":{"rendered":"\n<p>O programa <strong>Bolsa Fam\u00edlia<\/strong>, essencial para mais de 20 milh\u00f5es de fam\u00edlias <a href=\"https:\/\/www.em.com.br\/emfoco\/2025\/02\/06\/cidades-brasileiras-brilham-no-turismo-global-veja-os-destaques-nacionais\/\" target=\"_blank\" rel=\"noreferrer noopener\">brasileiras<\/a>, inicia seus pagamentos de fevereiro com algumas novidades. Este m\u00eas, os benefici\u00e1rios podem esperar por pagamentos que incluem adicionais importantes, como o Vale G\u00e1s. As datas de pagamento foram ajustadas devido ao menor n\u00famero de dias no m\u00eas.<\/p>\n\n\n\n<p>Os pagamentos come\u00e7am a partir do dia 17 de fevereiro e ser\u00e3o realizados nos \u00faltimos dez dias \u00fateis do m\u00eas. Os benefici\u00e1rios devem estar atentos \u00e0s datas espec\u00edficas de acordo com o <strong>N\u00famero de Identifica\u00e7\u00e3o Social <\/strong>(<strong><a href=\"https:\/\/www.gov.br\/pt-br\/servicos\/consultar-dados-do-cadastro-unico-cadunico\" target=\"_blank\" rel=\"noreferrer noopener\">NIS<\/a><\/strong>), para garantir que recebam seus benef\u00edcios de forma adequada.<\/p>\n\n\n\n<h2 class=\"wp-block-heading\">Quais s\u00e3o os adicionais do Bolsa Fam\u00edlia em fevereiro?<\/h2>\n\n\n\n<p>Al\u00e9m do valor padr\u00e3o de R$ 600, o Bolsa Fam\u00edlia em fevereiro de 2024 traz uma s\u00e9rie de adicionais para atender \u00e0s necessidades espec\u00edficas das fam\u00edlias. Um dos destaques \u00e9 o <strong>Vale G\u00e1s<\/strong>, que oferece um pagamento extra equivalente ao pre\u00e7o de um botij\u00e3o de g\u00e1s de 13 kg. Este adicional \u00e9 fundamental para auxiliar as fam\u00edlias com as despesas de g\u00e1s de cozinha.<\/p>\n\n\n\n<p>Outros benef\u00edcios adicionais incluem:<\/p>\n\n\n\n<ul class=\"wp-block-list\">\n<li><strong>Benef\u00edcio de Renda de Cidadania (BRC):<\/strong> R$ 142 por pessoa da fam\u00edlia.<\/li>\n\n\n\n<li><strong>Benef\u00edcio Complementar (BCO):<\/strong> Valor adicional para garantir o m\u00ednimo de R$ 600 por fam\u00edlia.<\/li>\n\n\n\n<li><strong>Benef\u00edcio Primeira Inf\u00e2ncia (BPI):<\/strong> Extra de R$ 150 por crian\u00e7a de at\u00e9 sete anos incompletos.<\/li>\n\n\n\n<li><strong>Benef\u00edcio Vari\u00e1vel Familiar (BVF):<\/strong> Adicional de R$ 50 para gestantes e crian\u00e7as\/adolescentes entre 7 e 18 anos incompletos.<\/li>\n\n\n\n<li><strong>Benef\u00edcio Vari\u00e1vel Familiar Nutriz (BVN):<\/strong> Extra de R$ 50 por membro da fam\u00edlia com at\u00e9 sete meses incompletos.<\/li>\n\n\n\n<li><strong>Benef\u00edcio Extraordin\u00e1rio de Transi\u00e7\u00e3o (BET):<\/strong> Garantia de que ningu\u00e9m receba menos do que no programa anterior, v\u00e1lido at\u00e9 maio de 2025.<\/li>\n<\/ul>\n\n\n<div class=\"wp-block-image\">\n<figure class=\"aligncenter size-large\"><img loading=\"lazy\" decoding=\"async\" width=\"1024\" height=\"576\" src=\"https:\/\/www.em.com.br\/emfoco\/wp-content\/uploads\/2024\/12\/Moeda-Brasileira-_1733628311538-1024x576.jpg\" alt=\"Calend\u00e1rio Bolsa Fam\u00edlia fevereiro 2025\" class=\"wp-image-3778\" srcset=\"https:\/\/www.em.com.br\/emfoco\/wp-content\/uploads\/2024\/12\/Moeda-Brasileira-_1733628311538-1024x576.jpg 1024w, https:\/\/www.em.com.br\/emfoco\/wp-content\/uploads\/2024\/12\/Moeda-Brasileira-_1733628311538-300x169.jpg 300w, https:\/\/www.em.com.br\/emfoco\/wp-content\/uploads\/2024\/12\/Moeda-Brasileira-_1733628311538-768x432.jpg 768w, https:\/\/www.em.com.br\/emfoco\/wp-content\/uploads\/2024\/12\/Moeda-Brasileira-_1733628311538-750x422.jpg 750w, https:\/\/www.em.com.br\/emfoco\/wp-content\/uploads\/2024\/12\/Moeda-Brasileira-_1733628311538-1140x641.jpg 1140w, https:\/\/www.em.com.br\/emfoco\/wp-content\/uploads\/2024\/12\/Moeda-Brasileira-_1733628311538.jpg 1280w\" sizes=\"auto, (max-width: 1024px) 100vw, 1024px\" \/><figcaption class=\"wp-element-caption\">Dinheiro Brasileiro &#8211; Cr\u00e9ditos: depositphotos.com \/ rafapress<\/figcaption><\/figure><\/div>\n\n\n<h2 class=\"wp-block-heading\">Como consultar o calend\u00e1rio de pagamentos?<\/h2>\n\n\n\n<p>Os benefici\u00e1rios do Bolsa Fam\u00edlia podem consultar o calend\u00e1rio de pagamentos de fevereiro de 2024 atrav\u00e9s do aplicativo Caixa Tem, que facilita a movimenta\u00e7\u00e3o financeira. \u00c9 importante que os cidad\u00e3os fa\u00e7am o download do aplicativo para garantir acesso f\u00e1cil e seguro aos seus benef\u00edcios.<\/p>\n\n\n\n<p>O calend\u00e1rio de pagamentos \u00e9 organizado de acordo com o final do NIS, garantindo uma distribui\u00e7\u00e3o ordenada dos recursos. As datas de pagamento s\u00e3o as seguintes:<\/p>\n\n\n\n<ol class=\"wp-block-list\">\n<li>NIS final 1: pagamento no dia 17 de fevereiro<\/li>\n\n\n\n<li>NIS final 2: pagamento no dia 18 de fevereiro<\/li>\n\n\n\n<li>NIS final 3: pagamento no dia 19 de fevereiro<\/li>\n\n\n\n<li>NIS final 4: pagamento no dia 20 de fevereiro<\/li>\n\n\n\n<li>NIS final 5: pagamento no dia 21 de fevereiro<\/li>\n\n\n\n<li>NIS final 6: pagamento no dia 24 de fevereiro<\/li>\n\n\n\n<li>NIS final 7: pagamento no dia 25 de fevereiro<\/li>\n\n\n\n<li>NIS final 8: pagamento no dia 26 de fevereiro<\/li>\n\n\n\n<li>NIS final 9: pagamento no dia 27 de fevereiro<\/li>\n\n\n\n<li>NIS final 0: pagamento no dia 28 de fevereiro<\/li>\n<\/ol>\n\n\n\n<h2 class=\"wp-block-heading\">Import\u00e2ncia do Bolsa Fam\u00edlia para as fam\u00edlias brasileiras<\/h2>\n\n\n\n<p>O Bolsa Fam\u00edlia \u00e9 um programa crucial para a redu\u00e7\u00e3o da pobreza e desigualdade no Brasil. Ele oferece suporte financeiro para fam\u00edlias em situa\u00e7\u00e3o de vulnerabilidade, garantindo acesso a recursos b\u00e1sicos e melhorando a qualidade de vida. Os adicionais oferecidos em fevereiro de 2024 s\u00e3o uma demonstra\u00e7\u00e3o do compromisso do governo em atender \u00e0s necessidades espec\u00edficas das fam\u00edlias, proporcionando um al\u00edvio financeiro significativo.<\/p>\n\n\n\n<p>Com a continuidade do programa e a inclus\u00e3o de benef\u00edcios adicionais, o Bolsa Fam\u00edlia continua a ser uma ferramenta vital para o desenvolvimento social e econ\u00f4mico do pa\u00eds, ajudando milh\u00f5es de brasileiros a superar desafios financeiros e a construir um futuro mais est\u00e1vel.<\/p>\n","protected":false},"excerpt":{"rendered":"<p>O programa Bolsa Fam\u00edlia, essencial para mais de 20 milh\u00f5es de fam\u00edlias brasileiras, inicia seus pagamentos de fevereiro com algumas novidades. Este m\u00eas, os benefici\u00e1rios podem esperar por pagamentos que incluem adicionais importantes, como o Vale G\u00e1s. As datas de pagamento foram ajustadas devido ao menor n\u00famero de dias no m\u00eas. Os pagamentos come\u00e7am a [&hellip;]<\/p>\n","protected":false},"author":7,"featured_media":17828,"comment_status":"open","ping_status":"open","sticky":false,"template":"","format":"standard","meta":{"jnews-multi-image_gallery":[],"jnews_single_post":{"format":"standard"},"jnews_primary_category":[],"jnews_social_meta":[],"jnews_override_counter":[],"footnotes":""},"categories":[28],"tags":[209,4532,658,4709],"class_list":["post-17657","post","type-post","status-publish","format-standard","has-post-thumbnail","hentry","category-economia","tag-bolsa-familia","tag-fevereiro","tag-pagamentos","tag-vale-gas"],"yoast_head":"<!-- This site is optimized with the Yoast SEO plugin v23.8 - https:\/\/yoast.com\/wordpress\/plugins\/seo\/ -->\n<title>Bolsa Fam\u00edlia 2025 emite comunicado para todos os NIS em fevereiro - Estado de Minas - Em foco<\/title>\n<meta name=\"description\" content=\"Calend\u00e1rio completo de pagamentos do Bolsa Fam\u00edlia em fevereiro de 2025. Consulte as datas e n\u00e3o perca nenhum benef\u00edcio.\" \/>\n<meta name=\"robots\" content=\"index, follow, max-snippet:-1, max-image-preview:large, max-video-preview:-1\" \/>\n<link rel=\"canonical\" href=\"https:\/\/www.em.com.br\/emfoco\/2025\/02\/08\/calendario-bolsa-familia-fevereiro-2025-2\/\" \/>\n<meta property=\"og:locale\" content=\"pt_BR\" \/>\n<meta property=\"og:type\" content=\"article\" \/>\n<meta property=\"og:title\" content=\"Bolsa Fam\u00edlia 2025 emite comunicado para todos os NIS em fevereiro - Estado de Minas - Em foco\" \/>\n<meta property=\"og:description\" content=\"Calend\u00e1rio completo de pagamentos do Bolsa Fam\u00edlia em fevereiro de 2025. Consulte as datas e n\u00e3o perca nenhum benef\u00edcio.\" \/>\n<meta property=\"og:url\" content=\"https:\/\/www.em.com.br\/emfoco\/2025\/02\/08\/calendario-bolsa-familia-fevereiro-2025-2\/\" \/>\n<meta property=\"og:site_name\" content=\"Estado de Minas - Em foco\" \/>\n<meta property=\"article:published_time\" content=\"2025-02-08T10:20:09+00:00\" \/>\n<meta property=\"article:modified_time\" content=\"2025-02-08T02:20:21+00:00\" \/>\n<meta property=\"og:image\" content=\"https:\/\/www.em.com.br\/emfoco\/wp-content\/uploads\/2025\/02\/bolsa-familia_1738981074318.jpg\" \/>\n\t<meta property=\"og:image:width\" content=\"1280\" \/>\n\t<meta property=\"og:image:height\" content=\"720\" \/>\n\t<meta property=\"og:image:type\" content=\"image\/jpeg\" \/>\n<meta name=\"author\" content=\"Kelvin\" \/>\n<meta name=\"twitter:card\" content=\"summary_large_image\" \/>\n<meta name=\"twitter:label1\" content=\"Escrito por\" \/>\n\t<meta name=\"twitter:data1\" content=\"Kelvin\" \/>\n\t<meta name=\"twitter:label2\" content=\"Est. tempo de leitura\" \/>\n\t<meta name=\"twitter:data2\" content=\"4 minutos\" \/>\n<!-- \/ Yoast SEO plugin. -->","yoast_head_json":{"title":"Bolsa Fam\u00edlia 2025 emite comunicado para todos os NIS em fevereiro - Estado de Minas - Em foco","description":"Calend\u00e1rio completo de pagamentos do Bolsa Fam\u00edlia em fevereiro de 2025. Consulte as datas e n\u00e3o perca nenhum benef\u00edcio.","robots":{"index":"index","follow":"follow","max-snippet":"max-snippet:-1","max-image-preview":"max-image-preview:large","max-video-preview":"max-video-preview:-1"},"canonical":"https:\/\/www.em.com.br\/emfoco\/2025\/02\/08\/calendario-bolsa-familia-fevereiro-2025-2\/","og_locale":"pt_BR","og_type":"article","og_title":"Bolsa Fam\u00edlia 2025 emite comunicado para todos os NIS em fevereiro - Estado de Minas - Em foco","og_description":"Calend\u00e1rio completo de pagamentos do Bolsa Fam\u00edlia em fevereiro de 2025. Consulte as datas e n\u00e3o perca nenhum benef\u00edcio.","og_url":"https:\/\/www.em.com.br\/emfoco\/2025\/02\/08\/calendario-bolsa-familia-fevereiro-2025-2\/","og_site_name":"Estado de Minas - Em foco","article_published_time":"2025-02-08T10:20:09+00:00","article_modified_time":"2025-02-08T02:20:21+00:00","og_image":[{"width":1280,"height":720,"url":"https:\/\/www.em.com.br\/emfoco\/wp-content\/uploads\/2025\/02\/bolsa-familia_1738981074318.jpg","type":"image\/jpeg"}],"author":"Kelvin","twitter_card":"summary_large_image","twitter_misc":{"Escrito por":"Kelvin","Est. tempo de leitura":"4 minutos"},"schema":{"@context":"https:\/\/schema.org","@graph":[{"@type":"WebPage","@id":"https:\/\/www.em.com.br\/emfoco\/2025\/02\/08\/calendario-bolsa-familia-fevereiro-2025-2\/","url":"https:\/\/www.em.com.br\/emfoco\/2025\/02\/08\/calendario-bolsa-familia-fevereiro-2025-2\/","name":"Bolsa Fam\u00edlia 2025 emite comunicado para todos os NIS em fevereiro - Estado de Minas - Em foco","isPartOf":{"@id":"https:\/\/www.em.com.br\/emfoco\/#website"},"primaryImageOfPage":{"@id":"https:\/\/www.em.com.br\/emfoco\/2025\/02\/08\/calendario-bolsa-familia-fevereiro-2025-2\/#primaryimage"},"image":{"@id":"https:\/\/www.em.com.br\/emfoco\/2025\/02\/08\/calendario-bolsa-familia-fevereiro-2025-2\/#primaryimage"},"thumbnailUrl":"https:\/\/www.em.com.br\/emfoco\/wp-content\/uploads\/2025\/02\/bolsa-familia_1738981074318.jpg","datePublished":"2025-02-08T10:20:09+00:00","dateModified":"2025-02-08T02:20:21+00:00","author":{"@id":"https:\/\/www.em.com.br\/emfoco\/#\/schema\/person\/fb0a7f48c6fbb94b83f413a80f61917d"},"description":"Calend\u00e1rio completo de pagamentos do Bolsa Fam\u00edlia em fevereiro de 2025. Consulte as datas e n\u00e3o perca nenhum benef\u00edcio.","breadcrumb":{"@id":"https:\/\/www.em.com.br\/emfoco\/2025\/02\/08\/calendario-bolsa-familia-fevereiro-2025-2\/#breadcrumb"},"inLanguage":"pt-BR","potentialAction":[{"@type":"ReadAction","target":["https:\/\/www.em.com.br\/emfoco\/2025\/02\/08\/calendario-bolsa-familia-fevereiro-2025-2\/"]}]},{"@type":"ImageObject","inLanguage":"pt-BR","@id":"https:\/\/www.em.com.br\/emfoco\/2025\/02\/08\/calendario-bolsa-familia-fevereiro-2025-2\/#primaryimage","url":"https:\/\/www.em.com.br\/emfoco\/wp-content\/uploads\/2025\/02\/bolsa-familia_1738981074318.jpg","contentUrl":"https:\/\/www.em.com.br\/emfoco\/wp-content\/uploads\/2025\/02\/bolsa-familia_1738981074318.jpg","width":1280,"height":720,"caption":"Bolsa Fam\u00edlia - Cr\u00e9ditos: depositphotos.com \/ joasouza"},{"@type":"BreadcrumbList","@id":"https:\/\/www.em.com.br\/emfoco\/2025\/02\/08\/calendario-bolsa-familia-fevereiro-2025-2\/#breadcrumb","itemListElement":[{"@type":"ListItem","position":1,"name":"In\u00edcio","item":"https:\/\/www.em.com.br\/emfoco\/"},{"@type":"ListItem","position":2,"name":"Bolsa Fam\u00edlia 2025 emite comunicado para todos os NIS em fevereiro"}]},{"@type":"WebSite","@id":"https:\/\/www.em.com.br\/emfoco\/#website","url":"https:\/\/www.em.com.br\/emfoco\/","name":"Estado de Minas - Em foco","description":"Acompanhe as \u00faltimas not\u00edcias e fique bem informado sobre tudo o que acontece em Minas Gerais, Brasil e no mundo.","potentialAction":[{"@type":"SearchAction","target":{"@type":"EntryPoint","urlTemplate":"https:\/\/www.em.com.br\/emfoco\/?s={search_term_string}"},"query-input":{"@type":"PropertyValueSpecification","valueRequired":true,"valueName":"search_term_string"}}],"inLanguage":"pt-BR"},{"@type":"Person","@id":"https:\/\/www.em.com.br\/emfoco\/#\/schema\/person\/fb0a7f48c6fbb94b83f413a80f61917d","name":"Kelvin","image":{"@type":"ImageObject","inLanguage":"pt-BR","@id":"https:\/\/www.em.com.br\/emfoco\/#\/schema\/person\/image\/","url":"https:\/\/secure.gravatar.com\/avatar\/e74f84337e6bf6c4c5e88fbdffa05270?s=96&d=mm&r=g","contentUrl":"https:\/\/secure.gravatar.com\/avatar\/e74f84337e6bf6c4c5e88fbdffa05270?s=96&d=mm&r=g","caption":"Kelvin"},"sameAs":["https:\/\/www.em.com.br\/emfoco"],"url":"https:\/\/www.em.com.br\/emfoco\/author\/kelvinmyth\/"}]}},"_links":{"self":[{"href":"https:\/\/www.em.com.br\/emfoco\/wp-json\/wp\/v2\/posts\/17657","targetHints":{"allow":["GET"]}}],"collection":[{"href":"https:\/\/www.em.com.br\/emfoco\/wp-json\/wp\/v2\/posts"}],"about":[{"href":"https:\/\/www.em.com.br\/emfoco\/wp-json\/wp\/v2\/types\/post"}],"author":[{"embeddable":true,"href":"https:\/\/www.em.com.br\/emfoco\/wp-json\/wp\/v2\/users\/7"}],"replies":[{"embeddable":true,"href":"https:\/\/www.em.com.br\/emfoco\/wp-json\/wp\/v2\/comments?post=17657"}],"version-history":[{"count":4,"href":"https:\/\/www.em.com.br\/emfoco\/wp-json\/wp\/v2\/posts\/17657\/revisions"}],"predecessor-version":[{"id":17832,"href":"https:\/\/www.em.com.br\/emfoco\/wp-json\/wp\/v2\/posts\/17657\/revisions\/17832"}],"wp:featuredmedia":[{"embeddable":true,"href":"https:\/\/www.em.com.br\/emfoco\/wp-json\/wp\/v2\/media\/17828"}],"wp:attachment":[{"href":"https:\/\/www.em.com.br\/emfoco\/wp-json\/wp\/v2\/media?parent=17657"}],"wp:term":[{"taxonomy":"category","embeddable":true,"href":"https:\/\/www.em.com.br\/emfoco\/wp-json\/wp\/v2\/categories?post=17657"},{"taxonomy":"post_tag","embeddable":true,"href":"https:\/\/www.em.com.br\/emfoco\/wp-json\/wp\/v2\/tags?post=17657"}],"curies":[{"name":"wp","href":"https:\/\/api.w.org\/{rel}","templated":true}]}}