{"id":176362,"date":"2026-03-03T13:45:00","date_gmt":"2026-03-03T16:45:00","guid":{"rendered":"https:\/\/www.em.com.br\/emfoco\/?p=176362"},"modified":"2026-03-02T17:01:46","modified_gmt":"2026-03-02T20:01:46","slug":"a-agencia-de-viagens-mais-famosa-do-pais-esta-fechando-mais-de-60-lojas-encerram-atividades-e-clientes-sao-impactados","status":"publish","type":"post","link":"https:\/\/www.em.com.br\/emfoco\/2026\/03\/03\/a-agencia-de-viagens-mais-famosa-do-pais-esta-fechando-mais-de-60-lojas-encerram-atividades-e-clientes-sao-impactados\/","title":{"rendered":"A ag\u00eancia de viagens mais famosa do pa\u00eds est\u00e1 fechando: mais de 60 lojas encerram atividades e clientes s\u00e3o impactados"},"content":{"rendered":"\n<p>O com\u00e9rcio varejista espanhol vive uma transforma\u00e7\u00e3o acelerada, com digitaliza\u00e7\u00e3o das vendas, avan\u00e7o das plataformas online e mudan\u00e7a no comportamento do consumidor. Grandes redes que antes dependiam quase s\u00f3 de lojas f\u00edsicas agora redesenham seus modelos, reduzindo pontos de venda tradicionais, investindo em formatos h\u00edbridos e fortalecendo a presen\u00e7a omnichannel para seguir competitivas.<\/p>\n\n\n\n<h2 class=\"wp-block-heading\">Como o fechamento de lojas de viagens afeta o El Corte Ingl\u00e9s<\/h2>\n\n\n\n<p>A empresa vem reduzindo e remodelando parte de suas ag\u00eancias na <strong>Espanha<\/strong>, tanto em centros comerciais quanto em ruas de grande circula\u00e7\u00e3o, com dezenas de escrit\u00f3rios passando por encerramento ou reformas profundas.<\/p>\n\n\n\n<p>Esse movimento tamb\u00e9m alcan\u00e7a outras \u00e1reas do grupo, com o <a href=\"https:\/\/www.em.com.br\/emfoco\/2026\/03\/02\/a-loja-de-roupas-mais-popular-do-pais-se-despede-mais-de-25-lojas-fecham-as-portas-2\/\" target=\"_blank\" rel=\"noreferrer noopener\">encerramento <\/a>de alguns centros comerciais tradicionais e revis\u00e3o de formatos como hipermercados e supermercados associados. A prioridade passou a ser o fortalecimento do canal digital, da venda omnichannel e de campanhas online, enquanto as lojas f\u00edsicas restantes assumem fun\u00e7\u00f5es mais especializadas, voltadas a servi\u00e7os, experi\u00eancia e apoio ao cliente.<\/p>\n\n\n\n<figure class=\"wp-block-image size-large\"><img loading=\"lazy\" decoding=\"async\" width=\"1024\" height=\"576\" src=\"https:\/\/www.em.com.br\/emfoco\/wp-content\/uploads\/2026\/03\/ChatGPT-Image-2-de-mar.-de-2026-14_16_18-1-1024x576.png\" alt=\"O maior alerta para o varejo tur\u00edstico espanhol\" class=\"wp-image-176379\" srcset=\"https:\/\/www.em.com.br\/emfoco\/wp-content\/uploads\/2026\/03\/ChatGPT-Image-2-de-mar.-de-2026-14_16_18-1-1024x576.png 1024w, https:\/\/www.em.com.br\/emfoco\/wp-content\/uploads\/2026\/03\/ChatGPT-Image-2-de-mar.-de-2026-14_16_18-1-300x169.png 300w, https:\/\/www.em.com.br\/emfoco\/wp-content\/uploads\/2026\/03\/ChatGPT-Image-2-de-mar.-de-2026-14_16_18-1-768x432.png 768w, https:\/\/www.em.com.br\/emfoco\/wp-content\/uploads\/2026\/03\/ChatGPT-Image-2-de-mar.-de-2026-14_16_18-1-750x422.png 750w, https:\/\/www.em.com.br\/emfoco\/wp-content\/uploads\/2026\/03\/ChatGPT-Image-2-de-mar.-de-2026-14_16_18-1-1140x641.png 1140w, https:\/\/www.em.com.br\/emfoco\/wp-content\/uploads\/2026\/03\/ChatGPT-Image-2-de-mar.-de-2026-14_16_18-1.png 1280w\" sizes=\"auto, (max-width: 1024px) 100vw, 1024px\" \/><figcaption class=\"wp-element-caption\">O maior alerta para o varejo tur\u00edstico espanhol<\/figcaption><\/figure>\n\n\n\n<h2 class=\"wp-block-heading\">Como o mercado online transforma o segmento El Corte Ingl\u00e9s viagens<\/h2>\n\n\n\n<p>O avan\u00e7o de plataformas de pesquisa e reserva, como comparadores de hot\u00e9is, sites de passagens a\u00e9reas e intermedi\u00e1rios digitais, mudou estruturalmente o mercado em que atua\u00a0<strong><a href=\"https:\/\/www.viagenselcorteingles.pt\/europa\/espanha\" target=\"_blank\" rel=\"noreferrer noopener\">El Corte Ingl\u00e9s Viagens<\/a><\/strong>. Essas ferramentas permitem consultar em minutos tarifas, rotas e avalia\u00e7\u00f5es, favorecendo a organiza\u00e7\u00e3o independente de roteiros e reduzindo visitas \u00e0s ag\u00eancias para viagens simples.<\/p>\n\n\n\n<p>Ao mesmo tempo, o turismo de baixo custo ampliou o acesso a viagens internacionais e regionais, com companhias a\u00e9reas incentivando reservas diretas em seus sites. Para acompanhar esse cen\u00e1rio, redes consolidadas de varejo tur\u00edstico integram sistemas a plataformas digitais, combinando atendimento remoto, chat, telefone e encontros presenciais agendados, em vez de depender apenas do fluxo espont\u00e2neo nas lojas.<\/p>\n\n\n\n<h2 class=\"wp-block-heading\">Quais s\u00e3o as novas caracter\u00edsticas das lojas de El Corte Ingl\u00e9s viagens<\/h2>\n\n\n\n<p>A estrat\u00e9gia atual de&nbsp;<strong>El Corte Ingl\u00e9s viagens<\/strong>&nbsp;aposta em espa\u00e7os redesenhados, mais abertos e focados na experi\u00eancia do cliente, com \u00e1reas de espera confort\u00e1veis e zonas lounge para conversas detalhadas com consultores. A ideia \u00e9 transformar o planejamento da viagem em um momento organizado, com maior privacidade e menos filas, principalmente para roteiros complexos ou personalizados.<\/p>\n\n\n\n<p>Do ponto de vista tecnol\u00f3gico, esses escrit\u00f3rios incorporam telas de alta resolu\u00e7\u00e3o, ilumina\u00e7\u00e3o modul\u00e1vel e ferramentas digitais para apresentar destinos, roteiros e hospedagens de forma imersiva. O agendamento pr\u00e9vio de atendimento ganha protagonismo, permitindo que cada pessoa seja recebida em hor\u00e1rio definido, com um profissional dedicado a analisar perfil, prefer\u00eancias e or\u00e7amento, aumentando efici\u00eancia e satisfa\u00e7\u00e3o.<\/p>\n\n\n\n<ul class=\"wp-block-list\">\n<li>Ambientes mais confort\u00e1veis, com sof\u00e1s e \u00e1reas lounge exclusivas.<\/li>\n\n\n\n<li>Uso intensivo de telas digitais e conte\u00fados visuais atualizados.<\/li>\n\n\n\n<li>Atendimento por hora marcada, com consultores especializados por destino.<\/li>\n\n\n\n<li>Foco em pacotes personalizados e servi\u00e7os avulsos combin\u00e1veis.<\/li>\n<\/ul>\n\n\n\n<figure class=\"wp-block-image size-large\"><img loading=\"lazy\" decoding=\"async\" width=\"1024\" height=\"576\" src=\"https:\/\/www.em.com.br\/emfoco\/wp-content\/uploads\/2026\/03\/ChatGPT-Image-2-de-mar.-de-2026-14_18_01-1-1024x576.png\" alt=\"O maior alerta para o varejo tur\u00edstico espanhol\" class=\"wp-image-176380\" srcset=\"https:\/\/www.em.com.br\/emfoco\/wp-content\/uploads\/2026\/03\/ChatGPT-Image-2-de-mar.-de-2026-14_18_01-1-1024x576.png 1024w, https:\/\/www.em.com.br\/emfoco\/wp-content\/uploads\/2026\/03\/ChatGPT-Image-2-de-mar.-de-2026-14_18_01-1-300x169.png 300w, https:\/\/www.em.com.br\/emfoco\/wp-content\/uploads\/2026\/03\/ChatGPT-Image-2-de-mar.-de-2026-14_18_01-1-768x432.png 768w, https:\/\/www.em.com.br\/emfoco\/wp-content\/uploads\/2026\/03\/ChatGPT-Image-2-de-mar.-de-2026-14_18_01-1-750x422.png 750w, https:\/\/www.em.com.br\/emfoco\/wp-content\/uploads\/2026\/03\/ChatGPT-Image-2-de-mar.-de-2026-14_18_01-1-1140x641.png 1140w, https:\/\/www.em.com.br\/emfoco\/wp-content\/uploads\/2026\/03\/ChatGPT-Image-2-de-mar.-de-2026-14_18_01-1.png 1280w\" sizes=\"auto, (max-width: 1024px) 100vw, 1024px\" \/><figcaption class=\"wp-element-caption\">O maior alerta para o varejo tur\u00edstico espanhol<\/figcaption><\/figure>\n\n\n\n<h2 class=\"wp-block-heading\">Por que o atendimento humano continua essencial nas viagens do El Corte Ingl\u00e9s<\/h2>\n\n\n\n<p>Mesmo com a expans\u00e3o das reservas online, o plano de transforma\u00e7\u00e3o das ag\u00eancias de&nbsp;<strong>El Corte Ingl\u00e9s viagens<\/strong>&nbsp;mant\u00e9m o atendimento humano no centro da proposta. Consultores especializados seguem relevantes na montagem de pacotes complexos que combinam voos, hospedagem, seguros, traslados e passeios em destinos menos conhecidos, reduzindo riscos e imprevistos para o cliente.<\/p>\n\n\n\n<p>Nessas lojas renovadas, o p\u00fablico \u00e9 incentivado a buscar orienta\u00e7\u00f5es alinhadas ao pr\u00f3prio estilo de viagem, seja em fam\u00edlia, a trabalho ou de forma independente. O conhecimento local dos profissionais, somado a tecnologia e padr\u00f5es de qualidade, torna o processo de escolha mais claro, seguro e eficiente, especialmente em um contexto de retomada e maior exig\u00eancia dos viajantes.<\/p>\n\n\n\n<h2 class=\"wp-block-heading\">Qual \u00e9 o futuro das viagens com El Corte Ingl\u00e9s e como aproveit\u00e1-lo agora<\/h2>\n\n\n\n<p>Em 2026, com o turismo em recupera\u00e7\u00e3o e o consumidor mais conectado, a combina\u00e7\u00e3o de canais digitais com atendimento presencial especializado tende a se consolidar como diferencial competitivo para&nbsp;<strong>El Corte Ingl\u00e9s Viagens<\/strong>. Quem souber usar o melhor dos dois mundos \u2013 autonomia online e consultoria humana \u2013 ter\u00e1 experi\u00eancias mais personalizadas, protegidas e inteligentes.<\/p>\n\n\n\n<p>Se voc\u00ea est\u00e1 planejando uma viagem complexa ou n\u00e3o quer correr riscos com imprevistos, o momento de buscar orienta\u00e7\u00e3o \u00e9 agora. Agende o quanto antes o seu atendimento em uma loja renovada do El Corte Ingl\u00e9s viagens ou pelos canais digitais, garanta as melhores condi\u00e7\u00f5es poss\u00edveis e n\u00e3o deixe sua pr\u00f3xima experi\u00eancia inesquec\u00edvel para a \u00faltima hora.<\/p>\n","protected":false},"excerpt":{"rendered":"<p>O com\u00e9rcio varejista espanhol vive uma transforma\u00e7\u00e3o acelerada, com digitaliza\u00e7\u00e3o das vendas, avan\u00e7o das plataformas online e mudan\u00e7a no comportamento do consumidor. Grandes redes que antes dependiam quase s\u00f3 de lojas f\u00edsicas agora redesenham seus modelos, reduzindo pontos de venda tradicionais, investindo em formatos h\u00edbridos e fortalecendo a presen\u00e7a omnichannel para seguir competitivas. Como o [&hellip;]<\/p>\n","protected":false},"author":11,"featured_media":176384,"comment_status":"open","ping_status":"open","sticky":false,"template":"","format":"standard","meta":{"jnews-multi-image_gallery":[],"jnews_single_post":{"format":"standard"},"jnews_primary_category":[],"jnews_social_meta":[],"jnews_override_counter":[],"footnotes":""},"categories":[28,1],"tags":[25495,21364,10009,157],"class_list":["post-176362","post","type-post","status-publish","format-standard","has-post-thumbnail","hentry","category-economia","category-noticias","tag-agencias-de-viagens","tag-fechamento-de-lojas","tag-lojas","tag-turismo"],"yoast_head":"<!-- This site is optimized with the Yoast SEO plugin v23.8 - https:\/\/yoast.com\/wordpress\/plugins\/seo\/ -->\n<title>A ag\u00eancia de viagens mais famosa do pa\u00eds est\u00e1 fechando: mais de 60 lojas encerram atividades e clientes s\u00e3o impactados - Estado de Minas - Em foco<\/title>\n<meta name=\"description\" content=\"El Corte Ingl\u00e9s viagens reduz ag\u00eancias f\u00edsicas e aposta no digital. Entenda como a mudan\u00e7a impacta o turismo na Espanha.\" \/>\n<meta name=\"robots\" content=\"index, follow, max-snippet:-1, max-image-preview:large, max-video-preview:-1\" \/>\n<link rel=\"canonical\" href=\"https:\/\/www.em.com.br\/emfoco\/2026\/03\/03\/a-agencia-de-viagens-mais-famosa-do-pais-esta-fechando-mais-de-60-lojas-encerram-atividades-e-clientes-sao-impactados\/\" \/>\n<meta property=\"og:locale\" content=\"pt_BR\" \/>\n<meta property=\"og:type\" content=\"article\" \/>\n<meta property=\"og:title\" content=\"A ag\u00eancia de viagens mais famosa do pa\u00eds est\u00e1 fechando: mais de 60 lojas encerram atividades e clientes s\u00e3o impactados - Estado de Minas - Em foco\" \/>\n<meta property=\"og:description\" content=\"El Corte Ingl\u00e9s viagens reduz ag\u00eancias f\u00edsicas e aposta no digital. Entenda como a mudan\u00e7a impacta o turismo na Espanha.\" \/>\n<meta property=\"og:url\" content=\"https:\/\/www.em.com.br\/emfoco\/2026\/03\/03\/a-agencia-de-viagens-mais-famosa-do-pais-esta-fechando-mais-de-60-lojas-encerram-atividades-e-clientes-sao-impactados\/\" \/>\n<meta property=\"og:site_name\" content=\"Estado de Minas - Em foco\" \/>\n<meta property=\"article:published_time\" content=\"2026-03-03T16:45:00+00:00\" \/>\n<meta property=\"article:modified_time\" content=\"2026-03-02T20:01:46+00:00\" \/>\n<meta property=\"og:image\" content=\"https:\/\/www.em.com.br\/emfoco\/wp-content\/uploads\/2026\/03\/Gemini_Generated_Image_knv6gdknv6gdknv6-1.png\" \/>\n\t<meta property=\"og:image:width\" content=\"1280\" \/>\n\t<meta property=\"og:image:height\" content=\"720\" \/>\n\t<meta property=\"og:image:type\" content=\"image\/png\" \/>\n<meta name=\"author\" content=\"Andre\u0301 Rangel\u00a0\" \/>\n<meta name=\"twitter:card\" content=\"summary_large_image\" \/>\n<meta name=\"twitter:label1\" content=\"Escrito por\" \/>\n\t<meta name=\"twitter:data1\" content=\"Andre\u0301 Rangel\u00a0\" \/>\n\t<meta name=\"twitter:label2\" content=\"Est. tempo de leitura\" \/>\n\t<meta name=\"twitter:data2\" content=\"5 minutos\" \/>\n<!-- \/ Yoast SEO plugin. -->","yoast_head_json":{"title":"A ag\u00eancia de viagens mais famosa do pa\u00eds est\u00e1 fechando: mais de 60 lojas encerram atividades e clientes s\u00e3o impactados - Estado de Minas - Em foco","description":"El Corte Ingl\u00e9s viagens reduz ag\u00eancias f\u00edsicas e aposta no digital. Entenda como a mudan\u00e7a impacta o turismo na Espanha.","robots":{"index":"index","follow":"follow","max-snippet":"max-snippet:-1","max-image-preview":"max-image-preview:large","max-video-preview":"max-video-preview:-1"},"canonical":"https:\/\/www.em.com.br\/emfoco\/2026\/03\/03\/a-agencia-de-viagens-mais-famosa-do-pais-esta-fechando-mais-de-60-lojas-encerram-atividades-e-clientes-sao-impactados\/","og_locale":"pt_BR","og_type":"article","og_title":"A ag\u00eancia de viagens mais famosa do pa\u00eds est\u00e1 fechando: mais de 60 lojas encerram atividades e clientes s\u00e3o impactados - Estado de Minas - Em foco","og_description":"El Corte Ingl\u00e9s viagens reduz ag\u00eancias f\u00edsicas e aposta no digital. Entenda como a mudan\u00e7a impacta o turismo na Espanha.","og_url":"https:\/\/www.em.com.br\/emfoco\/2026\/03\/03\/a-agencia-de-viagens-mais-famosa-do-pais-esta-fechando-mais-de-60-lojas-encerram-atividades-e-clientes-sao-impactados\/","og_site_name":"Estado de Minas - Em foco","article_published_time":"2026-03-03T16:45:00+00:00","article_modified_time":"2026-03-02T20:01:46+00:00","og_image":[{"width":1280,"height":720,"url":"https:\/\/www.em.com.br\/emfoco\/wp-content\/uploads\/2026\/03\/Gemini_Generated_Image_knv6gdknv6gdknv6-1.png","type":"image\/png"}],"author":"Andre\u0301 Rangel\u00a0","twitter_card":"summary_large_image","twitter_misc":{"Escrito por":"Andre\u0301 Rangel\u00a0","Est. tempo de leitura":"5 minutos"},"schema":{"@context":"https:\/\/schema.org","@graph":[{"@type":"WebPage","@id":"https:\/\/www.em.com.br\/emfoco\/2026\/03\/03\/a-agencia-de-viagens-mais-famosa-do-pais-esta-fechando-mais-de-60-lojas-encerram-atividades-e-clientes-sao-impactados\/","url":"https:\/\/www.em.com.br\/emfoco\/2026\/03\/03\/a-agencia-de-viagens-mais-famosa-do-pais-esta-fechando-mais-de-60-lojas-encerram-atividades-e-clientes-sao-impactados\/","name":"A ag\u00eancia de viagens mais famosa do pa\u00eds est\u00e1 fechando: mais de 60 lojas encerram atividades e clientes s\u00e3o impactados - Estado de Minas - Em foco","isPartOf":{"@id":"https:\/\/www.em.com.br\/emfoco\/#website"},"primaryImageOfPage":{"@id":"https:\/\/www.em.com.br\/emfoco\/2026\/03\/03\/a-agencia-de-viagens-mais-famosa-do-pais-esta-fechando-mais-de-60-lojas-encerram-atividades-e-clientes-sao-impactados\/#primaryimage"},"image":{"@id":"https:\/\/www.em.com.br\/emfoco\/2026\/03\/03\/a-agencia-de-viagens-mais-famosa-do-pais-esta-fechando-mais-de-60-lojas-encerram-atividades-e-clientes-sao-impactados\/#primaryimage"},"thumbnailUrl":"https:\/\/www.em.com.br\/emfoco\/wp-content\/uploads\/2026\/03\/Gemini_Generated_Image_knv6gdknv6gdknv6-1.png","datePublished":"2026-03-03T16:45:00+00:00","dateModified":"2026-03-02T20:01:46+00:00","author":{"@id":"https:\/\/www.em.com.br\/emfoco\/#\/schema\/person\/60eda09c1fedf0d6891f4cef4b60b8b8"},"description":"El Corte Ingl\u00e9s viagens reduz ag\u00eancias f\u00edsicas e aposta no digital. Entenda como a mudan\u00e7a impacta o turismo na Espanha.","breadcrumb":{"@id":"https:\/\/www.em.com.br\/emfoco\/2026\/03\/03\/a-agencia-de-viagens-mais-famosa-do-pais-esta-fechando-mais-de-60-lojas-encerram-atividades-e-clientes-sao-impactados\/#breadcrumb"},"inLanguage":"pt-BR","potentialAction":[{"@type":"ReadAction","target":["https:\/\/www.em.com.br\/emfoco\/2026\/03\/03\/a-agencia-de-viagens-mais-famosa-do-pais-esta-fechando-mais-de-60-lojas-encerram-atividades-e-clientes-sao-impactados\/"]}]},{"@type":"ImageObject","inLanguage":"pt-BR","@id":"https:\/\/www.em.com.br\/emfoco\/2026\/03\/03\/a-agencia-de-viagens-mais-famosa-do-pais-esta-fechando-mais-de-60-lojas-encerram-atividades-e-clientes-sao-impactados\/#primaryimage","url":"https:\/\/www.em.com.br\/emfoco\/wp-content\/uploads\/2026\/03\/Gemini_Generated_Image_knv6gdknv6gdknv6-1.png","contentUrl":"https:\/\/www.em.com.br\/emfoco\/wp-content\/uploads\/2026\/03\/Gemini_Generated_Image_knv6gdknv6gdknv6-1.png","width":1280,"height":720,"caption":"O maior alerta para o varejo tur\u00edstico espanhol"},{"@type":"BreadcrumbList","@id":"https:\/\/www.em.com.br\/emfoco\/2026\/03\/03\/a-agencia-de-viagens-mais-famosa-do-pais-esta-fechando-mais-de-60-lojas-encerram-atividades-e-clientes-sao-impactados\/#breadcrumb","itemListElement":[{"@type":"ListItem","position":1,"name":"In\u00edcio","item":"https:\/\/www.em.com.br\/emfoco\/"},{"@type":"ListItem","position":2,"name":"A ag\u00eancia de viagens mais famosa do pa\u00eds est\u00e1 fechando: mais de 60 lojas encerram atividades e clientes s\u00e3o impactados"}]},{"@type":"WebSite","@id":"https:\/\/www.em.com.br\/emfoco\/#website","url":"https:\/\/www.em.com.br\/emfoco\/","name":"Estado de Minas - Em foco","description":"Acompanhe as \u00faltimas not\u00edcias e fique bem informado sobre tudo o que acontece em Minas Gerais, Brasil e no mundo.","potentialAction":[{"@type":"SearchAction","target":{"@type":"EntryPoint","urlTemplate":"https:\/\/www.em.com.br\/emfoco\/?s={search_term_string}"},"query-input":{"@type":"PropertyValueSpecification","valueRequired":true,"valueName":"search_term_string"}}],"inLanguage":"pt-BR"},{"@type":"Person","@id":"https:\/\/www.em.com.br\/emfoco\/#\/schema\/person\/60eda09c1fedf0d6891f4cef4b60b8b8","name":"Andre\u0301 Rangel\u00a0","image":{"@type":"ImageObject","inLanguage":"pt-BR","@id":"https:\/\/www.em.com.br\/emfoco\/#\/schema\/person\/image\/","url":"https:\/\/secure.gravatar.com\/avatar\/6234dc814c77c8ef6d8bba622c787efc?s=96&d=mm&r=g","contentUrl":"https:\/\/secure.gravatar.com\/avatar\/6234dc814c77c8ef6d8bba622c787efc?s=96&d=mm&r=g","caption":"Andre\u0301 Rangel\u00a0"},"url":"https:\/\/www.em.com.br\/emfoco\/author\/luizmyth\/"}]}},"_links":{"self":[{"href":"https:\/\/www.em.com.br\/emfoco\/wp-json\/wp\/v2\/posts\/176362","targetHints":{"allow":["GET"]}}],"collection":[{"href":"https:\/\/www.em.com.br\/emfoco\/wp-json\/wp\/v2\/posts"}],"about":[{"href":"https:\/\/www.em.com.br\/emfoco\/wp-json\/wp\/v2\/types\/post"}],"author":[{"embeddable":true,"href":"https:\/\/www.em.com.br\/emfoco\/wp-json\/wp\/v2\/users\/11"}],"replies":[{"embeddable":true,"href":"https:\/\/www.em.com.br\/emfoco\/wp-json\/wp\/v2\/comments?post=176362"}],"version-history":[{"count":5,"href":"https:\/\/www.em.com.br\/emfoco\/wp-json\/wp\/v2\/posts\/176362\/revisions"}],"predecessor-version":[{"id":176387,"href":"https:\/\/www.em.com.br\/emfoco\/wp-json\/wp\/v2\/posts\/176362\/revisions\/176387"}],"wp:featuredmedia":[{"embeddable":true,"href":"https:\/\/www.em.com.br\/emfoco\/wp-json\/wp\/v2\/media\/176384"}],"wp:attachment":[{"href":"https:\/\/www.em.com.br\/emfoco\/wp-json\/wp\/v2\/media?parent=176362"}],"wp:term":[{"taxonomy":"category","embeddable":true,"href":"https:\/\/www.em.com.br\/emfoco\/wp-json\/wp\/v2\/categories?post=176362"},{"taxonomy":"post_tag","embeddable":true,"href":"https:\/\/www.em.com.br\/emfoco\/wp-json\/wp\/v2\/tags?post=176362"}],"curies":[{"name":"wp","href":"https:\/\/api.w.org\/{rel}","templated":true}]}}