{"id":176233,"date":"2026-03-04T13:35:00","date_gmt":"2026-03-04T16:35:00","guid":{"rendered":"https:\/\/www.em.com.br\/emfoco\/?p=176233"},"modified":"2026-03-02T13:35:21","modified_gmt":"2026-03-02T16:35:21","slug":"a-festa-de-fim-de-ano-saiu-do-controle-ela-cometeu-um-deslize-que-ninguem-imaginava-e-perdeu-o-emprego-imediatamente","status":"publish","type":"post","link":"https:\/\/www.em.com.br\/emfoco\/2026\/03\/04\/a-festa-de-fim-de-ano-saiu-do-controle-ela-cometeu-um-deslize-que-ninguem-imaginava-e-perdeu-o-emprego-imediatamente\/","title":{"rendered":"A festa de fim de ano saiu do controle, ela cometeu um deslize que ningu\u00e9m imaginava e perdeu o emprego imediatamente"},"content":{"rendered":"\n<p>Uma <strong>festa de fim de ano da empresa<\/strong> terminou de forma inesperada para uma jovem que perdeu o emprego ap\u00f3s exagerar na bebida. O caso viralizou nas redes sociais depois que ela publicou a carta de demiss\u00e3o recebida do RH.<\/p>\n\n\n\n<h2 class=\"wp-block-heading\">O que aconteceu na festa de confraterniza\u00e7\u00e3o?<\/h2>\n\n\n\n<p>A jovem participou da <strong><a href=\"https:\/\/experiencelounge.com.br\/blog\/confraternizacao-de-empresa\/\" target=\"_blank\" rel=\"noreferrer noopener\">confraterniza\u00e7\u00e3o corporativa<\/a><\/strong> de Natal e, segundo relatou no TikTok, prometeu que se comportaria. No entanto, acabou bebendo al\u00e9m da conta e se envolveu em um incidente que resultou em consequ\u00eancias profissionais imediatas.<\/p>\n\n\n\n<p>Embora n\u00e3o tenha detalhado o ocorrido, ela afirmou que a situa\u00e7\u00e3o foi considerada grave pela empresa. O epis\u00f3dio teria ocorrido durante o evento oficial com colegas e gestores, o que aumentou o impacto na <strong>reputa\u00e7\u00e3o interna<\/strong>.<\/p>\n\n\n\n<figure class=\"wp-block-image size-large\"><img loading=\"lazy\" decoding=\"async\" width=\"1024\" height=\"576\" src=\"https:\/\/www.em.com.br\/emfoco\/wp-content\/uploads\/2026\/03\/4-3-1024x576.jpg\" alt=\"A festa de fim de ano saiu do controle, ela cometeu um deslize que ningu\u00e9m imaginava e perdeu o emprego imediatamente\" class=\"wp-image-176307\" srcset=\"https:\/\/www.em.com.br\/emfoco\/wp-content\/uploads\/2026\/03\/4-3-1024x576.jpg 1024w, https:\/\/www.em.com.br\/emfoco\/wp-content\/uploads\/2026\/03\/4-3-300x169.jpg 300w, https:\/\/www.em.com.br\/emfoco\/wp-content\/uploads\/2026\/03\/4-3-768x432.jpg 768w, https:\/\/www.em.com.br\/emfoco\/wp-content\/uploads\/2026\/03\/4-3-750x422.jpg 750w, https:\/\/www.em.com.br\/emfoco\/wp-content\/uploads\/2026\/03\/4-3-1140x641.jpg 1140w, https:\/\/www.em.com.br\/emfoco\/wp-content\/uploads\/2026\/03\/4-3.jpg 1280w\" sizes=\"auto, (max-width: 1024px) 100vw, 1024px\" \/><figcaption class=\"wp-element-caption\">Incidente grave durante evento oficial resultou em desligamento imediato da funcion\u00e1ria<\/figcaption><\/figure>\n\n\n\n<h2 class=\"wp-block-heading\">O que dizia a carta de demiss\u00e3o?<\/h2>\n\n\n\n<p>No v\u00eddeo publicado, \u00e9 poss\u00edvel ler trechos da notifica\u00e7\u00e3o enviada pelo departamento de recursos humanos. O documento formaliza a decis\u00e3o e aponta os motivos que levaram ao desligamento, conforme descrito nos pontos abaixo.<\/p>\n\n\n\n<ul class=\"wp-block-list\">\n<li><strong>Investiga\u00e7\u00e3o interna conclu\u00edda<\/strong>: o RH informou que apurou os acontecimentos da festa antes de tomar qualquer decis\u00e3o formal.<\/li>\n\n\n\n<li><strong>Risco \u00e0 imagem da empresa<\/strong>: a conduta foi classificada como prejudicial \u00e0 reputa\u00e7\u00e3o institucional, sendo considerada falta grave.<\/li>\n\n\n\n<li><strong>Contrato em per\u00edodo probat\u00f3rio<\/strong>: como ela ainda estava nos tr\u00eas primeiros meses de experi\u00eancia, a rescis\u00e3o ocorreu com menos obst\u00e1culos legais.<\/li>\n<\/ul>\n\n\n\n<h2 class=\"wp-block-heading\">Por que o v\u00eddeo viralizou nas redes sociais?<\/h2>\n\n\n\n<p>A publica\u00e7\u00e3o ultrapassou dois milh\u00f5es de visualiza\u00e7\u00f5es e acumulou mais de 100 mil coment\u00e1rios. O uso da m\u00fasica <strong>Right Round<\/strong>, associada a cenas de exagero alco\u00f3lico, refor\u00e7ou o tom ir\u00f4nico do relato.<\/p>\n\n\n\n<p>A curiosidade dos seguidores aumentou porque ela n\u00e3o revelou o que realmente aconteceu. A aus\u00eancia de detalhes alimentou especula\u00e7\u00f5es e transformou o epis\u00f3dio em um dos assuntos mais comentados no <strong><a href=\"https:\/\/www.em.com.br\/emfoco\/2026\/02\/10\/a-pochete-viral-do-tiktok-esta-a-venda-a-versao-mais-chique-que-todo-mundo-quer\/\" target=\"_blank\" rel=\"noreferrer noopener\">TikTok<\/a><\/strong>.<\/p>\n\n\n\n<figure class=\"wp-block-image size-large\"><img loading=\"lazy\" decoding=\"async\" width=\"1024\" height=\"576\" src=\"https:\/\/www.em.com.br\/emfoco\/wp-content\/uploads\/2026\/03\/3-3-1024x576.jpg\" alt=\"A festa de fim de ano saiu do controle, ela cometeu um deslize que ningu\u00e9m imaginava e perdeu o emprego imediatamente\" class=\"wp-image-176306\" srcset=\"https:\/\/www.em.com.br\/emfoco\/wp-content\/uploads\/2026\/03\/3-3-1024x576.jpg 1024w, https:\/\/www.em.com.br\/emfoco\/wp-content\/uploads\/2026\/03\/3-3-300x169.jpg 300w, https:\/\/www.em.com.br\/emfoco\/wp-content\/uploads\/2026\/03\/3-3-768x432.jpg 768w, https:\/\/www.em.com.br\/emfoco\/wp-content\/uploads\/2026\/03\/3-3-750x422.jpg 750w, https:\/\/www.em.com.br\/emfoco\/wp-content\/uploads\/2026\/03\/3-3-1140x641.jpg 1140w, https:\/\/www.em.com.br\/emfoco\/wp-content\/uploads\/2026\/03\/3-3.jpg 1280w\" sizes=\"auto, (max-width: 1024px) 100vw, 1024px\" \/><figcaption class=\"wp-element-caption\">Eventos corporativos exigem cautela para preservar a carreira e reputa\u00e7\u00e3o profissional<\/figcaption><\/figure>\n\n\n\n<h2 class=\"wp-block-heading\">O que esse caso ensina sobre festas corporativas?<\/h2>\n\n\n\n<p>Eventos de empresa misturam ambiente informal e rela\u00e7\u00f5es profissionais, o que exige cautela. Mesmo em clima de celebra\u00e7\u00e3o, atitudes impulsivas podem gerar consequ\u00eancias reais, como mostra o caso que viralizou nas redes.<\/p>\n\n\n\n<ul class=\"wp-block-list\">\n<li><strong>Ambiente festivo n\u00e3o elimina regras<\/strong>: mesmo fora do expediente, o comportamento pode impactar a carreira e a imagem profissional.<\/li>\n\n\n\n<li><strong>Per\u00edodo de experi\u00eancia exige aten\u00e7\u00e3o redobrada<\/strong>: funcion\u00e1rios em fase probat\u00f3ria t\u00eam menor estabilidade contratual.<\/li>\n\n\n\n<li><strong>Exposi\u00e7\u00e3o nas redes amplia repercuss\u00e3o<\/strong>: compartilhar situa\u00e7\u00f5es delicadas pode intensificar julgamentos e efeitos na vida profissional.<\/li>\n<\/ul>\n\n\n\n<h2 class=\"wp-block-heading\">Ela revelou o que realmente aconteceu?<\/h2>\n\n\n\n<p>Apesar da press\u00e3o dos seguidores, a jovem afirmou que n\u00e3o poderia divulgar detalhes do incidente. Segundo ela, outra pessoa tamb\u00e9m esteve envolvida, mas conseguiu manter o emprego ap\u00f3s o epis\u00f3dio.<\/p>\n\n\n\n<p>Com a repercuss\u00e3o crescente, decidiu desativar os coment\u00e1rios e encerrar o assunto. O caso serve como alerta sobre limites em <strong>eventos corporativos<\/strong> e como decis\u00f5es impulsivas podem mudar rumos profissionais rapidamente.<\/p>\n","protected":false},"excerpt":{"rendered":"<p>Uma festa de fim de ano da empresa terminou de forma inesperada para uma jovem que perdeu o emprego ap\u00f3s exagerar na bebida. O caso viralizou nas redes sociais depois que ela publicou a carta de demiss\u00e3o recebida do RH. O que aconteceu na festa de confraterniza\u00e7\u00e3o? A jovem participou da confraterniza\u00e7\u00e3o corporativa de Natal [&hellip;]<\/p>\n","protected":false},"author":13,"featured_media":176308,"comment_status":"open","ping_status":"open","sticky":false,"template":"","format":"standard","meta":{"jnews-multi-image_gallery":[],"jnews_single_post":{"format":"standard"},"jnews_primary_category":[],"jnews_social_meta":[],"jnews_override_counter":[],"footnotes":""},"categories":[28],"tags":[25481,2287],"class_list":["post-176233","post","type-post","status-publish","format-standard","has-post-thumbnail","hentry","category-economia","tag-confraternizacao-de-empresa","tag-demissao"],"yoast_head":"<!-- This site is optimized with the Yoast SEO plugin v23.8 - https:\/\/yoast.com\/wordpress\/plugins\/seo\/ -->\n<title>A festa de fim de ano saiu do controle, ela cometeu um deslize que ningu\u00e9m imaginava e perdeu o emprego imediatamente - Estado de Minas - Em foco<\/title>\n<meta name=\"description\" content=\"Jovem se envolveu em um incidente durante a festa da empresa e acabou demitida ap\u00f3s divulga\u00e7\u00e3o da carta do RH no TikTok.\" \/>\n<meta name=\"robots\" content=\"index, follow, max-snippet:-1, max-image-preview:large, max-video-preview:-1\" \/>\n<link rel=\"canonical\" href=\"https:\/\/www.em.com.br\/emfoco\/2026\/03\/04\/a-festa-de-fim-de-ano-saiu-do-controle-ela-cometeu-um-deslize-que-ninguem-imaginava-e-perdeu-o-emprego-imediatamente\/\" \/>\n<meta property=\"og:locale\" content=\"pt_BR\" \/>\n<meta property=\"og:type\" content=\"article\" \/>\n<meta property=\"og:title\" content=\"A festa de fim de ano saiu do controle, ela cometeu um deslize que ningu\u00e9m imaginava e perdeu o emprego imediatamente - Estado de Minas - Em foco\" \/>\n<meta property=\"og:description\" content=\"Jovem se envolveu em um incidente durante a festa da empresa e acabou demitida ap\u00f3s divulga\u00e7\u00e3o da carta do RH no TikTok.\" \/>\n<meta property=\"og:url\" content=\"https:\/\/www.em.com.br\/emfoco\/2026\/03\/04\/a-festa-de-fim-de-ano-saiu-do-controle-ela-cometeu-um-deslize-que-ninguem-imaginava-e-perdeu-o-emprego-imediatamente\/\" \/>\n<meta property=\"og:site_name\" content=\"Estado de Minas - Em foco\" \/>\n<meta property=\"article:published_time\" content=\"2026-03-04T16:35:00+00:00\" \/>\n<meta property=\"article:modified_time\" content=\"2026-03-02T16:35:21+00:00\" \/>\n<meta property=\"og:image\" content=\"https:\/\/www.em.com.br\/emfoco\/wp-content\/uploads\/2026\/03\/5-2.jpg\" \/>\n\t<meta property=\"og:image:width\" content=\"1280\" \/>\n\t<meta property=\"og:image:height\" content=\"720\" \/>\n\t<meta property=\"og:image:type\" content=\"image\/jpeg\" \/>\n<meta name=\"author\" content=\"Gabriel Martins\" \/>\n<meta name=\"twitter:card\" content=\"summary_large_image\" \/>\n<meta name=\"twitter:label1\" content=\"Escrito por\" \/>\n\t<meta name=\"twitter:data1\" content=\"Gabriel Martins\" \/>\n\t<meta name=\"twitter:label2\" content=\"Est. tempo de leitura\" \/>\n\t<meta name=\"twitter:data2\" content=\"4 minutos\" \/>\n<!-- \/ Yoast SEO plugin. -->","yoast_head_json":{"title":"A festa de fim de ano saiu do controle, ela cometeu um deslize que ningu\u00e9m imaginava e perdeu o emprego imediatamente - Estado de Minas - Em foco","description":"Jovem se envolveu em um incidente durante a festa da empresa e acabou demitida ap\u00f3s divulga\u00e7\u00e3o da carta do RH no TikTok.","robots":{"index":"index","follow":"follow","max-snippet":"max-snippet:-1","max-image-preview":"max-image-preview:large","max-video-preview":"max-video-preview:-1"},"canonical":"https:\/\/www.em.com.br\/emfoco\/2026\/03\/04\/a-festa-de-fim-de-ano-saiu-do-controle-ela-cometeu-um-deslize-que-ninguem-imaginava-e-perdeu-o-emprego-imediatamente\/","og_locale":"pt_BR","og_type":"article","og_title":"A festa de fim de ano saiu do controle, ela cometeu um deslize que ningu\u00e9m imaginava e perdeu o emprego imediatamente - Estado de Minas - Em foco","og_description":"Jovem se envolveu em um incidente durante a festa da empresa e acabou demitida ap\u00f3s divulga\u00e7\u00e3o da carta do RH no TikTok.","og_url":"https:\/\/www.em.com.br\/emfoco\/2026\/03\/04\/a-festa-de-fim-de-ano-saiu-do-controle-ela-cometeu-um-deslize-que-ninguem-imaginava-e-perdeu-o-emprego-imediatamente\/","og_site_name":"Estado de Minas - Em foco","article_published_time":"2026-03-04T16:35:00+00:00","article_modified_time":"2026-03-02T16:35:21+00:00","og_image":[{"width":1280,"height":720,"url":"https:\/\/www.em.com.br\/emfoco\/wp-content\/uploads\/2026\/03\/5-2.jpg","type":"image\/jpeg"}],"author":"Gabriel Martins","twitter_card":"summary_large_image","twitter_misc":{"Escrito por":"Gabriel Martins","Est. tempo de leitura":"4 minutos"},"schema":{"@context":"https:\/\/schema.org","@graph":[{"@type":"WebPage","@id":"https:\/\/www.em.com.br\/emfoco\/2026\/03\/04\/a-festa-de-fim-de-ano-saiu-do-controle-ela-cometeu-um-deslize-que-ninguem-imaginava-e-perdeu-o-emprego-imediatamente\/","url":"https:\/\/www.em.com.br\/emfoco\/2026\/03\/04\/a-festa-de-fim-de-ano-saiu-do-controle-ela-cometeu-um-deslize-que-ninguem-imaginava-e-perdeu-o-emprego-imediatamente\/","name":"A festa de fim de ano saiu do controle, ela cometeu um deslize que ningu\u00e9m imaginava e perdeu o emprego imediatamente - Estado de Minas - Em foco","isPartOf":{"@id":"https:\/\/www.em.com.br\/emfoco\/#website"},"primaryImageOfPage":{"@id":"https:\/\/www.em.com.br\/emfoco\/2026\/03\/04\/a-festa-de-fim-de-ano-saiu-do-controle-ela-cometeu-um-deslize-que-ninguem-imaginava-e-perdeu-o-emprego-imediatamente\/#primaryimage"},"image":{"@id":"https:\/\/www.em.com.br\/emfoco\/2026\/03\/04\/a-festa-de-fim-de-ano-saiu-do-controle-ela-cometeu-um-deslize-que-ninguem-imaginava-e-perdeu-o-emprego-imediatamente\/#primaryimage"},"thumbnailUrl":"https:\/\/www.em.com.br\/emfoco\/wp-content\/uploads\/2026\/03\/5-2.jpg","datePublished":"2026-03-04T16:35:00+00:00","dateModified":"2026-03-02T16:35:21+00:00","author":{"@id":"https:\/\/www.em.com.br\/emfoco\/#\/schema\/person\/1c9ddeab18b98abeffef834667bcf08a"},"description":"Jovem se envolveu em um incidente durante a festa da empresa e acabou demitida ap\u00f3s divulga\u00e7\u00e3o da carta do RH no TikTok.","breadcrumb":{"@id":"https:\/\/www.em.com.br\/emfoco\/2026\/03\/04\/a-festa-de-fim-de-ano-saiu-do-controle-ela-cometeu-um-deslize-que-ninguem-imaginava-e-perdeu-o-emprego-imediatamente\/#breadcrumb"},"inLanguage":"pt-BR","potentialAction":[{"@type":"ReadAction","target":["https:\/\/www.em.com.br\/emfoco\/2026\/03\/04\/a-festa-de-fim-de-ano-saiu-do-controle-ela-cometeu-um-deslize-que-ninguem-imaginava-e-perdeu-o-emprego-imediatamente\/"]}]},{"@type":"ImageObject","inLanguage":"pt-BR","@id":"https:\/\/www.em.com.br\/emfoco\/2026\/03\/04\/a-festa-de-fim-de-ano-saiu-do-controle-ela-cometeu-um-deslize-que-ninguem-imaginava-e-perdeu-o-emprego-imediatamente\/#primaryimage","url":"https:\/\/www.em.com.br\/emfoco\/wp-content\/uploads\/2026\/03\/5-2.jpg","contentUrl":"https:\/\/www.em.com.br\/emfoco\/wp-content\/uploads\/2026\/03\/5-2.jpg","width":1280,"height":720,"caption":"Jovem perde emprego ap\u00f3s comportamento inadequado em festa de confraterniza\u00e7\u00e3o corporativa"},{"@type":"BreadcrumbList","@id":"https:\/\/www.em.com.br\/emfoco\/2026\/03\/04\/a-festa-de-fim-de-ano-saiu-do-controle-ela-cometeu-um-deslize-que-ninguem-imaginava-e-perdeu-o-emprego-imediatamente\/#breadcrumb","itemListElement":[{"@type":"ListItem","position":1,"name":"In\u00edcio","item":"https:\/\/www.em.com.br\/emfoco\/"},{"@type":"ListItem","position":2,"name":"A festa de fim de ano saiu do controle, ela cometeu um deslize que ningu\u00e9m imaginava e perdeu o emprego imediatamente"}]},{"@type":"WebSite","@id":"https:\/\/www.em.com.br\/emfoco\/#website","url":"https:\/\/www.em.com.br\/emfoco\/","name":"Estado de Minas - Em foco","description":"Acompanhe as \u00faltimas not\u00edcias e fique bem informado sobre tudo o que acontece em Minas Gerais, Brasil e no mundo.","potentialAction":[{"@type":"SearchAction","target":{"@type":"EntryPoint","urlTemplate":"https:\/\/www.em.com.br\/emfoco\/?s={search_term_string}"},"query-input":{"@type":"PropertyValueSpecification","valueRequired":true,"valueName":"search_term_string"}}],"inLanguage":"pt-BR"},{"@type":"Person","@id":"https:\/\/www.em.com.br\/emfoco\/#\/schema\/person\/1c9ddeab18b98abeffef834667bcf08a","name":"Gabriel Martins","image":{"@type":"ImageObject","inLanguage":"pt-BR","@id":"https:\/\/www.em.com.br\/emfoco\/#\/schema\/person\/image\/","url":"https:\/\/secure.gravatar.com\/avatar\/f0f1e2efdfd88f1ad2cb08c5c2731e50?s=96&d=mm&r=g","contentUrl":"https:\/\/secure.gravatar.com\/avatar\/f0f1e2efdfd88f1ad2cb08c5c2731e50?s=96&d=mm&r=g","caption":"Gabriel Martins"},"sameAs":["https:\/\/www.em.com.br\/emfoco\/"],"url":"https:\/\/www.em.com.br\/emfoco\/author\/gabrielmartinsmyth\/"}]}},"_links":{"self":[{"href":"https:\/\/www.em.com.br\/emfoco\/wp-json\/wp\/v2\/posts\/176233","targetHints":{"allow":["GET"]}}],"collection":[{"href":"https:\/\/www.em.com.br\/emfoco\/wp-json\/wp\/v2\/posts"}],"about":[{"href":"https:\/\/www.em.com.br\/emfoco\/wp-json\/wp\/v2\/types\/post"}],"author":[{"embeddable":true,"href":"https:\/\/www.em.com.br\/emfoco\/wp-json\/wp\/v2\/users\/13"}],"replies":[{"embeddable":true,"href":"https:\/\/www.em.com.br\/emfoco\/wp-json\/wp\/v2\/comments?post=176233"}],"version-history":[{"count":1,"href":"https:\/\/www.em.com.br\/emfoco\/wp-json\/wp\/v2\/posts\/176233\/revisions"}],"predecessor-version":[{"id":176323,"href":"https:\/\/www.em.com.br\/emfoco\/wp-json\/wp\/v2\/posts\/176233\/revisions\/176323"}],"wp:featuredmedia":[{"embeddable":true,"href":"https:\/\/www.em.com.br\/emfoco\/wp-json\/wp\/v2\/media\/176308"}],"wp:attachment":[{"href":"https:\/\/www.em.com.br\/emfoco\/wp-json\/wp\/v2\/media?parent=176233"}],"wp:term":[{"taxonomy":"category","embeddable":true,"href":"https:\/\/www.em.com.br\/emfoco\/wp-json\/wp\/v2\/categories?post=176233"},{"taxonomy":"post_tag","embeddable":true,"href":"https:\/\/www.em.com.br\/emfoco\/wp-json\/wp\/v2\/tags?post=176233"}],"curies":[{"name":"wp","href":"https:\/\/api.w.org\/{rel}","templated":true}]}}