{"id":176232,"date":"2026-03-04T11:55:00","date_gmt":"2026-03-04T14:55:00","guid":{"rendered":"https:\/\/www.em.com.br\/emfoco\/?p=176232"},"modified":"2026-03-02T13:34:35","modified_gmt":"2026-03-02T16:34:35","slug":"aposentadoria-especial-e-liberada-para-motorista-apos-laudo-revelar-condicao-prejudicial-nao-reconhecida-antes","status":"publish","type":"post","link":"https:\/\/www.em.com.br\/emfoco\/2026\/03\/04\/aposentadoria-especial-e-liberada-para-motorista-apos-laudo-revelar-condicao-prejudicial-nao-reconhecida-antes\/","title":{"rendered":"Aposentadoria especial \u00e9 liberada para motorista ap\u00f3s laudo revelar condi\u00e7\u00e3o prejudicial n\u00e3o reconhecida antes"},"content":{"rendered":"\n<p>Uma decis\u00e3o do <strong>TRF 3<\/strong> reconheceu o direito \u00e0 <strong>aposentadoria especial para motorista de \u00f4nibus<\/strong> exposto \u00e0 vibra\u00e7\u00e3o acima dos limites legais por mais de 25 anos. O tribunal determinou que o INSS conceda o benef\u00edcio ap\u00f3s laudo confirmar a nocividade.<\/p>\n\n\n\n<h2 class=\"wp-block-heading\">Por que a vibra\u00e7\u00e3o virou o centro da decis\u00e3o?<\/h2>\n\n\n\n<p>A 8\u00aa Turma do <strong><a href=\"https:\/\/www.trf3.jus.br\/\" target=\"_blank\" rel=\"noreferrer noopener\">Tribunal Regional Federal da 3\u00aa Regi\u00e3o<\/a><\/strong> entendeu que a vibra\u00e7\u00e3o constante do ve\u00edculo pode ser considerada agente nocivo \u00e0 sa\u00fade quando ultrapassa os par\u00e2metros previstos na legisla\u00e7\u00e3o previdenci\u00e1ria.<\/p>\n\n\n\n<p>A relatora, desembargadora federal Louise Filgueiras, destacou que o reconhecimento da <strong>atividade especial<\/strong> depende da comprova\u00e7\u00e3o t\u00e9cnica da exposi\u00e7\u00e3o acima do limite, independentemente do cargo descrito no contrato.<\/p>\n\n\n\n<figure class=\"wp-block-image size-large\"><img loading=\"lazy\" decoding=\"async\" width=\"1024\" height=\"576\" src=\"https:\/\/www.em.com.br\/emfoco\/wp-content\/uploads\/2026\/03\/7-2-1024x576.jpg\" alt=\"Aposentadoria especial \u00e9 liberada para motorista ap\u00f3s laudo revelar condi\u00e7\u00e3o prejudicial n\u00e3o reconhecida antes\" class=\"wp-image-176310\" srcset=\"https:\/\/www.em.com.br\/emfoco\/wp-content\/uploads\/2026\/03\/7-2-1024x576.jpg 1024w, https:\/\/www.em.com.br\/emfoco\/wp-content\/uploads\/2026\/03\/7-2-300x169.jpg 300w, https:\/\/www.em.com.br\/emfoco\/wp-content\/uploads\/2026\/03\/7-2-768x432.jpg 768w, https:\/\/www.em.com.br\/emfoco\/wp-content\/uploads\/2026\/03\/7-2-750x422.jpg 750w, https:\/\/www.em.com.br\/emfoco\/wp-content\/uploads\/2026\/03\/7-2-1140x641.jpg 1140w, https:\/\/www.em.com.br\/emfoco\/wp-content\/uploads\/2026\/03\/7-2.jpg 1280w\" sizes=\"auto, (max-width: 1024px) 100vw, 1024px\" \/><figcaption class=\"wp-element-caption\">Exposi\u00e7\u00e3o constante acima dos limites legais prejudica a sa\u00fade do trabalhador<\/figcaption><\/figure>\n\n\n\n<h2 class=\"wp-block-heading\">Como o motorista foi equiparado a outras fun\u00e7\u00f5es?<\/h2>\n\n\n\n<p>O tribunal adotou entendimento j\u00e1 aceito na jurisprud\u00eancia e pelo pr\u00f3prio INSS, equiparando o motorista de \u00f4nibus a outras fun\u00e7\u00f5es sujeitas \u00e0 vibra\u00e7\u00e3o intensa. Entre as atividades consideradas semelhantes est\u00e3o as listadas a seguir.<\/p>\n\n\n\n<ul class=\"wp-block-list\">\n<li><strong>Tratorista<\/strong>, tradicionalmente enquadrado por exposi\u00e7\u00e3o a vibra\u00e7\u00e3o mec\u00e2nica constante.<\/li>\n\n\n\n<li><strong>Motorista de caminh\u00e3o<\/strong>, que tamb\u00e9m sofre impactos prolongados da condu\u00e7\u00e3o em vias irregulares.<\/li>\n\n\n\n<li><strong>Cobradores e ajudantes<\/strong>, quando comprovada a mesma condi\u00e7\u00e3o ambiental nociva.<\/li>\n<\/ul>\n\n\n\n<h2 class=\"wp-block-heading\">O que a per\u00edcia judicial comprovou no processo?<\/h2>\n\n\n\n<p>Na primeira an\u00e1lise, parte do per\u00edodo entre 1986 e 2013 foi reconhecida como especial. Contudo, a controv\u00e9rsia envolveu mudan\u00e7as nos <strong>limites legais de vibra\u00e7\u00e3o<\/strong> ao longo dos anos.<\/p>\n\n\n\n<p>O laudo pericial judicial comprovou que a exposi\u00e7\u00e3o permaneceu acima do limite at\u00e9 2014. Com isso, o tempo especial foi ampliado e superou o requisito m\u00ednimo de <strong>25 anos de atividade nociva<\/strong>.<\/p>\n\n\n\n<figure class=\"wp-block-image size-large\"><img loading=\"lazy\" decoding=\"async\" width=\"1024\" height=\"576\" src=\"https:\/\/www.em.com.br\/emfoco\/wp-content\/uploads\/2026\/03\/6-2-1024x576.jpg\" alt=\"Aposentadoria especial \u00e9 liberada para motorista ap\u00f3s laudo revelar condi\u00e7\u00e3o prejudicial n\u00e3o reconhecida antes\" class=\"wp-image-176309\" srcset=\"https:\/\/www.em.com.br\/emfoco\/wp-content\/uploads\/2026\/03\/6-2-1024x576.jpg 1024w, https:\/\/www.em.com.br\/emfoco\/wp-content\/uploads\/2026\/03\/6-2-300x169.jpg 300w, https:\/\/www.em.com.br\/emfoco\/wp-content\/uploads\/2026\/03\/6-2-768x432.jpg 768w, https:\/\/www.em.com.br\/emfoco\/wp-content\/uploads\/2026\/03\/6-2-750x422.jpg 750w, https:\/\/www.em.com.br\/emfoco\/wp-content\/uploads\/2026\/03\/6-2-1140x641.jpg 1140w, https:\/\/www.em.com.br\/emfoco\/wp-content\/uploads\/2026\/03\/6-2.jpg 1280w\" sizes=\"auto, (max-width: 1024px) 100vw, 1024px\" \/><figcaption class=\"wp-element-caption\">Comprova\u00e7\u00e3o t\u00e9cnica por per\u00edcia garante o reconhecimento de per\u00edodos laborais nocivos<\/figcaption><\/figure>\n\n\n\n<h2 class=\"wp-block-heading\">Qual foi o impacto da decis\u00e3o para o INSS?<\/h2>\n\n\n\n<p>Com a soma do per\u00edodo especial at\u00e9 2014, o tribunal determinou que o <strong><a href=\"https:\/\/www.em.com.br\/emfoco\/2026\/03\/01\/inss-esta-suspendendo-pagamento-de-quem-nao-gera-atividade-por-10-meses-e-muitos-nem-sabem-que-ainda-correm-risco\/\" target=\"_blank\" rel=\"noreferrer noopener\">INSS <\/a>conceda a aposentadoria especial<\/strong>. A decis\u00e3o refor\u00e7a que a comprova\u00e7\u00e3o t\u00e9cnica pode alterar completamente o resultado do processo.<\/p>\n\n\n\n<ul class=\"wp-block-list\">\n<li><strong>Laudo pericial detalhado<\/strong> \u00e9 essencial para demonstrar exposi\u00e7\u00e3o acima do limite.<\/li>\n\n\n\n<li><strong>Mudan\u00e7as na legisla\u00e7\u00e3o<\/strong> podem influenciar o per\u00edodo reconhecido como especial.<\/li>\n\n\n\n<li><strong>Tempo m\u00ednimo de 25 anos<\/strong> \u00e9 requisito central para concess\u00e3o do benef\u00edcio.<\/li>\n<\/ul>\n\n\n\n<p>O caso mostra que n\u00e3o basta o t\u00edtulo do cargo, mas sim a an\u00e1lise concreta das condi\u00e7\u00f5es de trabalho. A vibra\u00e7\u00e3o, muitas vezes ignorada, pode ser determinante no reconhecimento do direito \u00e0 aposentadoria especial.<\/p>\n","protected":false},"excerpt":{"rendered":"<p>Uma decis\u00e3o do TRF 3 reconheceu o direito \u00e0 aposentadoria especial para motorista de \u00f4nibus exposto \u00e0 vibra\u00e7\u00e3o acima dos limites legais por mais de 25 anos. O tribunal determinou que o INSS conceda o benef\u00edcio ap\u00f3s laudo confirmar a nocividade. Por que a vibra\u00e7\u00e3o virou o centro da decis\u00e3o? A 8\u00aa Turma do Tribunal [&hellip;]<\/p>\n","protected":false},"author":13,"featured_media":176311,"comment_status":"open","ping_status":"open","sticky":false,"template":"","format":"standard","meta":{"jnews-multi-image_gallery":[],"jnews_single_post":{"format":"standard"},"jnews_primary_category":[],"jnews_social_meta":[],"jnews_override_counter":[],"footnotes":""},"categories":[28],"tags":[889,25480,174],"class_list":["post-176232","post","type-post","status-publish","format-standard","has-post-thumbnail","hentry","category-economia","tag-aposentadoria-especial","tag-atividade-especial","tag-inss"],"yoast_head":"<!-- This site is optimized with the Yoast SEO plugin v23.8 - https:\/\/yoast.com\/wordpress\/plugins\/seo\/ -->\n<title>Aposentadoria especial \u00e9 liberada para motorista ap\u00f3s laudo revelar condi\u00e7\u00e3o prejudicial n\u00e3o reconhecida antes - Estado de Minas - Em foco<\/title>\n<meta name=\"description\" content=\"Motorista consegue aposentadoria especial ap\u00f3s laudo apontar vibra\u00e7\u00e3o acima do limite legal. Veja o que levou o TRF a reconhecer o direito.\" \/>\n<meta name=\"robots\" content=\"index, follow, max-snippet:-1, max-image-preview:large, max-video-preview:-1\" \/>\n<link rel=\"canonical\" href=\"https:\/\/www.em.com.br\/emfoco\/2026\/03\/04\/aposentadoria-especial-e-liberada-para-motorista-apos-laudo-revelar-condicao-prejudicial-nao-reconhecida-antes\/\" \/>\n<meta property=\"og:locale\" content=\"pt_BR\" \/>\n<meta property=\"og:type\" content=\"article\" \/>\n<meta property=\"og:title\" content=\"Aposentadoria especial \u00e9 liberada para motorista ap\u00f3s laudo revelar condi\u00e7\u00e3o prejudicial n\u00e3o reconhecida antes - Estado de Minas - Em foco\" \/>\n<meta property=\"og:description\" content=\"Motorista consegue aposentadoria especial ap\u00f3s laudo apontar vibra\u00e7\u00e3o acima do limite legal. Veja o que levou o TRF a reconhecer o direito.\" \/>\n<meta property=\"og:url\" content=\"https:\/\/www.em.com.br\/emfoco\/2026\/03\/04\/aposentadoria-especial-e-liberada-para-motorista-apos-laudo-revelar-condicao-prejudicial-nao-reconhecida-antes\/\" \/>\n<meta property=\"og:site_name\" content=\"Estado de Minas - Em foco\" \/>\n<meta property=\"article:published_time\" content=\"2026-03-04T14:55:00+00:00\" \/>\n<meta property=\"article:modified_time\" content=\"2026-03-02T16:34:35+00:00\" \/>\n<meta property=\"og:image\" content=\"https:\/\/www.em.com.br\/emfoco\/wp-content\/uploads\/2026\/03\/8-2.jpg\" \/>\n\t<meta property=\"og:image:width\" content=\"1280\" \/>\n\t<meta property=\"og:image:height\" content=\"720\" \/>\n\t<meta property=\"og:image:type\" content=\"image\/jpeg\" \/>\n<meta name=\"author\" content=\"Gabriel Martins\" \/>\n<meta name=\"twitter:card\" content=\"summary_large_image\" \/>\n<meta name=\"twitter:label1\" content=\"Escrito por\" \/>\n\t<meta name=\"twitter:data1\" content=\"Gabriel Martins\" \/>\n\t<meta name=\"twitter:label2\" content=\"Est. tempo de leitura\" \/>\n\t<meta name=\"twitter:data2\" content=\"3 minutos\" \/>\n<!-- \/ Yoast SEO plugin. -->","yoast_head_json":{"title":"Aposentadoria especial \u00e9 liberada para motorista ap\u00f3s laudo revelar condi\u00e7\u00e3o prejudicial n\u00e3o reconhecida antes - Estado de Minas - Em foco","description":"Motorista consegue aposentadoria especial ap\u00f3s laudo apontar vibra\u00e7\u00e3o acima do limite legal. Veja o que levou o TRF a reconhecer o direito.","robots":{"index":"index","follow":"follow","max-snippet":"max-snippet:-1","max-image-preview":"max-image-preview:large","max-video-preview":"max-video-preview:-1"},"canonical":"https:\/\/www.em.com.br\/emfoco\/2026\/03\/04\/aposentadoria-especial-e-liberada-para-motorista-apos-laudo-revelar-condicao-prejudicial-nao-reconhecida-antes\/","og_locale":"pt_BR","og_type":"article","og_title":"Aposentadoria especial \u00e9 liberada para motorista ap\u00f3s laudo revelar condi\u00e7\u00e3o prejudicial n\u00e3o reconhecida antes - Estado de Minas - Em foco","og_description":"Motorista consegue aposentadoria especial ap\u00f3s laudo apontar vibra\u00e7\u00e3o acima do limite legal. Veja o que levou o TRF a reconhecer o direito.","og_url":"https:\/\/www.em.com.br\/emfoco\/2026\/03\/04\/aposentadoria-especial-e-liberada-para-motorista-apos-laudo-revelar-condicao-prejudicial-nao-reconhecida-antes\/","og_site_name":"Estado de Minas - Em foco","article_published_time":"2026-03-04T14:55:00+00:00","article_modified_time":"2026-03-02T16:34:35+00:00","og_image":[{"width":1280,"height":720,"url":"https:\/\/www.em.com.br\/emfoco\/wp-content\/uploads\/2026\/03\/8-2.jpg","type":"image\/jpeg"}],"author":"Gabriel Martins","twitter_card":"summary_large_image","twitter_misc":{"Escrito por":"Gabriel Martins","Est. tempo de leitura":"3 minutos"},"schema":{"@context":"https:\/\/schema.org","@graph":[{"@type":"WebPage","@id":"https:\/\/www.em.com.br\/emfoco\/2026\/03\/04\/aposentadoria-especial-e-liberada-para-motorista-apos-laudo-revelar-condicao-prejudicial-nao-reconhecida-antes\/","url":"https:\/\/www.em.com.br\/emfoco\/2026\/03\/04\/aposentadoria-especial-e-liberada-para-motorista-apos-laudo-revelar-condicao-prejudicial-nao-reconhecida-antes\/","name":"Aposentadoria especial \u00e9 liberada para motorista ap\u00f3s laudo revelar condi\u00e7\u00e3o prejudicial n\u00e3o reconhecida antes - Estado de Minas - Em foco","isPartOf":{"@id":"https:\/\/www.em.com.br\/emfoco\/#website"},"primaryImageOfPage":{"@id":"https:\/\/www.em.com.br\/emfoco\/2026\/03\/04\/aposentadoria-especial-e-liberada-para-motorista-apos-laudo-revelar-condicao-prejudicial-nao-reconhecida-antes\/#primaryimage"},"image":{"@id":"https:\/\/www.em.com.br\/emfoco\/2026\/03\/04\/aposentadoria-especial-e-liberada-para-motorista-apos-laudo-revelar-condicao-prejudicial-nao-reconhecida-antes\/#primaryimage"},"thumbnailUrl":"https:\/\/www.em.com.br\/emfoco\/wp-content\/uploads\/2026\/03\/8-2.jpg","datePublished":"2026-03-04T14:55:00+00:00","dateModified":"2026-03-02T16:34:35+00:00","author":{"@id":"https:\/\/www.em.com.br\/emfoco\/#\/schema\/person\/1c9ddeab18b98abeffef834667bcf08a"},"description":"Motorista consegue aposentadoria especial ap\u00f3s laudo apontar vibra\u00e7\u00e3o acima do limite legal. Veja o que levou o TRF a reconhecer o direito.","breadcrumb":{"@id":"https:\/\/www.em.com.br\/emfoco\/2026\/03\/04\/aposentadoria-especial-e-liberada-para-motorista-apos-laudo-revelar-condicao-prejudicial-nao-reconhecida-antes\/#breadcrumb"},"inLanguage":"pt-BR","potentialAction":[{"@type":"ReadAction","target":["https:\/\/www.em.com.br\/emfoco\/2026\/03\/04\/aposentadoria-especial-e-liberada-para-motorista-apos-laudo-revelar-condicao-prejudicial-nao-reconhecida-antes\/"]}]},{"@type":"ImageObject","inLanguage":"pt-BR","@id":"https:\/\/www.em.com.br\/emfoco\/2026\/03\/04\/aposentadoria-especial-e-liberada-para-motorista-apos-laudo-revelar-condicao-prejudicial-nao-reconhecida-antes\/#primaryimage","url":"https:\/\/www.em.com.br\/emfoco\/wp-content\/uploads\/2026\/03\/8-2.jpg","contentUrl":"https:\/\/www.em.com.br\/emfoco\/wp-content\/uploads\/2026\/03\/8-2.jpg","width":1280,"height":720,"caption":"Justi\u00e7a reconhece direito \u00e0 aposentadoria especial para motoristas expostos a vibra\u00e7\u00f5es"},{"@type":"BreadcrumbList","@id":"https:\/\/www.em.com.br\/emfoco\/2026\/03\/04\/aposentadoria-especial-e-liberada-para-motorista-apos-laudo-revelar-condicao-prejudicial-nao-reconhecida-antes\/#breadcrumb","itemListElement":[{"@type":"ListItem","position":1,"name":"In\u00edcio","item":"https:\/\/www.em.com.br\/emfoco\/"},{"@type":"ListItem","position":2,"name":"Aposentadoria especial \u00e9 liberada para motorista ap\u00f3s laudo revelar condi\u00e7\u00e3o prejudicial n\u00e3o reconhecida antes"}]},{"@type":"WebSite","@id":"https:\/\/www.em.com.br\/emfoco\/#website","url":"https:\/\/www.em.com.br\/emfoco\/","name":"Estado de Minas - Em foco","description":"Acompanhe as \u00faltimas not\u00edcias e fique bem informado sobre tudo o que acontece em Minas Gerais, Brasil e no mundo.","potentialAction":[{"@type":"SearchAction","target":{"@type":"EntryPoint","urlTemplate":"https:\/\/www.em.com.br\/emfoco\/?s={search_term_string}"},"query-input":{"@type":"PropertyValueSpecification","valueRequired":true,"valueName":"search_term_string"}}],"inLanguage":"pt-BR"},{"@type":"Person","@id":"https:\/\/www.em.com.br\/emfoco\/#\/schema\/person\/1c9ddeab18b98abeffef834667bcf08a","name":"Gabriel Martins","image":{"@type":"ImageObject","inLanguage":"pt-BR","@id":"https:\/\/www.em.com.br\/emfoco\/#\/schema\/person\/image\/","url":"https:\/\/secure.gravatar.com\/avatar\/f0f1e2efdfd88f1ad2cb08c5c2731e50?s=96&d=mm&r=g","contentUrl":"https:\/\/secure.gravatar.com\/avatar\/f0f1e2efdfd88f1ad2cb08c5c2731e50?s=96&d=mm&r=g","caption":"Gabriel Martins"},"sameAs":["https:\/\/www.em.com.br\/emfoco\/"],"url":"https:\/\/www.em.com.br\/emfoco\/author\/gabrielmartinsmyth\/"}]}},"_links":{"self":[{"href":"https:\/\/www.em.com.br\/emfoco\/wp-json\/wp\/v2\/posts\/176232","targetHints":{"allow":["GET"]}}],"collection":[{"href":"https:\/\/www.em.com.br\/emfoco\/wp-json\/wp\/v2\/posts"}],"about":[{"href":"https:\/\/www.em.com.br\/emfoco\/wp-json\/wp\/v2\/types\/post"}],"author":[{"embeddable":true,"href":"https:\/\/www.em.com.br\/emfoco\/wp-json\/wp\/v2\/users\/13"}],"replies":[{"embeddable":true,"href":"https:\/\/www.em.com.br\/emfoco\/wp-json\/wp\/v2\/comments?post=176232"}],"version-history":[{"count":1,"href":"https:\/\/www.em.com.br\/emfoco\/wp-json\/wp\/v2\/posts\/176232\/revisions"}],"predecessor-version":[{"id":176321,"href":"https:\/\/www.em.com.br\/emfoco\/wp-json\/wp\/v2\/posts\/176232\/revisions\/176321"}],"wp:featuredmedia":[{"embeddable":true,"href":"https:\/\/www.em.com.br\/emfoco\/wp-json\/wp\/v2\/media\/176311"}],"wp:attachment":[{"href":"https:\/\/www.em.com.br\/emfoco\/wp-json\/wp\/v2\/media?parent=176232"}],"wp:term":[{"taxonomy":"category","embeddable":true,"href":"https:\/\/www.em.com.br\/emfoco\/wp-json\/wp\/v2\/categories?post=176232"},{"taxonomy":"post_tag","embeddable":true,"href":"https:\/\/www.em.com.br\/emfoco\/wp-json\/wp\/v2\/tags?post=176232"}],"curies":[{"name":"wp","href":"https:\/\/api.w.org\/{rel}","templated":true}]}}