{"id":176128,"date":"2026-03-03T20:45:38","date_gmt":"2026-03-03T23:45:38","guid":{"rendered":"https:\/\/www.em.com.br\/emfoco\/?p=176128"},"modified":"2026-03-02T17:23:59","modified_gmt":"2026-03-02T20:23:59","slug":"tornozelos-inchados-ao-fim-do-dia-aprenda-a-fazer-uma-drenagem-caseira-com-oleo-de-arnica","status":"publish","type":"post","link":"https:\/\/www.em.com.br\/emfoco\/2026\/03\/03\/tornozelos-inchados-ao-fim-do-dia-aprenda-a-fazer-uma-drenagem-caseira-com-oleo-de-arnica\/","title":{"rendered":"Tornozelos inchados ao fim do dia? Aprenda a fazer uma drenagem caseira com \u00f3leo de arnica"},"content":{"rendered":"\n<p>Chegar ao fim do dia com os <b>tornozelos inchados<\/b> \u00e9 realidade para muita gente que passa <b>horas em p\u00e9<\/b> ou sentada, seja no trabalho, no tr\u00e2nsito ou cuidando da casa. A sensa\u00e7\u00e3o de <b>peso<\/b> e aperto nos sapatos incomoda, mas, em muitos casos, simples cuidados em casa j\u00e1 trazem al\u00edvio.<\/p>\n\n\n\n<h2 class=\"wp-block-heading\">Como fazer a drenagem de tornozelos com \u00f3leo de arnica em casa<\/h2>\n\n\n\n<p>Para realizar a drenagem em casa, vale separar alguns minutos em um momento mais <b>tranquilo<\/b>, de prefer\u00eancia \u00e0 noite, quando o incha\u00e7o costuma estar mais evidente. Voc\u00ea pode fazer a t\u00e9cnica sentado ou deitado, com as pernas levemente elevadas em <b>almofadas<\/b> ou na lateral do sof\u00e1, o que j\u00e1 ajuda a circula\u00e7\u00e3o a trabalhar a seu favor. Se desejar, pode colocar uma m\u00fasica <b>calma<\/b> para tornar o momento ainda mais agrad\u00e1vel.<\/p>\n\n\n\n<figure class=\"wp-block-embed is-type-rich is-provider-pinterest wp-block-embed-pinterest\"><div class=\"wp-block-embed__wrapper\">\n<iframe loading=\"lazy\" title=\"O segredo das pernas lisinhas e sem incha\u00e7o? Drenagem linf\u00e1tica em casa com apenas um creme! \ud83d\udc96  Ele ativa a circula\u00e7\u00e3o, reduz a reten\u00e7\u00e3o de l\u00edquidos e ainda suaviza celulites com tecnologia massageadora bodyfit!  #celulite #drenagemlinf\u00e1tica #lipedema #pernas\" src=\"https:\/\/assets.pinterest.com\/ext\/embed.html?id=602286150208826469&#038;src=oembed\" height=\"899\" width=\"450\" frameborder=\"0\" scrolling=\"no\" ><\/iframe>\n<\/div><\/figure>\n\n\n\n<ol class=\"wp-block-list\">\n<li><strong>Preparar o ambiente e o corpo<\/strong>: limpar suavemente os <b>p\u00e9s<\/b> e tornozelos, secar bem e escolher um local confort\u00e1vel. Manter uma temperatura <b>agrad\u00e1vel<\/b> ajuda o corpo a relaxar.\u00a0<\/li>\n\n\n\n<li><strong>Aplicar o \u00f3leo de arnica<\/strong>: colocar algumas gotas de <b>\u00f3leo de arnica<\/b> nas m\u00e3os, friccionar para aquecer levemente e espalhar ao redor do tornozelo, dorso do p\u00e9 e in\u00edcio da <b>panturrilha<\/b>.\u00a0<\/li>\n\n\n\n<li><strong>Iniciar com movimentos de bombeamento<\/strong>: com as m\u00e3os em forma de <b>concha<\/b>, fazer press\u00f5es suaves logo acima do tornozelo, em dire\u00e7\u00e3o \u00e0 panturrilha, soltando em seguida.<\/li>\n\n\n\n<li><strong>Deslizar as m\u00e3os para cima<\/strong>: com os <b>polegares<\/b> no dorso do p\u00e9 e os outros dedos na planta, deslizar as m\u00e3os em dire\u00e7\u00e3o ao tornozelo e continuar subindo at\u00e9 a metade da perna, sempre em movimentos ascendentes, sem voltar com press\u00e3o para baixo.<\/li>\n\n\n\n<li><strong>Massagear ao redor dos ossinhos do tornozelo<\/strong>: com a ponta dos <b>dedos<\/b>, fazer movimentos circulares suaves ao redor dos mal\u00e9olos (os ossinhos laterais do tornozelo), estimulando a regi\u00e3o onde o incha\u00e7o costuma se concentrar.<\/li>\n\n\n\n<li><strong>Finalizar com deslizamentos longos<\/strong>: repetir de 5 a 10 vezes movimentos longos, do p\u00e9 at\u00e9 pr\u00f3ximo ao <b>joelho<\/b>, com press\u00e3o leve e cont\u00ednua, como se estivesse \u201cempurrando\u201d o l\u00edquido para cima.\u00a0<\/li>\n<\/ol>\n\n\n\n<p>Para voc\u00ea que quer mais dicas, separamos um v\u00eddeo do canal <a href=\"https:\/\/www.youtube.com\/@thaiscoelhoestetica\" target=\"_blank\" rel=\"noreferrer noopener\">Est\u00e9tica com Thais Coelho<\/a> com dicas para realizar uma drenagem linf\u00e1tica completa nos p\u00e9s:<\/p>\n\n\n\n<figure class=\"wp-block-embed is-type-video is-provider-youtube wp-block-embed-youtube wp-embed-aspect-16-9 wp-has-aspect-ratio\"><div class=\"wp-block-embed__wrapper\">\n<div class=\"jeg_video_container jeg_video_content\"><iframe loading=\"lazy\" title=\"[AULA COMPLETA] DRENAGEM LINF\u00c1TICA NOS P\u00c9S\" width=\"500\" height=\"281\" src=\"https:\/\/www.youtube.com\/embed\/T352bzHbRyc?feature=oembed\" frameborder=\"0\" allow=\"accelerometer; autoplay; clipboard-write; encrypted-media; gyroscope; picture-in-picture; web-share\" referrerpolicy=\"strict-origin-when-cross-origin\" allowfullscreen><\/iframe><\/div>\n<\/div><\/figure>\n\n\n\n<p>Leia tamb\u00e9m:&nbsp;<a href=\"https:\/\/www.em.com.br\/emfoco\/2026\/03\/02\/a-receita-natural-com-pedra-ume-que-ajuda-a-recuperar-a-vitalidade-da-pele-e-eleva-a-sensacao-de-autocuidado-diario\/\" target=\"_blank\" rel=\"noopener\">A receita natural com pedra ume que ajuda a recuperar a vitalidade da pele e eleva a sensa\u00e7\u00e3o de autocuidado di\u00e1rio<\/a><\/p>\n\n\n\n<h2 class=\"wp-block-heading\">Quais cuidados ter ao usar \u00f3leo de arnica para reten\u00e7\u00e3o de l\u00edquidos<\/h2>\n\n\n\n<p>Mesmo sendo uma pr\u00e1tica suave, a <b>drenagem de tornozelos<\/b> para reten\u00e7\u00e3o de l\u00edquidos pede alguns cuidados b\u00e1sicos. Antes de come\u00e7ar, vale observar se voc\u00ea j\u00e1 teve <b>alergia<\/b> \u00e0 arnica ou a algum componente do produto e, em caso de pele sens\u00edvel, testar em uma pequena \u00e1rea antes de aplicar em toda a <b>regi\u00e3o<\/b>.<\/p>\n\n\n\n<ul class=\"wp-block-list\">\n<li>Evitar o uso do <b>\u00f3leo de arnica<\/b> em feridas abertas, cortes ou irrita\u00e7\u00f5es intensas na <b>pele<\/b>.<\/li>\n\n\n\n<li>Interromper a automassagem se houver dor forte, calor <b>excessivo<\/b>, vermelhid\u00e3o intensa ou piora do <b>incha\u00e7o<\/b>.<\/li>\n\n\n\n<li>Em casos de doen\u00e7as <b>vasculares<\/b>, trombose, diabetes descompensado ou problemas card\u00edacos, buscar orienta\u00e7\u00e3o profissional antes de iniciar qualquer t\u00e9cnica de <b>drenagem<\/b>.<\/li>\n\n\n\n<li>Observar se o incha\u00e7o aparece com <b>falta de ar<\/b>, dor no peito ou grande diferen\u00e7a entre as pernas; nesses casos, procurar atendimento m\u00e9dico <b>imediato<\/b>.<\/li>\n<\/ul>\n\n\n\n<figure class=\"wp-block-embed is-type-rich is-provider-pinterest wp-block-embed-pinterest\"><div class=\"wp-block-embed__wrapper\">\n<iframe loading=\"lazy\" title=\"SOLU\u00c7\u00c3O para pernas pesadas, inchadas ou doloridas no fim do dia!  Isso pode ser reten\u00e7\u00e3o de l\u00edquidos ou m\u00e1 circula\u00e7\u00e3o, mas saiba que tem solu\u00e7\u00e3o!  Com movimentos simples e regulares, d\u00e1 pra ativar a circula\u00e7\u00e3o, desinchar e voltar a sentir leveza no corpo.  Me siga para aprender mais exerc\u00edcios f\u00e1ceis para fazer em casa!   Aur\u00e9lio Alfieri Profissional de Educa\u00e7\u00e3o F\u00edsica CREF: 009911-G\/PR  #aurelioalfieri #treinoemcasa #exercicioemcasa #caminhadaemcasa #exerciciofacil #treinofacil #R1295D\" src=\"https:\/\/assets.pinterest.com\/ext\/embed.html?id=15270086238592449&#038;src=oembed\" height=\"899\" width=\"450\" frameborder=\"0\" scrolling=\"no\" ><\/iframe>\n<\/div><\/figure>\n\n\n\n<h2 class=\"wp-block-heading\">Como incluir a automassagem na rotina de forma simples<\/h2>\n\n\n\n<p>\u00c9 poss\u00edvel encaixar a drenagem de tornozelos com <b>\u00f3leo de arnica<\/b> na rotina sem complica\u00e7\u00e3o, desde que voc\u00ea respeite os limites do seu corpo e mantenha os movimentos sempre leves. Muitas pessoas escolhem um hor\u00e1rio fixo, como depois do <b>banho<\/b>, e transformam essa pr\u00e1tica em um pequeno momento de pausa e <b>descanso<\/b>.<\/p>\n\n\n\n<p>Com o tempo, al\u00e9m de aliviar o incha\u00e7o, esse h\u00e1bito ajuda voc\u00ea a perceber melhor os pr\u00f3prios <b>sinais corporais<\/b> e notar mudan\u00e7as que possam merecer aten\u00e7\u00e3o profissional. Combinada a cuidados como boa <b>hidrata\u00e7\u00e3o<\/b>, pequenas pausas para se movimentar e, se indicado, uso de meias de compress\u00e3o, a automassagem se torna uma aliada di\u00e1ria para cuidar da <b>circula\u00e7\u00e3o<\/b>, dos p\u00e9s e das pernas.<\/p>\n","protected":false},"excerpt":{"rendered":"<p>Chegar ao fim do dia com os tornozelos inchados \u00e9 realidade para muita gente que passa horas em p\u00e9 ou sentada, seja no trabalho, no tr\u00e2nsito ou cuidando da casa. A sensa\u00e7\u00e3o de peso e aperto nos sapatos incomoda, mas, em muitos casos, simples cuidados em casa j\u00e1 trazem al\u00edvio. Como fazer a drenagem de [&hellip;]<\/p>\n","protected":false},"author":9,"featured_media":176547,"comment_status":"open","ping_status":"open","sticky":false,"template":"","format":"standard","meta":{"jnews-multi-image_gallery":[],"jnews_single_post":{"format":"standard"},"jnews_primary_category":[],"jnews_social_meta":[],"jnews_override_counter":[],"footnotes":""},"categories":[8691,8819,1],"tags":[3105,20909,25466],"class_list":["post-176128","post","type-post","status-publish","format-standard","has-post-thumbnail","hentry","category-bem-estar","category-curiosidades","category-noticias","tag-60-anos","tag-drenagem","tag-tornozelos"],"yoast_head":"<!-- This site is optimized with the Yoast SEO plugin v23.8 - https:\/\/yoast.com\/wordpress\/plugins\/seo\/ -->\n<title>Tornozelos inchados ao fim do dia? Aprenda a fazer uma drenagem caseira com \u00f3leo de arnica - Estado de Minas - Em foco<\/title>\n<meta name=\"description\" content=\"Alivie o incha\u00e7o e a sensa\u00e7\u00e3o de peso nos p\u00e9s com uma drenagem de tornozelos caseira usando \u00f3leo de arnica\" \/>\n<meta name=\"robots\" content=\"index, follow, max-snippet:-1, max-image-preview:large, max-video-preview:-1\" \/>\n<link rel=\"canonical\" href=\"https:\/\/www.em.com.br\/emfoco\/2026\/03\/03\/tornozelos-inchados-ao-fim-do-dia-aprenda-a-fazer-uma-drenagem-caseira-com-oleo-de-arnica\/\" \/>\n<meta property=\"og:locale\" content=\"pt_BR\" \/>\n<meta property=\"og:type\" content=\"article\" \/>\n<meta property=\"og:title\" content=\"Tornozelos inchados ao fim do dia? Aprenda a fazer uma drenagem caseira com \u00f3leo de arnica - Estado de Minas - Em foco\" \/>\n<meta property=\"og:description\" content=\"Alivie o incha\u00e7o e a sensa\u00e7\u00e3o de peso nos p\u00e9s com uma drenagem de tornozelos caseira usando \u00f3leo de arnica\" \/>\n<meta property=\"og:url\" content=\"https:\/\/www.em.com.br\/emfoco\/2026\/03\/03\/tornozelos-inchados-ao-fim-do-dia-aprenda-a-fazer-uma-drenagem-caseira-com-oleo-de-arnica\/\" \/>\n<meta property=\"og:site_name\" content=\"Estado de Minas - Em foco\" \/>\n<meta property=\"article:published_time\" content=\"2026-03-03T23:45:38+00:00\" \/>\n<meta property=\"article:modified_time\" content=\"2026-03-02T20:23:59+00:00\" \/>\n<meta property=\"og:image\" content=\"https:\/\/www.em.com.br\/emfoco\/wp-content\/uploads\/2026\/03\/drenagem-pes_1772482978698.jpg\" \/>\n\t<meta property=\"og:image:width\" content=\"1280\" \/>\n\t<meta property=\"og:image:height\" content=\"720\" \/>\n\t<meta property=\"og:image:type\" content=\"image\/jpeg\" \/>\n<meta name=\"author\" content=\"Daniely Cardoso\" \/>\n<meta name=\"twitter:card\" content=\"summary_large_image\" \/>\n<meta name=\"twitter:label1\" content=\"Escrito por\" \/>\n\t<meta name=\"twitter:data1\" content=\"Daniely Cardoso\" \/>\n\t<meta name=\"twitter:label2\" content=\"Est. tempo de leitura\" \/>\n\t<meta name=\"twitter:data2\" content=\"4 minutos\" \/>\n<!-- \/ Yoast SEO plugin. -->","yoast_head_json":{"title":"Tornozelos inchados ao fim do dia? Aprenda a fazer uma drenagem caseira com \u00f3leo de arnica - Estado de Minas - Em foco","description":"Alivie o incha\u00e7o e a sensa\u00e7\u00e3o de peso nos p\u00e9s com uma drenagem de tornozelos caseira usando \u00f3leo de arnica","robots":{"index":"index","follow":"follow","max-snippet":"max-snippet:-1","max-image-preview":"max-image-preview:large","max-video-preview":"max-video-preview:-1"},"canonical":"https:\/\/www.em.com.br\/emfoco\/2026\/03\/03\/tornozelos-inchados-ao-fim-do-dia-aprenda-a-fazer-uma-drenagem-caseira-com-oleo-de-arnica\/","og_locale":"pt_BR","og_type":"article","og_title":"Tornozelos inchados ao fim do dia? Aprenda a fazer uma drenagem caseira com \u00f3leo de arnica - Estado de Minas - Em foco","og_description":"Alivie o incha\u00e7o e a sensa\u00e7\u00e3o de peso nos p\u00e9s com uma drenagem de tornozelos caseira usando \u00f3leo de arnica","og_url":"https:\/\/www.em.com.br\/emfoco\/2026\/03\/03\/tornozelos-inchados-ao-fim-do-dia-aprenda-a-fazer-uma-drenagem-caseira-com-oleo-de-arnica\/","og_site_name":"Estado de Minas - Em foco","article_published_time":"2026-03-03T23:45:38+00:00","article_modified_time":"2026-03-02T20:23:59+00:00","og_image":[{"width":1280,"height":720,"url":"https:\/\/www.em.com.br\/emfoco\/wp-content\/uploads\/2026\/03\/drenagem-pes_1772482978698.jpg","type":"image\/jpeg"}],"author":"Daniely Cardoso","twitter_card":"summary_large_image","twitter_misc":{"Escrito por":"Daniely Cardoso","Est. tempo de leitura":"4 minutos"},"schema":{"@context":"https:\/\/schema.org","@graph":[{"@type":"WebPage","@id":"https:\/\/www.em.com.br\/emfoco\/2026\/03\/03\/tornozelos-inchados-ao-fim-do-dia-aprenda-a-fazer-uma-drenagem-caseira-com-oleo-de-arnica\/","url":"https:\/\/www.em.com.br\/emfoco\/2026\/03\/03\/tornozelos-inchados-ao-fim-do-dia-aprenda-a-fazer-uma-drenagem-caseira-com-oleo-de-arnica\/","name":"Tornozelos inchados ao fim do dia? Aprenda a fazer uma drenagem caseira com \u00f3leo de arnica - Estado de Minas - Em foco","isPartOf":{"@id":"https:\/\/www.em.com.br\/emfoco\/#website"},"primaryImageOfPage":{"@id":"https:\/\/www.em.com.br\/emfoco\/2026\/03\/03\/tornozelos-inchados-ao-fim-do-dia-aprenda-a-fazer-uma-drenagem-caseira-com-oleo-de-arnica\/#primaryimage"},"image":{"@id":"https:\/\/www.em.com.br\/emfoco\/2026\/03\/03\/tornozelos-inchados-ao-fim-do-dia-aprenda-a-fazer-uma-drenagem-caseira-com-oleo-de-arnica\/#primaryimage"},"thumbnailUrl":"https:\/\/www.em.com.br\/emfoco\/wp-content\/uploads\/2026\/03\/drenagem-pes_1772482978698.jpg","datePublished":"2026-03-03T23:45:38+00:00","dateModified":"2026-03-02T20:23:59+00:00","author":{"@id":"https:\/\/www.em.com.br\/emfoco\/#\/schema\/person\/0a8186d72f2c3a5c6276d90b41f271a0"},"description":"Alivie o incha\u00e7o e a sensa\u00e7\u00e3o de peso nos p\u00e9s com uma drenagem de tornozelos caseira usando \u00f3leo de arnica","breadcrumb":{"@id":"https:\/\/www.em.com.br\/emfoco\/2026\/03\/03\/tornozelos-inchados-ao-fim-do-dia-aprenda-a-fazer-uma-drenagem-caseira-com-oleo-de-arnica\/#breadcrumb"},"inLanguage":"pt-BR","potentialAction":[{"@type":"ReadAction","target":["https:\/\/www.em.com.br\/emfoco\/2026\/03\/03\/tornozelos-inchados-ao-fim-do-dia-aprenda-a-fazer-uma-drenagem-caseira-com-oleo-de-arnica\/"]}]},{"@type":"ImageObject","inLanguage":"pt-BR","@id":"https:\/\/www.em.com.br\/emfoco\/2026\/03\/03\/tornozelos-inchados-ao-fim-do-dia-aprenda-a-fazer-uma-drenagem-caseira-com-oleo-de-arnica\/#primaryimage","url":"https:\/\/www.em.com.br\/emfoco\/wp-content\/uploads\/2026\/03\/drenagem-pes_1772482978698.jpg","contentUrl":"https:\/\/www.em.com.br\/emfoco\/wp-content\/uploads\/2026\/03\/drenagem-pes_1772482978698.jpg","width":1280,"height":720,"caption":"Para realizar a drenagem em casa, vale separar alguns minutos em um momento mais tranquilo - Cr\u00e9ditos: depositphotos.com \/ fineart"},{"@type":"BreadcrumbList","@id":"https:\/\/www.em.com.br\/emfoco\/2026\/03\/03\/tornozelos-inchados-ao-fim-do-dia-aprenda-a-fazer-uma-drenagem-caseira-com-oleo-de-arnica\/#breadcrumb","itemListElement":[{"@type":"ListItem","position":1,"name":"In\u00edcio","item":"https:\/\/www.em.com.br\/emfoco\/"},{"@type":"ListItem","position":2,"name":"Tornozelos inchados ao fim do dia? Aprenda a fazer uma drenagem caseira com \u00f3leo de arnica"}]},{"@type":"WebSite","@id":"https:\/\/www.em.com.br\/emfoco\/#website","url":"https:\/\/www.em.com.br\/emfoco\/","name":"Estado de Minas - Em foco","description":"Acompanhe as \u00faltimas not\u00edcias e fique bem informado sobre tudo o que acontece em Minas Gerais, Brasil e no mundo.","potentialAction":[{"@type":"SearchAction","target":{"@type":"EntryPoint","urlTemplate":"https:\/\/www.em.com.br\/emfoco\/?s={search_term_string}"},"query-input":{"@type":"PropertyValueSpecification","valueRequired":true,"valueName":"search_term_string"}}],"inLanguage":"pt-BR"},{"@type":"Person","@id":"https:\/\/www.em.com.br\/emfoco\/#\/schema\/person\/0a8186d72f2c3a5c6276d90b41f271a0","name":"Daniely Cardoso","image":{"@type":"ImageObject","inLanguage":"pt-BR","@id":"https:\/\/www.em.com.br\/emfoco\/#\/schema\/person\/image\/","url":"https:\/\/secure.gravatar.com\/avatar\/4b80ddbd124d1f071b626d52d62e5dff?s=96&d=mm&r=g","contentUrl":"https:\/\/secure.gravatar.com\/avatar\/4b80ddbd124d1f071b626d52d62e5dff?s=96&d=mm&r=g","caption":"Daniely Cardoso"},"url":"https:\/\/www.em.com.br\/emfoco\/author\/danielymyth\/"}]}},"_links":{"self":[{"href":"https:\/\/www.em.com.br\/emfoco\/wp-json\/wp\/v2\/posts\/176128","targetHints":{"allow":["GET"]}}],"collection":[{"href":"https:\/\/www.em.com.br\/emfoco\/wp-json\/wp\/v2\/posts"}],"about":[{"href":"https:\/\/www.em.com.br\/emfoco\/wp-json\/wp\/v2\/types\/post"}],"author":[{"embeddable":true,"href":"https:\/\/www.em.com.br\/emfoco\/wp-json\/wp\/v2\/users\/9"}],"replies":[{"embeddable":true,"href":"https:\/\/www.em.com.br\/emfoco\/wp-json\/wp\/v2\/comments?post=176128"}],"version-history":[{"count":2,"href":"https:\/\/www.em.com.br\/emfoco\/wp-json\/wp\/v2\/posts\/176128\/revisions"}],"predecessor-version":[{"id":176548,"href":"https:\/\/www.em.com.br\/emfoco\/wp-json\/wp\/v2\/posts\/176128\/revisions\/176548"}],"wp:featuredmedia":[{"embeddable":true,"href":"https:\/\/www.em.com.br\/emfoco\/wp-json\/wp\/v2\/media\/176547"}],"wp:attachment":[{"href":"https:\/\/www.em.com.br\/emfoco\/wp-json\/wp\/v2\/media?parent=176128"}],"wp:term":[{"taxonomy":"category","embeddable":true,"href":"https:\/\/www.em.com.br\/emfoco\/wp-json\/wp\/v2\/categories?post=176128"},{"taxonomy":"post_tag","embeddable":true,"href":"https:\/\/www.em.com.br\/emfoco\/wp-json\/wp\/v2\/tags?post=176128"}],"curies":[{"name":"wp","href":"https:\/\/api.w.org\/{rel}","templated":true}]}}