{"id":175898,"date":"2026-03-01T21:25:00","date_gmt":"2026-03-02T00:25:00","guid":{"rendered":"https:\/\/www.em.com.br\/emfoco\/?p=175898"},"modified":"2026-02-28T18:53:29","modified_gmt":"2026-02-28T21:53:29","slug":"feijao-vagem-em-vasos-o-jeito-simples-de-plantar-e-colher-em-pouco-espaco","status":"publish","type":"post","link":"https:\/\/www.em.com.br\/emfoco\/2026\/03\/01\/feijao-vagem-em-vasos-o-jeito-simples-de-plantar-e-colher-em-pouco-espaco\/","title":{"rendered":"Feij\u00e3o-vagem em vasos: o jeito simples de plantar e colher em pouco espa\u00e7o"},"content":{"rendered":"\n<h2 class=\"wp-block-heading\">Imagine colher suas pr\u00f3prias <b>vagens fresquinhas<\/b> em casa, mesmo morando em <b>apartamento pequeno<\/b> e com pouco espa\u00e7o. Com um vaso bem escolhido, um suporte vertical simples e alguns <b>cuidados di\u00e1rios<\/b>, \u00e9 totalmente poss\u00edvel transformar uma varanda ou janela ensolarada em uma pequena horta de feij\u00e3o-vagem produtiva e bonita.<\/h2>\n\n\n\n<h2 class=\"wp-block-heading\">Como plantar feij\u00e3o-vagem em vasos com suporte vertical passo a passo<\/h2>\n\n\n\n<p>Vale a pena organizar o plantio em etapas simples, porque uma <b>boa prepara\u00e7\u00e3o<\/b> reduz problemas depois, como pragas, doen\u00e7as e pouco desenvolvimento. Use materiais que voc\u00ea j\u00e1 tenha em casa sempre que poss\u00edvel, como <b>baldes reaproveitados<\/b> ou estacas de bambu, tornando o cultivo mais <b>econ\u00f4mico e sustent\u00e1vel<\/b>.<\/p>\n\n\n<div class=\"wp-block-image\">\n<figure class=\"aligncenter size-large\"><img loading=\"lazy\" decoding=\"async\" width=\"1024\" height=\"576\" src=\"https:\/\/www.em.com.br\/emfoco\/wp-content\/uploads\/2026\/02\/Gemini_Generated_Image_82hhko82hhko82hh-1-1024x576.png\" alt=\"\" class=\"wp-image-166784\" srcset=\"https:\/\/www.em.com.br\/emfoco\/wp-content\/uploads\/2026\/02\/Gemini_Generated_Image_82hhko82hhko82hh-1-1024x576.png 1024w, https:\/\/www.em.com.br\/emfoco\/wp-content\/uploads\/2026\/02\/Gemini_Generated_Image_82hhko82hhko82hh-1-300x169.png 300w, https:\/\/www.em.com.br\/emfoco\/wp-content\/uploads\/2026\/02\/Gemini_Generated_Image_82hhko82hhko82hh-1-768x432.png 768w, https:\/\/www.em.com.br\/emfoco\/wp-content\/uploads\/2026\/02\/Gemini_Generated_Image_82hhko82hhko82hh-1-750x422.png 750w, https:\/\/www.em.com.br\/emfoco\/wp-content\/uploads\/2026\/02\/Gemini_Generated_Image_82hhko82hhko82hh-1-1140x641.png 1140w, https:\/\/www.em.com.br\/emfoco\/wp-content\/uploads\/2026\/02\/Gemini_Generated_Image_82hhko82hhko82hh-1.png 1280w\" sizes=\"auto, (max-width: 1024px) 100vw, 1024px\" \/><figcaption class=\"wp-element-caption\">Depois de plantado o feij\u00e3o-vagem em vaso com suporte vertical, o segredo \u00e9 manter um ritmo de cuidados simples<\/figcaption><\/figure><\/div>\n\n\n<p>Leia tamb\u00e9m:&nbsp;<a href=\"https:\/\/www.em.com.br\/emfoco\/2026\/02\/08\/como-plantar-endro-em-vasos-e-tenha-esse-tempero-fresco-e-perfumado-sempre-a-mao\/\" target=\"_blank\" rel=\"noopener\">Como plantar endro em vasos e tenha esse tempero fresco e perfumado sempre \u00e0 m\u00e3o<\/a><\/p>\n\n\n\n<h2 class=\"wp-block-heading\">Quais s\u00e3o os melhores tipos de suporte vertical para feij\u00e3o-vagem em vasos<\/h2>\n\n\n\n<p>O suporte vertical \u00e9 como uma <b>\u201cescada verde\u201d<\/b> para o feij\u00e3o-vagem subir, por isso precisa ser firme, proporcional ao vaso e adequado ao <b>espa\u00e7o dispon\u00edvel<\/b>. Em casa, d\u00e1 para improvisar com o que voc\u00ea j\u00e1 tem, desde que a estrutura fique bem presa e n\u00e3o tombe com o <b>peso das plantas<\/b>.<\/p>\n\n\n\n<figure class=\"wp-block-embed is-type-rich is-provider-pinterest wp-block-embed-pinterest\"><div class=\"wp-block-embed__wrapper\">\n<iframe loading=\"lazy\" title=\"Vagem \u00e9 uma escolha saud\u00e1vel e vers\u00e1til para qualquer refei\u00e7\u00e3o! Ela \u00e9 rica em prote\u00ednas, fibras, vitaminas e minerais. Al\u00e9m disso, ajuda a controlar o a\u00e7\u00facar no sangue, baixar o colesterol e prevenir o c\u00e2ncer. Adicione vagens em saladas, refogadas ou cozidas como acompanhamento para obter seus benef\u00edcios di\u00e1rios. #vagem #sa\u00fade #alimenta\u00e7\u00e3o\" src=\"https:\/\/assets.pinterest.com\/ext\/embed.html?id=333899759899704432&#038;src=oembed\" height=\"775\" width=\"450\" frameborder=\"0\" scrolling=\"no\" ><\/iframe>\n<\/div><\/figure>\n\n\n\n<p>Veja alguns tipos de suporte simples que funcionam muito bem no cultivo em vasos:<\/p>\n\n\n\n<ul class=\"wp-block-list\">\n<li><strong>Estacas individuais:<\/strong> hastes de <b>bambu leve<\/b>, madeira ou metal fincadas no substrato, permitindo amarrar os ramos conforme crescem. Use amarras macias, como <b>fitilhos de tecido<\/b>, para n\u00e3o estrangular o <b>caule tenro<\/b>.<\/li>\n\n\n\n<li><strong>Trip\u00e9:<\/strong> tr\u00eas ou quatro estacas unidas no topo, formando um <b>cone est\u00e1vel<\/b> para as plantas se enroscarem. Esse modelo aproveita bem <b>vasos redondos<\/b> e funciona em varandas com <b>espa\u00e7o central<\/b> livre.<\/li>\n\n\n\n<li><strong>Treli\u00e7as:<\/strong> ripas de madeira ou <b>grades met\u00e1licas<\/b> fixadas atr\u00e1s ou ao lado do vaso, \u00f3timas para paredes ensolaradas. Al\u00e9m de funcionais, podem criar um <b>painel verde<\/b> decorativo e ajudar a fazer uma <b>barreira leve<\/b> contra vento.<\/li>\n\n\n\n<li><strong>Redes ou fios:<\/strong> cordas ou arames presos em <b>ganchos superiores<\/b>, conduzindo a planta em linha reta para cima. S\u00e3o ideais para quem tem pouco espa\u00e7o no ch\u00e3o e quer aproveitar <b>altura dispon\u00edvel<\/b> perto de janelas ou <b>varandas altas<\/b>.<\/li>\n<\/ul>\n\n\n\n<p>Para voc\u00ea que gosta de plantar, separamos um v\u00eddeo do canal <a href=\"https:\/\/www.youtube.com\/@CleideLifestyle\" target=\"_blank\" rel=\"noreferrer noopener\">Cleide Lifestyle<\/a> com dicas para plantar e cuidar do feij\u00e3o-vagem at\u00e9 a colheita:<\/p>\n\n\n\n<figure class=\"wp-block-embed is-type-video is-provider-youtube wp-block-embed-youtube wp-embed-aspect-16-9 wp-has-aspect-ratio\"><div class=\"wp-block-embed__wrapper\">\n<div class=\"jeg_video_container jeg_video_content\"><iframe loading=\"lazy\" title=\"Incr\u00edvel cultivo do feij\u00e3o de vagem- do plantio at\u00e9 a panela\" width=\"500\" height=\"281\" src=\"https:\/\/www.youtube.com\/embed\/P1fZRqU2DzU?feature=oembed\" frameborder=\"0\" allow=\"accelerometer; autoplay; clipboard-write; encrypted-media; gyroscope; picture-in-picture; web-share\" referrerpolicy=\"strict-origin-when-cross-origin\" allowfullscreen><\/iframe><\/div>\n<\/div><\/figure>\n\n\n\n<h2 class=\"wp-block-heading\">Quais cuidados ter com rega, aduba\u00e7\u00e3o e manejo do feij\u00e3o-vagem em vasos<\/h2>\n\n\n\n<p>Depois de plantado o feij\u00e3o-vagem em vaso com suporte vertical, o segredo \u00e9 manter um ritmo de cuidados simples, mas <b>constantes e atentos<\/b>. O substrato deve ficar \u00famido, nunca encharcado: em dias muito quentes, talvez seja preciso regar uma ou duas vezes, sempre sentindo o solo com os dedos nos primeiros <b>cent\u00edmetros superficiais<\/b>. Evite molhar demais as <b>folhas superiores<\/b> para reduzir risco de doen\u00e7as.<\/p>\n\n\n\n<p>A cada 20 ou 30 dias, uma pequena dose de <b>h\u00famus de minhoca<\/b>, composto org\u00e2nico ou adubo para hortali\u00e7as ajuda na flora\u00e7\u00e3o e na produ\u00e7\u00e3o de <b>vagens abundantes<\/b>. Fique de olho em pulg\u00f5es e \u00e1caros; se aparecerem, uma calda de sab\u00e3o neutro bem dilu\u00edda pode ajudar no <b>controle natural<\/b>. Em boas condi\u00e7\u00f5es, a colheita come\u00e7a entre 50 e 70 dias ap\u00f3s a semeadura, quando as vagens estiverem verdes, tenras e ainda <b>macias ao<\/b> toque, prontas para ir direto para a <b>panela caseira<\/b>.<\/p>\n","protected":false},"excerpt":{"rendered":"<p>Imagine colher suas pr\u00f3prias vagens fresquinhas em casa, mesmo morando em apartamento pequeno e com pouco espa\u00e7o. Com um vaso bem escolhido, um suporte vertical simples e alguns cuidados di\u00e1rios, \u00e9 totalmente poss\u00edvel transformar uma varanda ou janela ensolarada em uma pequena horta de feij\u00e3o-vagem produtiva e bonita. Como plantar feij\u00e3o-vagem em vasos com suporte [&hellip;]<\/p>\n","protected":false},"author":9,"featured_media":175913,"comment_status":"open","ping_status":"open","sticky":false,"template":"","format":"standard","meta":{"jnews-multi-image_gallery":[],"jnews_single_post":{"format":"standard"},"jnews_primary_category":[],"jnews_social_meta":[],"jnews_override_counter":[],"footnotes":""},"categories":[8691,8819,1],"tags":[7701,24282,3792],"class_list":["post-175898","post","type-post","status-publish","format-standard","has-post-thumbnail","hentry","category-bem-estar","category-curiosidades","category-noticias","tag-como-plantar","tag-feijao-vagem","tag-horta"],"yoast_head":"<!-- This site is optimized with the Yoast SEO plugin v23.8 - https:\/\/yoast.com\/wordpress\/plugins\/seo\/ -->\n<title>Feij\u00e3o-vagem em vasos: o jeito simples de plantar e colher em pouco espa\u00e7o - Estado de Minas - Em foco<\/title>\n<meta name=\"description\" content=\"Aprenda a plantar feij\u00e3o-vagem em vasos com suportes verticais e colha alimentos org\u00e2nicos na sua varanda.\" \/>\n<meta name=\"robots\" content=\"index, follow, max-snippet:-1, max-image-preview:large, max-video-preview:-1\" \/>\n<link rel=\"canonical\" href=\"https:\/\/www.em.com.br\/emfoco\/2026\/03\/01\/feijao-vagem-em-vasos-o-jeito-simples-de-plantar-e-colher-em-pouco-espaco\/\" \/>\n<meta property=\"og:locale\" content=\"pt_BR\" \/>\n<meta property=\"og:type\" content=\"article\" \/>\n<meta property=\"og:title\" content=\"Feij\u00e3o-vagem em vasos: o jeito simples de plantar e colher em pouco espa\u00e7o - Estado de Minas - Em foco\" \/>\n<meta property=\"og:description\" content=\"Aprenda a plantar feij\u00e3o-vagem em vasos com suportes verticais e colha alimentos org\u00e2nicos na sua varanda.\" \/>\n<meta property=\"og:url\" content=\"https:\/\/www.em.com.br\/emfoco\/2026\/03\/01\/feijao-vagem-em-vasos-o-jeito-simples-de-plantar-e-colher-em-pouco-espaco\/\" \/>\n<meta property=\"og:site_name\" content=\"Estado de Minas - Em foco\" \/>\n<meta property=\"article:published_time\" content=\"2026-03-02T00:25:00+00:00\" \/>\n<meta property=\"article:modified_time\" content=\"2026-02-28T21:53:29+00:00\" \/>\n<meta property=\"og:image\" content=\"https:\/\/www.em.com.br\/emfoco\/wp-content\/uploads\/2026\/02\/Gemini_Generated_Image_j50r85j50r85j50r-2.png\" \/>\n\t<meta property=\"og:image:width\" content=\"1280\" \/>\n\t<meta property=\"og:image:height\" content=\"720\" \/>\n\t<meta property=\"og:image:type\" content=\"image\/png\" \/>\n<meta name=\"author\" content=\"Daniely Cardoso\" \/>\n<meta name=\"twitter:card\" content=\"summary_large_image\" \/>\n<meta name=\"twitter:label1\" content=\"Escrito por\" \/>\n\t<meta name=\"twitter:data1\" content=\"Daniely Cardoso\" \/>\n\t<meta name=\"twitter:label2\" content=\"Est. tempo de leitura\" \/>\n\t<meta name=\"twitter:data2\" content=\"4 minutos\" \/>\n<!-- \/ Yoast SEO plugin. -->","yoast_head_json":{"title":"Feij\u00e3o-vagem em vasos: o jeito simples de plantar e colher em pouco espa\u00e7o - Estado de Minas - Em foco","description":"Aprenda a plantar feij\u00e3o-vagem em vasos com suportes verticais e colha alimentos org\u00e2nicos na sua varanda.","robots":{"index":"index","follow":"follow","max-snippet":"max-snippet:-1","max-image-preview":"max-image-preview:large","max-video-preview":"max-video-preview:-1"},"canonical":"https:\/\/www.em.com.br\/emfoco\/2026\/03\/01\/feijao-vagem-em-vasos-o-jeito-simples-de-plantar-e-colher-em-pouco-espaco\/","og_locale":"pt_BR","og_type":"article","og_title":"Feij\u00e3o-vagem em vasos: o jeito simples de plantar e colher em pouco espa\u00e7o - Estado de Minas - Em foco","og_description":"Aprenda a plantar feij\u00e3o-vagem em vasos com suportes verticais e colha alimentos org\u00e2nicos na sua varanda.","og_url":"https:\/\/www.em.com.br\/emfoco\/2026\/03\/01\/feijao-vagem-em-vasos-o-jeito-simples-de-plantar-e-colher-em-pouco-espaco\/","og_site_name":"Estado de Minas - Em foco","article_published_time":"2026-03-02T00:25:00+00:00","article_modified_time":"2026-02-28T21:53:29+00:00","og_image":[{"width":1280,"height":720,"url":"https:\/\/www.em.com.br\/emfoco\/wp-content\/uploads\/2026\/02\/Gemini_Generated_Image_j50r85j50r85j50r-2.png","type":"image\/png"}],"author":"Daniely Cardoso","twitter_card":"summary_large_image","twitter_misc":{"Escrito por":"Daniely Cardoso","Est. tempo de leitura":"4 minutos"},"schema":{"@context":"https:\/\/schema.org","@graph":[{"@type":"WebPage","@id":"https:\/\/www.em.com.br\/emfoco\/2026\/03\/01\/feijao-vagem-em-vasos-o-jeito-simples-de-plantar-e-colher-em-pouco-espaco\/","url":"https:\/\/www.em.com.br\/emfoco\/2026\/03\/01\/feijao-vagem-em-vasos-o-jeito-simples-de-plantar-e-colher-em-pouco-espaco\/","name":"Feij\u00e3o-vagem em vasos: o jeito simples de plantar e colher em pouco espa\u00e7o - Estado de Minas - Em foco","isPartOf":{"@id":"https:\/\/www.em.com.br\/emfoco\/#website"},"primaryImageOfPage":{"@id":"https:\/\/www.em.com.br\/emfoco\/2026\/03\/01\/feijao-vagem-em-vasos-o-jeito-simples-de-plantar-e-colher-em-pouco-espaco\/#primaryimage"},"image":{"@id":"https:\/\/www.em.com.br\/emfoco\/2026\/03\/01\/feijao-vagem-em-vasos-o-jeito-simples-de-plantar-e-colher-em-pouco-espaco\/#primaryimage"},"thumbnailUrl":"https:\/\/www.em.com.br\/emfoco\/wp-content\/uploads\/2026\/02\/Gemini_Generated_Image_j50r85j50r85j50r-2.png","datePublished":"2026-03-02T00:25:00+00:00","dateModified":"2026-02-28T21:53:29+00:00","author":{"@id":"https:\/\/www.em.com.br\/emfoco\/#\/schema\/person\/0a8186d72f2c3a5c6276d90b41f271a0"},"description":"Aprenda a plantar feij\u00e3o-vagem em vasos com suportes verticais e colha alimentos org\u00e2nicos na sua varanda.","breadcrumb":{"@id":"https:\/\/www.em.com.br\/emfoco\/2026\/03\/01\/feijao-vagem-em-vasos-o-jeito-simples-de-plantar-e-colher-em-pouco-espaco\/#breadcrumb"},"inLanguage":"pt-BR","potentialAction":[{"@type":"ReadAction","target":["https:\/\/www.em.com.br\/emfoco\/2026\/03\/01\/feijao-vagem-em-vasos-o-jeito-simples-de-plantar-e-colher-em-pouco-espaco\/"]}]},{"@type":"ImageObject","inLanguage":"pt-BR","@id":"https:\/\/www.em.com.br\/emfoco\/2026\/03\/01\/feijao-vagem-em-vasos-o-jeito-simples-de-plantar-e-colher-em-pouco-espaco\/#primaryimage","url":"https:\/\/www.em.com.br\/emfoco\/wp-content\/uploads\/2026\/02\/Gemini_Generated_Image_j50r85j50r85j50r-2.png","contentUrl":"https:\/\/www.em.com.br\/emfoco\/wp-content\/uploads\/2026\/02\/Gemini_Generated_Image_j50r85j50r85j50r-2.png","width":1280,"height":720,"caption":"Vale a pena organizar o plantio em etapas simples, porque uma boa prepara\u00e7\u00e3o reduz problemas depois"},{"@type":"BreadcrumbList","@id":"https:\/\/www.em.com.br\/emfoco\/2026\/03\/01\/feijao-vagem-em-vasos-o-jeito-simples-de-plantar-e-colher-em-pouco-espaco\/#breadcrumb","itemListElement":[{"@type":"ListItem","position":1,"name":"In\u00edcio","item":"https:\/\/www.em.com.br\/emfoco\/"},{"@type":"ListItem","position":2,"name":"Feij\u00e3o-vagem em vasos: o jeito simples de plantar e colher em pouco espa\u00e7o"}]},{"@type":"WebSite","@id":"https:\/\/www.em.com.br\/emfoco\/#website","url":"https:\/\/www.em.com.br\/emfoco\/","name":"Estado de Minas - Em foco","description":"Acompanhe as \u00faltimas not\u00edcias e fique bem informado sobre tudo o que acontece em Minas Gerais, Brasil e no mundo.","potentialAction":[{"@type":"SearchAction","target":{"@type":"EntryPoint","urlTemplate":"https:\/\/www.em.com.br\/emfoco\/?s={search_term_string}"},"query-input":{"@type":"PropertyValueSpecification","valueRequired":true,"valueName":"search_term_string"}}],"inLanguage":"pt-BR"},{"@type":"Person","@id":"https:\/\/www.em.com.br\/emfoco\/#\/schema\/person\/0a8186d72f2c3a5c6276d90b41f271a0","name":"Daniely Cardoso","image":{"@type":"ImageObject","inLanguage":"pt-BR","@id":"https:\/\/www.em.com.br\/emfoco\/#\/schema\/person\/image\/","url":"https:\/\/secure.gravatar.com\/avatar\/4b80ddbd124d1f071b626d52d62e5dff?s=96&d=mm&r=g","contentUrl":"https:\/\/secure.gravatar.com\/avatar\/4b80ddbd124d1f071b626d52d62e5dff?s=96&d=mm&r=g","caption":"Daniely Cardoso"},"url":"https:\/\/www.em.com.br\/emfoco\/author\/danielymyth\/"}]}},"_links":{"self":[{"href":"https:\/\/www.em.com.br\/emfoco\/wp-json\/wp\/v2\/posts\/175898","targetHints":{"allow":["GET"]}}],"collection":[{"href":"https:\/\/www.em.com.br\/emfoco\/wp-json\/wp\/v2\/posts"}],"about":[{"href":"https:\/\/www.em.com.br\/emfoco\/wp-json\/wp\/v2\/types\/post"}],"author":[{"embeddable":true,"href":"https:\/\/www.em.com.br\/emfoco\/wp-json\/wp\/v2\/users\/9"}],"replies":[{"embeddable":true,"href":"https:\/\/www.em.com.br\/emfoco\/wp-json\/wp\/v2\/comments?post=175898"}],"version-history":[{"count":2,"href":"https:\/\/www.em.com.br\/emfoco\/wp-json\/wp\/v2\/posts\/175898\/revisions"}],"predecessor-version":[{"id":175976,"href":"https:\/\/www.em.com.br\/emfoco\/wp-json\/wp\/v2\/posts\/175898\/revisions\/175976"}],"wp:featuredmedia":[{"embeddable":true,"href":"https:\/\/www.em.com.br\/emfoco\/wp-json\/wp\/v2\/media\/175913"}],"wp:attachment":[{"href":"https:\/\/www.em.com.br\/emfoco\/wp-json\/wp\/v2\/media?parent=175898"}],"wp:term":[{"taxonomy":"category","embeddable":true,"href":"https:\/\/www.em.com.br\/emfoco\/wp-json\/wp\/v2\/categories?post=175898"},{"taxonomy":"post_tag","embeddable":true,"href":"https:\/\/www.em.com.br\/emfoco\/wp-json\/wp\/v2\/tags?post=175898"}],"curies":[{"name":"wp","href":"https:\/\/api.w.org\/{rel}","templated":true}]}}