{"id":175890,"date":"2026-03-03T15:05:00","date_gmt":"2026-03-03T18:05:00","guid":{"rendered":"https:\/\/www.em.com.br\/emfoco\/?p=175890"},"modified":"2026-03-02T01:44:41","modified_gmt":"2026-03-02T04:44:41","slug":"essa-cidade-esta-virando-referencia-em-qualidade-de-vida-e-cultura-europeia","status":"publish","type":"post","link":"https:\/\/www.em.com.br\/emfoco\/2026\/03\/03\/essa-cidade-esta-virando-referencia-em-qualidade-de-vida-e-cultura-europeia\/","title":{"rendered":"Essa cidade est\u00e1 virando refer\u00eancia em qualidade de vida e cultura europeia"},"content":{"rendered":"\n<p>Em 25 de julho de 1824, exatamente 39 pessoas desembarcaram \u00e0s margens do <strong>Rio dos Sinos<\/strong> e fundaram a primeira col\u00f4nia alem\u00e3 do pa\u00eds. O nome da cidade veio do santo de devo\u00e7\u00e3o da <strong>Imperatriz Leopoldina<\/strong>, que incentivou a vinda dos imigrantes. Dois s\u00e9culos depois, <strong>S\u00e3o Leopoldo<\/strong> ainda celebra missas em alem\u00e3o, preserva o dialeto dos colonizadores e ostenta o t\u00edtulo oficial de Ber\u00e7o da Coloniza\u00e7\u00e3o Alem\u00e3 no <strong>Brasil<\/strong>.<\/p>\n\n\n\n<h2 class=\"wp-block-heading\">De feitoria imperial a marco zero da coloniza\u00e7\u00e3o<\/h2>\n\n\n\n<p>Antes dos alem\u00e3es, o terreno abrigava a <strong>Real Feitoria do Linho C\u00e2nhamo<\/strong>, fundada em <strong>1788<\/strong> para produzir cordas de navio. O empreendimento fracassou e foi desativado. O governo imperial aproveitou a estrutura abandonada para instalar os primeiros colonos, que chegaram pelo rio ap\u00f3s uma travessia de sete dias desde <strong>Porto Alegre<\/strong>.<\/p>\n\n\n\n<p>Dos 39 pioneiros, 33 eram luteranos e 6 cat\u00f3licos. A col\u00f4nia se estendia por mais de mil quil\u00f4metros quadrados, alcan\u00e7ando a atual <strong>Caxias do Sul<\/strong> ao norte. Em <strong>1846<\/strong>, a vila se emancipou de Porto Alegre. A <a href=\"https:\/\/www.saoleopoldo.rs.gov.br\/conteudo\/2980\/464?titulo=TURISMO\" target=\"_blank\" rel=\"noreferrer noopener\"><strong>Prefeitura de S\u00e3o Leopoldo<\/strong><\/a> preserva documentos que detalham cada fase dessa transforma\u00e7\u00e3o.<\/p>\n\n\n<div class=\"wp-block-image\">\n<figure class=\"aligncenter size-large\"><img loading=\"lazy\" decoding=\"async\" width=\"1024\" height=\"576\" src=\"https:\/\/www.em.com.br\/emfoco\/wp-content\/uploads\/2026\/01\/Sao-Leopoldo2-1024x576.jpg\" alt=\"\" class=\"wp-image-150470\" srcset=\"https:\/\/www.em.com.br\/emfoco\/wp-content\/uploads\/2026\/01\/Sao-Leopoldo2-1024x576.jpg 1024w, https:\/\/www.em.com.br\/emfoco\/wp-content\/uploads\/2026\/01\/Sao-Leopoldo2-300x169.jpg 300w, https:\/\/www.em.com.br\/emfoco\/wp-content\/uploads\/2026\/01\/Sao-Leopoldo2-768x432.jpg 768w, https:\/\/www.em.com.br\/emfoco\/wp-content\/uploads\/2026\/01\/Sao-Leopoldo2-750x422.jpg 750w, https:\/\/www.em.com.br\/emfoco\/wp-content\/uploads\/2026\/01\/Sao-Leopoldo2-1140x641.jpg 1140w, https:\/\/www.em.com.br\/emfoco\/wp-content\/uploads\/2026\/01\/Sao-Leopoldo2.jpg 1280w\" sizes=\"auto, (max-width: 1024px) 100vw, 1024px\" \/><figcaption class=\"wp-element-caption\">S\u00e3o Leopoldo no Rio Grande do Sul une tecnologia e tradi\u00e7\u00e3o alem\u00e3 \/\/ Cr\u00e9ditos: Wikimedia Commons<\/figcaption><\/figure><\/div>\n\n\n<h2 class=\"wp-block-heading\">Por que S\u00e3o Leopoldo leva esse nome?<\/h2>\n\n\n\n<p>Porque o governo batizou a col\u00f4nia em homenagem \u00e0 Imperatriz Leopoldina, devota do santo cat\u00f3lico <strong>S\u00e3o Leopoldo<\/strong>. A escolha conectou f\u00e9 e pol\u00edtica imperial numa s\u00f3 palavra. A <strong>Lei Federal n\u00ba 12.394\/2011<\/strong> reconheceu oficialmente o munic\u00edpio como Ber\u00e7o da Coloniza\u00e7\u00e3o Alem\u00e3 no Brasil, conforme registrado pelo <a href=\"https:\/\/www.estado.rs.gov.br\/bicentenario-da-imigracao-alema-fortalece-lacos-culturais-e-institucionais\" target=\"_blank\" rel=\"noreferrer noopener\"><strong>Governo do Rio Grande do Sul<\/strong><\/a>.<\/p>\n\n\n\n<p>A heran\u00e7a lingu\u00edstica \u00e9 outra marca viva. O <strong>Hunsr\u00fcckisch<\/strong>, dialeto germ\u00e2nico trazido pelos imigrantes da regi\u00e3o do Hunsr\u00fcck, ainda \u00e9 falado em c\u00edrculos familiares e foi reconhecido oficialmente pelo estado em 2012. Na <strong>Igreja do Rel\u00f3gio<\/strong>, missas em alem\u00e3o acontecem todo primeiro domingo do m\u00eas.<\/p>\n\n\n<div class=\"wp-block-image\">\n<figure class=\"aligncenter size-large\"><img loading=\"lazy\" decoding=\"async\" width=\"1024\" height=\"576\" src=\"https:\/\/www.em.com.br\/emfoco\/wp-content\/uploads\/2026\/01\/Sao-Leopoldo-1024x576.jpg\" alt=\"\" class=\"wp-image-150469\" srcset=\"https:\/\/www.em.com.br\/emfoco\/wp-content\/uploads\/2026\/01\/Sao-Leopoldo-1024x576.jpg 1024w, https:\/\/www.em.com.br\/emfoco\/wp-content\/uploads\/2026\/01\/Sao-Leopoldo-300x169.jpg 300w, https:\/\/www.em.com.br\/emfoco\/wp-content\/uploads\/2026\/01\/Sao-Leopoldo-768x432.jpg 768w, https:\/\/www.em.com.br\/emfoco\/wp-content\/uploads\/2026\/01\/Sao-Leopoldo-750x422.jpg 750w, https:\/\/www.em.com.br\/emfoco\/wp-content\/uploads\/2026\/01\/Sao-Leopoldo-1140x641.jpg 1140w, https:\/\/www.em.com.br\/emfoco\/wp-content\/uploads\/2026\/01\/Sao-Leopoldo.jpg 1280w\" sizes=\"auto, (max-width: 1024px) 100vw, 1024px\" \/><figcaption class=\"wp-element-caption\">S\u00e3o Leopoldo \u00e9 um pedacinho da Alemanha no sul do Brasil \/\/ Cr\u00e9ditos: Wikimedia Commons<\/figcaption><\/figure><\/div>\n\n\n<h2 class=\"wp-block-heading\">O que visitar na cidade que iniciou a Rota Rom\u00e2ntica?<\/h2>\n\n\n\n<p>S\u00e3o Leopoldo \u00e9 o ponto de partida da <strong>Rota Rom\u00e2ntica<\/strong>, roteiro de mais de 300 km que conecta 14 cidades at\u00e9 <strong>S\u00e3o Francisco de Paula<\/strong>. O acervo hist\u00f3rico do munic\u00edpio re\u00fane museus, igrejas e monumentos que contam dois s\u00e9culos de presen\u00e7a germ\u00e2nica. As principais atra\u00e7\u00f5es incluem:<\/p>\n\n\n\n<ul class=\"wp-block-list\">\n<li><strong>Museu Hist\u00f3rico Visconde de S\u00e3o Leopoldo<\/strong>: mais de 16 mil pe\u00e7as, 50 mil fotos e biblioteca com 25 mil volumes sobre imigra\u00e7\u00e3o e cultura ga\u00facha. Entrada franca.<\/li>\n\n\n\n<li><strong>Museu do Trem<\/strong>: instalado na mais antiga esta\u00e7\u00e3o ferrovi\u00e1ria do <strong>Rio Grande do Sul<\/strong>, inaugurada em <strong>1874<\/strong>. A linha at\u00e9 Porto Alegre, com 33,7 km, foi a quinta ferrovia constru\u00edda no Brasil.<\/li>\n\n\n\n<li><strong>Igreja do Rel\u00f3gio<\/strong>: templo luterano que celebra cultos em alem\u00e3o, preservando a tradi\u00e7\u00e3o dos primeiros colonos.<\/li>\n\n\n\n<li><strong>Santu\u00e1rio Padre Reus<\/strong>: constru\u00eddo entre 1958 e 1968, recebe romeiros de todo o Sul e abriga o t\u00famulo do padre em processo de beatifica\u00e7\u00e3o.<\/li>\n\n\n\n<li><strong>Sociedade Orpheu<\/strong>: fundada em 1858 para difundir o canto orfe\u00f4nico, \u00e9 o clube social mais antigo do Brasil em funcionamento.<\/li>\n<\/ul>\n\n\n\n<p>Quem deseja conhecer o ber\u00e7o da imigra\u00e7\u00e3o alem\u00e3 no <strong>Brasil<\/strong>, vai curtir esse v\u00eddeo especialmente selecionado do canal <strong>De fora em Juiz de Fora<\/strong>, que conta com mais de <strong>31 mil<\/strong> visualiza\u00e7\u00f5es, onde <strong>Tati Marmon<\/strong> mostra a hist\u00f3ria, o polo tecnol\u00f3gico e a vida urbana de <strong>S\u00e3o Leopoldo<\/strong>:<\/p>\n\n\n\n<figure class=\"wp-block-embed is-type-video is-provider-youtube wp-block-embed-youtube wp-embed-aspect-16-9 wp-has-aspect-ratio\"><div class=\"wp-block-embed__wrapper\">\n<div class=\"jeg_video_container jeg_video_content\"><iframe loading=\"lazy\" title=\"CONHE\u00c7A S\u00c3O LEOPOLDO RS: Ao lado de Novo Hamburgo e perto de Porto Alegre - Rio Grande do Sul\" width=\"500\" height=\"281\" src=\"https:\/\/www.youtube.com\/embed\/soXofAOO1yg?feature=oembed\" frameborder=\"0\" allow=\"accelerometer; autoplay; clipboard-write; encrypted-media; gyroscope; picture-in-picture; web-share\" referrerpolicy=\"strict-origin-when-cross-origin\" allowfullscreen><\/iframe><\/div>\n<\/div><\/figure>\n\n\n\n<h2 class=\"wp-block-heading\">A S\u00e3o Leopoldo Fest move o Vale do Sinos<\/h2>\n\n\n\n<p>Todo m\u00eas de julho, a cidade celebra o anivers\u00e1rio da imigra\u00e7\u00e3o com a <strong>S\u00e3o Leopoldo Fest<\/strong>, a maior festa do <strong>Vale do Sinos<\/strong>. O evento dura dez dias e atrai cerca de 300 mil visitantes com dan\u00e7as t\u00edpicas, bandas alem\u00e3s, artesanato e gastronomia colonial. O <a href=\"http:\/\/www.saoleopoldo.rs.gov.br\/conteudo\/5013\/1\/1243\" target=\"_blank\" rel=\"noreferrer noopener\"><strong>Comit\u00ea do Bicenten\u00e1rio<\/strong><\/a> organizou em 2024 uma programa\u00e7\u00e3o especial que incluiu a inaugura\u00e7\u00e3o do Monumento do Bicenten\u00e1rio na <strong>Pra\u00e7a Tiradentes<\/strong>.<\/p>\n\n\n\n<p>Fora da festa, a cidade mant\u00e9m vida universit\u00e1ria intensa. A <strong>Universidade do Vale do Rio dos Sinos (Unisinos)<\/strong> atrai estudantes de todo o pa\u00eds e abriu seu campus como espa\u00e7o de conviv\u00eancia, com pistas atl\u00e9ticas, feiras de org\u00e2nicos e cervejarias artesanais nos arredores.<\/p>\n\n\n\n<h2 class=\"wp-block-heading\">Quando o clima favorece cada tipo de passeio?<\/h2>\n\n\n\n<p>O clima subtropical \u00famido garante esta\u00e7\u00f5es bem definidas. O inverno combina com museus e caf\u00e9s coloniais, enquanto o ver\u00e3o pede passeios ao ar livre ao longo do Rio dos Sinos:<\/p>\n\n\n\n<div class=\"google-auto-ads-ignore\" style=\"box-sizing: border-box; display: flex; flex-direction: column; width: 100%; max-width: 900px; margin: 30px auto; font-family: 'Segoe UI', Roboto, Helvetica, Arial, sans-serif; clear: both;\">\n    <div style=\"display: flex; flex-wrap: wrap; gap: 15px;\">\n        \n        <div style=\"flex: 1 1 calc(25% - 15px); min-width: 200px; border: 1px solid #e1e6ef; border-top: 4px solid #1a2a57; border-radius: 8px; padding: 20px; background: #fff; box-sizing: border-box; box-shadow: 0 4px 10px rgba(26, 42, 87, 0.05);\">\n            <div style=\"display: flex; align-items: center; justify-content: center; gap: 8px; margin-bottom: 20px;\">\n                <span style=\"font-size: 22px; line-height: 1;\">\u2600\ufe0f<\/span>\n                <strong style=\"color: #1a2a57; font-size: 16px; text-transform: uppercase;\">Ver\u00e3o<\/strong>\n            <\/div>\n            <div style=\"text-align: center; font-size: 11px; font-weight: 800; color: #111c3a; text-transform: uppercase; margin-bottom: 5px;\">Dezembro &#8211; Fevereiro<\/div>\n            <div style=\"text-align: center; font-size: 26px; font-weight: 900; color: #1a2a57; margin-bottom: 10px;\">19\u00b0C a 32\u00b0C<\/div>\n            <div style=\"text-align: center; margin-bottom: 15px;\">\n                <span style=\"background: #f0f3f8; color: #1a2a57; font-size: 10px; font-weight: 800; padding: 4px 10px; border-radius: 20px; text-transform: uppercase; border: 1px solid #e1e6ef;\">\ud83d\udca7 Chuva alta<\/span>\n            <\/div>\n            <div style=\"text-align: center; font-size: 13px; color: #555; line-height: 1.5;\">O clima subtropical \u00famido do sul do pa\u00eds imp\u00f5e dias muito quentes e chuvosos. Aproveite as margens do Rio dos Sinos, <strong>parques e feiras ao ar livre<\/strong>.<\/div>\n        <\/div>\n\n        <div style=\"flex: 1 1 calc(25% - 15px); min-width: 200px; border: 1px solid #e1e6ef; border-top: 4px solid #1a2a57; border-radius: 8px; padding: 20px; background: #fff; box-sizing: border-box; box-shadow: 0 4px 10px rgba(26, 42, 87, 0.05);\">\n            <div style=\"display: flex; align-items: center; justify-content: center; gap: 8px; margin-bottom: 20px;\">\n                <span style=\"font-size: 22px; line-height: 1;\">\ud83c\udf42<\/span>\n                <strong style=\"color: #1a2a57; font-size: 16px; text-transform: uppercase;\">Outono<\/strong>\n            <\/div>\n            <div style=\"text-align: center; font-size: 11px; font-weight: 800; color: #111c3a; text-transform: uppercase; margin-bottom: 5px;\">Mar\u00e7o &#8211; Maio<\/div>\n            <div style=\"text-align: center; font-size: 26px; font-weight: 900; color: #1a2a57; margin-bottom: 10px;\">13\u00b0C a 25\u00b0C<\/div>\n            <div style=\"text-align: center; margin-bottom: 15px;\">\n                <span style=\"background: #f0f3f8; color: #1a2a57; font-size: 10px; font-weight: 800; padding: 4px 10px; border-radius: 20px; text-transform: uppercase; border: 1px solid #e1e6ef;\">\u2601\ufe0f Chuva m\u00e9dia<\/span>\n            <\/div>\n            <div style=\"text-align: center; font-size: 13px; color: #555; line-height: 1.5;\">Com esta\u00e7\u00f5es marcadamente definidas, as frentes frias j\u00e1 come\u00e7am a atuar. Uma janela fant\u00e1stica para visitar os ricos <strong>museus e cervejarias artesanais<\/strong>.<\/div>\n        <\/div>\n\n        <div style=\"flex: 1 1 calc(25% - 15px); min-width: 200px; border: 1px solid #e1e6ef; border-top: 4px solid #1a2a57; border-radius: 8px; padding: 20px; background: #fff; box-sizing: border-box; box-shadow: 0 4px 10px rgba(26, 42, 87, 0.05);\">\n            <div style=\"display: flex; align-items: center; justify-content: center; gap: 8px; margin-bottom: 20px;\">\n                <span style=\"font-size: 22px; line-height: 1;\">\u2744\ufe0f<\/span>\n                <strong style=\"color: #1a2a57; font-size: 16px; text-transform: uppercase;\">Inverno<\/strong>\n            <\/div>\n            <div style=\"text-align: center; font-size: 11px; font-weight: 800; color: #111c3a; text-transform: uppercase; margin-bottom: 5px;\">Junho &#8211; Agosto<\/div>\n            <div style=\"text-align: center; font-size: 26px; font-weight: 900; color: #1a2a57; margin-bottom: 10px;\">8\u00b0C a 20\u00b0C<\/div>\n            <div style=\"text-align: center; margin-bottom: 15px;\">\n                <span style=\"background: #f0f3f8; color: #1a2a57; font-size: 10px; font-weight: 800; padding: 4px 10px; border-radius: 20px; text-transform: uppercase; border: 1px solid #e1e6ef;\">\u2601\ufe0f Chuva m\u00e9dia<\/span>\n            <\/div>\n            <div style=\"text-align: center; font-size: 13px; color: #555; line-height: 1.5;\">O famoso inverno da imigra\u00e7\u00e3o alem\u00e3 veste a cidade. Prestigie a grande e tradicional <strong>S\u00e3o Leopoldo Fest e delicie-se com os caf\u00e9s coloniais<\/strong>.<\/div>\n        <\/div>\n\n        <div style=\"flex: 1 1 calc(25% - 15px); min-width: 200px; border: 1px solid #e1e6ef; border-top: 4px solid #1a2a57; border-radius: 8px; padding: 20px; background: #fff; box-sizing: border-box; box-shadow: 0 4px 10px rgba(26, 42, 87, 0.05);\">\n            <div style=\"display: flex; align-items: center; justify-content: center; gap: 8px; margin-bottom: 20px;\">\n                <span style=\"font-size: 22px; line-height: 1;\">\ud83c\udf38<\/span>\n                <strong style=\"color: #1a2a57; font-size: 16px; text-transform: uppercase;\">Primavera<\/strong>\n            <\/div>\n            <div style=\"text-align: center; font-size: 11px; font-weight: 800; color: #111c3a; text-transform: uppercase; margin-bottom: 5px;\">Setembro &#8211; Novembro<\/div>\n            <div style=\"text-align: center; font-size: 26px; font-weight: 900; color: #1a2a57; margin-bottom: 10px;\">14\u00b0C a 27\u00b0C<\/div>\n            <div style=\"text-align: center; margin-bottom: 15px;\">\n                <span style=\"background: #f0f3f8; color: #1a2a57; font-size: 10px; font-weight: 800; padding: 4px 10px; border-radius: 20px; text-transform: uppercase; border: 1px solid #e1e6ef;\">\u2601\ufe0f Chuva m\u00e9dia<\/span>\n            <\/div>\n            <div style=\"text-align: center; font-size: 13px; color: #555; line-height: 1.5;\">A cidade floresce enquanto a temperatura vai se tornando progressivamente mais convidativa. Encante-se com a <strong>Rota Rom\u00e2ntica e eventos culturais<\/strong> locais.<\/div>\n        <\/div>\n        \n    <\/div>\n<\/div>\n\n\n\n<p><em>Temperaturas aproximadas com base no <a href=\"https:\/\/www.climatempo.com.br\/previsao-do-tempo\/cidade\/1419\/saoleopoldo-rs\" target=\"_blank\" rel=\"noreferrer noopener\"><strong>Climatempo<\/strong><\/a>. Condi\u00e7\u00f5es podem variar.<\/em><\/p>\n\n\n\n<h2 class=\"wp-block-heading\">Como chegar ao ber\u00e7o da imigra\u00e7\u00e3o alem\u00e3?<\/h2>\n\n\n\n<p>S\u00e3o Leopoldo fica a 35 km de Porto Alegre pela <strong>BR-116<\/strong> ou pela <strong>RS-240<\/strong>. A cidade integra o sistema do <strong>Trensurb<\/strong>, o metr\u00f4 de superf\u00edcie que liga a regi\u00e3o metropolitana \u00e0 capital ga\u00facha. O <strong>Aeroporto Internacional Salgado Filho<\/strong>, em Porto Alegre, recebe voos de todo o Brasil e fica a cerca de 40 minutos por rodovia.<\/p>\n\n\n\n<p><strong>Leia tamb\u00e9m: <a href=\"https:\/\/www.em.com.br\/emfoco\/2026\/02\/28\/a-capital-brasileira-que-esta-sempre-no-topo-de-todos-os-rankings-de-qualidade-de-vida\/\" target=\"_blank\" rel=\"noreferrer noopener\">A capital brasileira que est\u00e1 sempre no topo de todos os rankings de qualidade de vida<\/a><\/strong><\/p>\n\n\n\n<h2 class=\"wp-block-heading\">Conhe\u00e7a a cidade onde o Brasil encontrou a Alemanha<\/h2>\n\n\n\n<p>S\u00e3o Leopoldo guarda dois s\u00e9culos de hist\u00f3ria em museus, esta\u00e7\u00f5es ferrovi\u00e1rias, igrejas e receitas passadas de gera\u00e7\u00e3o em gera\u00e7\u00e3o. A cidade que recebeu 39 imigrantes \u00e0s margens do Rio dos Sinos cresceu sem apagar suas ra\u00edzes e hoje oferece cultura, vida universit\u00e1ria e gastronomia de heran\u00e7a europeia a poucos quil\u00f4metros de Porto Alegre.<\/p>\n\n\n\n<p>Voc\u00ea precisa caminhar pelas ruas do Vale do Sinos e sentir como a S\u00e3o L\u00e9o de 1824 ainda pulsa na S\u00e3o Leopoldo de hoje.<\/p>\n","protected":false},"excerpt":{"rendered":"<p>Em 25 de julho de 1824, exatamente 39 pessoas desembarcaram \u00e0s margens do Rio dos Sinos e fundaram a primeira col\u00f4nia alem\u00e3 do pa\u00eds. O nome da cidade veio do santo de devo\u00e7\u00e3o da Imperatriz Leopoldina, que incentivou a vinda dos imigrantes. Dois s\u00e9culos depois, S\u00e3o Leopoldo ainda celebra missas em alem\u00e3o, preserva o dialeto [&hellip;]<\/p>\n","protected":false},"author":6,"featured_media":136056,"comment_status":"open","ping_status":"open","sticky":false,"template":"","format":"standard","meta":{"jnews-multi-image_gallery":[],"jnews_single_post":{"format":"standard"},"jnews_primary_category":[],"jnews_social_meta":[],"jnews_override_counter":[],"footnotes":""},"categories":[26],"tags":[183,1506,19820],"class_list":["post-175890","post","type-post","status-publish","format-standard","has-post-thumbnail","hentry","category-cidades","tag-cidades","tag-rio-grande-do-sul","tag-sao-leopoldo"],"yoast_head":"<!-- This site is optimized with the Yoast SEO plugin v23.8 - https:\/\/yoast.com\/wordpress\/plugins\/seo\/ -->\n<title>Essa cidade est\u00e1 virando refer\u00eancia em qualidade de vida e cultura europeia - Estado de Minas - Em foco<\/title>\n<meta name=\"description\" content=\"Essa cidade est\u00e1 se tornando refer\u00eancia em qualidade de vida e encanta com forte influ\u00eancia da cultura europeia.\" \/>\n<meta name=\"robots\" content=\"index, follow, max-snippet:-1, max-image-preview:large, max-video-preview:-1\" \/>\n<link rel=\"canonical\" href=\"https:\/\/www.em.com.br\/emfoco\/2026\/03\/03\/essa-cidade-esta-virando-referencia-em-qualidade-de-vida-e-cultura-europeia\/\" \/>\n<meta property=\"og:locale\" content=\"pt_BR\" \/>\n<meta property=\"og:type\" content=\"article\" \/>\n<meta property=\"og:title\" content=\"Essa cidade est\u00e1 virando refer\u00eancia em qualidade de vida e cultura europeia - Estado de Minas - Em foco\" \/>\n<meta property=\"og:description\" content=\"Essa cidade est\u00e1 se tornando refer\u00eancia em qualidade de vida e encanta com forte influ\u00eancia da cultura europeia.\" \/>\n<meta property=\"og:url\" content=\"https:\/\/www.em.com.br\/emfoco\/2026\/03\/03\/essa-cidade-esta-virando-referencia-em-qualidade-de-vida-e-cultura-europeia\/\" \/>\n<meta property=\"og:site_name\" content=\"Estado de Minas - Em foco\" \/>\n<meta property=\"article:published_time\" content=\"2026-03-03T18:05:00+00:00\" \/>\n<meta property=\"article:modified_time\" content=\"2026-03-02T04:44:41+00:00\" \/>\n<meta property=\"og:image\" content=\"https:\/\/www.em.com.br\/emfoco\/wp-content\/uploads\/2025\/12\/image-14.png\" \/>\n\t<meta property=\"og:image:width\" content=\"1280\" \/>\n\t<meta property=\"og:image:height\" content=\"720\" \/>\n\t<meta property=\"og:image:type\" content=\"image\/png\" \/>\n<meta name=\"author\" content=\"Vitor Bruno\" \/>\n<meta name=\"twitter:card\" content=\"summary_large_image\" \/>\n<meta name=\"twitter:label1\" content=\"Escrito por\" \/>\n\t<meta name=\"twitter:data1\" content=\"Vitor Bruno\" \/>\n\t<meta name=\"twitter:label2\" content=\"Est. tempo de leitura\" \/>\n\t<meta name=\"twitter:data2\" content=\"7 minutos\" \/>\n<!-- \/ Yoast SEO plugin. -->","yoast_head_json":{"title":"Essa cidade est\u00e1 virando refer\u00eancia em qualidade de vida e cultura europeia - Estado de Minas - Em foco","description":"Essa cidade est\u00e1 se tornando refer\u00eancia em qualidade de vida e encanta com forte influ\u00eancia da cultura europeia.","robots":{"index":"index","follow":"follow","max-snippet":"max-snippet:-1","max-image-preview":"max-image-preview:large","max-video-preview":"max-video-preview:-1"},"canonical":"https:\/\/www.em.com.br\/emfoco\/2026\/03\/03\/essa-cidade-esta-virando-referencia-em-qualidade-de-vida-e-cultura-europeia\/","og_locale":"pt_BR","og_type":"article","og_title":"Essa cidade est\u00e1 virando refer\u00eancia em qualidade de vida e cultura europeia - Estado de Minas - Em foco","og_description":"Essa cidade est\u00e1 se tornando refer\u00eancia em qualidade de vida e encanta com forte influ\u00eancia da cultura europeia.","og_url":"https:\/\/www.em.com.br\/emfoco\/2026\/03\/03\/essa-cidade-esta-virando-referencia-em-qualidade-de-vida-e-cultura-europeia\/","og_site_name":"Estado de Minas - Em foco","article_published_time":"2026-03-03T18:05:00+00:00","article_modified_time":"2026-03-02T04:44:41+00:00","og_image":[{"width":1280,"height":720,"url":"https:\/\/www.em.com.br\/emfoco\/wp-content\/uploads\/2025\/12\/image-14.png","type":"image\/png"}],"author":"Vitor Bruno","twitter_card":"summary_large_image","twitter_misc":{"Escrito por":"Vitor Bruno","Est. tempo de leitura":"7 minutos"},"schema":{"@context":"https:\/\/schema.org","@graph":[{"@type":"WebPage","@id":"https:\/\/www.em.com.br\/emfoco\/2026\/03\/03\/essa-cidade-esta-virando-referencia-em-qualidade-de-vida-e-cultura-europeia\/","url":"https:\/\/www.em.com.br\/emfoco\/2026\/03\/03\/essa-cidade-esta-virando-referencia-em-qualidade-de-vida-e-cultura-europeia\/","name":"Essa cidade est\u00e1 virando refer\u00eancia em qualidade de vida e cultura europeia - Estado de Minas - Em foco","isPartOf":{"@id":"https:\/\/www.em.com.br\/emfoco\/#website"},"primaryImageOfPage":{"@id":"https:\/\/www.em.com.br\/emfoco\/2026\/03\/03\/essa-cidade-esta-virando-referencia-em-qualidade-de-vida-e-cultura-europeia\/#primaryimage"},"image":{"@id":"https:\/\/www.em.com.br\/emfoco\/2026\/03\/03\/essa-cidade-esta-virando-referencia-em-qualidade-de-vida-e-cultura-europeia\/#primaryimage"},"thumbnailUrl":"https:\/\/www.em.com.br\/emfoco\/wp-content\/uploads\/2025\/12\/image-14.png","datePublished":"2026-03-03T18:05:00+00:00","dateModified":"2026-03-02T04:44:41+00:00","author":{"@id":"https:\/\/www.em.com.br\/emfoco\/#\/schema\/person\/364ac1852fafd00f1be20f0b8b237569"},"description":"Essa cidade est\u00e1 se tornando refer\u00eancia em qualidade de vida e encanta com forte influ\u00eancia da cultura europeia.","breadcrumb":{"@id":"https:\/\/www.em.com.br\/emfoco\/2026\/03\/03\/essa-cidade-esta-virando-referencia-em-qualidade-de-vida-e-cultura-europeia\/#breadcrumb"},"inLanguage":"pt-BR","potentialAction":[{"@type":"ReadAction","target":["https:\/\/www.em.com.br\/emfoco\/2026\/03\/03\/essa-cidade-esta-virando-referencia-em-qualidade-de-vida-e-cultura-europeia\/"]}]},{"@type":"ImageObject","inLanguage":"pt-BR","@id":"https:\/\/www.em.com.br\/emfoco\/2026\/03\/03\/essa-cidade-esta-virando-referencia-em-qualidade-de-vida-e-cultura-europeia\/#primaryimage","url":"https:\/\/www.em.com.br\/emfoco\/wp-content\/uploads\/2025\/12\/image-14.png","contentUrl":"https:\/\/www.em.com.br\/emfoco\/wp-content\/uploads\/2025\/12\/image-14.png","width":1280,"height":720,"caption":"S\u00e3o Leopoldo confirma sua voca\u00e7\u00e3o de lideran\u00e7a no Vale do Sinos (imagem ilustrativa)"},{"@type":"BreadcrumbList","@id":"https:\/\/www.em.com.br\/emfoco\/2026\/03\/03\/essa-cidade-esta-virando-referencia-em-qualidade-de-vida-e-cultura-europeia\/#breadcrumb","itemListElement":[{"@type":"ListItem","position":1,"name":"In\u00edcio","item":"https:\/\/www.em.com.br\/emfoco\/"},{"@type":"ListItem","position":2,"name":"Essa cidade est\u00e1 virando refer\u00eancia em qualidade de vida e cultura europeia"}]},{"@type":"WebSite","@id":"https:\/\/www.em.com.br\/emfoco\/#website","url":"https:\/\/www.em.com.br\/emfoco\/","name":"Estado de Minas - Em foco","description":"Acompanhe as \u00faltimas not\u00edcias e fique bem informado sobre tudo o que acontece em Minas Gerais, Brasil e no mundo.","potentialAction":[{"@type":"SearchAction","target":{"@type":"EntryPoint","urlTemplate":"https:\/\/www.em.com.br\/emfoco\/?s={search_term_string}"},"query-input":{"@type":"PropertyValueSpecification","valueRequired":true,"valueName":"search_term_string"}}],"inLanguage":"pt-BR"},{"@type":"Person","@id":"https:\/\/www.em.com.br\/emfoco\/#\/schema\/person\/364ac1852fafd00f1be20f0b8b237569","name":"Vitor Bruno","image":{"@type":"ImageObject","inLanguage":"pt-BR","@id":"https:\/\/www.em.com.br\/emfoco\/#\/schema\/person\/image\/","url":"https:\/\/secure.gravatar.com\/avatar\/b719e5cdede09f942064960883b5524d?s=96&d=mm&r=g","contentUrl":"https:\/\/secure.gravatar.com\/avatar\/b719e5cdede09f942064960883b5524d?s=96&d=mm&r=g","caption":"Vitor Bruno"},"sameAs":["https:\/\/www.em.com.br\/emfoco\/"],"url":"https:\/\/www.em.com.br\/emfoco\/author\/vitormyth\/"}]}},"_links":{"self":[{"href":"https:\/\/www.em.com.br\/emfoco\/wp-json\/wp\/v2\/posts\/175890","targetHints":{"allow":["GET"]}}],"collection":[{"href":"https:\/\/www.em.com.br\/emfoco\/wp-json\/wp\/v2\/posts"}],"about":[{"href":"https:\/\/www.em.com.br\/emfoco\/wp-json\/wp\/v2\/types\/post"}],"author":[{"embeddable":true,"href":"https:\/\/www.em.com.br\/emfoco\/wp-json\/wp\/v2\/users\/6"}],"replies":[{"embeddable":true,"href":"https:\/\/www.em.com.br\/emfoco\/wp-json\/wp\/v2\/comments?post=175890"}],"version-history":[{"count":5,"href":"https:\/\/www.em.com.br\/emfoco\/wp-json\/wp\/v2\/posts\/175890\/revisions"}],"predecessor-version":[{"id":176145,"href":"https:\/\/www.em.com.br\/emfoco\/wp-json\/wp\/v2\/posts\/175890\/revisions\/176145"}],"wp:featuredmedia":[{"embeddable":true,"href":"https:\/\/www.em.com.br\/emfoco\/wp-json\/wp\/v2\/media\/136056"}],"wp:attachment":[{"href":"https:\/\/www.em.com.br\/emfoco\/wp-json\/wp\/v2\/media?parent=175890"}],"wp:term":[{"taxonomy":"category","embeddable":true,"href":"https:\/\/www.em.com.br\/emfoco\/wp-json\/wp\/v2\/categories?post=175890"},{"taxonomy":"post_tag","embeddable":true,"href":"https:\/\/www.em.com.br\/emfoco\/wp-json\/wp\/v2\/tags?post=175890"}],"curies":[{"name":"wp","href":"https:\/\/api.w.org\/{rel}","templated":true}]}}